{"id":5088,"date":"2013-06-11T16:16:25","date_gmt":"2013-06-11T19:16:25","guid":{"rendered":"https:\/\/www.encontrabelavista.com.br\/avenida-paulista\/?p=5088"},"modified":"2013-08-20T11:05:14","modified_gmt":"2013-08-20T14:05:14","slug":"protestos-marcados-para-hoje-devem-travar-transito-na-regiao-da-avenida-paulista","status":"publish","type":"post","link":"https:\/\/www.encontrabelavista.com.br\/avenida-paulista\/protestos-marcados-para-hoje-devem-travar-transito-na-regiao-da-avenida-paulista\/","title":{"rendered":"Protestos marcados para hoje devem travar tr\u00e2nsito na regi\u00e3o da avenida Paulista"},"content":{"rendered":"<p style=\"text-align: justify;\">A\u00a0avenida Paulista, uma das vias mais importantes de S\u00e3o Paulo, deve ser o palco de tr\u00eas protestos na tarde desta ter\u00e7a-feira, o que deve complicar o tr\u00e2nsito na regi\u00e3o. Entre os grupos que v\u00e3o se manifestar est\u00e3o os policiais civis, os funcion\u00e1rios estaduais da sa\u00fade e o Movimento Passe Livre, contra o aumento das tarifas do\u00a0transporte\u00a0p\u00fablico.<\/p>\n<p style=\"text-align: justify;\">O protesto dos trabalhadores da sa\u00fade est\u00e1 marcada para as 14h e o da pol\u00edcia, \u00e0s 15h. Ambas no v\u00e3o livre do\u00a0Masp\u00a0(Museu de Arte de S\u00e3o Paulo). J\u00e1 a manifesta\u00e7\u00e3o contra o reajuste das passagens das tarifas deve ocorrer a partir das 17h, na\u00a0pra\u00e7a do Ciclista.<\/p>\n<p style=\"text-align: justify;\">No caso do Movimento Passe Livre, esse \u00e9 o terceiro protesto programado pelo grupo em menos de uma semana. Os outros dois ocorreram na regi\u00e3o central, passando pela\u00a0avenida Nove de Julho, 23 de Maio e Paulista. Na regi\u00e3o de Pinheiros,\u00a0zona oeste de SP, o grupo tamb\u00e9m fechou a avenida Faria Lima e a marginal Pinheiros.<\/p>\n<p style=\"text-align: justify;\">No protesto da \u00faltima quinta-feira (6), houve confronto entre manifestantes e policiais militares, e foi deixado um rastro de vandalismo pela regi\u00e3o, com muros e ruas pichadas, placas e lixeiras danificadas. Segundo os organizadores, ao menos 30 pessoas ficaram feridas.<\/p>\n<p style=\"text-align: justify;\"><b>POL\u00cdCIA<\/b><\/p>\n<p style=\"text-align: justify;\">Segundo o Sindicato dos Investigadores de Pol\u00edcia, os 3.000 policiais que s\u00e3o esperados v\u00e3o protestar contra o n\u00e3o cumprimento de acordos feitos com o governo de melhorias na carreira. Um deles \u00e9 o de igualar o sal\u00e1rio dos policiais ao de funcion\u00e1rios de n\u00edvel superior. Assim, o piso sairia de R$ 1.476 para R$ 2.500.<\/p>\n<p style=\"text-align: justify;\">Se os manifestantes chegarem a um consenso de que \u00e9 necess\u00e1rio fazer uma paralisa\u00e7\u00e3o, o sindicato vai agendar uma assembleia geral para o dia 5 de julho.<\/p>\n<p style=\"text-align: justify;\">Em nota, a Secretaria da Seguran\u00e7a P\u00fablica informou que est\u00e1 em constante negocia\u00e7\u00e3o e afirmou que nos \u00faltimos dois anos concedeu 27,7% de reajuste.<\/p>\n<p style=\"text-align: justify;\"><b>SA\u00daDE<\/b><\/p>\n<p style=\"text-align: justify;\">Em greve desde o dia 1\u00ba de maio, os trabalhadores estaduais da sa\u00fade planejam se concentrar no Masp e seguir at\u00e9 a Assembleia Legislativa, no Ibirapuera. Os grevistas reivindicam 32,2% de reajuste e vale refei\u00e7\u00e3o de R$ 26,22.<\/p>\n<p style=\"text-align: justify;\"><em>Fonte: Folha.com<\/em><\/p>\n","protected":false},"excerpt":{"rendered":"<p>A\u00a0avenida Paulista, uma das vias mais importantes de S\u00e3o Paulo, deve ser o palco de tr\u00eas protestos na tarde desta ter\u00e7a-feira, o que deve complicar o tr\u00e2nsito na regi\u00e3o. Entre os grupos que v\u00e3o se manifestar est\u00e3o os policiais civis, os funcion\u00e1rios estaduais da sa\u00fade e o Movimento Passe Livre, contra o aumento das tarifas do\u00a0transporte\u00a0p\u00fablico. O protesto dos trabalhadores da sa\u00fade est\u00e1 marcada para as 14h e o da pol\u00edcia, \u00e0s 15h. Ambas no v\u00e3o livre do\u00a0Masp\u00a0(Museu de Arte de S\u00e3o Paulo). J\u00e1 a manifesta\u00e7\u00e3o contra o reajuste das passagens das tarifas deve ocorrer a partir das 17h, na\u00a0pra\u00e7a <\/p>\n","protected":false},"author":1,"featured_media":0,"comment_status":"open","ping_status":"open","sticky":false,"template":"","format":"standard","meta":{"footnotes":""},"categories":[5],"tags":[],"class_list":["post-5088","post","type-post","status-publish","format-standard","hentry","category-noticias"],"yoast_head":"<!-- This site is optimized with the Yoast SEO plugin v26.4 - https:\/\/yoast.com\/wordpress\/plugins\/seo\/ -->\n<title>Protestos marcados para hoje devem travar tr\u00e2nsito na regi\u00e3o da avenida Paulista - Encontra Avenida Paulista<\/title>\n<meta name=\"robots\" content=\"index, follow, max-snippet:-1, max-image-preview:large, max-video-preview:-1\" \/>\n<link rel=\"canonical\" href=\"https:\/\/www.encontrabelavista.com.br\/avenida-paulista\/protestos-marcados-para-hoje-devem-travar-transito-na-regiao-da-avenida-paulista\/\" \/>\n<meta property=\"og:locale\" content=\"pt_BR\" \/>\n<meta property=\"og:type\" content=\"article\" \/>\n<meta property=\"og:title\" content=\"Protestos marcados para hoje devem travar tr\u00e2nsito na regi\u00e3o da avenida Paulista - Encontra Avenida Paulista\" \/>\n<meta property=\"og:description\" content=\"A\u00a0avenida Paulista, uma das vias mais importantes de S\u00e3o Paulo, deve ser o palco de tr\u00eas protestos na tarde desta ter\u00e7a-feira, o que deve complicar o tr\u00e2nsito na regi\u00e3o. Entre os grupos que v\u00e3o se manifestar est\u00e3o os policiais civis, os funcion\u00e1rios estaduais da sa\u00fade e o Movimento Passe Livre, contra o aumento das tarifas do\u00a0transporte\u00a0p\u00fablico. O protesto dos trabalhadores da sa\u00fade est\u00e1 marcada para as 14h e o da pol\u00edcia, \u00e0s 15h. Ambas no v\u00e3o livre do\u00a0Masp\u00a0(Museu de Arte de S\u00e3o Paulo). J\u00e1 a manifesta\u00e7\u00e3o contra o reajuste das passagens das tarifas deve ocorrer a partir das 17h, na\u00a0pra\u00e7a\" \/>\n<meta property=\"og:url\" content=\"https:\/\/www.encontrabelavista.com.br\/avenida-paulista\/protestos-marcados-para-hoje-devem-travar-transito-na-regiao-da-avenida-paulista\/\" \/>\n<meta property=\"og:site_name\" content=\"Encontra Avenida Paulista\" \/>\n<meta property=\"article:published_time\" content=\"2013-06-11T19:16:25+00:00\" \/>\n<meta property=\"article:modified_time\" content=\"2013-08-20T14:05:14+00:00\" \/>\n<meta name=\"author\" content=\"Encontra Avenida Paulista\" \/>\n<meta name=\"twitter:card\" content=\"summary_large_image\" \/>\n<meta name=\"twitter:label1\" content=\"Escrito por\" \/>\n\t<meta name=\"twitter:data1\" content=\"Encontra Avenida Paulista\" \/>\n\t<meta name=\"twitter:label2\" content=\"Est. tempo de leitura\" \/>\n\t<meta name=\"twitter:data2\" content=\"2 minutos\" \/>\n<script type=\"application\/ld+json\" class=\"yoast-schema-graph\">{\"@context\":\"https:\/\/schema.org\",\"@graph\":[{\"@type\":\"WebPage\",\"@id\":\"https:\/\/www.encontrabelavista.com.br\/avenida-paulista\/protestos-marcados-para-hoje-devem-travar-transito-na-regiao-da-avenida-paulista\/\",\"url\":\"https:\/\/www.encontrabelavista.com.br\/avenida-paulista\/protestos-marcados-para-hoje-devem-travar-transito-na-regiao-da-avenida-paulista\/\",\"name\":\"Protestos marcados para hoje devem travar tr\u00e2nsito na regi\u00e3o da avenida Paulista - Encontra Avenida Paulista\",\"isPartOf\":{\"@id\":\"https:\/\/www.encontrabelavista.com.br\/avenida-paulista\/#website\"},\"datePublished\":\"2013-06-11T19:16:25+00:00\",\"dateModified\":\"2013-08-20T14:05:14+00:00\",\"author\":{\"@id\":\"https:\/\/www.encontrabelavista.com.br\/avenida-paulista\/#\/schema\/person\/63c71a69a5879155285aa7cf79ec3e40\"},\"breadcrumb\":{\"@id\":\"https:\/\/www.encontrabelavista.com.br\/avenida-paulista\/protestos-marcados-para-hoje-devem-travar-transito-na-regiao-da-avenida-paulista\/#breadcrumb\"},\"inLanguage\":\"pt-BR\",\"potentialAction\":[{\"@type\":\"ReadAction\",\"target\":[\"https:\/\/www.encontrabelavista.com.br\/avenida-paulista\/protestos-marcados-para-hoje-devem-travar-transito-na-regiao-da-avenida-paulista\/\"]}]},{\"@type\":\"BreadcrumbList\",\"@id\":\"https:\/\/www.encontrabelavista.com.br\/avenida-paulista\/protestos-marcados-para-hoje-devem-travar-transito-na-regiao-da-avenida-paulista\/#breadcrumb\",\"itemListElement\":[{\"@type\":\"ListItem\",\"position\":1,\"name\":\"In\u00edcio\",\"item\":\"https:\/\/www.encontrabelavista.com.br\/avenida-paulista\/\"},{\"@type\":\"ListItem\",\"position\":2,\"name\":\"Protestos marcados para hoje devem travar tr\u00e2nsito na regi\u00e3o da avenida Paulista\"}]},{\"@type\":\"WebSite\",\"@id\":\"https:\/\/www.encontrabelavista.com.br\/avenida-paulista\/#website\",\"url\":\"https:\/\/www.encontrabelavista.com.br\/avenida-paulista\/\",\"name\":\"Encontra Avenida Paulista\",\"description\":\"ENCONTRA AVENIDA PAULISTA - O guia comercial de neg\u00f3cios e empresas, cultura e divers\u00e3o na Avenida Paulista. Feito 100% para voc\u00ea morador!\",\"potentialAction\":[{\"@type\":\"SearchAction\",\"target\":{\"@type\":\"EntryPoint\",\"urlTemplate\":\"https:\/\/www.encontrabelavista.com.br\/avenida-paulista\/?s={search_term_string}\"},\"query-input\":{\"@type\":\"PropertyValueSpecification\",\"valueRequired\":true,\"valueName\":\"search_term_string\"}}],\"inLanguage\":\"pt-BR\"},{\"@type\":\"Person\",\"@id\":\"https:\/\/www.encontrabelavista.com.br\/avenida-paulista\/#\/schema\/person\/63c71a69a5879155285aa7cf79ec3e40\",\"name\":\"Encontra Avenida Paulista\",\"image\":{\"@type\":\"ImageObject\",\"inLanguage\":\"pt-BR\",\"@id\":\"https:\/\/www.encontrabelavista.com.br\/avenida-paulista\/#\/schema\/person\/image\/\",\"url\":\"https:\/\/secure.gravatar.com\/avatar\/c50c17820bcf322f0a8fd6b110b8c0918141409dc69076470f6fca5fee70a5d4?s=96&d=mm&r=g\",\"contentUrl\":\"https:\/\/secure.gravatar.com\/avatar\/c50c17820bcf322f0a8fd6b110b8c0918141409dc69076470f6fca5fee70a5d4?s=96&d=mm&r=g\",\"caption\":\"Encontra Avenida Paulista\"},\"url\":\"https:\/\/www.encontrabelavista.com.br\/avenida-paulista\/author\/encontraavenidapaulista\/\"}]}<\/script>\n<!-- \/ Yoast SEO plugin. -->","yoast_head_json":{"title":"Protestos marcados para hoje devem travar tr\u00e2nsito na regi\u00e3o da avenida Paulista - Encontra Avenida Paulista","robots":{"index":"index","follow":"follow","max-snippet":"max-snippet:-1","max-image-preview":"max-image-preview:large","max-video-preview":"max-video-preview:-1"},"canonical":"https:\/\/www.encontrabelavista.com.br\/avenida-paulista\/protestos-marcados-para-hoje-devem-travar-transito-na-regiao-da-avenida-paulista\/","og_locale":"pt_BR","og_type":"article","og_title":"Protestos marcados para hoje devem travar tr\u00e2nsito na regi\u00e3o da avenida Paulista - Encontra Avenida Paulista","og_description":"A\u00a0avenida Paulista, uma das vias mais importantes de S\u00e3o Paulo, deve ser o palco de tr\u00eas protestos na tarde desta ter\u00e7a-feira, o que deve complicar o tr\u00e2nsito na regi\u00e3o. Entre os grupos que v\u00e3o se manifestar est\u00e3o os policiais civis, os funcion\u00e1rios estaduais da sa\u00fade e o Movimento Passe Livre, contra o aumento das tarifas do\u00a0transporte\u00a0p\u00fablico. O protesto dos trabalhadores da sa\u00fade est\u00e1 marcada para as 14h e o da pol\u00edcia, \u00e0s 15h. Ambas no v\u00e3o livre do\u00a0Masp\u00a0(Museu de Arte de S\u00e3o Paulo). J\u00e1 a manifesta\u00e7\u00e3o contra o reajuste das passagens das tarifas deve ocorrer a partir das 17h, na\u00a0pra\u00e7a","og_url":"https:\/\/www.encontrabelavista.com.br\/avenida-paulista\/protestos-marcados-para-hoje-devem-travar-transito-na-regiao-da-avenida-paulista\/","og_site_name":"Encontra Avenida Paulista","article_published_time":"2013-06-11T19:16:25+00:00","article_modified_time":"2013-08-20T14:05:14+00:00","author":"Encontra Avenida Paulista","twitter_card":"summary_large_image","twitter_misc":{"Escrito por":"Encontra Avenida Paulista","Est. tempo de leitura":"2 minutos"},"schema":{"@context":"https:\/\/schema.org","@graph":[{"@type":"WebPage","@id":"https:\/\/www.encontrabelavista.com.br\/avenida-paulista\/protestos-marcados-para-hoje-devem-travar-transito-na-regiao-da-avenida-paulista\/","url":"https:\/\/www.encontrabelavista.com.br\/avenida-paulista\/protestos-marcados-para-hoje-devem-travar-transito-na-regiao-da-avenida-paulista\/","name":"Protestos marcados para hoje devem travar tr\u00e2nsito na regi\u00e3o da avenida Paulista - Encontra Avenida Paulista","isPartOf":{"@id":"https:\/\/www.encontrabelavista.com.br\/avenida-paulista\/#website"},"datePublished":"2013-06-11T19:16:25+00:00","dateModified":"2013-08-20T14:05:14+00:00","author":{"@id":"https:\/\/www.encontrabelavista.com.br\/avenida-paulista\/#\/schema\/person\/63c71a69a5879155285aa7cf79ec3e40"},"breadcrumb":{"@id":"https:\/\/www.encontrabelavista.com.br\/avenida-paulista\/protestos-marcados-para-hoje-devem-travar-transito-na-regiao-da-avenida-paulista\/#breadcrumb"},"inLanguage":"pt-BR","potentialAction":[{"@type":"ReadAction","target":["https:\/\/www.encontrabelavista.com.br\/avenida-paulista\/protestos-marcados-para-hoje-devem-travar-transito-na-regiao-da-avenida-paulista\/"]}]},{"@type":"BreadcrumbList","@id":"https:\/\/www.encontrabelavista.com.br\/avenida-paulista\/protestos-marcados-para-hoje-devem-travar-transito-na-regiao-da-avenida-paulista\/#breadcrumb","itemListElement":[{"@type":"ListItem","position":1,"name":"In\u00edcio","item":"https:\/\/www.encontrabelavista.com.br\/avenida-paulista\/"},{"@type":"ListItem","position":2,"name":"Protestos marcados para hoje devem travar tr\u00e2nsito na regi\u00e3o da avenida Paulista"}]},{"@type":"WebSite","@id":"https:\/\/www.encontrabelavista.com.br\/avenida-paulista\/#website","url":"https:\/\/www.encontrabelavista.com.br\/avenida-paulista\/","name":"Encontra Avenida Paulista","description":"ENCONTRA AVENIDA PAULISTA - O guia comercial de neg\u00f3cios e empresas, cultura e divers\u00e3o na Avenida Paulista. Feito 100% para voc\u00ea morador!","potentialAction":[{"@type":"SearchAction","target":{"@type":"EntryPoint","urlTemplate":"https:\/\/www.encontrabelavista.com.br\/avenida-paulista\/?s={search_term_string}"},"query-input":{"@type":"PropertyValueSpecification","valueRequired":true,"valueName":"search_term_string"}}],"inLanguage":"pt-BR"},{"@type":"Person","@id":"https:\/\/www.encontrabelavista.com.br\/avenida-paulista\/#\/schema\/person\/63c71a69a5879155285aa7cf79ec3e40","name":"Encontra Avenida Paulista","image":{"@type":"ImageObject","inLanguage":"pt-BR","@id":"https:\/\/www.encontrabelavista.com.br\/avenida-paulista\/#\/schema\/person\/image\/","url":"https:\/\/secure.gravatar.com\/avatar\/c50c17820bcf322f0a8fd6b110b8c0918141409dc69076470f6fca5fee70a5d4?s=96&d=mm&r=g","contentUrl":"https:\/\/secure.gravatar.com\/avatar\/c50c17820bcf322f0a8fd6b110b8c0918141409dc69076470f6fca5fee70a5d4?s=96&d=mm&r=g","caption":"Encontra Avenida Paulista"},"url":"https:\/\/www.encontrabelavista.com.br\/avenida-paulista\/author\/encontraavenidapaulista\/"}]}},"_links":{"self":[{"href":"https:\/\/www.encontrabelavista.com.br\/avenida-paulista\/wp-json\/wp\/v2\/posts\/5088","targetHints":{"allow":["GET"]}}],"collection":[{"href":"https:\/\/www.encontrabelavista.com.br\/avenida-paulista\/wp-json\/wp\/v2\/posts"}],"about":[{"href":"https:\/\/www.encontrabelavista.com.br\/avenida-paulista\/wp-json\/wp\/v2\/types\/post"}],"author":[{"embeddable":true,"href":"https:\/\/www.encontrabelavista.com.br\/avenida-paulista\/wp-json\/wp\/v2\/users\/1"}],"replies":[{"embeddable":true,"href":"https:\/\/www.encontrabelavista.com.br\/avenida-paulista\/wp-json\/wp\/v2\/comments?post=5088"}],"version-history":[{"count":0,"href":"https:\/\/www.encontrabelavista.com.br\/avenida-paulista\/wp-json\/wp\/v2\/posts\/5088\/revisions"}],"wp:attachment":[{"href":"https:\/\/www.encontrabelavista.com.br\/avenida-paulista\/wp-json\/wp\/v2\/media?parent=5088"}],"wp:term":[{"taxonomy":"category","embeddable":true,"href":"https:\/\/www.encontrabelavista.com.br\/avenida-paulista\/wp-json\/wp\/v2\/categories?post=5088"},{"taxonomy":"post_tag","embeddable":true,"href":"https:\/\/www.encontrabelavista.com.br\/avenida-paulista\/wp-json\/wp\/v2\/tags?post=5088"}],"curies":[{"name":"wp","href":"https:\/\/api.w.org\/{rel}","templated":true}]}}