{"id":5090,"date":"2013-06-12T17:58:33","date_gmt":"2013-06-12T20:58:33","guid":{"rendered":"https:\/\/www.encontrabelavista.com.br\/avenida-paulista\/?p=5090"},"modified":"2013-08-20T11:05:22","modified_gmt":"2013-08-20T14:05:22","slug":"protesto-contra-a-passagem-de-onibus-fecha-pista-da-avenida-paulista","status":"publish","type":"post","link":"https:\/\/www.encontrabelavista.com.br\/avenida-paulista\/protesto-contra-a-passagem-de-onibus-fecha-pista-da-avenida-paulista\/","title":{"rendered":"Protesto contra a passagem de \u00f4nibus fecha pista da avenida Paulista"},"content":{"rendered":"<p style=\"text-align: justify;\">O protesto contra o aumento das passagens de \u00f4nibus, metr\u00f4 e trem fechou uma pista da\u00a0avenida Paulista, na regi\u00e3o do\u00a0centro de S\u00e3o Paulo, por volta das 17h20 desta ter\u00e7a-feira. O bloqueio estava na altura da\u00a0pra\u00e7a do Ciclista, fechando todas as faixas no sentido Consola\u00e7\u00e3o.<\/p>\n<p style=\"text-align: justify;\">Os manifestantes se concentraram na pra\u00e7a e sa\u00edram em passeata. Mais cedo, houve ainda protestos de policiais civis e servidores da sa\u00fade na avenida.<\/p>\n<p style=\"text-align: justify;\">A Pol\u00edcia Militar fez um cord\u00e3o humano para afastar o grupo da via. Os manifestantes usavam bandeiras, m\u00e1scaras, sinalizadores e latas de spray.<\/p>\n<p style=\"text-align: justify;\">O Corpo de Bombeiros posicionou um carro de combate a inc\u00eandios em frente \u00e0 pra\u00e7a. Segundo eles, o carro foi levado de forma preventiva.<\/p>\n<p style=\"text-align: justify;\">Um cinegrafista da TV Globo foi hostilizado por manifestantes, que jogaram caixas de papel\u00e3o nele e cercaram a equipe de reportagem da emissora. A Pol\u00edcia Militar informou ter levado um efetivo de 400 policiais para acompanhar a manifesta\u00e7\u00e3o.<\/p>\n<p style=\"text-align: justify;\">Com o protesto, os\u00a0seguran\u00e7as\u00a0do Metr\u00f4\u00a0refor\u00e7aram a vigil\u00e2ncia nas entradas das esta\u00e7\u00f5es, nas cal\u00e7adas, e afirmaram que poderiam fechar as entradas caso houvesse grande aglomera\u00e7\u00e3o de pessoas ou confus\u00e3o durante o protesto, como j\u00e1 ocorreu na semana passada. Na ocasi\u00e3o, o Metr\u00f4 estimou preju\u00edzo de R$ 73 mil.<\/p>\n<p style=\"text-align: justify;\">Al\u00e9m da seguran\u00e7a refor\u00e7ada no metr\u00f4, alguns pr\u00e9dios como o Safra, na esquina com a\u00a0<a href=\"http:\/\/www.encontraruaaugusta.com.br\/\" target=\"_blank\">rua Augusta<\/a>, colocaram grades diante da entrada, para evitar a aproxima\u00e7\u00e3o dos manifestantes. Algumas empresas tamb\u00e9m liberaram os funcion\u00e1rios mais cedo para evitar o protesto.<\/p>\n<p style=\"text-align: justify;\">Esse foi o terceiro protesto feito contra o aumento das passagens de \u00f4nibus em menos de uma semana. Na quinta-feira (6), manifestantes liderados pelo Movimento Passe Livre fecharam avenidas como a Nove de Julho, a 23 de Maio e a Paulista.<\/p>\n<p style=\"text-align: justify;\">Houve confronto com a pol\u00edcia e os manifestantes deixaram um rastro de vandalismo pela regi\u00e3o, com picha\u00e7\u00f5es, placas e lixos danificados. A pol\u00edcia usou bombas de g\u00e1s lacrimog\u00eaneo para conter o grupo. Na sexta-feira (7) houve outro protesto, dessa vez no\u00a0<a href=\"http:\/\/www.encontrapinheiros.com.br\/\" target=\"_blank\">bairro Pinheiros<\/a>, na zona oeste de S\u00e3o Paulo.<\/p>\n<p style=\"text-align: justify;\">A passagem foi reajustada de R$ 3 para R$ 3,20 no \u00faltimo dia 2. A infla\u00e7\u00e3o desde o \u00faltimo aumento nos \u00f4nibus da capital, em janeiro de 2011, foi de 15,5%, de acordo com o IPCA (\u00edndice oficial, calculado pelo IBGE). No caso do Metr\u00f4 e dos trens, o \u00faltimo reajuste ocorreu em fevereiro de 2012. Se optassem por repor toda a infla\u00e7\u00e3o oficial, a gest\u00e3o Fernando Haddad (PT) teria de elevar a tarifa para R$ 3,47 e o governo Alckmin, para R$ 3,24.<\/p>\n<p style=\"text-align: justify;\"><em>Fonte: Folha.com<\/em><\/p>\n","protected":false},"excerpt":{"rendered":"<p>O protesto contra o aumento das passagens de \u00f4nibus, metr\u00f4 e trem fechou uma pista da\u00a0avenida Paulista, na regi\u00e3o do\u00a0centro de S\u00e3o Paulo, por volta das 17h20 desta ter\u00e7a-feira. O bloqueio estava na altura da\u00a0pra\u00e7a do Ciclista, fechando todas as faixas no sentido Consola\u00e7\u00e3o. Os manifestantes se concentraram na pra\u00e7a e sa\u00edram em passeata. Mais cedo, houve ainda protestos de policiais civis e servidores da sa\u00fade na avenida. A Pol\u00edcia Militar fez um cord\u00e3o humano para afastar o grupo da via. Os manifestantes usavam bandeiras, m\u00e1scaras, sinalizadores e latas de spray. O Corpo de Bombeiros posicionou um carro de combate <\/p>\n","protected":false},"author":1,"featured_media":0,"comment_status":"open","ping_status":"open","sticky":false,"template":"","format":"standard","meta":{"footnotes":""},"categories":[5],"tags":[],"class_list":["post-5090","post","type-post","status-publish","format-standard","hentry","category-noticias"],"yoast_head":"<!-- This site is optimized with the Yoast SEO plugin v26.4 - https:\/\/yoast.com\/wordpress\/plugins\/seo\/ -->\n<title>Protesto contra a passagem de \u00f4nibus fecha pista da avenida Paulista - Encontra Avenida Paulista<\/title>\n<meta name=\"robots\" content=\"index, follow, max-snippet:-1, max-image-preview:large, max-video-preview:-1\" \/>\n<link rel=\"canonical\" href=\"https:\/\/www.encontrabelavista.com.br\/avenida-paulista\/protesto-contra-a-passagem-de-onibus-fecha-pista-da-avenida-paulista\/\" \/>\n<meta property=\"og:locale\" content=\"pt_BR\" \/>\n<meta property=\"og:type\" content=\"article\" \/>\n<meta property=\"og:title\" content=\"Protesto contra a passagem de \u00f4nibus fecha pista da avenida Paulista - Encontra Avenida Paulista\" \/>\n<meta property=\"og:description\" content=\"O protesto contra o aumento das passagens de \u00f4nibus, metr\u00f4 e trem fechou uma pista da\u00a0avenida Paulista, na regi\u00e3o do\u00a0centro de S\u00e3o Paulo, por volta das 17h20 desta ter\u00e7a-feira. O bloqueio estava na altura da\u00a0pra\u00e7a do Ciclista, fechando todas as faixas no sentido Consola\u00e7\u00e3o. Os manifestantes se concentraram na pra\u00e7a e sa\u00edram em passeata. Mais cedo, houve ainda protestos de policiais civis e servidores da sa\u00fade na avenida. A Pol\u00edcia Militar fez um cord\u00e3o humano para afastar o grupo da via. Os manifestantes usavam bandeiras, m\u00e1scaras, sinalizadores e latas de spray. O Corpo de Bombeiros posicionou um carro de combate\" \/>\n<meta property=\"og:url\" content=\"https:\/\/www.encontrabelavista.com.br\/avenida-paulista\/protesto-contra-a-passagem-de-onibus-fecha-pista-da-avenida-paulista\/\" \/>\n<meta property=\"og:site_name\" content=\"Encontra Avenida Paulista\" \/>\n<meta property=\"article:published_time\" content=\"2013-06-12T20:58:33+00:00\" \/>\n<meta property=\"article:modified_time\" content=\"2013-08-20T14:05:22+00:00\" \/>\n<meta name=\"author\" content=\"Encontra Avenida Paulista\" \/>\n<meta name=\"twitter:card\" content=\"summary_large_image\" \/>\n<meta name=\"twitter:label1\" content=\"Escrito por\" \/>\n\t<meta name=\"twitter:data1\" content=\"Encontra Avenida Paulista\" \/>\n\t<meta name=\"twitter:label2\" content=\"Est. tempo de leitura\" \/>\n\t<meta name=\"twitter:data2\" content=\"2 minutos\" \/>\n<script type=\"application\/ld+json\" class=\"yoast-schema-graph\">{\"@context\":\"https:\/\/schema.org\",\"@graph\":[{\"@type\":\"WebPage\",\"@id\":\"https:\/\/www.encontrabelavista.com.br\/avenida-paulista\/protesto-contra-a-passagem-de-onibus-fecha-pista-da-avenida-paulista\/\",\"url\":\"https:\/\/www.encontrabelavista.com.br\/avenida-paulista\/protesto-contra-a-passagem-de-onibus-fecha-pista-da-avenida-paulista\/\",\"name\":\"Protesto contra a passagem de \u00f4nibus fecha pista da avenida Paulista - Encontra Avenida Paulista\",\"isPartOf\":{\"@id\":\"https:\/\/www.encontrabelavista.com.br\/avenida-paulista\/#website\"},\"datePublished\":\"2013-06-12T20:58:33+00:00\",\"dateModified\":\"2013-08-20T14:05:22+00:00\",\"author\":{\"@id\":\"https:\/\/www.encontrabelavista.com.br\/avenida-paulista\/#\/schema\/person\/63c71a69a5879155285aa7cf79ec3e40\"},\"breadcrumb\":{\"@id\":\"https:\/\/www.encontrabelavista.com.br\/avenida-paulista\/protesto-contra-a-passagem-de-onibus-fecha-pista-da-avenida-paulista\/#breadcrumb\"},\"inLanguage\":\"pt-BR\",\"potentialAction\":[{\"@type\":\"ReadAction\",\"target\":[\"https:\/\/www.encontrabelavista.com.br\/avenida-paulista\/protesto-contra-a-passagem-de-onibus-fecha-pista-da-avenida-paulista\/\"]}]},{\"@type\":\"BreadcrumbList\",\"@id\":\"https:\/\/www.encontrabelavista.com.br\/avenida-paulista\/protesto-contra-a-passagem-de-onibus-fecha-pista-da-avenida-paulista\/#breadcrumb\",\"itemListElement\":[{\"@type\":\"ListItem\",\"position\":1,\"name\":\"In\u00edcio\",\"item\":\"https:\/\/www.encontrabelavista.com.br\/avenida-paulista\/\"},{\"@type\":\"ListItem\",\"position\":2,\"name\":\"Protesto contra a passagem de \u00f4nibus fecha pista da avenida Paulista\"}]},{\"@type\":\"WebSite\",\"@id\":\"https:\/\/www.encontrabelavista.com.br\/avenida-paulista\/#website\",\"url\":\"https:\/\/www.encontrabelavista.com.br\/avenida-paulista\/\",\"name\":\"Encontra Avenida Paulista\",\"description\":\"ENCONTRA AVENIDA PAULISTA - O guia comercial de neg\u00f3cios e empresas, cultura e divers\u00e3o na Avenida Paulista. Feito 100% para voc\u00ea morador!\",\"potentialAction\":[{\"@type\":\"SearchAction\",\"target\":{\"@type\":\"EntryPoint\",\"urlTemplate\":\"https:\/\/www.encontrabelavista.com.br\/avenida-paulista\/?s={search_term_string}\"},\"query-input\":{\"@type\":\"PropertyValueSpecification\",\"valueRequired\":true,\"valueName\":\"search_term_string\"}}],\"inLanguage\":\"pt-BR\"},{\"@type\":\"Person\",\"@id\":\"https:\/\/www.encontrabelavista.com.br\/avenida-paulista\/#\/schema\/person\/63c71a69a5879155285aa7cf79ec3e40\",\"name\":\"Encontra Avenida Paulista\",\"image\":{\"@type\":\"ImageObject\",\"inLanguage\":\"pt-BR\",\"@id\":\"https:\/\/www.encontrabelavista.com.br\/avenida-paulista\/#\/schema\/person\/image\/\",\"url\":\"https:\/\/secure.gravatar.com\/avatar\/c50c17820bcf322f0a8fd6b110b8c0918141409dc69076470f6fca5fee70a5d4?s=96&d=mm&r=g\",\"contentUrl\":\"https:\/\/secure.gravatar.com\/avatar\/c50c17820bcf322f0a8fd6b110b8c0918141409dc69076470f6fca5fee70a5d4?s=96&d=mm&r=g\",\"caption\":\"Encontra Avenida Paulista\"},\"url\":\"https:\/\/www.encontrabelavista.com.br\/avenida-paulista\/author\/encontraavenidapaulista\/\"}]}<\/script>\n<!-- \/ Yoast SEO plugin. -->","yoast_head_json":{"title":"Protesto contra a passagem de \u00f4nibus fecha pista da avenida Paulista - Encontra Avenida Paulista","robots":{"index":"index","follow":"follow","max-snippet":"max-snippet:-1","max-image-preview":"max-image-preview:large","max-video-preview":"max-video-preview:-1"},"canonical":"https:\/\/www.encontrabelavista.com.br\/avenida-paulista\/protesto-contra-a-passagem-de-onibus-fecha-pista-da-avenida-paulista\/","og_locale":"pt_BR","og_type":"article","og_title":"Protesto contra a passagem de \u00f4nibus fecha pista da avenida Paulista - Encontra Avenida Paulista","og_description":"O protesto contra o aumento das passagens de \u00f4nibus, metr\u00f4 e trem fechou uma pista da\u00a0avenida Paulista, na regi\u00e3o do\u00a0centro de S\u00e3o Paulo, por volta das 17h20 desta ter\u00e7a-feira. O bloqueio estava na altura da\u00a0pra\u00e7a do Ciclista, fechando todas as faixas no sentido Consola\u00e7\u00e3o. Os manifestantes se concentraram na pra\u00e7a e sa\u00edram em passeata. Mais cedo, houve ainda protestos de policiais civis e servidores da sa\u00fade na avenida. A Pol\u00edcia Militar fez um cord\u00e3o humano para afastar o grupo da via. Os manifestantes usavam bandeiras, m\u00e1scaras, sinalizadores e latas de spray. O Corpo de Bombeiros posicionou um carro de combate","og_url":"https:\/\/www.encontrabelavista.com.br\/avenida-paulista\/protesto-contra-a-passagem-de-onibus-fecha-pista-da-avenida-paulista\/","og_site_name":"Encontra Avenida Paulista","article_published_time":"2013-06-12T20:58:33+00:00","article_modified_time":"2013-08-20T14:05:22+00:00","author":"Encontra Avenida Paulista","twitter_card":"summary_large_image","twitter_misc":{"Escrito por":"Encontra Avenida Paulista","Est. tempo de leitura":"2 minutos"},"schema":{"@context":"https:\/\/schema.org","@graph":[{"@type":"WebPage","@id":"https:\/\/www.encontrabelavista.com.br\/avenida-paulista\/protesto-contra-a-passagem-de-onibus-fecha-pista-da-avenida-paulista\/","url":"https:\/\/www.encontrabelavista.com.br\/avenida-paulista\/protesto-contra-a-passagem-de-onibus-fecha-pista-da-avenida-paulista\/","name":"Protesto contra a passagem de \u00f4nibus fecha pista da avenida Paulista - Encontra Avenida Paulista","isPartOf":{"@id":"https:\/\/www.encontrabelavista.com.br\/avenida-paulista\/#website"},"datePublished":"2013-06-12T20:58:33+00:00","dateModified":"2013-08-20T14:05:22+00:00","author":{"@id":"https:\/\/www.encontrabelavista.com.br\/avenida-paulista\/#\/schema\/person\/63c71a69a5879155285aa7cf79ec3e40"},"breadcrumb":{"@id":"https:\/\/www.encontrabelavista.com.br\/avenida-paulista\/protesto-contra-a-passagem-de-onibus-fecha-pista-da-avenida-paulista\/#breadcrumb"},"inLanguage":"pt-BR","potentialAction":[{"@type":"ReadAction","target":["https:\/\/www.encontrabelavista.com.br\/avenida-paulista\/protesto-contra-a-passagem-de-onibus-fecha-pista-da-avenida-paulista\/"]}]},{"@type":"BreadcrumbList","@id":"https:\/\/www.encontrabelavista.com.br\/avenida-paulista\/protesto-contra-a-passagem-de-onibus-fecha-pista-da-avenida-paulista\/#breadcrumb","itemListElement":[{"@type":"ListItem","position":1,"name":"In\u00edcio","item":"https:\/\/www.encontrabelavista.com.br\/avenida-paulista\/"},{"@type":"ListItem","position":2,"name":"Protesto contra a passagem de \u00f4nibus fecha pista da avenida Paulista"}]},{"@type":"WebSite","@id":"https:\/\/www.encontrabelavista.com.br\/avenida-paulista\/#website","url":"https:\/\/www.encontrabelavista.com.br\/avenida-paulista\/","name":"Encontra Avenida Paulista","description":"ENCONTRA AVENIDA PAULISTA - O guia comercial de neg\u00f3cios e empresas, cultura e divers\u00e3o na Avenida Paulista. Feito 100% para voc\u00ea morador!","potentialAction":[{"@type":"SearchAction","target":{"@type":"EntryPoint","urlTemplate":"https:\/\/www.encontrabelavista.com.br\/avenida-paulista\/?s={search_term_string}"},"query-input":{"@type":"PropertyValueSpecification","valueRequired":true,"valueName":"search_term_string"}}],"inLanguage":"pt-BR"},{"@type":"Person","@id":"https:\/\/www.encontrabelavista.com.br\/avenida-paulista\/#\/schema\/person\/63c71a69a5879155285aa7cf79ec3e40","name":"Encontra Avenida Paulista","image":{"@type":"ImageObject","inLanguage":"pt-BR","@id":"https:\/\/www.encontrabelavista.com.br\/avenida-paulista\/#\/schema\/person\/image\/","url":"https:\/\/secure.gravatar.com\/avatar\/c50c17820bcf322f0a8fd6b110b8c0918141409dc69076470f6fca5fee70a5d4?s=96&d=mm&r=g","contentUrl":"https:\/\/secure.gravatar.com\/avatar\/c50c17820bcf322f0a8fd6b110b8c0918141409dc69076470f6fca5fee70a5d4?s=96&d=mm&r=g","caption":"Encontra Avenida Paulista"},"url":"https:\/\/www.encontrabelavista.com.br\/avenida-paulista\/author\/encontraavenidapaulista\/"}]}},"_links":{"self":[{"href":"https:\/\/www.encontrabelavista.com.br\/avenida-paulista\/wp-json\/wp\/v2\/posts\/5090","targetHints":{"allow":["GET"]}}],"collection":[{"href":"https:\/\/www.encontrabelavista.com.br\/avenida-paulista\/wp-json\/wp\/v2\/posts"}],"about":[{"href":"https:\/\/www.encontrabelavista.com.br\/avenida-paulista\/wp-json\/wp\/v2\/types\/post"}],"author":[{"embeddable":true,"href":"https:\/\/www.encontrabelavista.com.br\/avenida-paulista\/wp-json\/wp\/v2\/users\/1"}],"replies":[{"embeddable":true,"href":"https:\/\/www.encontrabelavista.com.br\/avenida-paulista\/wp-json\/wp\/v2\/comments?post=5090"}],"version-history":[{"count":0,"href":"https:\/\/www.encontrabelavista.com.br\/avenida-paulista\/wp-json\/wp\/v2\/posts\/5090\/revisions"}],"wp:attachment":[{"href":"https:\/\/www.encontrabelavista.com.br\/avenida-paulista\/wp-json\/wp\/v2\/media?parent=5090"}],"wp:term":[{"taxonomy":"category","embeddable":true,"href":"https:\/\/www.encontrabelavista.com.br\/avenida-paulista\/wp-json\/wp\/v2\/categories?post=5090"},{"taxonomy":"post_tag","embeddable":true,"href":"https:\/\/www.encontrabelavista.com.br\/avenida-paulista\/wp-json\/wp\/v2\/tags?post=5090"}],"curies":[{"name":"wp","href":"https:\/\/api.w.org\/{rel}","templated":true}]}}