{"id":5126,"date":"2013-09-26T10:53:02","date_gmt":"2013-09-26T13:53:02","guid":{"rendered":"https:\/\/www.encontrabelavista.com.br\/avenida-paulista\/?p=5126"},"modified":"2013-09-26T10:54:06","modified_gmt":"2013-09-26T13:54:06","slug":"festival-na-paulista-comemora-24-anos-de-teatro-lambe-lambe","status":"publish","type":"post","link":"https:\/\/www.encontrabelavista.com.br\/avenida-paulista\/festival-na-paulista-comemora-24-anos-de-teatro-lambe-lambe\/","title":{"rendered":"Festival na Paulista comemora 24 anos de Teatro lambe-lambe"},"content":{"rendered":"<p style=\"text-align: justify;\">Das antigas caixas de fotografia, o teatro lambe-lambe \u00e9 uma das v\u00e1rias manifesta\u00e7\u00f5es do teatro de anima\u00e7\u00e3o contempor\u00e2neo. Em comemora\u00e7\u00e3o ao anivers\u00e1rio de 24 anos de sua cria\u00e7\u00e3o, no dia 30 de setembro, o 1\u00ba Festejo Mundial em Rede realiza apresenta\u00e7\u00f5es em v\u00e1rios estados brasileiros e em cinco pa\u00edses diferentes.<\/p>\n<p style=\"text-align: justify;\">S\u00e3o Paulo faz parte da programa\u00e7\u00e3o internacional com o espet\u00e1culo \u201cO Pequeno Grande Teatro\u201d, da Cia Mala Caixeta de Teatro Surpresa. As apresenta\u00e7\u00f5es de lambe-lambe acontecem na Avenida Paulista, 1919, em frente ao Casar\u00e3o Joaquim Franco de Melo, das 14h \u00e0s 16h.<\/p>\n<p style=\"text-align: justify;\">Criado em 1989 em Salvador por Ismine Lima e Denise Di Santos, as apresenta\u00e7\u00f5es acontecem dentro de uma caixa, por meio da manipula\u00e7\u00e3o de bonecos ou objetos.<\/p>\n<p style=\"text-align: justify;\"><strong>Servi\u00e7o<\/strong><br \/>\nO que: 1\u00ba Festejo Mundial em Rede<br \/>\nQuando: Seg 30\/09 das 14:00 \u00e0s 16:00<br \/>\nQuanto: Nada<br \/>\nOnde: Avenida Paulista, 1919<\/p>\n","protected":false},"excerpt":{"rendered":"<p>Das antigas caixas de fotografia, o teatro lambe-lambe \u00e9 uma das v\u00e1rias manifesta\u00e7\u00f5es do teatro de anima\u00e7\u00e3o contempor\u00e2neo. Em comemora\u00e7\u00e3o ao anivers\u00e1rio de 24 anos de sua cria\u00e7\u00e3o, no dia 30 de setembro, o 1\u00ba Festejo Mundial em Rede realiza apresenta\u00e7\u00f5es em v\u00e1rios estados brasileiros e em cinco pa\u00edses diferentes. S\u00e3o Paulo faz parte da programa\u00e7\u00e3o internacional com o espet\u00e1culo \u201cO Pequeno Grande Teatro\u201d, da Cia Mala Caixeta de Teatro Surpresa. As apresenta\u00e7\u00f5es de lambe-lambe acontecem na Avenida Paulista, 1919, em frente ao Casar\u00e3o Joaquim Franco de Melo, das 14h \u00e0s 16h. Criado em 1989 em Salvador por Ismine Lima <\/p>\n","protected":false},"author":1,"featured_media":5127,"comment_status":"open","ping_status":"open","sticky":false,"template":"","format":"standard","meta":{"footnotes":""},"categories":[5],"tags":[],"class_list":["post-5126","post","type-post","status-publish","format-standard","has-post-thumbnail","hentry","category-noticias","has_thumb"],"yoast_head":"<!-- This site is optimized with the Yoast SEO plugin v26.4 - https:\/\/yoast.com\/wordpress\/plugins\/seo\/ -->\n<title>Festival na Paulista comemora 24 anos de Teatro lambe-lambe - Encontra Avenida Paulista<\/title>\n<meta name=\"robots\" content=\"index, follow, max-snippet:-1, max-image-preview:large, max-video-preview:-1\" \/>\n<link rel=\"canonical\" href=\"https:\/\/www.encontrabelavista.com.br\/avenida-paulista\/festival-na-paulista-comemora-24-anos-de-teatro-lambe-lambe\/\" \/>\n<meta property=\"og:locale\" content=\"pt_BR\" \/>\n<meta property=\"og:type\" content=\"article\" \/>\n<meta property=\"og:title\" content=\"Festival na Paulista comemora 24 anos de Teatro lambe-lambe - Encontra Avenida Paulista\" \/>\n<meta property=\"og:description\" content=\"Das antigas caixas de fotografia, o teatro lambe-lambe \u00e9 uma das v\u00e1rias manifesta\u00e7\u00f5es do teatro de anima\u00e7\u00e3o contempor\u00e2neo. Em comemora\u00e7\u00e3o ao anivers\u00e1rio de 24 anos de sua cria\u00e7\u00e3o, no dia 30 de setembro, o 1\u00ba Festejo Mundial em Rede realiza apresenta\u00e7\u00f5es em v\u00e1rios estados brasileiros e em cinco pa\u00edses diferentes. S\u00e3o Paulo faz parte da programa\u00e7\u00e3o internacional com o espet\u00e1culo \u201cO Pequeno Grande Teatro\u201d, da Cia Mala Caixeta de Teatro Surpresa. As apresenta\u00e7\u00f5es de lambe-lambe acontecem na Avenida Paulista, 1919, em frente ao Casar\u00e3o Joaquim Franco de Melo, das 14h \u00e0s 16h. Criado em 1989 em Salvador por Ismine Lima\" \/>\n<meta property=\"og:url\" content=\"https:\/\/www.encontrabelavista.com.br\/avenida-paulista\/festival-na-paulista-comemora-24-anos-de-teatro-lambe-lambe\/\" \/>\n<meta property=\"og:site_name\" content=\"Encontra Avenida Paulista\" \/>\n<meta property=\"article:published_time\" content=\"2013-09-26T13:53:02+00:00\" \/>\n<meta property=\"article:modified_time\" content=\"2013-09-26T13:54:06+00:00\" \/>\n<meta property=\"og:image\" content=\"https:\/\/www.encontrabelavista.com.br\/avenida-paulista\/wp-content\/uploads\/2013\/09\/teatro-lambe.jpg\" \/>\n\t<meta property=\"og:image:width\" content=\"320\" \/>\n\t<meta property=\"og:image:height\" content=\"229\" \/>\n\t<meta property=\"og:image:type\" content=\"image\/jpeg\" \/>\n<meta name=\"author\" content=\"Encontra Avenida Paulista\" \/>\n<meta name=\"twitter:card\" content=\"summary_large_image\" \/>\n<meta name=\"twitter:label1\" content=\"Escrito por\" \/>\n\t<meta name=\"twitter:data1\" content=\"Encontra Avenida Paulista\" \/>\n\t<meta name=\"twitter:label2\" content=\"Est. tempo de leitura\" \/>\n\t<meta name=\"twitter:data2\" content=\"1 minuto\" \/>\n<script type=\"application\/ld+json\" class=\"yoast-schema-graph\">{\"@context\":\"https:\/\/schema.org\",\"@graph\":[{\"@type\":\"WebPage\",\"@id\":\"https:\/\/www.encontrabelavista.com.br\/avenida-paulista\/festival-na-paulista-comemora-24-anos-de-teatro-lambe-lambe\/\",\"url\":\"https:\/\/www.encontrabelavista.com.br\/avenida-paulista\/festival-na-paulista-comemora-24-anos-de-teatro-lambe-lambe\/\",\"name\":\"Festival na Paulista comemora 24 anos de Teatro lambe-lambe - Encontra Avenida Paulista\",\"isPartOf\":{\"@id\":\"https:\/\/www.encontrabelavista.com.br\/avenida-paulista\/#website\"},\"primaryImageOfPage\":{\"@id\":\"https:\/\/www.encontrabelavista.com.br\/avenida-paulista\/festival-na-paulista-comemora-24-anos-de-teatro-lambe-lambe\/#primaryimage\"},\"image\":{\"@id\":\"https:\/\/www.encontrabelavista.com.br\/avenida-paulista\/festival-na-paulista-comemora-24-anos-de-teatro-lambe-lambe\/#primaryimage\"},\"thumbnailUrl\":\"https:\/\/www.encontrabelavista.com.br\/avenida-paulista\/wp-content\/uploads\/2013\/09\/teatro-lambe.jpg\",\"datePublished\":\"2013-09-26T13:53:02+00:00\",\"dateModified\":\"2013-09-26T13:54:06+00:00\",\"author\":{\"@id\":\"https:\/\/www.encontrabelavista.com.br\/avenida-paulista\/#\/schema\/person\/63c71a69a5879155285aa7cf79ec3e40\"},\"breadcrumb\":{\"@id\":\"https:\/\/www.encontrabelavista.com.br\/avenida-paulista\/festival-na-paulista-comemora-24-anos-de-teatro-lambe-lambe\/#breadcrumb\"},\"inLanguage\":\"pt-BR\",\"potentialAction\":[{\"@type\":\"ReadAction\",\"target\":[\"https:\/\/www.encontrabelavista.com.br\/avenida-paulista\/festival-na-paulista-comemora-24-anos-de-teatro-lambe-lambe\/\"]}]},{\"@type\":\"ImageObject\",\"inLanguage\":\"pt-BR\",\"@id\":\"https:\/\/www.encontrabelavista.com.br\/avenida-paulista\/festival-na-paulista-comemora-24-anos-de-teatro-lambe-lambe\/#primaryimage\",\"url\":\"https:\/\/www.encontrabelavista.com.br\/avenida-paulista\/wp-content\/uploads\/2013\/09\/teatro-lambe.jpg\",\"contentUrl\":\"https:\/\/www.encontrabelavista.com.br\/avenida-paulista\/wp-content\/uploads\/2013\/09\/teatro-lambe.jpg\",\"width\":320,\"height\":229},{\"@type\":\"BreadcrumbList\",\"@id\":\"https:\/\/www.encontrabelavista.com.br\/avenida-paulista\/festival-na-paulista-comemora-24-anos-de-teatro-lambe-lambe\/#breadcrumb\",\"itemListElement\":[{\"@type\":\"ListItem\",\"position\":1,\"name\":\"In\u00edcio\",\"item\":\"https:\/\/www.encontrabelavista.com.br\/avenida-paulista\/\"},{\"@type\":\"ListItem\",\"position\":2,\"name\":\"Festival na Paulista comemora 24 anos de Teatro lambe-lambe\"}]},{\"@type\":\"WebSite\",\"@id\":\"https:\/\/www.encontrabelavista.com.br\/avenida-paulista\/#website\",\"url\":\"https:\/\/www.encontrabelavista.com.br\/avenida-paulista\/\",\"name\":\"Encontra Avenida Paulista\",\"description\":\"ENCONTRA AVENIDA PAULISTA - O guia comercial de neg\u00f3cios e empresas, cultura e divers\u00e3o na Avenida Paulista. Feito 100% para voc\u00ea morador!\",\"potentialAction\":[{\"@type\":\"SearchAction\",\"target\":{\"@type\":\"EntryPoint\",\"urlTemplate\":\"https:\/\/www.encontrabelavista.com.br\/avenida-paulista\/?s={search_term_string}\"},\"query-input\":{\"@type\":\"PropertyValueSpecification\",\"valueRequired\":true,\"valueName\":\"search_term_string\"}}],\"inLanguage\":\"pt-BR\"},{\"@type\":\"Person\",\"@id\":\"https:\/\/www.encontrabelavista.com.br\/avenida-paulista\/#\/schema\/person\/63c71a69a5879155285aa7cf79ec3e40\",\"name\":\"Encontra Avenida Paulista\",\"image\":{\"@type\":\"ImageObject\",\"inLanguage\":\"pt-BR\",\"@id\":\"https:\/\/www.encontrabelavista.com.br\/avenida-paulista\/#\/schema\/person\/image\/\",\"url\":\"https:\/\/secure.gravatar.com\/avatar\/c50c17820bcf322f0a8fd6b110b8c0918141409dc69076470f6fca5fee70a5d4?s=96&d=mm&r=g\",\"contentUrl\":\"https:\/\/secure.gravatar.com\/avatar\/c50c17820bcf322f0a8fd6b110b8c0918141409dc69076470f6fca5fee70a5d4?s=96&d=mm&r=g\",\"caption\":\"Encontra Avenida Paulista\"},\"url\":\"https:\/\/www.encontrabelavista.com.br\/avenida-paulista\/author\/encontraavenidapaulista\/\"}]}<\/script>\n<!-- \/ Yoast SEO plugin. -->","yoast_head_json":{"title":"Festival na Paulista comemora 24 anos de Teatro lambe-lambe - Encontra Avenida Paulista","robots":{"index":"index","follow":"follow","max-snippet":"max-snippet:-1","max-image-preview":"max-image-preview:large","max-video-preview":"max-video-preview:-1"},"canonical":"https:\/\/www.encontrabelavista.com.br\/avenida-paulista\/festival-na-paulista-comemora-24-anos-de-teatro-lambe-lambe\/","og_locale":"pt_BR","og_type":"article","og_title":"Festival na Paulista comemora 24 anos de Teatro lambe-lambe - Encontra Avenida Paulista","og_description":"Das antigas caixas de fotografia, o teatro lambe-lambe \u00e9 uma das v\u00e1rias manifesta\u00e7\u00f5es do teatro de anima\u00e7\u00e3o contempor\u00e2neo. Em comemora\u00e7\u00e3o ao anivers\u00e1rio de 24 anos de sua cria\u00e7\u00e3o, no dia 30 de setembro, o 1\u00ba Festejo Mundial em Rede realiza apresenta\u00e7\u00f5es em v\u00e1rios estados brasileiros e em cinco pa\u00edses diferentes. S\u00e3o Paulo faz parte da programa\u00e7\u00e3o internacional com o espet\u00e1culo \u201cO Pequeno Grande Teatro\u201d, da Cia Mala Caixeta de Teatro Surpresa. As apresenta\u00e7\u00f5es de lambe-lambe acontecem na Avenida Paulista, 1919, em frente ao Casar\u00e3o Joaquim Franco de Melo, das 14h \u00e0s 16h. Criado em 1989 em Salvador por Ismine Lima","og_url":"https:\/\/www.encontrabelavista.com.br\/avenida-paulista\/festival-na-paulista-comemora-24-anos-de-teatro-lambe-lambe\/","og_site_name":"Encontra Avenida Paulista","article_published_time":"2013-09-26T13:53:02+00:00","article_modified_time":"2013-09-26T13:54:06+00:00","og_image":[{"width":320,"height":229,"url":"https:\/\/www.encontrabelavista.com.br\/avenida-paulista\/wp-content\/uploads\/2013\/09\/teatro-lambe.jpg","type":"image\/jpeg"}],"author":"Encontra Avenida Paulista","twitter_card":"summary_large_image","twitter_misc":{"Escrito por":"Encontra Avenida Paulista","Est. tempo de leitura":"1 minuto"},"schema":{"@context":"https:\/\/schema.org","@graph":[{"@type":"WebPage","@id":"https:\/\/www.encontrabelavista.com.br\/avenida-paulista\/festival-na-paulista-comemora-24-anos-de-teatro-lambe-lambe\/","url":"https:\/\/www.encontrabelavista.com.br\/avenida-paulista\/festival-na-paulista-comemora-24-anos-de-teatro-lambe-lambe\/","name":"Festival na Paulista comemora 24 anos de Teatro lambe-lambe - Encontra Avenida Paulista","isPartOf":{"@id":"https:\/\/www.encontrabelavista.com.br\/avenida-paulista\/#website"},"primaryImageOfPage":{"@id":"https:\/\/www.encontrabelavista.com.br\/avenida-paulista\/festival-na-paulista-comemora-24-anos-de-teatro-lambe-lambe\/#primaryimage"},"image":{"@id":"https:\/\/www.encontrabelavista.com.br\/avenida-paulista\/festival-na-paulista-comemora-24-anos-de-teatro-lambe-lambe\/#primaryimage"},"thumbnailUrl":"https:\/\/www.encontrabelavista.com.br\/avenida-paulista\/wp-content\/uploads\/2013\/09\/teatro-lambe.jpg","datePublished":"2013-09-26T13:53:02+00:00","dateModified":"2013-09-26T13:54:06+00:00","author":{"@id":"https:\/\/www.encontrabelavista.com.br\/avenida-paulista\/#\/schema\/person\/63c71a69a5879155285aa7cf79ec3e40"},"breadcrumb":{"@id":"https:\/\/www.encontrabelavista.com.br\/avenida-paulista\/festival-na-paulista-comemora-24-anos-de-teatro-lambe-lambe\/#breadcrumb"},"inLanguage":"pt-BR","potentialAction":[{"@type":"ReadAction","target":["https:\/\/www.encontrabelavista.com.br\/avenida-paulista\/festival-na-paulista-comemora-24-anos-de-teatro-lambe-lambe\/"]}]},{"@type":"ImageObject","inLanguage":"pt-BR","@id":"https:\/\/www.encontrabelavista.com.br\/avenida-paulista\/festival-na-paulista-comemora-24-anos-de-teatro-lambe-lambe\/#primaryimage","url":"https:\/\/www.encontrabelavista.com.br\/avenida-paulista\/wp-content\/uploads\/2013\/09\/teatro-lambe.jpg","contentUrl":"https:\/\/www.encontrabelavista.com.br\/avenida-paulista\/wp-content\/uploads\/2013\/09\/teatro-lambe.jpg","width":320,"height":229},{"@type":"BreadcrumbList","@id":"https:\/\/www.encontrabelavista.com.br\/avenida-paulista\/festival-na-paulista-comemora-24-anos-de-teatro-lambe-lambe\/#breadcrumb","itemListElement":[{"@type":"ListItem","position":1,"name":"In\u00edcio","item":"https:\/\/www.encontrabelavista.com.br\/avenida-paulista\/"},{"@type":"ListItem","position":2,"name":"Festival na Paulista comemora 24 anos de Teatro lambe-lambe"}]},{"@type":"WebSite","@id":"https:\/\/www.encontrabelavista.com.br\/avenida-paulista\/#website","url":"https:\/\/www.encontrabelavista.com.br\/avenida-paulista\/","name":"Encontra Avenida Paulista","description":"ENCONTRA AVENIDA PAULISTA - O guia comercial de neg\u00f3cios e empresas, cultura e divers\u00e3o na Avenida Paulista. Feito 100% para voc\u00ea morador!","potentialAction":[{"@type":"SearchAction","target":{"@type":"EntryPoint","urlTemplate":"https:\/\/www.encontrabelavista.com.br\/avenida-paulista\/?s={search_term_string}"},"query-input":{"@type":"PropertyValueSpecification","valueRequired":true,"valueName":"search_term_string"}}],"inLanguage":"pt-BR"},{"@type":"Person","@id":"https:\/\/www.encontrabelavista.com.br\/avenida-paulista\/#\/schema\/person\/63c71a69a5879155285aa7cf79ec3e40","name":"Encontra Avenida Paulista","image":{"@type":"ImageObject","inLanguage":"pt-BR","@id":"https:\/\/www.encontrabelavista.com.br\/avenida-paulista\/#\/schema\/person\/image\/","url":"https:\/\/secure.gravatar.com\/avatar\/c50c17820bcf322f0a8fd6b110b8c0918141409dc69076470f6fca5fee70a5d4?s=96&d=mm&r=g","contentUrl":"https:\/\/secure.gravatar.com\/avatar\/c50c17820bcf322f0a8fd6b110b8c0918141409dc69076470f6fca5fee70a5d4?s=96&d=mm&r=g","caption":"Encontra Avenida Paulista"},"url":"https:\/\/www.encontrabelavista.com.br\/avenida-paulista\/author\/encontraavenidapaulista\/"}]}},"_links":{"self":[{"href":"https:\/\/www.encontrabelavista.com.br\/avenida-paulista\/wp-json\/wp\/v2\/posts\/5126","targetHints":{"allow":["GET"]}}],"collection":[{"href":"https:\/\/www.encontrabelavista.com.br\/avenida-paulista\/wp-json\/wp\/v2\/posts"}],"about":[{"href":"https:\/\/www.encontrabelavista.com.br\/avenida-paulista\/wp-json\/wp\/v2\/types\/post"}],"author":[{"embeddable":true,"href":"https:\/\/www.encontrabelavista.com.br\/avenida-paulista\/wp-json\/wp\/v2\/users\/1"}],"replies":[{"embeddable":true,"href":"https:\/\/www.encontrabelavista.com.br\/avenida-paulista\/wp-json\/wp\/v2\/comments?post=5126"}],"version-history":[{"count":0,"href":"https:\/\/www.encontrabelavista.com.br\/avenida-paulista\/wp-json\/wp\/v2\/posts\/5126\/revisions"}],"wp:featuredmedia":[{"embeddable":true,"href":"https:\/\/www.encontrabelavista.com.br\/avenida-paulista\/wp-json\/wp\/v2\/media\/5127"}],"wp:attachment":[{"href":"https:\/\/www.encontrabelavista.com.br\/avenida-paulista\/wp-json\/wp\/v2\/media?parent=5126"}],"wp:term":[{"taxonomy":"category","embeddable":true,"href":"https:\/\/www.encontrabelavista.com.br\/avenida-paulista\/wp-json\/wp\/v2\/categories?post=5126"},{"taxonomy":"post_tag","embeddable":true,"href":"https:\/\/www.encontrabelavista.com.br\/avenida-paulista\/wp-json\/wp\/v2\/tags?post=5126"}],"curies":[{"name":"wp","href":"https:\/\/api.w.org\/{rel}","templated":true}]}}