{"id":5722,"date":"2026-01-02T11:49:08","date_gmt":"2026-01-02T14:49:08","guid":{"rendered":"https:\/\/www.encontrabelavista.com.br\/avenida-paulista\/como-sera-o-reveillon-em-sao-paulo-veja-horario-de-abertura-na-paulista\/"},"modified":"2026-01-02T11:49:08","modified_gmt":"2026-01-02T14:49:08","slug":"como-sera-o-reveillon-em-sao-paulo-veja-horario-de-abertura-na-paulista","status":"publish","type":"post","link":"https:\/\/www.encontrabelavista.com.br\/avenida-paulista\/como-sera-o-reveillon-em-sao-paulo-veja-horario-de-abertura-na-paulista\/","title":{"rendered":"Como ser\u00e1 o R\u00e9veillon em S\u00e3o Paulo; veja hor\u00e1rio de abertura na Paulista"},"content":{"rendered":"<h2>Hor\u00e1rios de Abertura da Avenida Paulista<\/h2>\n<p>A Avenida Paulista, um dos maiores \u00edcones de S\u00e3o Paulo, se prepara para receber um dos maiores eventos de R\u00e9veillon do Brasil. A abertura ao p\u00fablico est\u00e1 programada para as <strong>13h do dia 31 de dezembro<\/strong>, permitindo que as pessoas cheguem cedo para garantir um bom lugar e aproveitar toda a atmosfera festiva que permeia a cidade nessa \u00e9poca do ano. \u00c9 importante notar que a festa se estender\u00e1 at\u00e9 a madrugada do dia 1\u00ba de janeiro, proporcionando mais de <strong>14 horas<\/strong> de celebra\u00e7\u00e3o ininterrupta.<\/p>\n<p>Os eventos na Avenida Paulista s\u00e3o sempre cercados de grande expectativa, e este ano n\u00e3o \u00e9 diferente. Desde o in\u00edcio da tarde, os participantes poder\u00e3o vagar pelas alamedas decoradas e j\u00e1 entrar no clima festivo. As atra\u00e7\u00f5es v\u00e3o come\u00e7ar <strong>\u00e0s 13h30<\/strong> com uma programa\u00e7\u00e3o musical que promete agradar a todos os gostos. Para aqueles que desejam usufruir do evento com a fam\u00edlia e amigos, \u00e9 prudente chegar cedo, garantindo um lugar confort\u00e1vel e seguro para esperar pelos shows.<\/p>\n<p>A seguran\u00e7a e a organiza\u00e7\u00e3o do evento s\u00e3o prioridades, e isso se reflete nos hor\u00e1rios estabelecidos para o tr\u00e2nsito e acesso ao local. Com interdi\u00e7\u00f5es programadas a partir da <strong>meia-noite<\/strong> do dia 31, a entrada e a movimenta\u00e7\u00e3o estar\u00e3o controladas, visando facilitar o fluxo e assegurar a seguran\u00e7a de todos os presentes.<\/p>\n<p><img decoding=\"async\" src=\"https:\/\/www.encontrabelavista.com.br\/avenida-paulista\/wp-content\/uploads\/2026\/01\/como-sera-o-reveillon-em-sao-paulo-veja-horario-de-abertura-na-paulista.webp\" alt=\"R\u00e9veillon em S\u00e3o Paulo\" loading=\"lazy\" \/><\/p>\n<h2>Programa\u00e7\u00e3o Musical do R\u00e9veillon<\/h2>\n<p>A programa\u00e7\u00e3o musical do R\u00e9veillon em S\u00e3o Paulo \u00e9 uma das partes mais aguardadas do evento. A Prefeitura anunciou uma s\u00e9rie de apresenta\u00e7\u00f5es que prometem animar o p\u00fablico com uma diversidade de estilos. A festa n\u00e3o \u00e9 apenas sobre a celebra\u00e7\u00e3o, mas tamb\u00e9m uma oportunidade de refletir sobre o ano que passou e se alegrar com o que est\u00e1 por vir.<\/p>\n<p>A abertura dos shows come\u00e7a <strong>\u00e0s 13h30<\/strong>, come\u00e7ando com a apresenta\u00e7\u00e3o do <strong>Colo de Deus<\/strong>. Este grupo religioso proporciona uma atmosfera de espiritualidade e gratid\u00e3o, iniciando o dia com vibra\u00e7\u00f5es positivas. Em seguida, \u00e0s <strong>14h<\/strong>, o p\u00fablico ir\u00e1 desfrutar da performance de <strong>Frei Gilson<\/strong>, cujas melodias e letras inspiradoras certamente ressoar\u00e3o nos cora\u00e7\u00f5es dos presentes.<\/p>\n<p>\u00c0s <strong>15h30<\/strong>, o renomado <strong>Padre Marcelo Rossi<\/strong> subir\u00e1 ao palco, prometendo trazer sua mixagem \u00edmpar de f\u00e9 e celebra\u00e7\u00e3o. \u00c0 medida que o dia avan\u00e7a, a m\u00fasica se diversifica, com artistas como <strong>Jo\u00e3o Gomes<\/strong> \u00e0s <strong>17h20<\/strong> e <strong>Belo<\/strong> \u00e0s <strong>18h40<\/strong>, oferecendo uma fus\u00e3o de ritmos que representa a rica cultura musical brasileira.<\/p>\n<p>\u00c0s <strong>20h<\/strong>, a popular dupla <strong>Maiara e Mara\u00edsa<\/strong> promete animar o p\u00fablico com suas can\u00e7\u00f5es de sucesso, seguidas pela artista <strong>Ana Castela<\/strong>, que se apresentar\u00e1 \u00e0s <strong>21h30<\/strong>. Esses shows n\u00e3o apenas celebram a virada do ano, mas tamb\u00e9m promovem a uni\u00e3o entre diferentes gera\u00e7\u00f5es e estilos musicais.<\/p>\n<p>Como parte das festividades, uma pausa especial est\u00e1 programada por volta da <strong>meia-noite<\/strong> para uma <strong>queima de fogos silenciosa<\/strong>, que durar\u00e1 cerca de <strong>15 minutos<\/strong>. Essa decis\u00e3o foi tomada para respeitar o bem-estar de pessoas com sensibilidade a ru\u00eddos e animais de estima\u00e7\u00e3o, demonstrando a inclus\u00e3o e o cuidado com todos os cidad\u00e3os. Ap\u00f3s essa pausa, o artista <strong>Latino<\/strong> subir\u00e1 ao palco para fechar a festa com chave de ouro, entretendo o p\u00fablico das <strong>1h40 \u00e0s 2h40<\/strong> do dia 1\u00ba de janeiro.<\/p>\n<h2>Atra\u00e7\u00f5es Confirmadas para a Festividade<\/h2>\n<p>A diversidade de atra\u00e7\u00f5es \u00e9 um dos pontos altos do R\u00e9veillon paulista, refletindo as diversas culturas e tradi\u00e7\u00f5es que comp\u00f5em a cidade. Este ano, o evento contar\u00e1 com artistas de renome nacional, promovendo uma mescla de g\u00eaneros que vai do gospel ao sertanejo, passando pelo pagode e pela m\u00fasica pop. Essa pluralidade \u00e9 essencial para que todos os participantes se sintam representados e inclu\u00eddos na festa.<\/p>\n<p>Al\u00e9m da programa\u00e7\u00e3o musical j\u00e1 citada, outras atividades ser\u00e3o oferecidas ao longo do dia, como performances culturais e interven\u00e7\u00f5es art\u00edsticas que enriquecem a experi\u00eancia do p\u00fablico. Eventos como esse mostram o potencial da Avenida Paulista como um centro de celebra\u00e7\u00e3o e de lazer, possibilitando \u00e0s pessoas apreciarem n\u00e3o apenas a m\u00fasica, mas tamb\u00e9m a arte e a cultura local.<\/p>\n<p>Espa\u00e7os destinados \u00e0 gastronomia e ao com\u00e9rcio tamb\u00e9m estar\u00e3o presentes, proporcionando uma ampla gama de op\u00e7\u00f5es para quem deseja experimentar a deliciosa culin\u00e1ria paulista. Al\u00e9m disso, a presen\u00e7a de food trucks e barracas ser\u00e1 uma maneira de apoiar pequenos empreendedores e fomentar a economia local durante o evento.<\/p>\n<p>Com tantas atividades programadas, o R\u00e9veillon na Avenida Paulista se reafirma como uma grande festa popular, acess\u00edvel a todos. S\u00e3o esperados milhares de visitantes, que, com certeza, levar\u00e3o consigo recorda\u00e7\u00f5es memor\u00e1veis e marcantes para iniciarmos o novo ano com energia e otimismo.<\/p>\n<h2>Orienta\u00e7\u00f5es sobre Objetos Permitidos e Proibidos<\/h2>\n<p>Para garantir a seguran\u00e7a e o bem-estar de todos os participantes do R\u00e9veillon em S\u00e3o Paulo, a Prefeitura elaborou uma lista de itens permitidos e proibidos na Avenida Paulista durante o evento. Essas medidas visam assegurar um ambiente festivo e seguro para todos os presentes, com o intuito de minimizar riscos e evitar quaisquer incidentes indesejados.<\/p>\n<p>Entre os itens permitidos, est\u00e3o documentos pessoais, o <strong>Bilhete \u00danico<\/strong> utilizado para transporte p\u00fablico, garrafas de \u00e1gua, alimentos industrializados lacrados, rem\u00e9dios de uso pessoal, capas de chuva e mochilas pequenas. Esses itens permitem que o p\u00fablico esteja preparado para a festa, mantendo-se hidratado e confort\u00e1vel durante toda a celebra\u00e7\u00e3o.<\/p>\n<p>Por outro lado, a lista de objetos proibidos \u00e9 extensa e inclui garrafas de vidro, objetos cortantes, guarda-chuvas, caixas de som, sprays, bicicletas, fogos de artif\u00edcio, armas e bast\u00f5es de selfie. As proibi\u00e7\u00f5es garantem um ambiente mais seguro e agrad\u00e1vel, onde todos podem desfrutar do evento sem preocupa\u00e7\u00f5es. \u00c9 fundamental que os participantes respeitem essas diretrizes para que o R\u00e9veillon seja desfrutado por todos.<\/p>\n<p>Os organizadores do evento estar\u00e3o preparados para educar e informar o p\u00fablico sobre essas normas, garantindo que cada visitante esteja bem informado e ciente do que pode ou n\u00e3o ser trazido ao evento. Essa comunica\u00e7\u00e3o clara e efetiva \u00e9 parte do esfor\u00e7o para assegurar que todos possam celebrar em um ambiente seguro e confort\u00e1vel.<\/p>\n<h2>Estrutura de Seguran\u00e7a para o Evento<\/h2>\n<p>A seguran\u00e7a \u00e9 uma prioridade m\u00e1xima para a realiza\u00e7\u00e3o do R\u00e9veillon na Avenida Paulista. Com uma grande quantidade de pessoas esperadas para o evento, a presen\u00e7a de for\u00e7as de seguran\u00e7a \u00e9 essencial para garantir que todos possam se divertir de maneira segura. A <strong>Pol\u00edcia Militar<\/strong> estar\u00e1 presente com uma for\u00e7a de cerca de <strong>1.950 policiais<\/strong>, enquanto a <strong>Guarda Civil Metropolitana<\/strong> contar\u00e1 com mais de <strong>1.100 agentes<\/strong>, prontos para agir em qualquer situa\u00e7\u00e3o que possa surgir.<\/p>\n<p>O planejamento de seguran\u00e7a envolve uma s\u00e9rie de estrat\u00e9gias, incluindo monitoramento por c\u00e2meras e a realiza\u00e7\u00e3o de patrulhas constantes ao longo da Avenida Paulista. O objetivo \u00e9 criar um ambiente seguro, onde os participantes possam se divertir sem medo. Al\u00e9m disso, a presen\u00e7a de agentes de seguran\u00e7a em pontos estrat\u00e9gicos garantir\u00e1 que o p\u00fablico tenha um acesso r\u00e1pido a ajuda, caso necess\u00e1rio.<\/p>\n<p>Outro aspecto importante da seguran\u00e7a \u00e9 a coordena\u00e7\u00e3o com as equipes de sa\u00fade e emerg\u00eancia, que estar\u00e3o de prontid\u00e3o em caso de qualquer eventualidade. O evento contar\u00e1 com sete postos de atendimento ao longo da Avenida Paulista, equipados para lidar com emerg\u00eancias menores e garantir que, caso ocorram situa\u00e7\u00f5es de maior gravidade, as ambul\u00e2ncias e UTIs m\u00f3veis possam ser acionadas rapidamente.<\/p>\n<h2>Transporte e Acessibilidade na Paulista<\/h2>\n<p>A mobilidade urbana durante o R\u00e9veillon \u00e9 um fator crucial para a fluidez do evento. A <strong>SPTrans<\/strong> disponibilizar\u00e1 <strong>500 \u00f4nibus<\/strong>, distribu\u00eddos em <strong>46 linhas<\/strong>, em uma opera\u00e7\u00e3o especial para facilitar o deslocamento de todos os participantes at\u00e9 a Avenida Paulista. Esse tipo de medida \u00e9 fundamental para garantir que o maior n\u00famero poss\u00edvel de pessoas consiga chegar e sair do evento de maneira tranquila, sem complica\u00e7\u00f5es.<\/p>\n<p>Aos que optarem pelo Metr\u00f4, as linhas operar\u00e3o normalmente no dia 24 de dezembro, com um funcionamento reduzido no dia 25, seguindo o padr\u00e3o de domingos. No entanto, no dia 31 de dezembro, em fun\u00e7\u00e3o da grande movimenta\u00e7\u00e3o esperada, as esta\u00e7\u00f5es em torno da Avenida Paulista ter\u00e3o os hor\u00e1rios adaptados. A esta\u00e7\u00e3o <strong>Consola\u00e7\u00e3o<\/strong> ser\u00e1 fechada \u00e0s <strong>10h<\/strong> do dia 31 e s\u00f3 reabrir\u00e1 no dia <strong>1\u00ba de janeiro<\/strong>, \u00e0s <strong>4h40<\/strong>. As esta\u00e7\u00f5es <strong>Para\u00edso<\/strong>, <strong>Brigadeiro<\/strong> e <strong>Trianon-MASP<\/strong> operar\u00e3o durante toda a madrugada para embarque e desembarque, garantindo acessibilidade para todos os que desejam participar do evento.<\/p>\n<p>As linhas do Metr\u00f4 que estar\u00e3o em opera\u00e7\u00e3o durante as festividades \u2013 <strong>1-Azul<\/strong>, <strong>2-Verde<\/strong>, <strong>3-Vermelha<\/strong> e <strong>15-Prata<\/strong> \u2013 funcionar\u00e3o at\u00e9 \u00e0s <strong>2h<\/strong> do dia 1\u00ba de janeiro, oferecendo apoio ao fluxo de pessoas. \u00c9 importante ressaltar que ap\u00f3s esse hor\u00e1rio, essas linhas estar\u00e3o abertas apenas para desembarque, o que facilita a retirada segura dos visitantes e evita a superlota\u00e7\u00e3o.<\/p>\n<h2>Queima de Fogos Silenciosa<\/h2>\n<p>Um dos destaques do R\u00e9veillon em S\u00e3o Paulo \u00e9 a queima de fogos silenciosa que ocorrer\u00e1 \u00e0 meia-noite. Essa iniciativa \u00e9 uma forma de promover uma celebra\u00e7\u00e3o inclusiva, respeitando aquelas pessoas que t\u00eam sensibilidade a ru\u00eddos, al\u00e9m de considerar o bem-estar dos pets que podem ficar estressados com o barulho. A queima de fogos ter\u00e1 a dura\u00e7\u00e3o de <strong>15 minutos<\/strong>, proporcionando um momento m\u00e1gico e contemplativo para todos os presentes.<\/p>\n<p>Os fogos silenciosos s\u00e3o projetados para serem visualmente atraentes, compensando a aus\u00eancia do estalo caracter\u00edstico dos fogos convencionais. Essa alternativa garante que a experi\u00eancia visual n\u00e3o menoscabe o ambiente festivo e vibrante que todos esperam ao celebrar a virada do ano. Celebrar de maneira a envolver um p\u00fablico mais amplo demonstra uma a\u00e7\u00e3o consciente e respons\u00e1vel dos organizadores do evento.<\/p>\n<p>Com a queima de fogos sendo um dos momentos mais esperados da festa, \u00e9 essencial que as pessoas presentes estejam atentas \u00e0s medidas de seguran\u00e7a e respeitem as especifica\u00e7\u00f5es indicadas. Todos devem encontrar um local adequado para apreciar o espet\u00e1culo e, se poss\u00edvel, compartilhar o momento em harmonia, sempre levando em conta a seguran\u00e7a de todos ao redor.<\/p>\n<h2>Medidas de Sa\u00fade e Seguran\u00e7a<\/h2>\n<p>A sa\u00fade e a seguran\u00e7a dos participantes s\u00e3o uma prioridade absoluta durante o R\u00e9veillon na Avenida Paulista. Al\u00e9m das medidas de seguran\u00e7a f\u00edsica, a Prefeitura implementou v\u00e1rias iniciativas para garantir que o evento ocorra de forma saud\u00e1vel e segura. A presen\u00e7a de postos de sa\u00fade ao longo da Avenida Paulista, com equipes de profissionais treinados, estar\u00e1 dispon\u00edvel para atender qualquer emerg\u00eancia m\u00e9dica que possa surgir.<\/p>\n<p>Sete postos de atendimento m\u00e9dico estar\u00e3o localizados em pontos estrat\u00e9gicos, oferecendo servi\u00e7os b\u00e1sicos de sa\u00fade e suporte para pequenas emerg\u00eancias. M\u00e9dicos e enfermeiros estar\u00e3o preparados para atender desde rez\u00f5es menores at\u00e9 situa\u00e7\u00f5es que demandam cuidados mais complexos. O contingente de ambul\u00e2ncias e UTIs m\u00f3veis ser\u00e1 um apoio fundamental para garantir que o atendimento adequado esteja ao alcance de todos.<\/p>\n<p>Em resposta \u00e0 atual situa\u00e7\u00e3o de sa\u00fade p\u00fablica, recomenda-se que os participantes levem m\u00e1scaras e utilizem \u00e1lcool em gel durante o evento. A conscientiza\u00e7\u00e3o sobre a import\u00e2ncia da higiene continua sendo crucial, especialmente em grandes aglomera\u00e7\u00f5es. O p\u00fablico deve ser informado, atrav\u00e9s de pain\u00e9is e orienta\u00e7\u00f5es, sobre a import\u00e2ncia de respeitar as normas de sa\u00fade, para que todos possam desfrutar do evento com tranquilidade.<\/p>\n<h2>Interdi\u00e7\u00f5es e Como Acessar o Evento<\/h2>\n<p>As interdi\u00e7\u00f5es s\u00e3o uma parte importante da organiza\u00e7\u00e3o do evento, garantindo que a Avenida Paulista esteja preparada para receber o grande p\u00fablico esperado. As interdi\u00e7\u00f5es come\u00e7ar\u00e3o \u00e0 <strong>0h do dia 31 de dezembro<\/strong> e v\u00e3o se estender at\u00e9 a primeira hora do <strong>dia 2 de janeiro<\/strong>, transformando a Avenida Paulista em um espa\u00e7o exclusivo para a celebra\u00e7\u00e3o do R\u00e9veillon. A Alameda Santos e a Alameda S\u00e3o Carlos do Pinhal tamb\u00e9m ser\u00e3o interditadas, garantindo a seguran\u00e7a e o controle do fluxo de pessoas.<\/p>\n<p>O acesso ao evento ser\u00e1 monitorado, com diversas entradas que permitir\u00e3o ao p\u00fablico acessar a festa de maneira tranquila e organizada. Os agentes de seguran\u00e7a estar\u00e3o postos nas entradas, prontos para orientar e garantir que os participantes estejam informados sobre as regras e diretrizes do evento. Visando evitar superlota\u00e7\u00e3o, ser\u00e3o permitidos apenas os acessos estipulados pelas autoridades, uma estrat\u00e9gia que promete ajudar a manter a seguran\u00e7a e permitir que todos desfrutem da festa.<\/p>\n<p>\u00c9 recomend\u00e1vel que os participantes planejem seu deslocamento com anteced\u00eancia, considerando as interdi\u00e7\u00f5es e a disposi\u00e7\u00e3o das linhas de transporte p\u00fablico. Ter conhecimento das melhores rotas de acesso ajudar\u00e1 na organiza\u00e7\u00e3o da comemora\u00e7\u00e3o de forma mais tranquila e eficaz.<\/p>\n<h2>Expectativas para o R\u00e9veillon de 2025<\/h2>\n<p>O R\u00e9veillon de 2025 em S\u00e3o Paulo j\u00e1 \u00e9 motivo de empolga\u00e7\u00e3o e expectativa entre a popula\u00e7\u00e3o. A Avenida Paulista tem se mostrado um excelente local para celebrar a virada do ano, ancorado em sua capacidade de unir pessoas de todos os cantos da cidade. As edi\u00e7\u00f5es anteriores mostraram como essa festa \u00e9 eficiente em promover uni\u00e3o, alegria e sociabilidade, valores que ressoam profundamente com a cultura paulistana.<\/p>\n<p>Com a programa\u00e7\u00e3o musical diversificada, a seguran\u00e7a robusta e as medidas de sa\u00fade bem implementadas, espera-se que o evento atraia um p\u00fablico ainda maior do que nos anos anteriores. O sentimento de renova\u00e7\u00e3o e esperan\u00e7a que acompanha a virada do ano \u00e9 ampliado pela grandeza do evento, que promete encantar tanto os locais quanto os visitantes. Assim, o R\u00e9veillon de 2025 n\u00e3o \u00e9 apenas uma comemora\u00e7\u00e3o da mudan\u00e7a do calend\u00e1rio, mas uma celebra\u00e7\u00e3o da vida, da cultura e dos la\u00e7os que unem as pessoas.<\/p>\n<p>Na expectativa de que novos artistas se juntem \u00e0 programa\u00e7\u00e3o e mais experi\u00eancias sejam oferecidas ao p\u00fablico, a festa promete evoluir. Em um mundo onde as festividades est\u00e3o cada vez mais em constante transforma\u00e7\u00e3o, o R\u00e9veillon de S\u00e3o Paulo se destaca como um exemplo de inclus\u00e3o, criatividade e diversidade cultural, princ\u00edpios que s\u00e3o cada vez mais necess\u00e1rios em nossas celebra\u00e7\u00f5es cotidianas. Todos os olhares estar\u00e3o voltados para a Avenida Paulista, onde um novo cap\u00edtulo de celebra\u00e7\u00e3o e alegria ser\u00e1 escrito com a chegada do novo ano.<\/p>\n","protected":false},"excerpt":{"rendered":"<p>R\u00e9veillon em S\u00e3o Paulo: detalhes da festa na Paulista, incluindo hor\u00e1rios e atra\u00e7\u00f5es.<\/p>\n","protected":false},"author":1,"featured_media":5721,"comment_status":"open","ping_status":"","sticky":false,"template":"","format":"standard","meta":{"footnotes":""},"categories":[5],"tags":[],"class_list":["post-5722","post","type-post","status-publish","format-standard","has-post-thumbnail","hentry","category-noticias","has_thumb"],"yoast_head":"<!-- This site is optimized with the Yoast SEO plugin v26.4 - https:\/\/yoast.com\/wordpress\/plugins\/seo\/ -->\n<title>Como ser\u00e1 o R\u00e9veillon em S\u00e3o Paulo; veja hor\u00e1rio de abertura na Paulista - Encontra Avenida Paulista<\/title>\n<meta name=\"robots\" content=\"index, follow, max-snippet:-1, max-image-preview:large, max-video-preview:-1\" \/>\n<link rel=\"canonical\" href=\"https:\/\/www.encontrabelavista.com.br\/avenida-paulista\/como-sera-o-reveillon-em-sao-paulo-veja-horario-de-abertura-na-paulista\/\" \/>\n<meta property=\"og:locale\" content=\"pt_BR\" \/>\n<meta property=\"og:type\" content=\"article\" \/>\n<meta property=\"og:title\" content=\"Como ser\u00e1 o R\u00e9veillon em S\u00e3o Paulo; veja hor\u00e1rio de abertura na Paulista - Encontra Avenida Paulista\" \/>\n<meta property=\"og:description\" content=\"R\u00e9veillon em S\u00e3o Paulo: detalhes da festa na Paulista, incluindo hor\u00e1rios e atra\u00e7\u00f5es.\" \/>\n<meta property=\"og:url\" content=\"https:\/\/www.encontrabelavista.com.br\/avenida-paulista\/como-sera-o-reveillon-em-sao-paulo-veja-horario-de-abertura-na-paulista\/\" \/>\n<meta property=\"og:site_name\" content=\"Encontra Avenida Paulista\" \/>\n<meta property=\"article:published_time\" content=\"2026-01-02T14:49:08+00:00\" \/>\n<meta property=\"og:image\" content=\"https:\/\/www.encontrabelavista.com.br\/avenida-paulista\/wp-content\/uploads\/2026\/01\/como-sera-o-reveillon-em-sao-paulo-veja-horario-de-abertura-na-paulista.webp\" \/>\n<meta name=\"author\" content=\"Encontra Avenida Paulista\" \/>\n<meta name=\"twitter:card\" content=\"summary_large_image\" \/>\n<meta name=\"twitter:label1\" content=\"Escrito por\" \/>\n\t<meta name=\"twitter:data1\" content=\"Encontra Avenida Paulista\" \/>\n\t<meta name=\"twitter:label2\" content=\"Est. tempo de leitura\" \/>\n\t<meta name=\"twitter:data2\" content=\"12 minutos\" \/>\n<script type=\"application\/ld+json\" class=\"yoast-schema-graph\">{\"@context\":\"https:\/\/schema.org\",\"@graph\":[{\"@type\":\"WebPage\",\"@id\":\"https:\/\/www.encontrabelavista.com.br\/avenida-paulista\/como-sera-o-reveillon-em-sao-paulo-veja-horario-de-abertura-na-paulista\/\",\"url\":\"https:\/\/www.encontrabelavista.com.br\/avenida-paulista\/como-sera-o-reveillon-em-sao-paulo-veja-horario-de-abertura-na-paulista\/\",\"name\":\"Como ser\u00e1 o R\u00e9veillon em S\u00e3o Paulo; veja hor\u00e1rio de abertura na Paulista - Encontra Avenida Paulista\",\"isPartOf\":{\"@id\":\"https:\/\/www.encontrabelavista.com.br\/avenida-paulista\/#website\"},\"primaryImageOfPage\":{\"@id\":\"https:\/\/www.encontrabelavista.com.br\/avenida-paulista\/como-sera-o-reveillon-em-sao-paulo-veja-horario-de-abertura-na-paulista\/#primaryimage\"},\"image\":{\"@id\":\"https:\/\/www.encontrabelavista.com.br\/avenida-paulista\/como-sera-o-reveillon-em-sao-paulo-veja-horario-de-abertura-na-paulista\/#primaryimage\"},\"thumbnailUrl\":\"https:\/\/www.encontrabelavista.com.br\/avenida-paulista\/wp-content\/uploads\/2026\/01\/como-sera-o-reveillon-em-sao-paulo-veja-horario-de-abertura-na-paulista.webp\",\"datePublished\":\"2026-01-02T14:49:08+00:00\",\"author\":{\"@id\":\"https:\/\/www.encontrabelavista.com.br\/avenida-paulista\/#\/schema\/person\/63c71a69a5879155285aa7cf79ec3e40\"},\"breadcrumb\":{\"@id\":\"https:\/\/www.encontrabelavista.com.br\/avenida-paulista\/como-sera-o-reveillon-em-sao-paulo-veja-horario-de-abertura-na-paulista\/#breadcrumb\"},\"inLanguage\":\"pt-BR\",\"potentialAction\":[{\"@type\":\"ReadAction\",\"target\":[\"https:\/\/www.encontrabelavista.com.br\/avenida-paulista\/como-sera-o-reveillon-em-sao-paulo-veja-horario-de-abertura-na-paulista\/\"]}]},{\"@type\":\"ImageObject\",\"inLanguage\":\"pt-BR\",\"@id\":\"https:\/\/www.encontrabelavista.com.br\/avenida-paulista\/como-sera-o-reveillon-em-sao-paulo-veja-horario-de-abertura-na-paulista\/#primaryimage\",\"url\":\"https:\/\/www.encontrabelavista.com.br\/avenida-paulista\/wp-content\/uploads\/2026\/01\/como-sera-o-reveillon-em-sao-paulo-veja-horario-de-abertura-na-paulista.webp\",\"contentUrl\":\"https:\/\/www.encontrabelavista.com.br\/avenida-paulista\/wp-content\/uploads\/2026\/01\/como-sera-o-reveillon-em-sao-paulo-veja-horario-de-abertura-na-paulista.webp\",\"width\":280,\"height\":280,\"caption\":\"R\u00e9veillon em S\u00e3o Paulo\"},{\"@type\":\"BreadcrumbList\",\"@id\":\"https:\/\/www.encontrabelavista.com.br\/avenida-paulista\/como-sera-o-reveillon-em-sao-paulo-veja-horario-de-abertura-na-paulista\/#breadcrumb\",\"itemListElement\":[{\"@type\":\"ListItem\",\"position\":1,\"name\":\"In\u00edcio\",\"item\":\"https:\/\/www.encontrabelavista.com.br\/avenida-paulista\/\"},{\"@type\":\"ListItem\",\"position\":2,\"name\":\"Como ser\u00e1 o R\u00e9veillon em S\u00e3o Paulo; veja hor\u00e1rio de abertura na Paulista\"}]},{\"@type\":\"WebSite\",\"@id\":\"https:\/\/www.encontrabelavista.com.br\/avenida-paulista\/#website\",\"url\":\"https:\/\/www.encontrabelavista.com.br\/avenida-paulista\/\",\"name\":\"Encontra Avenida Paulista\",\"description\":\"ENCONTRA AVENIDA PAULISTA - O guia comercial de neg\u00f3cios e empresas, cultura e divers\u00e3o na Avenida Paulista. Feito 100% para voc\u00ea morador!\",\"potentialAction\":[{\"@type\":\"SearchAction\",\"target\":{\"@type\":\"EntryPoint\",\"urlTemplate\":\"https:\/\/www.encontrabelavista.com.br\/avenida-paulista\/?s={search_term_string}\"},\"query-input\":{\"@type\":\"PropertyValueSpecification\",\"valueRequired\":true,\"valueName\":\"search_term_string\"}}],\"inLanguage\":\"pt-BR\"},{\"@type\":\"Person\",\"@id\":\"https:\/\/www.encontrabelavista.com.br\/avenida-paulista\/#\/schema\/person\/63c71a69a5879155285aa7cf79ec3e40\",\"name\":\"Encontra Avenida Paulista\",\"image\":{\"@type\":\"ImageObject\",\"inLanguage\":\"pt-BR\",\"@id\":\"https:\/\/www.encontrabelavista.com.br\/avenida-paulista\/#\/schema\/person\/image\/\",\"url\":\"https:\/\/secure.gravatar.com\/avatar\/c50c17820bcf322f0a8fd6b110b8c0918141409dc69076470f6fca5fee70a5d4?s=96&d=mm&r=g\",\"contentUrl\":\"https:\/\/secure.gravatar.com\/avatar\/c50c17820bcf322f0a8fd6b110b8c0918141409dc69076470f6fca5fee70a5d4?s=96&d=mm&r=g\",\"caption\":\"Encontra Avenida Paulista\"},\"url\":\"https:\/\/www.encontrabelavista.com.br\/avenida-paulista\/author\/encontraavenidapaulista\/\"}]}<\/script>\n<!-- \/ Yoast SEO plugin. -->","yoast_head_json":{"title":"Como ser\u00e1 o R\u00e9veillon em S\u00e3o Paulo; veja hor\u00e1rio de abertura na Paulista - Encontra Avenida Paulista","robots":{"index":"index","follow":"follow","max-snippet":"max-snippet:-1","max-image-preview":"max-image-preview:large","max-video-preview":"max-video-preview:-1"},"canonical":"https:\/\/www.encontrabelavista.com.br\/avenida-paulista\/como-sera-o-reveillon-em-sao-paulo-veja-horario-de-abertura-na-paulista\/","og_locale":"pt_BR","og_type":"article","og_title":"Como ser\u00e1 o R\u00e9veillon em S\u00e3o Paulo; veja hor\u00e1rio de abertura na Paulista - Encontra Avenida Paulista","og_description":"R\u00e9veillon em S\u00e3o Paulo: detalhes da festa na Paulista, incluindo hor\u00e1rios e atra\u00e7\u00f5es.","og_url":"https:\/\/www.encontrabelavista.com.br\/avenida-paulista\/como-sera-o-reveillon-em-sao-paulo-veja-horario-de-abertura-na-paulista\/","og_site_name":"Encontra Avenida Paulista","article_published_time":"2026-01-02T14:49:08+00:00","og_image":[{"url":"https:\/\/www.encontrabelavista.com.br\/avenida-paulista\/wp-content\/uploads\/2026\/01\/como-sera-o-reveillon-em-sao-paulo-veja-horario-de-abertura-na-paulista.webp","type":"","width":"","height":""}],"author":"Encontra Avenida Paulista","twitter_card":"summary_large_image","twitter_misc":{"Escrito por":"Encontra Avenida Paulista","Est. tempo de leitura":"12 minutos"},"schema":{"@context":"https:\/\/schema.org","@graph":[{"@type":"WebPage","@id":"https:\/\/www.encontrabelavista.com.br\/avenida-paulista\/como-sera-o-reveillon-em-sao-paulo-veja-horario-de-abertura-na-paulista\/","url":"https:\/\/www.encontrabelavista.com.br\/avenida-paulista\/como-sera-o-reveillon-em-sao-paulo-veja-horario-de-abertura-na-paulista\/","name":"Como ser\u00e1 o R\u00e9veillon em S\u00e3o Paulo; veja hor\u00e1rio de abertura na Paulista - Encontra Avenida Paulista","isPartOf":{"@id":"https:\/\/www.encontrabelavista.com.br\/avenida-paulista\/#website"},"primaryImageOfPage":{"@id":"https:\/\/www.encontrabelavista.com.br\/avenida-paulista\/como-sera-o-reveillon-em-sao-paulo-veja-horario-de-abertura-na-paulista\/#primaryimage"},"image":{"@id":"https:\/\/www.encontrabelavista.com.br\/avenida-paulista\/como-sera-o-reveillon-em-sao-paulo-veja-horario-de-abertura-na-paulista\/#primaryimage"},"thumbnailUrl":"https:\/\/www.encontrabelavista.com.br\/avenida-paulista\/wp-content\/uploads\/2026\/01\/como-sera-o-reveillon-em-sao-paulo-veja-horario-de-abertura-na-paulista.webp","datePublished":"2026-01-02T14:49:08+00:00","author":{"@id":"https:\/\/www.encontrabelavista.com.br\/avenida-paulista\/#\/schema\/person\/63c71a69a5879155285aa7cf79ec3e40"},"breadcrumb":{"@id":"https:\/\/www.encontrabelavista.com.br\/avenida-paulista\/como-sera-o-reveillon-em-sao-paulo-veja-horario-de-abertura-na-paulista\/#breadcrumb"},"inLanguage":"pt-BR","potentialAction":[{"@type":"ReadAction","target":["https:\/\/www.encontrabelavista.com.br\/avenida-paulista\/como-sera-o-reveillon-em-sao-paulo-veja-horario-de-abertura-na-paulista\/"]}]},{"@type":"ImageObject","inLanguage":"pt-BR","@id":"https:\/\/www.encontrabelavista.com.br\/avenida-paulista\/como-sera-o-reveillon-em-sao-paulo-veja-horario-de-abertura-na-paulista\/#primaryimage","url":"https:\/\/www.encontrabelavista.com.br\/avenida-paulista\/wp-content\/uploads\/2026\/01\/como-sera-o-reveillon-em-sao-paulo-veja-horario-de-abertura-na-paulista.webp","contentUrl":"https:\/\/www.encontrabelavista.com.br\/avenida-paulista\/wp-content\/uploads\/2026\/01\/como-sera-o-reveillon-em-sao-paulo-veja-horario-de-abertura-na-paulista.webp","width":280,"height":280,"caption":"R\u00e9veillon em S\u00e3o Paulo"},{"@type":"BreadcrumbList","@id":"https:\/\/www.encontrabelavista.com.br\/avenida-paulista\/como-sera-o-reveillon-em-sao-paulo-veja-horario-de-abertura-na-paulista\/#breadcrumb","itemListElement":[{"@type":"ListItem","position":1,"name":"In\u00edcio","item":"https:\/\/www.encontrabelavista.com.br\/avenida-paulista\/"},{"@type":"ListItem","position":2,"name":"Como ser\u00e1 o R\u00e9veillon em S\u00e3o Paulo; veja hor\u00e1rio de abertura na Paulista"}]},{"@type":"WebSite","@id":"https:\/\/www.encontrabelavista.com.br\/avenida-paulista\/#website","url":"https:\/\/www.encontrabelavista.com.br\/avenida-paulista\/","name":"Encontra Avenida Paulista","description":"ENCONTRA AVENIDA PAULISTA - O guia comercial de neg\u00f3cios e empresas, cultura e divers\u00e3o na Avenida Paulista. Feito 100% para voc\u00ea morador!","potentialAction":[{"@type":"SearchAction","target":{"@type":"EntryPoint","urlTemplate":"https:\/\/www.encontrabelavista.com.br\/avenida-paulista\/?s={search_term_string}"},"query-input":{"@type":"PropertyValueSpecification","valueRequired":true,"valueName":"search_term_string"}}],"inLanguage":"pt-BR"},{"@type":"Person","@id":"https:\/\/www.encontrabelavista.com.br\/avenida-paulista\/#\/schema\/person\/63c71a69a5879155285aa7cf79ec3e40","name":"Encontra Avenida Paulista","image":{"@type":"ImageObject","inLanguage":"pt-BR","@id":"https:\/\/www.encontrabelavista.com.br\/avenida-paulista\/#\/schema\/person\/image\/","url":"https:\/\/secure.gravatar.com\/avatar\/c50c17820bcf322f0a8fd6b110b8c0918141409dc69076470f6fca5fee70a5d4?s=96&d=mm&r=g","contentUrl":"https:\/\/secure.gravatar.com\/avatar\/c50c17820bcf322f0a8fd6b110b8c0918141409dc69076470f6fca5fee70a5d4?s=96&d=mm&r=g","caption":"Encontra Avenida Paulista"},"url":"https:\/\/www.encontrabelavista.com.br\/avenida-paulista\/author\/encontraavenidapaulista\/"}]}},"_links":{"self":[{"href":"https:\/\/www.encontrabelavista.com.br\/avenida-paulista\/wp-json\/wp\/v2\/posts\/5722","targetHints":{"allow":["GET"]}}],"collection":[{"href":"https:\/\/www.encontrabelavista.com.br\/avenida-paulista\/wp-json\/wp\/v2\/posts"}],"about":[{"href":"https:\/\/www.encontrabelavista.com.br\/avenida-paulista\/wp-json\/wp\/v2\/types\/post"}],"author":[{"embeddable":true,"href":"https:\/\/www.encontrabelavista.com.br\/avenida-paulista\/wp-json\/wp\/v2\/users\/1"}],"replies":[{"embeddable":true,"href":"https:\/\/www.encontrabelavista.com.br\/avenida-paulista\/wp-json\/wp\/v2\/comments?post=5722"}],"version-history":[{"count":0,"href":"https:\/\/www.encontrabelavista.com.br\/avenida-paulista\/wp-json\/wp\/v2\/posts\/5722\/revisions"}],"wp:featuredmedia":[{"embeddable":true,"href":"https:\/\/www.encontrabelavista.com.br\/avenida-paulista\/wp-json\/wp\/v2\/media\/5721"}],"wp:attachment":[{"href":"https:\/\/www.encontrabelavista.com.br\/avenida-paulista\/wp-json\/wp\/v2\/media?parent=5722"}],"wp:term":[{"taxonomy":"category","embeddable":true,"href":"https:\/\/www.encontrabelavista.com.br\/avenida-paulista\/wp-json\/wp\/v2\/categories?post=5722"},{"taxonomy":"post_tag","embeddable":true,"href":"https:\/\/www.encontrabelavista.com.br\/avenida-paulista\/wp-json\/wp\/v2\/tags?post=5722"}],"curies":[{"name":"wp","href":"https:\/\/api.w.org\/{rel}","templated":true}]}}