{"id":5724,"date":"2026-01-02T11:50:29","date_gmt":"2026-01-02T14:50:29","guid":{"rendered":"https:\/\/www.encontrabelavista.com.br\/avenida-paulista\/guia-pratico-do-reveillon-na-paulista-2026-confira-todos-os-detalhes-do-show-da-virada\/"},"modified":"2026-01-02T11:50:29","modified_gmt":"2026-01-02T14:50:29","slug":"guia-pratico-do-reveillon-na-paulista-2026-confira-todos-os-detalhes-do-show-da-virada","status":"publish","type":"post","link":"https:\/\/www.encontrabelavista.com.br\/avenida-paulista\/guia-pratico-do-reveillon-na-paulista-2026-confira-todos-os-detalhes-do-show-da-virada\/","title":{"rendered":"Guia pr\u00e1tico do R\u00e9veillon na Paulista 2026, confira todos os detalhes do show da virada"},"content":{"rendered":"<h2>Programa\u00e7\u00e3o Musical Imperd\u00edvel<\/h2>\n<p>O R\u00e9veillon na Avenida Paulista \u00e9 um dos maiores eventos de celebra\u00e7\u00e3o do Ano Novo em S\u00e3o Paulo e promete ser uma festa inesquec\u00edvel em 2026. Com uma programa\u00e7\u00e3o musical rica e diversificada, o p\u00fablico ter\u00e1 a oportunidade de vivenciar apresenta\u00e7\u00f5es de artistas renomados e da nova gera\u00e7\u00e3o da m\u00fasica brasileira. As atra\u00e7\u00f5es come\u00e7am \u00e0s 13h30 e incluem um lineup de peso que promete agitar a Avenida Paulista.<\/p>\n<p>Entre os artistas confirmados est\u00e3o <strong>Colo de Deus, Frei Gilson e Padre Marcelo Rossi<\/strong>, que abrir\u00e3o a programa\u00e7\u00e3o com uma mensagem de esperan\u00e7a e reflex\u00e3o, seguidos da energia contagiante de <strong>Jo\u00e3o Gomes<\/strong>, conhecido por suas batidas envolventes e letras marcantes. O romantismo e a emo\u00e7\u00e3o ficam por conta de <strong>Belo<\/strong>, que traz suas baladas cl\u00e1ssicas para embalar o p\u00fablico, enquanto a dupla <strong>Maiara e Mara\u00edsa<\/strong> promete aquecer a festa com seu sertanejo vibrante.<\/p>\n<p>Al\u00e9m disso, a jovem <strong>Ana Castela<\/strong> traz sua m\u00fasica aut\u00eantica e cheia de emo\u00e7\u00e3o, e <strong>Simone Mendes<\/strong> far\u00e1 uma apresenta\u00e7\u00e3o especial, que ser\u00e1 interrompida por um espet\u00e1culo de fogos de artif\u00edcio silenciosos, permitindo uma experi\u00eancia \u00fanica de celebra\u00e7\u00e3o. O evento tamb\u00e9m contar\u00e1 com a participa\u00e7\u00e3o de <strong>Latino<\/strong>, que animar\u00e1 a multid\u00e3o com seus hits conhecidos.<\/p>\n<p><img decoding=\"async\" src=\"https:\/\/www.encontrabelavista.com.br\/avenida-paulista\/wp-content\/uploads\/2026\/01\/guia-pratico-do-reveillon-na-paulista-2026-confira-todos-os-detalhes-do-show-da-virada.webp\" alt=\"R\u00e9veillon na Paulista 2026\" loading=\"lazy\" \/><\/p>\n<p>Com uma tabela de hor\u00e1rios bem planejada, os espectadores poder\u00e3o se organizar para n\u00e3o perder nenhum momento dessa festa. \u00c9 importante que ao chegar ao evento, os participantes verifiquem a ordem das apresenta\u00e7\u00f5es, pois a programa\u00e7\u00e3o pode ser atualizada e mudan\u00e7as podem ocorrer. Fiquem atentos \u00e0s informa\u00e7\u00f5es divulgadas pelos organizadores nas redes sociais e na m\u00eddia.<\/p>\n<h2>Orienta\u00e7\u00f5es de Seguran\u00e7a para o Evento<\/h2>\n<p>A seguran\u00e7a do p\u00fablico \u00e9 uma prioridade na realiza\u00e7\u00e3o do R\u00e9veillon da Paulista. A Prefeitura de S\u00e3o Paulo implementou uma s\u00e9rie de orienta\u00e7\u00f5es para garantir que todos possam aproveitar a festa com tranquilidade. \u00c9 fundamental que os participantes sigam essas diretrizes para uma experi\u00eancia segura e agrad\u00e1vel.<\/p>\n<p>Uma das principais recomenda\u00e7\u00f5es \u00e9 evitar bolsas grandes. A organiza\u00e7\u00e3o sugere o uso de pochetes ou doleiras para transportar itens pessoais importantes, como documentos e o bilhete \u00fanico. Al\u00e9m disso, \u00e9 essencial que cada um cuide de seus pertences e esteja atento ao ambiente ao seu redor.<\/p>\n<p>O evento contar\u00e1 com a presen\u00e7a marcante da <strong>Pol\u00edcia Militar<\/strong>, que mobilizar\u00e1 aproximadamente 1.950 policiais treinados, al\u00e9m de agentes da <strong>Guarda Civil Metropolitana<\/strong>. A seguran\u00e7a ser\u00e1 refor\u00e7ada com o uso de drones, torres de observa\u00e7\u00e3o e tecnologia de reconhecimento facial, garantindo uma vigil\u00e2ncia intensa n\u00e3o apenas durante o evento, mas tamb\u00e9m nos dias anteriores, criando um clima de prote\u00e7\u00e3o e tranquilidade.<\/p>\n<p>Os servi\u00e7os de sa\u00fade ser\u00e3o igualmente importantes. Postos de atendimento ser\u00e3o distribu\u00eddos ao longo da Avenida Paulista, com ambul\u00e2ncias e UTIs m\u00f3veis dispon\u00edveis. Em caso de qualquer emerg\u00eancia, os participantes devem se dirigir a esses postos ou acionar o servi\u00e7o de emerg\u00eancia imediatamente.<\/p>\n<h2>Itens Permitidos e Proibidos<\/h2>\n<p>Para garantir a seguran\u00e7a e o conforto de todos durante a celebra\u00e7\u00e3o, a organiza\u00e7\u00e3o do evento elaborou uma lista de itens que podem e n\u00e3o podem ser levados para a Avenida Paulista.<\/p>\n<p><strong>Itens permitidos:<\/strong><\/p>\n<ul>\n<li>Leques para se refrescar;<\/li>\n<li>Bilhete \u00fanico para o transporte p\u00fablico;<\/li>\n<li>Documentos de identifica\u00e7\u00e3o;<\/li>\n<li>Garrafinhas de \u00e1gua;<\/li>\n<li>Copos t\u00e9rmicos;<\/li>\n<li>Alimentos industrializados (lacrados);<\/li>\n<li>Latas abertas para consumo individual;<\/li>\n<li>Rem\u00e9dios de uso pessoal (prefira levar a receita, se necess\u00e1rio);<\/li>\n<li>Capas de chuva;<\/li>\n<li>Itens de higiene pessoal (desodorante, perfumes, etc.);<\/li>\n<li>Mochilas pequenas, bolsas e cadeiras de rodas, que passar\u00e3o por vistoria.<\/li>\n<\/ul>\n<p><strong>Itens proibidos:<\/strong><\/p>\n<ul>\n<li>Objetos cortantes, pontiagudos ou de vidro;<\/li>\n<li>Capacetes;<\/li>\n<li>Guarda-chuvas;<\/li>\n<li>Caixas de som;<\/li>\n<li>Sprays e similares;<\/li>\n<li>Skates, patinetes e afins;<\/li>\n<li>Coolers e caixas de isopor;<\/li>\n<li>Bicicletas e similares;<\/li>\n<li>Fogos de artif\u00edcio, explosivos e inflam\u00e1veis;<\/li>\n<li>Armas de fogo ou armas brancas;<\/li>\n<li>Bast\u00f5es de selfie.<\/li>\n<\/ul>\n<p>Essas proibi\u00e7\u00f5es s\u00e3o fundamentais para evitar acidentes e garantir um ambiente festivo seguro para todos os presentes. Os organizadores estar\u00e3o realizando inspe\u00e7\u00f5es para assegurar que as diretrizes sejam seguidas, e aqueles que n\u00e3o respeitarem as regras poder\u00e3o ser impedidos de entrar.<\/p>\n<h2>Acessos ao Show na Avenida<\/h2>\n<p>Como um dos principais pontos de encontro de p\u00fablico durante o R\u00e9veillon, a Avenida Paulista ter\u00e1 seu acesso estruturado para facilitar a entrada e sa\u00edda do p\u00fablico. A seguran\u00e7a e o fluxo de pessoas s\u00e3o pontos cruciais que a organiza\u00e7\u00e3o considera cuidadosamente.<\/p>\n<p>A Avenida Paulista, a Alameda Santos e a Alameda S\u00e3o Carlos do Pinhal ser\u00e3o completamente fechadas, come\u00e7ando \u00e0 meia-noite do dia 31 e se estendendo at\u00e9 o final das festividades, na madrugada do dia 2 de janeiro. A medida visa garantir um tr\u00e2nsito seguro tanto para os pedestres quanto para as for\u00e7as de seguran\u00e7a que atuar\u00e3o no evento.<\/p>\n<p>Os participantes poder\u00e3o acessar o evento a partir de v\u00e1rias entradas na Avenida Paulista. As unidades hospitalares proximamente localizadas receber\u00e3o tratamento especial, com faixas acess\u00edveis e revers\u00edveis destinadas a ambul\u00e2ncias e servi\u00e7os de emerg\u00eancia. Isso garantir\u00e1 que, caso seja necess\u00e1rio, os servi\u00e7os de sa\u00fade estejam sempre acess\u00edveis.<\/p>\n<h2>Cuidados com a Sa\u00fade e Seguran\u00e7a<\/h2>\n<p>A sa\u00fade e seguran\u00e7a dos presentes \u00e9 uma prioridade, e para isso ser\u00e3o adotadas medidas que visam garantir que, no caso de emerg\u00eancias ou problemas de sa\u00fade, o p\u00fablico tenha assist\u00eancia imediata. Os postos de atendimento ser\u00e3o posicionados em locais estrat\u00e9gicos ao longo da Avenida Paulista, e a intera\u00e7\u00e3o com unidades de pronto atendimento estar\u00e1 em opera\u00e7\u00e3o cont\u00ednua.<\/p>\n<p>A estrutura de sa\u00fade incluiu ainda a presen\u00e7a de ambul\u00e2ncias e UTIs m\u00f3veis ao longo do trajeto, observando as diretrizes e recomenda\u00e7\u00f5es do sistema de sa\u00fade da cidade. Uma Sala de Situa\u00e7\u00e3o estar\u00e1 em funcionamento, monitorando em tempo real as demandas de sa\u00fade e seguran\u00e7a, utilizando a plataforma Smart Sampa, que integra os servi\u00e7os da cidade.<\/p>\n<p>Adicionalmente, a Secretaria Municipal de Direitos Humanos e Cidadania (SMDHC) far\u00e1 um trabalho de acolhimento, especialmente em situa\u00e7\u00f5es que envolvam viol\u00eancia, com destaque para a prote\u00e7\u00e3o \u00e0s mulheres em situa\u00e7\u00e3o de risco. O protocolo &#8220;N\u00e3o Se Cale&#8221; ser\u00e1 ativado, promovendo um suporte efetivo no evento.<\/p>\n<h2>Como Chegar: Transporte P\u00fablico e Acessibilidade<\/h2>\n<p>Para que o p\u00fablico possa chegar de forma pr\u00e1tica e segura, a Prefeitura de S\u00e3o Paulo organizar\u00e1 um esquema especial de transporte p\u00fablico durante o R\u00e9veillon na Paulista. Diversas linhas de \u00f4nibus estar\u00e3o dispon\u00edveis, al\u00e9m do servi\u00e7o do metr\u00f4, que funcionar\u00e1 com hor\u00e1rios estendidos.<\/p>\n<p>Ser\u00e3o disponibilizados cerca de 500 \u00f4nibus em 46 linhas, e a SPTrans ter\u00e1 mais de 70 t\u00e9cnicos acompanhando o sistema em campo. O planejamento do trajeto dos coletivos leva em conta a possibilidade de grandes aglomera\u00e7\u00f5es e \u00e9 cuidadosamente orquestrado para garantir que todos consigam se deslocar de maneira eficiente.<\/p>\n<p>Al\u00e9m disso, a acessibilidade ser\u00e1 um foco importante da organiza\u00e7\u00e3o. Cadeiras de rodas e carrinhos de beb\u00ea poder\u00e3o ser levados, e haver\u00e1 \u00e1reas reservadas para pessoas com defici\u00eancia ao longo do percurso. Os organizadores desejam garantir que a festa seja acess\u00edvel para todos, sem exce\u00e7\u00e3o.<\/p>\n<h2>Estrutura de Apoio e Atendimento<\/h2>\n<p>A estrutura de apoio e atendimento aos participantes ser\u00e1 ampla e abrangente. A Prefeitura de S\u00e3o Paulo est\u00e1 comprometida em criar um ambiente seguro, limpo e acolhedor para todos os presentes. A opera\u00e7\u00e3o integrada envolver\u00e1 equipes de seguran\u00e7a, sa\u00fade, limpeza urbana e mobilidade para garantir que o evento transcorra de forma harmoniosa.<\/p>\n<p>Com a presen\u00e7a de 1.950 policiais militares e mais de 1.100 agentes da Guarda Civil Metropolitana, o esquema de seguran\u00e7a ser\u00e1 robusto. O uso de tecnologia, como c\u00e2meras de seguran\u00e7a e drones, ampliar\u00e1 o monitoramento de toda a \u00e1rea, permitindo uma resposta r\u00e1pida a qualquer situa\u00e7\u00e3o adversa.<\/p>\n<p>A equipe de sa\u00fade contar\u00e1 com 7 postos de atendimento ao longo da Avenida, todos equipados para atender \u00e0s diferentes necessidades do p\u00fablico. Ambul\u00e2ncias estar\u00e3o posicionadas e prontas para responder a qualquer emerg\u00eancia, e o sistema Smart Sampa ser\u00e1 fundamental para o gerenciamento das opera\u00e7\u00f5es e monitoramento de quaisquer demandas.<\/p>\n<h2>Dicas para Aproveitar a Festa<\/h2>\n<p>Para garantir que a experi\u00eancia de R\u00e9veillon na Paulista seja inesquec\u00edvel, alguns cuidados e dicas podem ser seguidos pelos participantes. Prepara\u00e7\u00e3o e planejamento s\u00e3o fundamentais para que tudo ocorra bem. Aqui est\u00e3o algumas dicas pr\u00e1ticas:<\/p>\n<ul>\n<li>Chegue cedo para garantir um bom lugar, especialmente se voc\u00ea deseja assistir a uma apresenta\u00e7\u00e3o espec\u00edfica;<\/li>\n<li>Combine pontos de encontro com amigos e familiares para facilitar o encontro em caso de separa\u00e7\u00e3o;<\/li>\n<li>Porte apenas o essencial, evitando levar muitos pertences;<\/li>\n<li>Utilize roupas e sapatos confort\u00e1veis, visando uma mobilidade \u00e1gil ao longo do evento;<\/li>\n<li>Fique hidratado e coma algo antes de sair de casa para garantir energia para o dia;<\/li>\n<li>Esteja atento \u00e0s informa\u00e7\u00f5es nas redes sociais sobre a programa\u00e7\u00e3o e poss\u00edveis atualiza\u00e7\u00f5es;<\/li>\n<li>Evite \u00e1reas muito cheias se voc\u00ea n\u00e3o se sentir confort\u00e1vel em aglomera\u00e7\u00f5es.<\/li>\n<\/ul>\n<p>Seguindo essas orienta\u00e7\u00f5es, os participantes podem maximizar sua experi\u00eancia e celebrar a chegada do Novo Ano de forma alegre e segura.<\/p>\n<h2>O que Esperar da Queima de Fogos<\/h2>\n<p>A queima de fogos \u00e9 um dos momentos altos e mais esperados do R\u00e9veillon na Paulista. Para 2026, foi programada uma queima de fogos silenciosos, uma inova\u00e7\u00e3o que promete encantar o p\u00fablico. Essa abordagem busca preservar a seguran\u00e7a e o bem-estar dos animais e das pessoas, oferecendo uma nova perspectiva dessa tradicional celebra\u00e7\u00e3o.<\/p>\n<p>Durante o espet\u00e1culo, os participantes poder\u00e3o apreciar uma exibi\u00e7\u00e3o visual de tirar o f\u00f4lego, com fogos de artif\u00edcio que colorir\u00e3o o c\u00e9u da Avenida Paulista. \u00c9 uma oportunidade \u00fanica de se emocionar e compartilhar momentos especiais com amigos e familiares.<\/p>\n<p>A queima dos fogos ser\u00e1 documentada e transmitida em tempo real, permitindo que aqueles que n\u00e3o puderem comparecer possam desfrutar do espet\u00e1culo em casa. Aqueles que presenciar\u00e3o o evento ao vivo s\u00e3o aconselhados a encontrar um bom ponto de observa\u00e7\u00e3o para aproveitar ao m\u00e1ximo as luzes e as cores. Fa\u00e7a planos com anteced\u00eancia e n\u00e3o perca essa experi\u00eancia m\u00e1gica que marca a transi\u00e7\u00e3o para o Ano Novo.<\/p>\n<h2>Redes Sociais para Acompanhar a Programa\u00e7\u00e3o<\/h2>\n<p>Para manter-se informado sobre todas as novidades, dicas e atualiza\u00e7\u00f5es relacionadas ao R\u00e9veillon na Paulista, \u00e9 importante acompanhar as redes sociais da Prefeitura e da Secretaria Municipal de Cultura e Economia Criativa. Essas plataformas s\u00e3o fundamentais para obter informa\u00e7\u00f5es atualizadas sobre a programa\u00e7\u00e3o, hor\u00e1rios de shows, acessibilidade e orienta\u00e7\u00f5es gerais.<\/p>\n<p>As redes sociais tamb\u00e9m permitem que o p\u00fablico interaja, compartilhando suas experi\u00eancias e expectativas para a festa. Utilize hashtags espec\u00edficas para conectar-se com outros participantes e vivenciar a festa como um evento coletivo. Al\u00e9m disso, as redes podem disponibilizar conte\u00fados em tempo real, como v\u00eddeos, fotos e mais.<\/p>\n<p>Portanto, n\u00e3o se esque\u00e7a de seguir a <a href=\"https:\/\/www.instagram.com\/smculturasp\/\">Secretaria Municipal de Cultura e Economia Criativa<\/a> no Instagram e outras plataformas, como Facebook e Twitter. Com isso, voc\u00ea ficar\u00e1 por dentro de tudo o que est\u00e1 planejado e poder\u00e1 aproveitar ao m\u00e1ximo essa celebra\u00e7\u00e3o t\u00e3o esperada.<\/p>\n","protected":false},"excerpt":{"rendered":"<p>R\u00e9veillon na Paulista 2026: tudo que voc\u00ea precisa saber para a festa!<\/p>\n","protected":false},"author":1,"featured_media":5723,"comment_status":"open","ping_status":"","sticky":false,"template":"","format":"standard","meta":{"footnotes":""},"categories":[5],"tags":[],"class_list":["post-5724","post","type-post","status-publish","format-standard","has-post-thumbnail","hentry","category-noticias","has_thumb"],"yoast_head":"<!-- This site is optimized with the Yoast SEO plugin v26.4 - https:\/\/yoast.com\/wordpress\/plugins\/seo\/ -->\n<title>Guia pr\u00e1tico do R\u00e9veillon na Paulista 2026, confira todos os detalhes do show da virada - Encontra Avenida Paulista<\/title>\n<meta name=\"robots\" content=\"index, follow, max-snippet:-1, max-image-preview:large, max-video-preview:-1\" \/>\n<link rel=\"canonical\" href=\"https:\/\/www.encontrabelavista.com.br\/avenida-paulista\/guia-pratico-do-reveillon-na-paulista-2026-confira-todos-os-detalhes-do-show-da-virada\/\" \/>\n<meta property=\"og:locale\" content=\"pt_BR\" \/>\n<meta property=\"og:type\" content=\"article\" \/>\n<meta property=\"og:title\" content=\"Guia pr\u00e1tico do R\u00e9veillon na Paulista 2026, confira todos os detalhes do show da virada - Encontra Avenida Paulista\" \/>\n<meta property=\"og:description\" content=\"R\u00e9veillon na Paulista 2026: tudo que voc\u00ea precisa saber para a festa!\" \/>\n<meta property=\"og:url\" content=\"https:\/\/www.encontrabelavista.com.br\/avenida-paulista\/guia-pratico-do-reveillon-na-paulista-2026-confira-todos-os-detalhes-do-show-da-virada\/\" \/>\n<meta property=\"og:site_name\" content=\"Encontra Avenida Paulista\" \/>\n<meta property=\"article:published_time\" content=\"2026-01-02T14:50:29+00:00\" \/>\n<meta property=\"og:image\" content=\"https:\/\/www.encontrabelavista.com.br\/avenida-paulista\/wp-content\/uploads\/2026\/01\/guia-pratico-do-reveillon-na-paulista-2026-confira-todos-os-detalhes-do-show-da-virada.webp\" \/>\n<meta name=\"author\" content=\"Encontra Avenida Paulista\" \/>\n<meta name=\"twitter:card\" content=\"summary_large_image\" \/>\n<meta name=\"twitter:label1\" content=\"Escrito por\" \/>\n\t<meta name=\"twitter:data1\" content=\"Encontra Avenida Paulista\" \/>\n\t<meta name=\"twitter:label2\" content=\"Est. tempo de leitura\" \/>\n\t<meta name=\"twitter:data2\" content=\"10 minutos\" \/>\n<script type=\"application\/ld+json\" class=\"yoast-schema-graph\">{\"@context\":\"https:\/\/schema.org\",\"@graph\":[{\"@type\":\"WebPage\",\"@id\":\"https:\/\/www.encontrabelavista.com.br\/avenida-paulista\/guia-pratico-do-reveillon-na-paulista-2026-confira-todos-os-detalhes-do-show-da-virada\/\",\"url\":\"https:\/\/www.encontrabelavista.com.br\/avenida-paulista\/guia-pratico-do-reveillon-na-paulista-2026-confira-todos-os-detalhes-do-show-da-virada\/\",\"name\":\"Guia pr\u00e1tico do R\u00e9veillon na Paulista 2026, confira todos os detalhes do show da virada - Encontra Avenida Paulista\",\"isPartOf\":{\"@id\":\"https:\/\/www.encontrabelavista.com.br\/avenida-paulista\/#website\"},\"primaryImageOfPage\":{\"@id\":\"https:\/\/www.encontrabelavista.com.br\/avenida-paulista\/guia-pratico-do-reveillon-na-paulista-2026-confira-todos-os-detalhes-do-show-da-virada\/#primaryimage\"},\"image\":{\"@id\":\"https:\/\/www.encontrabelavista.com.br\/avenida-paulista\/guia-pratico-do-reveillon-na-paulista-2026-confira-todos-os-detalhes-do-show-da-virada\/#primaryimage\"},\"thumbnailUrl\":\"https:\/\/www.encontrabelavista.com.br\/avenida-paulista\/wp-content\/uploads\/2026\/01\/guia-pratico-do-reveillon-na-paulista-2026-confira-todos-os-detalhes-do-show-da-virada.webp\",\"datePublished\":\"2026-01-02T14:50:29+00:00\",\"author\":{\"@id\":\"https:\/\/www.encontrabelavista.com.br\/avenida-paulista\/#\/schema\/person\/63c71a69a5879155285aa7cf79ec3e40\"},\"breadcrumb\":{\"@id\":\"https:\/\/www.encontrabelavista.com.br\/avenida-paulista\/guia-pratico-do-reveillon-na-paulista-2026-confira-todos-os-detalhes-do-show-da-virada\/#breadcrumb\"},\"inLanguage\":\"pt-BR\",\"potentialAction\":[{\"@type\":\"ReadAction\",\"target\":[\"https:\/\/www.encontrabelavista.com.br\/avenida-paulista\/guia-pratico-do-reveillon-na-paulista-2026-confira-todos-os-detalhes-do-show-da-virada\/\"]}]},{\"@type\":\"ImageObject\",\"inLanguage\":\"pt-BR\",\"@id\":\"https:\/\/www.encontrabelavista.com.br\/avenida-paulista\/guia-pratico-do-reveillon-na-paulista-2026-confira-todos-os-detalhes-do-show-da-virada\/#primaryimage\",\"url\":\"https:\/\/www.encontrabelavista.com.br\/avenida-paulista\/wp-content\/uploads\/2026\/01\/guia-pratico-do-reveillon-na-paulista-2026-confira-todos-os-detalhes-do-show-da-virada.webp\",\"contentUrl\":\"https:\/\/www.encontrabelavista.com.br\/avenida-paulista\/wp-content\/uploads\/2026\/01\/guia-pratico-do-reveillon-na-paulista-2026-confira-todos-os-detalhes-do-show-da-virada.webp\",\"width\":280,\"height\":280,\"caption\":\"R\u00e9veillon na Paulista 2026\"},{\"@type\":\"BreadcrumbList\",\"@id\":\"https:\/\/www.encontrabelavista.com.br\/avenida-paulista\/guia-pratico-do-reveillon-na-paulista-2026-confira-todos-os-detalhes-do-show-da-virada\/#breadcrumb\",\"itemListElement\":[{\"@type\":\"ListItem\",\"position\":1,\"name\":\"In\u00edcio\",\"item\":\"https:\/\/www.encontrabelavista.com.br\/avenida-paulista\/\"},{\"@type\":\"ListItem\",\"position\":2,\"name\":\"Guia pr\u00e1tico do R\u00e9veillon na Paulista 2026, confira todos os detalhes do show da virada\"}]},{\"@type\":\"WebSite\",\"@id\":\"https:\/\/www.encontrabelavista.com.br\/avenida-paulista\/#website\",\"url\":\"https:\/\/www.encontrabelavista.com.br\/avenida-paulista\/\",\"name\":\"Encontra Avenida Paulista\",\"description\":\"ENCONTRA AVENIDA PAULISTA - O guia comercial de neg\u00f3cios e empresas, cultura e divers\u00e3o na Avenida Paulista. Feito 100% para voc\u00ea morador!\",\"potentialAction\":[{\"@type\":\"SearchAction\",\"target\":{\"@type\":\"EntryPoint\",\"urlTemplate\":\"https:\/\/www.encontrabelavista.com.br\/avenida-paulista\/?s={search_term_string}\"},\"query-input\":{\"@type\":\"PropertyValueSpecification\",\"valueRequired\":true,\"valueName\":\"search_term_string\"}}],\"inLanguage\":\"pt-BR\"},{\"@type\":\"Person\",\"@id\":\"https:\/\/www.encontrabelavista.com.br\/avenida-paulista\/#\/schema\/person\/63c71a69a5879155285aa7cf79ec3e40\",\"name\":\"Encontra Avenida Paulista\",\"image\":{\"@type\":\"ImageObject\",\"inLanguage\":\"pt-BR\",\"@id\":\"https:\/\/www.encontrabelavista.com.br\/avenida-paulista\/#\/schema\/person\/image\/\",\"url\":\"https:\/\/secure.gravatar.com\/avatar\/c50c17820bcf322f0a8fd6b110b8c0918141409dc69076470f6fca5fee70a5d4?s=96&d=mm&r=g\",\"contentUrl\":\"https:\/\/secure.gravatar.com\/avatar\/c50c17820bcf322f0a8fd6b110b8c0918141409dc69076470f6fca5fee70a5d4?s=96&d=mm&r=g\",\"caption\":\"Encontra Avenida Paulista\"},\"url\":\"https:\/\/www.encontrabelavista.com.br\/avenida-paulista\/author\/encontraavenidapaulista\/\"}]}<\/script>\n<!-- \/ Yoast SEO plugin. -->","yoast_head_json":{"title":"Guia pr\u00e1tico do R\u00e9veillon na Paulista 2026, confira todos os detalhes do show da virada - Encontra Avenida Paulista","robots":{"index":"index","follow":"follow","max-snippet":"max-snippet:-1","max-image-preview":"max-image-preview:large","max-video-preview":"max-video-preview:-1"},"canonical":"https:\/\/www.encontrabelavista.com.br\/avenida-paulista\/guia-pratico-do-reveillon-na-paulista-2026-confira-todos-os-detalhes-do-show-da-virada\/","og_locale":"pt_BR","og_type":"article","og_title":"Guia pr\u00e1tico do R\u00e9veillon na Paulista 2026, confira todos os detalhes do show da virada - Encontra Avenida Paulista","og_description":"R\u00e9veillon na Paulista 2026: tudo que voc\u00ea precisa saber para a festa!","og_url":"https:\/\/www.encontrabelavista.com.br\/avenida-paulista\/guia-pratico-do-reveillon-na-paulista-2026-confira-todos-os-detalhes-do-show-da-virada\/","og_site_name":"Encontra Avenida Paulista","article_published_time":"2026-01-02T14:50:29+00:00","og_image":[{"url":"https:\/\/www.encontrabelavista.com.br\/avenida-paulista\/wp-content\/uploads\/2026\/01\/guia-pratico-do-reveillon-na-paulista-2026-confira-todos-os-detalhes-do-show-da-virada.webp","type":"","width":"","height":""}],"author":"Encontra Avenida Paulista","twitter_card":"summary_large_image","twitter_misc":{"Escrito por":"Encontra Avenida Paulista","Est. tempo de leitura":"10 minutos"},"schema":{"@context":"https:\/\/schema.org","@graph":[{"@type":"WebPage","@id":"https:\/\/www.encontrabelavista.com.br\/avenida-paulista\/guia-pratico-do-reveillon-na-paulista-2026-confira-todos-os-detalhes-do-show-da-virada\/","url":"https:\/\/www.encontrabelavista.com.br\/avenida-paulista\/guia-pratico-do-reveillon-na-paulista-2026-confira-todos-os-detalhes-do-show-da-virada\/","name":"Guia pr\u00e1tico do R\u00e9veillon na Paulista 2026, confira todos os detalhes do show da virada - Encontra Avenida Paulista","isPartOf":{"@id":"https:\/\/www.encontrabelavista.com.br\/avenida-paulista\/#website"},"primaryImageOfPage":{"@id":"https:\/\/www.encontrabelavista.com.br\/avenida-paulista\/guia-pratico-do-reveillon-na-paulista-2026-confira-todos-os-detalhes-do-show-da-virada\/#primaryimage"},"image":{"@id":"https:\/\/www.encontrabelavista.com.br\/avenida-paulista\/guia-pratico-do-reveillon-na-paulista-2026-confira-todos-os-detalhes-do-show-da-virada\/#primaryimage"},"thumbnailUrl":"https:\/\/www.encontrabelavista.com.br\/avenida-paulista\/wp-content\/uploads\/2026\/01\/guia-pratico-do-reveillon-na-paulista-2026-confira-todos-os-detalhes-do-show-da-virada.webp","datePublished":"2026-01-02T14:50:29+00:00","author":{"@id":"https:\/\/www.encontrabelavista.com.br\/avenida-paulista\/#\/schema\/person\/63c71a69a5879155285aa7cf79ec3e40"},"breadcrumb":{"@id":"https:\/\/www.encontrabelavista.com.br\/avenida-paulista\/guia-pratico-do-reveillon-na-paulista-2026-confira-todos-os-detalhes-do-show-da-virada\/#breadcrumb"},"inLanguage":"pt-BR","potentialAction":[{"@type":"ReadAction","target":["https:\/\/www.encontrabelavista.com.br\/avenida-paulista\/guia-pratico-do-reveillon-na-paulista-2026-confira-todos-os-detalhes-do-show-da-virada\/"]}]},{"@type":"ImageObject","inLanguage":"pt-BR","@id":"https:\/\/www.encontrabelavista.com.br\/avenida-paulista\/guia-pratico-do-reveillon-na-paulista-2026-confira-todos-os-detalhes-do-show-da-virada\/#primaryimage","url":"https:\/\/www.encontrabelavista.com.br\/avenida-paulista\/wp-content\/uploads\/2026\/01\/guia-pratico-do-reveillon-na-paulista-2026-confira-todos-os-detalhes-do-show-da-virada.webp","contentUrl":"https:\/\/www.encontrabelavista.com.br\/avenida-paulista\/wp-content\/uploads\/2026\/01\/guia-pratico-do-reveillon-na-paulista-2026-confira-todos-os-detalhes-do-show-da-virada.webp","width":280,"height":280,"caption":"R\u00e9veillon na Paulista 2026"},{"@type":"BreadcrumbList","@id":"https:\/\/www.encontrabelavista.com.br\/avenida-paulista\/guia-pratico-do-reveillon-na-paulista-2026-confira-todos-os-detalhes-do-show-da-virada\/#breadcrumb","itemListElement":[{"@type":"ListItem","position":1,"name":"In\u00edcio","item":"https:\/\/www.encontrabelavista.com.br\/avenida-paulista\/"},{"@type":"ListItem","position":2,"name":"Guia pr\u00e1tico do R\u00e9veillon na Paulista 2026, confira todos os detalhes do show da virada"}]},{"@type":"WebSite","@id":"https:\/\/www.encontrabelavista.com.br\/avenida-paulista\/#website","url":"https:\/\/www.encontrabelavista.com.br\/avenida-paulista\/","name":"Encontra Avenida Paulista","description":"ENCONTRA AVENIDA PAULISTA - O guia comercial de neg\u00f3cios e empresas, cultura e divers\u00e3o na Avenida Paulista. Feito 100% para voc\u00ea morador!","potentialAction":[{"@type":"SearchAction","target":{"@type":"EntryPoint","urlTemplate":"https:\/\/www.encontrabelavista.com.br\/avenida-paulista\/?s={search_term_string}"},"query-input":{"@type":"PropertyValueSpecification","valueRequired":true,"valueName":"search_term_string"}}],"inLanguage":"pt-BR"},{"@type":"Person","@id":"https:\/\/www.encontrabelavista.com.br\/avenida-paulista\/#\/schema\/person\/63c71a69a5879155285aa7cf79ec3e40","name":"Encontra Avenida Paulista","image":{"@type":"ImageObject","inLanguage":"pt-BR","@id":"https:\/\/www.encontrabelavista.com.br\/avenida-paulista\/#\/schema\/person\/image\/","url":"https:\/\/secure.gravatar.com\/avatar\/c50c17820bcf322f0a8fd6b110b8c0918141409dc69076470f6fca5fee70a5d4?s=96&d=mm&r=g","contentUrl":"https:\/\/secure.gravatar.com\/avatar\/c50c17820bcf322f0a8fd6b110b8c0918141409dc69076470f6fca5fee70a5d4?s=96&d=mm&r=g","caption":"Encontra Avenida Paulista"},"url":"https:\/\/www.encontrabelavista.com.br\/avenida-paulista\/author\/encontraavenidapaulista\/"}]}},"_links":{"self":[{"href":"https:\/\/www.encontrabelavista.com.br\/avenida-paulista\/wp-json\/wp\/v2\/posts\/5724","targetHints":{"allow":["GET"]}}],"collection":[{"href":"https:\/\/www.encontrabelavista.com.br\/avenida-paulista\/wp-json\/wp\/v2\/posts"}],"about":[{"href":"https:\/\/www.encontrabelavista.com.br\/avenida-paulista\/wp-json\/wp\/v2\/types\/post"}],"author":[{"embeddable":true,"href":"https:\/\/www.encontrabelavista.com.br\/avenida-paulista\/wp-json\/wp\/v2\/users\/1"}],"replies":[{"embeddable":true,"href":"https:\/\/www.encontrabelavista.com.br\/avenida-paulista\/wp-json\/wp\/v2\/comments?post=5724"}],"version-history":[{"count":0,"href":"https:\/\/www.encontrabelavista.com.br\/avenida-paulista\/wp-json\/wp\/v2\/posts\/5724\/revisions"}],"wp:featuredmedia":[{"embeddable":true,"href":"https:\/\/www.encontrabelavista.com.br\/avenida-paulista\/wp-json\/wp\/v2\/media\/5723"}],"wp:attachment":[{"href":"https:\/\/www.encontrabelavista.com.br\/avenida-paulista\/wp-json\/wp\/v2\/media?parent=5724"}],"wp:term":[{"taxonomy":"category","embeddable":true,"href":"https:\/\/www.encontrabelavista.com.br\/avenida-paulista\/wp-json\/wp\/v2\/categories?post=5724"},{"taxonomy":"post_tag","embeddable":true,"href":"https:\/\/www.encontrabelavista.com.br\/avenida-paulista\/wp-json\/wp\/v2\/tags?post=5724"}],"curies":[{"name":"wp","href":"https:\/\/api.w.org\/{rel}","templated":true}]}}