{"id":5728,"date":"2026-01-03T11:53:00","date_gmt":"2026-01-03T14:53:00","guid":{"rendered":"https:\/\/www.encontrabelavista.com.br\/avenida-paulista\/publico-comeca-a-lotar-avenida-paulista-para-shows-da-virada\/"},"modified":"2026-01-03T11:53:00","modified_gmt":"2026-01-03T14:53:00","slug":"publico-comeca-a-lotar-avenida-paulista-para-shows-da-virada","status":"publish","type":"post","link":"https:\/\/www.encontrabelavista.com.br\/avenida-paulista\/publico-comeca-a-lotar-avenida-paulista-para-shows-da-virada\/","title":{"rendered":"P\u00fablico come\u00e7a a lotar Avenida Paulista para shows da virada"},"content":{"rendered":"<h2>A Festa na Avenida Paulista<\/h2>\n<p>A Avenida Paulista, um dos \u00edcones de S\u00e3o Paulo, se transforma em um grande palco para a celebra\u00e7\u00e3o da virada do ano. Anualmente, milh\u00f5es de pessoas se re\u00fanem para comemorar a chegada do novo ano em um evento repleto de m\u00fasica, alegria e confraterniza\u00e7\u00e3o. Este ano, a expectativa \u00e9 ainda maior, com shows de v\u00e1rios artistas que prometem agitar a noite e marcar a transi\u00e7\u00e3o para 2026.<\/p>\n<p>O evento na Avenida Paulista \u00e9 mais do que uma simples festa; \u00e9 uma verdadeira demonstra\u00e7\u00e3o da cultura paulistana e brasileira. O clima festivo come\u00e7a a se instalar desde a tarde do dia 31 de dezembro, quando a Avenida \u00e9 fechada para o tr\u00e1fego de ve\u00edculos e os preparativos para os shows se intensificam. Barracas de comidas e bebidas, seguran\u00e7a refor\u00e7ada e um ambiente familiar buscam garantir que todos aproveitem a virada de ano de maneira segura e divertida.<\/p>\n<p>A celebra\u00e7\u00e3o traz uma diversidade de artistas, que representam os mais variados estilos musicais, desde o sertanejo at\u00e9 o gospel. O compromisso da organiza\u00e7\u00e3o \u00e9 criar um espa\u00e7o onde todos se sintam bem-vindos e possam desfrutar de uma experi\u00eancia \u00fanica na maior cidade do Brasil.<\/p>\n<p><img decoding=\"async\" src=\"https:\/\/www.encontrabelavista.com.br\/avenida-paulista\/wp-content\/uploads\/2026\/01\/publico-comeca-a-lotar-avenida-paulista-para-shows-da-virada.webp\" alt=\"shows da virada\" loading=\"lazy\" \/><\/p>\n<h2>Artistas Confirmados para o Evento<\/h2>\n<p>A programa\u00e7\u00e3o deste ano promete trazer ao palco artistas renomados que atraem uma grande audi\u00eancia. Entre os confirmados, est\u00e3o nomes como Jo\u00e3o Gomes, que se destacou no cen\u00e1rio do forr\u00f3, e Ana Castela, conhecida por suas m\u00fasicas contagiantes. Esses artistas n\u00e3o apenas garantem um show energ\u00e9tico, mas tamb\u00e9m criam um senso de comunidade entre os presentes.<\/p>\n<p>Al\u00e9m deles, outros artistas como Belo e Simone Mendes tamb\u00e9m estar\u00e3o se apresentando. A presen\u00e7a desses cantores, que j\u00e1 s\u00e3o refer\u00eancias em suas \u00e1reas, promete fazer com que o p\u00fablico cante, dance e festeje a chegada do novo ano de forma calorosa. A expectativa \u00e9 que cada apresenta\u00e7\u00e3o traga uma novidade, com reunindo amigos e fam\u00edlias que se misturam e compartilham momentos inesquec\u00edveis.<\/p>\n<h2>Programa\u00e7\u00e3o Completa da Virada<\/h2>\n<p>A programa\u00e7\u00e3o oficial da virada na Avenida Paulista inclui uma s\u00e9rie de apresenta\u00e7\u00f5es que come\u00e7am pela manh\u00e3 e se estendem at\u00e9 a madrugada. A abertura conta com shows de artistas gospel, seguido por uma variedade de g\u00eaneros que atendem a todos os gostos. A programa\u00e7\u00e3o se inicia com artistas como Frei Gilson, seguido por Padre Marcelo Rossi, que atrair\u00e3o p\u00fablicos diversos desde cedo.<\/p>\n<p>A seguir, artistas como Jo\u00e3o Gomes e Belo prometem aquecer o ambiente e trazer vibra\u00e7\u00f5es positivas para os presentes. Os momentos culminantes ocorrem \u00e0 medida que a meia-noite se aproxima, com a contagem regressiva marcada pela performance de Simone Mendes. Essa parte do evento \u00e9 sempre carregada de emo\u00e7\u00e3o, pois todos se re\u00fanem para celebrar a chegada de 2026 com esperan\u00e7a e entusiasmo.<\/p>\n<p>A programa\u00e7\u00e3o tamb\u00e9m inclui uma queima de fogos silenciosa, que \u00e9 uma alternativa pensada para aqueles que podem se assustar com os fogos tradicionais. Essa conscientiza\u00e7\u00e3o torna a festa acess\u00edvel a todos, incluindo animais de estima\u00e7\u00e3o e pessoas com sensibilidade a barulhos altos.<\/p>\n<h2>O Que Levar para a Festa<\/h2>\n<p>Para aproveitar ao m\u00e1ximo a festa, \u00e9 importante estar preparado e conhecer as diretrizes sobre o que pode ou n\u00e3o ser levado ao evento. Os organizadores do R\u00e9veillon na Paulista destacam os itens permitidos, que incluem garrafinhas de \u00e1gua, alimentos industrializados (desde que lacrados) e produtos pessoais como desodorante e perfumes. Mochilas pequenas e leques tamb\u00e9m s\u00e3o bem-vindos.<\/p>\n<p>Entretanto, alguns itens s\u00e3o estritamente proibidos para garantir a seguran\u00e7a e o bem-estar de todos os participantes. Objetos cortantes, bebidas em recipientes de vidro, fogos de artif\u00edcio e armas s\u00e3o alguns exemplos do que n\u00e3o deve ser trazido. Seguir essas orienta\u00e7\u00f5es n\u00e3o s\u00f3 assegura um evento harmonioso, mas tamb\u00e9m ajuda a minimizar riscos e manter a ordem durante a celebra\u00e7\u00e3o.<\/p>\n<h2>Seguran\u00e7a no Evento<\/h2>\n<p>A seguran\u00e7a \u00e9 uma prioridade nos eventos de grande porte como o R\u00e9veillon na Avenida Paulista. A organiza\u00e7\u00e3o conta com um amplo dispositivo de seguran\u00e7a, que inclui a presen\u00e7a de policiais militares e guardas civis atrav\u00e9s de todo o trajeto da festa. Este ano, 1.950 agentes da Pol\u00edcia Militar estar\u00e3o de prontid\u00e3o, al\u00e9m de 1.100 agentes da Guarda Civil Metropolitana.<\/p>\n<p>Ferramentas tecnol\u00f3gicas, como drones e torres de vigil\u00e2ncia, tamb\u00e9m ser\u00e3o utilizadas para monitorar o ambiente e garantir que todos estejam seguros durante a festa. A integra\u00e7\u00e3o das equipes de seguran\u00e7a com sistemas de monitoramento, como c\u00e2meras com reconhecimento facial, proporciona um controle eficaz da situa\u00e7\u00e3o, promovendo um ambiente mais seguro para todos os presentes.<\/p>\n<p>Os organizadores ainda contam com postos de sa\u00fade e socorro distribu\u00eddos pela Avenida, al\u00e9m de ambul\u00e2ncias que ficam em locais estrat\u00e9gicos para atender qualquer emerg\u00eancia que possa ocorrer. Essa infraestrutura demonstra o compromisso da organiza\u00e7\u00e3o em proporcionar uma experi\u00eancia agrad\u00e1vel e segura para todos os participantes.<\/p>\n<h2>Transportes Durante o R\u00e9veillon<\/h2>\n<p>O transporte durante o R\u00e9veillon na Avenida Paulista \u00e9 um aspecto que merece aten\u00e7\u00e3o especial, dada a grande quantidade de pessoas que se deslocam para o evento. Para facilitar o acesso, a Prefeitura de S\u00e3o Paulo implementa diversas medidas de transporte p\u00fablico, incluindo uma opera\u00e7\u00e3o com 500 \u00f4nibus e 46 linhas que atender\u00e3o \u00e0 demanda durante a festa.<\/p>\n<p>A S\u00e3o Paulo Transporte (SPTrans) garante que o transporte seja monitorado em tempo real, com t\u00e9cnicos \u00e0 disposi\u00e7\u00e3o para resolver qualquer problema que surja. Para aqueles que optam pelo metr\u00f4, haver\u00e1 funcionamento ininterrupto nas principais esta\u00e7\u00f5es, garantindo que os usu\u00e1rios possam se deslocar com mais facilidade para o evento.<\/p>\n<p>Al\u00e9m disso, a estimativa \u00e9 que o transporte seja gratuito no dia 1\u00ba de janeiro, favorecendo a circula\u00e7\u00e3o de pessoas que participar\u00e3o da festividade. Vale a pena estar atento a desvios de rotas que poder\u00e3o ocorrer devido ao fechamento das vias na regi\u00e3o da Avenida Paulista, assim como consultar os hor\u00e1rios do metr\u00f4 e \u00f4nibus para evitar transtornos.<\/p>\n<h2>Acomoda\u00e7\u00f5es para Pessoas com Defici\u00eancia<\/h2>\n<p>A acessibilidade \u00e9 um fator importante a ser considerado durante eventos de grande porte, e a organiza\u00e7\u00e3o da virada na Avenida Paulista se compromete a garantir que todas as pessoas, inclu\u00eddas as com defici\u00eancia, tenham acesso aos shows e \u00e0 festa. Haver\u00e1 \u00e1reas reservadas para espectadores com defici\u00eancia, permitindo que todos possam desfrutar do evento de uma forma que atenda \u00e0s suas necessidades.<\/p>\n<p>Os organizadores tamb\u00e9m est\u00e3o atentos \u00e0s necessidades de atendimento, oferecendo suporte para garantir que esses espectadores possam se movimentar com conforto e seguran\u00e7a durante a festa. Al\u00e9m disso, as estruturas de apoio para pessoas com defici\u00eancia ser\u00e3o identificadas e completamente equipadas, demonstrando um compromisso com a inclus\u00e3o e o respeito a todos os cidad\u00e3os.<\/p>\n<h2>Expectativa de P\u00fablico para 2026<\/h2>\n<p>A expectativa para a virada de 2026 na Avenida Paulista \u00e9 imensa, com estimativas de que milh\u00f5es de pessoas estejam presentes. A festa n\u00e3o \u00e9 apenas um evento musical, mas uma celebra\u00e7\u00e3o da uni\u00e3o e da diversidade cultural que caracteriza a cidade de S\u00e3o Paulo. Com a hist\u00f3ria consolidada de grande p\u00fablico, a Avenida Paulista se posiciona como um dos melhores destinos para a virada do ano.<\/p>\n<p>O sucesso do evento anterior serve como um indicativo das perspectivas para o pr\u00f3ximo R\u00e9veillon, onde se espera um p\u00fablico ainda maior. A energia coletiva, a anima\u00e7\u00e3o e a confraterniza\u00e7\u00e3o que acontecem nesse dia s\u00e3o caracter\u00edsticas que atraem pessoas n\u00e3o s\u00f3 de S\u00e3o Paulo, mas de diversos cantos do Brasil e at\u00e9 do mundo, que v\u00eam em busca de vivenciar uma celebra\u00e7\u00e3o inesquec\u00edvel.<\/p>\n<h2>Queima de Fogos Silenciosa<\/h2>\n<p>A queima de fogos silenciosa \u00e9 uma inova\u00e7\u00e3o que visa trazer um novo formato para a tradicional comemora\u00e7\u00e3o do ano novo, priorizando a seguran\u00e7a e o bem-estar de todos os presentes. Diferente dos fogos de artif\u00edcio que fazem grandes barulhos, esta queima prev\u00ea um espet\u00e1culo visual igualmente encantador, mas com pouca ou nenhuma sonoridade.<\/p>\n<p>Essa alternativa \u00e9 especialmente importante para fam\u00edlias com crian\u00e7as pequenos e para animais de estima\u00e7\u00e3o que costumam se assustar com o barulho dos fogos tradicionais. A ideia \u00e9 proporcionar uma celebra\u00e7\u00e3o inclusiva, onde todos, independentemente de suas sensibilidades, possam comemorar a chegada do ano novo em um ambiente de alegria e paz.<\/p>\n<h2>Dicas para Aproveitar ao M\u00e1ximo<\/h2>\n<p>Para quem planeja curtir a virada de 2026 na Avenida Paulista, algumas dicas podem fazer toda a diferen\u00e7a na experi\u00eancia. Primeiro, \u00e9 essencial chegar cedo, garantindo um bom lugar para assistir aos shows sem pressa. Optar por vestimentas confort\u00e1veis \u00e9 uma boa ideia, levando em conta que a festividade envolve longas horas de p\u00e9.<\/p>\n<p>Levar \u00e1gua e lanches b\u00e1sicos, como frutas ou barrinhas de cereal, tamb\u00e9m s\u00e3o recomendados, j\u00e1 que as op\u00e7\u00f5es de alimenta\u00e7\u00e3o nos eventos podem ser limitadas e os pre\u00e7os, mais altos. E, claro, n\u00e3o se esque\u00e7a de senso de comunidade: aproveitar esse momento \u00fanico ao lado de amigos e familiares torna a celebra\u00e7\u00e3o ainda mais especial.<\/p>\n<p>Al\u00e9m disso, \u00e9 sempre importante seguir as orienta\u00e7\u00f5es da seguran\u00e7a e respeitar as regras do evento para garantir que todos possam desfrutar da festa com respeito e tranquilidade. O R\u00e9veillon na Avenida Paulista \u00e9 uma oportunidade de celebrar a vida e a cultura brasileira, e cada participante tem um papel na constru\u00e7\u00e3o desse momento festivo. Prepare-se para uma festa que promete ser espetacular e cheia de boas energias, bem-vindo a 2026!<\/p>\n","protected":false},"excerpt":{"rendered":"<p>Shows da Virada atraem milhares na Avenida Paulista para celebra\u00e7\u00f5es inesquec\u00edveis.<\/p>\n","protected":false},"author":1,"featured_media":5727,"comment_status":"open","ping_status":"","sticky":false,"template":"","format":"standard","meta":{"footnotes":""},"categories":[5],"tags":[],"class_list":["post-5728","post","type-post","status-publish","format-standard","has-post-thumbnail","hentry","category-noticias","has_thumb"],"yoast_head":"<!-- This site is optimized with the Yoast SEO plugin v26.4 - https:\/\/yoast.com\/wordpress\/plugins\/seo\/ -->\n<title>P\u00fablico come\u00e7a a lotar Avenida Paulista para shows da virada - Encontra Avenida Paulista<\/title>\n<meta name=\"robots\" content=\"index, follow, max-snippet:-1, max-image-preview:large, max-video-preview:-1\" \/>\n<link rel=\"canonical\" href=\"https:\/\/www.encontrabelavista.com.br\/avenida-paulista\/publico-comeca-a-lotar-avenida-paulista-para-shows-da-virada\/\" \/>\n<meta property=\"og:locale\" content=\"pt_BR\" \/>\n<meta property=\"og:type\" content=\"article\" \/>\n<meta property=\"og:title\" content=\"P\u00fablico come\u00e7a a lotar Avenida Paulista para shows da virada - Encontra Avenida Paulista\" \/>\n<meta property=\"og:description\" content=\"Shows da Virada atraem milhares na Avenida Paulista para celebra\u00e7\u00f5es inesquec\u00edveis.\" \/>\n<meta property=\"og:url\" content=\"https:\/\/www.encontrabelavista.com.br\/avenida-paulista\/publico-comeca-a-lotar-avenida-paulista-para-shows-da-virada\/\" \/>\n<meta property=\"og:site_name\" content=\"Encontra Avenida Paulista\" \/>\n<meta property=\"article:published_time\" content=\"2026-01-03T14:53:00+00:00\" \/>\n<meta property=\"og:image\" content=\"https:\/\/www.encontrabelavista.com.br\/avenida-paulista\/wp-content\/uploads\/2026\/01\/publico-comeca-a-lotar-avenida-paulista-para-shows-da-virada.webp\" \/>\n<meta name=\"author\" content=\"Encontra Avenida Paulista\" \/>\n<meta name=\"twitter:card\" content=\"summary_large_image\" \/>\n<meta name=\"twitter:label1\" content=\"Escrito por\" \/>\n\t<meta name=\"twitter:data1\" content=\"Encontra Avenida Paulista\" \/>\n\t<meta name=\"twitter:label2\" content=\"Est. tempo de leitura\" \/>\n\t<meta name=\"twitter:data2\" content=\"8 minutos\" \/>\n<script type=\"application\/ld+json\" class=\"yoast-schema-graph\">{\"@context\":\"https:\/\/schema.org\",\"@graph\":[{\"@type\":\"WebPage\",\"@id\":\"https:\/\/www.encontrabelavista.com.br\/avenida-paulista\/publico-comeca-a-lotar-avenida-paulista-para-shows-da-virada\/\",\"url\":\"https:\/\/www.encontrabelavista.com.br\/avenida-paulista\/publico-comeca-a-lotar-avenida-paulista-para-shows-da-virada\/\",\"name\":\"P\u00fablico come\u00e7a a lotar Avenida Paulista para shows da virada - Encontra Avenida Paulista\",\"isPartOf\":{\"@id\":\"https:\/\/www.encontrabelavista.com.br\/avenida-paulista\/#website\"},\"primaryImageOfPage\":{\"@id\":\"https:\/\/www.encontrabelavista.com.br\/avenida-paulista\/publico-comeca-a-lotar-avenida-paulista-para-shows-da-virada\/#primaryimage\"},\"image\":{\"@id\":\"https:\/\/www.encontrabelavista.com.br\/avenida-paulista\/publico-comeca-a-lotar-avenida-paulista-para-shows-da-virada\/#primaryimage\"},\"thumbnailUrl\":\"https:\/\/www.encontrabelavista.com.br\/avenida-paulista\/wp-content\/uploads\/2026\/01\/publico-comeca-a-lotar-avenida-paulista-para-shows-da-virada.webp\",\"datePublished\":\"2026-01-03T14:53:00+00:00\",\"author\":{\"@id\":\"https:\/\/www.encontrabelavista.com.br\/avenida-paulista\/#\/schema\/person\/63c71a69a5879155285aa7cf79ec3e40\"},\"breadcrumb\":{\"@id\":\"https:\/\/www.encontrabelavista.com.br\/avenida-paulista\/publico-comeca-a-lotar-avenida-paulista-para-shows-da-virada\/#breadcrumb\"},\"inLanguage\":\"pt-BR\",\"potentialAction\":[{\"@type\":\"ReadAction\",\"target\":[\"https:\/\/www.encontrabelavista.com.br\/avenida-paulista\/publico-comeca-a-lotar-avenida-paulista-para-shows-da-virada\/\"]}]},{\"@type\":\"ImageObject\",\"inLanguage\":\"pt-BR\",\"@id\":\"https:\/\/www.encontrabelavista.com.br\/avenida-paulista\/publico-comeca-a-lotar-avenida-paulista-para-shows-da-virada\/#primaryimage\",\"url\":\"https:\/\/www.encontrabelavista.com.br\/avenida-paulista\/wp-content\/uploads\/2026\/01\/publico-comeca-a-lotar-avenida-paulista-para-shows-da-virada.webp\",\"contentUrl\":\"https:\/\/www.encontrabelavista.com.br\/avenida-paulista\/wp-content\/uploads\/2026\/01\/publico-comeca-a-lotar-avenida-paulista-para-shows-da-virada.webp\",\"width\":320,\"height\":280,\"caption\":\"shows da virada\"},{\"@type\":\"BreadcrumbList\",\"@id\":\"https:\/\/www.encontrabelavista.com.br\/avenida-paulista\/publico-comeca-a-lotar-avenida-paulista-para-shows-da-virada\/#breadcrumb\",\"itemListElement\":[{\"@type\":\"ListItem\",\"position\":1,\"name\":\"In\u00edcio\",\"item\":\"https:\/\/www.encontrabelavista.com.br\/avenida-paulista\/\"},{\"@type\":\"ListItem\",\"position\":2,\"name\":\"P\u00fablico come\u00e7a a lotar Avenida Paulista para shows da virada\"}]},{\"@type\":\"WebSite\",\"@id\":\"https:\/\/www.encontrabelavista.com.br\/avenida-paulista\/#website\",\"url\":\"https:\/\/www.encontrabelavista.com.br\/avenida-paulista\/\",\"name\":\"Encontra Avenida Paulista\",\"description\":\"ENCONTRA AVENIDA PAULISTA - O guia comercial de neg\u00f3cios e empresas, cultura e divers\u00e3o na Avenida Paulista. Feito 100% para voc\u00ea morador!\",\"potentialAction\":[{\"@type\":\"SearchAction\",\"target\":{\"@type\":\"EntryPoint\",\"urlTemplate\":\"https:\/\/www.encontrabelavista.com.br\/avenida-paulista\/?s={search_term_string}\"},\"query-input\":{\"@type\":\"PropertyValueSpecification\",\"valueRequired\":true,\"valueName\":\"search_term_string\"}}],\"inLanguage\":\"pt-BR\"},{\"@type\":\"Person\",\"@id\":\"https:\/\/www.encontrabelavista.com.br\/avenida-paulista\/#\/schema\/person\/63c71a69a5879155285aa7cf79ec3e40\",\"name\":\"Encontra Avenida Paulista\",\"image\":{\"@type\":\"ImageObject\",\"inLanguage\":\"pt-BR\",\"@id\":\"https:\/\/www.encontrabelavista.com.br\/avenida-paulista\/#\/schema\/person\/image\/\",\"url\":\"https:\/\/secure.gravatar.com\/avatar\/c50c17820bcf322f0a8fd6b110b8c0918141409dc69076470f6fca5fee70a5d4?s=96&d=mm&r=g\",\"contentUrl\":\"https:\/\/secure.gravatar.com\/avatar\/c50c17820bcf322f0a8fd6b110b8c0918141409dc69076470f6fca5fee70a5d4?s=96&d=mm&r=g\",\"caption\":\"Encontra Avenida Paulista\"},\"url\":\"https:\/\/www.encontrabelavista.com.br\/avenida-paulista\/author\/encontraavenidapaulista\/\"}]}<\/script>\n<!-- \/ Yoast SEO plugin. -->","yoast_head_json":{"title":"P\u00fablico come\u00e7a a lotar Avenida Paulista para shows da virada - Encontra Avenida Paulista","robots":{"index":"index","follow":"follow","max-snippet":"max-snippet:-1","max-image-preview":"max-image-preview:large","max-video-preview":"max-video-preview:-1"},"canonical":"https:\/\/www.encontrabelavista.com.br\/avenida-paulista\/publico-comeca-a-lotar-avenida-paulista-para-shows-da-virada\/","og_locale":"pt_BR","og_type":"article","og_title":"P\u00fablico come\u00e7a a lotar Avenida Paulista para shows da virada - Encontra Avenida Paulista","og_description":"Shows da Virada atraem milhares na Avenida Paulista para celebra\u00e7\u00f5es inesquec\u00edveis.","og_url":"https:\/\/www.encontrabelavista.com.br\/avenida-paulista\/publico-comeca-a-lotar-avenida-paulista-para-shows-da-virada\/","og_site_name":"Encontra Avenida Paulista","article_published_time":"2026-01-03T14:53:00+00:00","og_image":[{"url":"https:\/\/www.encontrabelavista.com.br\/avenida-paulista\/wp-content\/uploads\/2026\/01\/publico-comeca-a-lotar-avenida-paulista-para-shows-da-virada.webp","type":"","width":"","height":""}],"author":"Encontra Avenida Paulista","twitter_card":"summary_large_image","twitter_misc":{"Escrito por":"Encontra Avenida Paulista","Est. tempo de leitura":"8 minutos"},"schema":{"@context":"https:\/\/schema.org","@graph":[{"@type":"WebPage","@id":"https:\/\/www.encontrabelavista.com.br\/avenida-paulista\/publico-comeca-a-lotar-avenida-paulista-para-shows-da-virada\/","url":"https:\/\/www.encontrabelavista.com.br\/avenida-paulista\/publico-comeca-a-lotar-avenida-paulista-para-shows-da-virada\/","name":"P\u00fablico come\u00e7a a lotar Avenida Paulista para shows da virada - Encontra Avenida Paulista","isPartOf":{"@id":"https:\/\/www.encontrabelavista.com.br\/avenida-paulista\/#website"},"primaryImageOfPage":{"@id":"https:\/\/www.encontrabelavista.com.br\/avenida-paulista\/publico-comeca-a-lotar-avenida-paulista-para-shows-da-virada\/#primaryimage"},"image":{"@id":"https:\/\/www.encontrabelavista.com.br\/avenida-paulista\/publico-comeca-a-lotar-avenida-paulista-para-shows-da-virada\/#primaryimage"},"thumbnailUrl":"https:\/\/www.encontrabelavista.com.br\/avenida-paulista\/wp-content\/uploads\/2026\/01\/publico-comeca-a-lotar-avenida-paulista-para-shows-da-virada.webp","datePublished":"2026-01-03T14:53:00+00:00","author":{"@id":"https:\/\/www.encontrabelavista.com.br\/avenida-paulista\/#\/schema\/person\/63c71a69a5879155285aa7cf79ec3e40"},"breadcrumb":{"@id":"https:\/\/www.encontrabelavista.com.br\/avenida-paulista\/publico-comeca-a-lotar-avenida-paulista-para-shows-da-virada\/#breadcrumb"},"inLanguage":"pt-BR","potentialAction":[{"@type":"ReadAction","target":["https:\/\/www.encontrabelavista.com.br\/avenida-paulista\/publico-comeca-a-lotar-avenida-paulista-para-shows-da-virada\/"]}]},{"@type":"ImageObject","inLanguage":"pt-BR","@id":"https:\/\/www.encontrabelavista.com.br\/avenida-paulista\/publico-comeca-a-lotar-avenida-paulista-para-shows-da-virada\/#primaryimage","url":"https:\/\/www.encontrabelavista.com.br\/avenida-paulista\/wp-content\/uploads\/2026\/01\/publico-comeca-a-lotar-avenida-paulista-para-shows-da-virada.webp","contentUrl":"https:\/\/www.encontrabelavista.com.br\/avenida-paulista\/wp-content\/uploads\/2026\/01\/publico-comeca-a-lotar-avenida-paulista-para-shows-da-virada.webp","width":320,"height":280,"caption":"shows da virada"},{"@type":"BreadcrumbList","@id":"https:\/\/www.encontrabelavista.com.br\/avenida-paulista\/publico-comeca-a-lotar-avenida-paulista-para-shows-da-virada\/#breadcrumb","itemListElement":[{"@type":"ListItem","position":1,"name":"In\u00edcio","item":"https:\/\/www.encontrabelavista.com.br\/avenida-paulista\/"},{"@type":"ListItem","position":2,"name":"P\u00fablico come\u00e7a a lotar Avenida Paulista para shows da virada"}]},{"@type":"WebSite","@id":"https:\/\/www.encontrabelavista.com.br\/avenida-paulista\/#website","url":"https:\/\/www.encontrabelavista.com.br\/avenida-paulista\/","name":"Encontra Avenida Paulista","description":"ENCONTRA AVENIDA PAULISTA - O guia comercial de neg\u00f3cios e empresas, cultura e divers\u00e3o na Avenida Paulista. Feito 100% para voc\u00ea morador!","potentialAction":[{"@type":"SearchAction","target":{"@type":"EntryPoint","urlTemplate":"https:\/\/www.encontrabelavista.com.br\/avenida-paulista\/?s={search_term_string}"},"query-input":{"@type":"PropertyValueSpecification","valueRequired":true,"valueName":"search_term_string"}}],"inLanguage":"pt-BR"},{"@type":"Person","@id":"https:\/\/www.encontrabelavista.com.br\/avenida-paulista\/#\/schema\/person\/63c71a69a5879155285aa7cf79ec3e40","name":"Encontra Avenida Paulista","image":{"@type":"ImageObject","inLanguage":"pt-BR","@id":"https:\/\/www.encontrabelavista.com.br\/avenida-paulista\/#\/schema\/person\/image\/","url":"https:\/\/secure.gravatar.com\/avatar\/c50c17820bcf322f0a8fd6b110b8c0918141409dc69076470f6fca5fee70a5d4?s=96&d=mm&r=g","contentUrl":"https:\/\/secure.gravatar.com\/avatar\/c50c17820bcf322f0a8fd6b110b8c0918141409dc69076470f6fca5fee70a5d4?s=96&d=mm&r=g","caption":"Encontra Avenida Paulista"},"url":"https:\/\/www.encontrabelavista.com.br\/avenida-paulista\/author\/encontraavenidapaulista\/"}]}},"_links":{"self":[{"href":"https:\/\/www.encontrabelavista.com.br\/avenida-paulista\/wp-json\/wp\/v2\/posts\/5728","targetHints":{"allow":["GET"]}}],"collection":[{"href":"https:\/\/www.encontrabelavista.com.br\/avenida-paulista\/wp-json\/wp\/v2\/posts"}],"about":[{"href":"https:\/\/www.encontrabelavista.com.br\/avenida-paulista\/wp-json\/wp\/v2\/types\/post"}],"author":[{"embeddable":true,"href":"https:\/\/www.encontrabelavista.com.br\/avenida-paulista\/wp-json\/wp\/v2\/users\/1"}],"replies":[{"embeddable":true,"href":"https:\/\/www.encontrabelavista.com.br\/avenida-paulista\/wp-json\/wp\/v2\/comments?post=5728"}],"version-history":[{"count":0,"href":"https:\/\/www.encontrabelavista.com.br\/avenida-paulista\/wp-json\/wp\/v2\/posts\/5728\/revisions"}],"wp:featuredmedia":[{"embeddable":true,"href":"https:\/\/www.encontrabelavista.com.br\/avenida-paulista\/wp-json\/wp\/v2\/media\/5727"}],"wp:attachment":[{"href":"https:\/\/www.encontrabelavista.com.br\/avenida-paulista\/wp-json\/wp\/v2\/media?parent=5728"}],"wp:term":[{"taxonomy":"category","embeddable":true,"href":"https:\/\/www.encontrabelavista.com.br\/avenida-paulista\/wp-json\/wp\/v2\/categories?post=5728"},{"taxonomy":"post_tag","embeddable":true,"href":"https:\/\/www.encontrabelavista.com.br\/avenida-paulista\/wp-json\/wp\/v2\/tags?post=5728"}],"curies":[{"name":"wp","href":"https:\/\/api.w.org\/{rel}","templated":true}]}}