{"id":5734,"date":"2026-01-04T11:55:12","date_gmt":"2026-01-04T14:55:12","guid":{"rendered":"https:\/\/www.encontrabelavista.com.br\/avenida-paulista\/reveillon-na-paulista-veja-como-chegar-esquema-de-transporte-e-ruas-bloqueadas-em-sp\/"},"modified":"2026-01-04T11:55:12","modified_gmt":"2026-01-04T14:55:12","slug":"reveillon-na-paulista-veja-como-chegar-esquema-de-transporte-e-ruas-bloqueadas-em-sp","status":"publish","type":"post","link":"https:\/\/www.encontrabelavista.com.br\/avenida-paulista\/reveillon-na-paulista-veja-como-chegar-esquema-de-transporte-e-ruas-bloqueadas-em-sp\/","title":{"rendered":"R\u00e9veillon na Paulista: veja como chegar, esquema de transporte e ruas bloqueadas em SP"},"content":{"rendered":"<h2>Como Chegar \u00e0 Paulista para o R\u00e9veillon<\/h2>\n<p>Chegar \u00e0 Avenida Paulista durante a celebra\u00e7\u00e3o do R\u00e9veillon \u00e9 uma experi\u00eancia marcante para muitos paulistanos e turistas. A Prefeitura de S\u00e3o Paulo recomenda que os frequentadores cheguem cedo, uma vez que a Avenida e ruas adjacentes ser\u00e3o bloqueadas para ve\u00edculos a partir da meia-noite do dia 31 de dezembro e o acesso ser\u00e1 destinado principalmente aos pedestres. Para facilitar a chegada ao evento, o uso de transporte p\u00fablico \u00e9 altamente aconselhado.<\/p>\n<p>No dia da virada, a Avenida Paulista ficar\u00e1 completamente fechada para ve\u00edculos, mas o acesso a p\u00e9 ser\u00e1 liberado. Portanto, os cidad\u00e3os s\u00e3o incentivados a optar por \u00f4nibus, metr\u00f4 ou trem. As esta\u00e7\u00f5es do Metr\u00f4 e da CPTM estar\u00e3o abertas e operando de forma ininterrupta, permitindo que mais pessoas possam acessar a celebra\u00e7\u00e3o de forma pr\u00e1tica e segura. O transporte p\u00fablico \u00e9, sem d\u00favida, a melhor forma de evitar congestionamentos e facilitar o deslocamento, principalmente em um evento com tamanha magnitude.<\/p>\n<h2>Esquema Especial de Transporte<\/h2>\n<p>Durante o R\u00e9veillon, a CPTM e o Metr\u00f4 de S\u00e3o Paulo ir\u00e3o operar em regime especial, e isso \u00e9 de extrema import\u00e2ncia dada a grande quantidade de pessoas que se deslocam at\u00e9 a Avenida Paulista. Desde a meia-noite do dia 31 de dezembro at\u00e9 a madrugada do dia 1\u00ba de janeiro, o Metr\u00f4 funcionar\u00e1 sem interrup\u00e7\u00f5es, garantindo que diversas esta\u00e7\u00f5es estrat\u00e9gicas estejam abertas para embarque e desembarque.<\/p>\n<p><img decoding=\"async\" src=\"https:\/\/www.encontrabelavista.com.br\/avenida-paulista\/wp-content\/uploads\/2026\/01\/reveillon-na-paulista-veja-como-chegar-esquema-de-transporte-e-ruas-bloqueadas-em-sp.webp\" alt=\"R\u00e9veillon na Paulista\" loading=\"lazy\" \/><\/p>\n<p>Al\u00e9m disso, para atender \u00e0 demanda, haver\u00e1 um aumento na frota. Esta a\u00e7\u00e3o \u00e9 necess\u00e1ria para garantir que o p\u00fablico seja transportado em seguran\u00e7a e com efici\u00eancia. As linhas que passam pela Avenida Paulista, como a Linha 2-Verde, ser\u00e3o priorit\u00e1rias, mas as esta\u00e7\u00f5es Para\u00edso, Brigadeiro e Trianon-Masp permanecer\u00e3o abertas ao longo de toda a madrugada, permitindo f\u00e1cil acesso aos festeiros. Por outro lado, a linha 1-Azul estar\u00e1 com a Esta\u00e7\u00e3o Consola\u00e7\u00e3o fechada das 10h do dia 31 at\u00e9 4h40 do dia 1\u00ba de janeiro.<\/p>\n<h2>Hor\u00e1rios do Metr\u00f4 e CPTM no R\u00e9veillon<\/h2>\n<p>Os hor\u00e1rios do Metr\u00f4 e da CPTM s\u00e3o fundamentais para o planejamento da virada do ano. A CPTM, no dia 31 de dezembro, operar\u00e1 normalmente, com seu funcionamento durante todo o dia. J\u00e1 no dia 1\u00ba, a opera\u00e7\u00e3o ser\u00e1 diferenciada, seguindo o esquema de domingo ou feriado, com a circula\u00e7\u00e3o cont\u00ednua entre a noite do dia 31 e a madrugada do dia 1\u00ba. As esta\u00e7\u00f5es estar\u00e3o abertas para desembarque de passageiros durante esse per\u00edodo, o que facilita muito a sa\u00edda do p\u00fablico ap\u00f3s os festejos da virada.<\/p>\n<p>O bom aproveitamento do sistema de transporte n\u00e3o apenas ajuda a evitar congestionamentos, mas tamb\u00e9m proporciona uma experi\u00eancia mais agrad\u00e1vel a todos os usu\u00e1rios, uma vez que os servi\u00e7os estar\u00e3o refor\u00e7ados para atender \u00e0 demanda. Vale a pena ficar atento aos hor\u00e1rios das linhas e planejar-se com anteced\u00eancia para que possa aproveitar a festa sem preocupa\u00e7\u00e3o com o transporte.<\/p>\n<h2>Ruas Bloqueadas Durante a Festividade<\/h2>\n<p>O bloqueio de ruas durante o R\u00e9veillon em S\u00e3o Paulo \u00e9 uma estrat\u00e9gia da Prefeitura para garantir a seguran\u00e7a e a fluidez do evento. A Avenida Paulista, a Alameda Santos e a Alameda S\u00e3o Carlos do Pinhal ter\u00e3o acesso total interrompido para ve\u00edculos, com fechamento iniciado \u00e0 zero hora do dia 31 de dezembro e se estendendo at\u00e9 a primeira hora do dia 2 de janeiro. Durante esse per\u00edodo, a \u00fanica forma de acesso ser\u00e1 a p\u00e9, permitindo que o p\u00fablico se desloque sem risco e aproveite as festividades.<\/p>\n<p>Al\u00e9m disso, durante a festa, as faixas de emerg\u00eancia e acesso para ambul\u00e2ncias estar\u00e3o dispon\u00edveis, garantindo que os servi\u00e7os de sa\u00fade possam atuar com agilidade se necess\u00e1rio. Isso ser\u00e1 coordenado por um esfor\u00e7o conjunto entre a CET, Pol\u00edcia Militar e Guarda Civil Metropolitana. Portanto, \u00e9 importante que todos respeitem os bloqueios e normas estabelecidas pelas autoridades para que o evento transcorra de maneira segura.<\/p>\n<h2>Medidas de Seguran\u00e7a para o Evento<\/h2>\n<p>As medidas de seguran\u00e7a durante o R\u00e9veillon na Paulista s\u00e3o uma prioridade para as autoridades a fim de garantir a prote\u00e7\u00e3o de todos os participantes. A CET, junto \u00e0 Pol\u00edcia Militar e \u00e0 Guarda Civil, estar\u00e1 presente em todo o evento, com um grande n\u00famero de agentes e viaturas, para orientar o p\u00fablico e assegurar que tudo ocorra sem incidentes. Diversas barreiras de seguran\u00e7a e fluxos de pedestres estar\u00e3o implementados para evitar tumultos e acidentes.<\/p>\n<p>A seguran\u00e7a \u00e9 uma preocupa\u00e7\u00e3o comum em grandes eventos. A presen\u00e7a de seguran\u00e7as e a monitoriza\u00e7\u00e3o dos locais cr\u00edticos s\u00e3o essenciais para a manuten\u00e7\u00e3o da ordem. Al\u00e9m disso, recomenda-se que os participantes fiquem atentos aos seus pertences, evitando levar objetos de grande valor e bebidas em vidro. Essa orienta\u00e7\u00e3o \u00e9 sempre v\u00e1lida e muito importante em eventos de grande aglomera\u00e7\u00e3o.<\/p>\n<h2>Atra\u00e7\u00f5es Musicais e Art\u00edsticas na Paulista<\/h2>\n<p>A virada do ano na Avenida Paulista \u00e9 conhecida por suas atra\u00e7\u00f5es musicais de grande porte. Diversos artistas se apresentam durante a festa, criando um espet\u00e1culo vibrante e memor\u00e1vel. Em 2025, a linha-up contar\u00e1 com nove artistas que se apresentar\u00e3o ao longo de 14 horas de programa\u00e7\u00e3o, incluindo a participa\u00e7\u00e3o de DJs em intervalos. Essa variedade de atra\u00e7\u00f5es garante que o p\u00fablico ter\u00e1 uma experi\u00eancia ecl\u00e9tica, com diferentes estilos musicais para agradar a todos os gostos.<\/p>\n<p>A Avenida Paulista se transforma em um grande palco, onde as performances dos artistas criam um ambiente de celebra\u00e7\u00e3o e uni\u00e3o. \u00c9 um momento de confraterniza\u00e7\u00e3o, onde a m\u00fasica toca e as pessoas dan\u00e7am, celebrando a chegada do novo ano juntas. Essa experi\u00eancia musical \u00e9 uma marca registrada do R\u00e9veillon na Paulista, reunindo pessoas de todos os cantos da cidade e do pa\u00eds, criando um espet\u00e1culo que se estende por muitas horas.<\/p>\n<h2>Orienta\u00e7\u00f5es para Aproveitar a Virada<\/h2>\n<p>Para garantir que a virada do ano na Avenida Paulista seja divertida e segura, \u00e9 importante seguir algumas orienta\u00e7\u00f5es. O p\u00fablico deve se programar para chegar ainda durante o dia do dia 31, aproveitando o tempo para explorar as lojas e servi\u00e7os da regi\u00e3o, al\u00e9m de reservar um bom lugar para assistir aos shows. \u00c9 recomend\u00e1vel levar \u00e1gua e alguns lanches leves, pois o acesso a alimentos e bebidas pode ser limitado durante o evento.<\/p>\n<p>Usar roupas confort\u00e1veis e sapatos adequados \u00e9 essencial para quem pretende caminhar e ficar de p\u00e9 por v\u00e1rias horas. \u00c9 importante tamb\u00e9m verificar a previs\u00e3o do tempo nos dias que antecedem o evento, para assegurar que voc\u00ea estar\u00e1 preparado para qualquer condi\u00e7\u00e3o clim\u00e1tica. E, mais importante, aproveite a festa de forma respons\u00e1vel.<\/p>\n<h2>Import\u00e2ncia do Transporte P\u00fablico no R\u00e9veillon<\/h2>\n<p>O uso do transporte p\u00fablico durante o R\u00e9veillon \u00e9 extremamente importante, pois contribui para a redu\u00e7\u00e3o do tr\u00e1fego na cidade. Com milh\u00f5es de pessoas se dirigindo \u00e0 Avenida Paulista, optar pelo transporte p\u00fablico \u00e9 uma maneira eficaz de evitar congestionamentos e garantir que todas as pessoas possam chegar ao seu destino. A oferta de 500 \u00f4nibus em 46 linhas \u00e9 um recurso essencial para maximizar a mobilidade da popula\u00e7\u00e3o durante esse per\u00edodo intenso de festividades.<\/p>\n<p>Al\u00e9m disso, o transporte p\u00fablico \u00e9 um recurso mais econ\u00f4mico e sustent\u00e1vel, reduzindo o impacto ambiental associado \u00e0s festividades. As pessoas que utilizam \u00f4nibus, metr\u00f4 e trens n\u00e3o apenas evitam os problemas de estacionamento, mas tamb\u00e9m contribuem para a diminui\u00e7\u00e3o do estresse relacionado ao tr\u00e2nsito, tornando a experi\u00eancia do R\u00e9veillon mais agrad\u00e1vel para todos.<\/p>\n<h2>Dicas de Seguran\u00e7a para a Virada do Ano<\/h2>\n<p>Durante os eventos de grande escala, como o R\u00e9veillon na Avenida Paulista, a seguran\u00e7a deve ser uma prioridade. \u00c9 aconselh\u00e1vel que os participantes n\u00e3o levem objetos de valor, como joias ou grandes quantias de dinheiro. Tamb\u00e9m \u00e9 importante ter cuidado com bolsa e celulares, utilizando cadeados e mantendo-os sempre a vista.<\/p>\n<p>As pessoas devem estar atentas ao seu entorno e \u00e0 sua seguran\u00e7a, caminhando em grupos sempre que poss\u00edvel e evitando \u00e1reas muito lotadas. \u00c9 vital estabelecer um ponto de encontro com amigos ou familiares, caso algu\u00e9m se separe do grupo. O uso de aplicativos de rastreamento e comunica\u00e7\u00e3o tamb\u00e9m pode ser \u00fatil para manter a seguran\u00e7a em ambientes de grande aglomera\u00e7\u00e3o.<\/p>\n<h2>O Que Esperar na Celebra\u00e7\u00e3o da Paulista<\/h2>\n<p>A celebra\u00e7\u00e3o do R\u00e9veillon na Avenida Paulista \u00e9 uma das mais esperadas do Brasil. Os fogos de artif\u00edcio s\u00e3o um dos destaques da festa, iluminando o c\u00e9u com uma explos\u00e3o de cores e simbolizando a esperan\u00e7a e novos come\u00e7os que o ano novo traz. As v\u00e1rias apresenta\u00e7\u00f5es art\u00edsticas e a energia contagiante da multid\u00e3o criam uma atmosfera \u00fanica e memor\u00e1vel.<\/p>\n<p>A Avenida se transforma numa grande festa, onde as pessoas se unem em um esp\u00edrito de celebra\u00e7\u00e3o e alegria. O p\u00fablico pode esperar experi\u00eancias enriquecedoras, com diversos estilos de m\u00fasica, performances art\u00edsticas e uma sensa\u00e7\u00e3o coletiva de gratid\u00e3o e esperan\u00e7a pelo futuro. O R\u00e9veillon na Paulista \u00e9, sem d\u00favida, uma experi\u00eancia que poucos esquecem.<\/p>\n","protected":false},"excerpt":{"rendered":"<p>R\u00e9veillon na Paulista: transporte, bloqueios e dicas de seguran\u00e7a para sua virada.<\/p>\n","protected":false},"author":1,"featured_media":5733,"comment_status":"open","ping_status":"","sticky":false,"template":"","format":"standard","meta":{"footnotes":""},"categories":[5],"tags":[],"class_list":["post-5734","post","type-post","status-publish","format-standard","has-post-thumbnail","hentry","category-noticias","has_thumb"],"yoast_head":"<!-- This site is optimized with the Yoast SEO plugin v26.4 - https:\/\/yoast.com\/wordpress\/plugins\/seo\/ -->\n<title>R\u00e9veillon na Paulista: veja como chegar, esquema de transporte e ruas bloqueadas em SP - Encontra Avenida Paulista<\/title>\n<meta name=\"robots\" content=\"index, follow, max-snippet:-1, max-image-preview:large, max-video-preview:-1\" \/>\n<link rel=\"canonical\" href=\"https:\/\/www.encontrabelavista.com.br\/avenida-paulista\/reveillon-na-paulista-veja-como-chegar-esquema-de-transporte-e-ruas-bloqueadas-em-sp\/\" \/>\n<meta property=\"og:locale\" content=\"pt_BR\" \/>\n<meta property=\"og:type\" content=\"article\" \/>\n<meta property=\"og:title\" content=\"R\u00e9veillon na Paulista: veja como chegar, esquema de transporte e ruas bloqueadas em SP - Encontra Avenida Paulista\" \/>\n<meta property=\"og:description\" content=\"R\u00e9veillon na Paulista: transporte, bloqueios e dicas de seguran\u00e7a para sua virada.\" \/>\n<meta property=\"og:url\" content=\"https:\/\/www.encontrabelavista.com.br\/avenida-paulista\/reveillon-na-paulista-veja-como-chegar-esquema-de-transporte-e-ruas-bloqueadas-em-sp\/\" \/>\n<meta property=\"og:site_name\" content=\"Encontra Avenida Paulista\" \/>\n<meta property=\"article:published_time\" content=\"2026-01-04T14:55:12+00:00\" \/>\n<meta property=\"og:image\" content=\"https:\/\/www.encontrabelavista.com.br\/avenida-paulista\/wp-content\/uploads\/2026\/01\/reveillon-na-paulista-veja-como-chegar-esquema-de-transporte-e-ruas-bloqueadas-em-sp.webp\" \/>\n<meta name=\"author\" content=\"Encontra Avenida Paulista\" \/>\n<meta name=\"twitter:card\" content=\"summary_large_image\" \/>\n<meta name=\"twitter:label1\" content=\"Escrito por\" \/>\n\t<meta name=\"twitter:data1\" content=\"Encontra Avenida Paulista\" \/>\n\t<meta name=\"twitter:label2\" content=\"Est. tempo de leitura\" \/>\n\t<meta name=\"twitter:data2\" content=\"8 minutos\" \/>\n<script type=\"application\/ld+json\" class=\"yoast-schema-graph\">{\"@context\":\"https:\/\/schema.org\",\"@graph\":[{\"@type\":\"WebPage\",\"@id\":\"https:\/\/www.encontrabelavista.com.br\/avenida-paulista\/reveillon-na-paulista-veja-como-chegar-esquema-de-transporte-e-ruas-bloqueadas-em-sp\/\",\"url\":\"https:\/\/www.encontrabelavista.com.br\/avenida-paulista\/reveillon-na-paulista-veja-como-chegar-esquema-de-transporte-e-ruas-bloqueadas-em-sp\/\",\"name\":\"R\u00e9veillon na Paulista: veja como chegar, esquema de transporte e ruas bloqueadas em SP - Encontra Avenida Paulista\",\"isPartOf\":{\"@id\":\"https:\/\/www.encontrabelavista.com.br\/avenida-paulista\/#website\"},\"primaryImageOfPage\":{\"@id\":\"https:\/\/www.encontrabelavista.com.br\/avenida-paulista\/reveillon-na-paulista-veja-como-chegar-esquema-de-transporte-e-ruas-bloqueadas-em-sp\/#primaryimage\"},\"image\":{\"@id\":\"https:\/\/www.encontrabelavista.com.br\/avenida-paulista\/reveillon-na-paulista-veja-como-chegar-esquema-de-transporte-e-ruas-bloqueadas-em-sp\/#primaryimage\"},\"thumbnailUrl\":\"https:\/\/www.encontrabelavista.com.br\/avenida-paulista\/wp-content\/uploads\/2026\/01\/reveillon-na-paulista-veja-como-chegar-esquema-de-transporte-e-ruas-bloqueadas-em-sp.webp\",\"datePublished\":\"2026-01-04T14:55:12+00:00\",\"author\":{\"@id\":\"https:\/\/www.encontrabelavista.com.br\/avenida-paulista\/#\/schema\/person\/63c71a69a5879155285aa7cf79ec3e40\"},\"breadcrumb\":{\"@id\":\"https:\/\/www.encontrabelavista.com.br\/avenida-paulista\/reveillon-na-paulista-veja-como-chegar-esquema-de-transporte-e-ruas-bloqueadas-em-sp\/#breadcrumb\"},\"inLanguage\":\"pt-BR\",\"potentialAction\":[{\"@type\":\"ReadAction\",\"target\":[\"https:\/\/www.encontrabelavista.com.br\/avenida-paulista\/reveillon-na-paulista-veja-como-chegar-esquema-de-transporte-e-ruas-bloqueadas-em-sp\/\"]}]},{\"@type\":\"ImageObject\",\"inLanguage\":\"pt-BR\",\"@id\":\"https:\/\/www.encontrabelavista.com.br\/avenida-paulista\/reveillon-na-paulista-veja-como-chegar-esquema-de-transporte-e-ruas-bloqueadas-em-sp\/#primaryimage\",\"url\":\"https:\/\/www.encontrabelavista.com.br\/avenida-paulista\/wp-content\/uploads\/2026\/01\/reveillon-na-paulista-veja-como-chegar-esquema-de-transporte-e-ruas-bloqueadas-em-sp.webp\",\"contentUrl\":\"https:\/\/www.encontrabelavista.com.br\/avenida-paulista\/wp-content\/uploads\/2026\/01\/reveillon-na-paulista-veja-como-chegar-esquema-de-transporte-e-ruas-bloqueadas-em-sp.webp\",\"width\":320,\"height\":280,\"caption\":\"R\u00e9veillon na Paulista\"},{\"@type\":\"BreadcrumbList\",\"@id\":\"https:\/\/www.encontrabelavista.com.br\/avenida-paulista\/reveillon-na-paulista-veja-como-chegar-esquema-de-transporte-e-ruas-bloqueadas-em-sp\/#breadcrumb\",\"itemListElement\":[{\"@type\":\"ListItem\",\"position\":1,\"name\":\"In\u00edcio\",\"item\":\"https:\/\/www.encontrabelavista.com.br\/avenida-paulista\/\"},{\"@type\":\"ListItem\",\"position\":2,\"name\":\"R\u00e9veillon na Paulista: veja como chegar, esquema de transporte e ruas bloqueadas em SP\"}]},{\"@type\":\"WebSite\",\"@id\":\"https:\/\/www.encontrabelavista.com.br\/avenida-paulista\/#website\",\"url\":\"https:\/\/www.encontrabelavista.com.br\/avenida-paulista\/\",\"name\":\"Encontra Avenida Paulista\",\"description\":\"ENCONTRA AVENIDA PAULISTA - O guia comercial de neg\u00f3cios e empresas, cultura e divers\u00e3o na Avenida Paulista. Feito 100% para voc\u00ea morador!\",\"potentialAction\":[{\"@type\":\"SearchAction\",\"target\":{\"@type\":\"EntryPoint\",\"urlTemplate\":\"https:\/\/www.encontrabelavista.com.br\/avenida-paulista\/?s={search_term_string}\"},\"query-input\":{\"@type\":\"PropertyValueSpecification\",\"valueRequired\":true,\"valueName\":\"search_term_string\"}}],\"inLanguage\":\"pt-BR\"},{\"@type\":\"Person\",\"@id\":\"https:\/\/www.encontrabelavista.com.br\/avenida-paulista\/#\/schema\/person\/63c71a69a5879155285aa7cf79ec3e40\",\"name\":\"Encontra Avenida Paulista\",\"image\":{\"@type\":\"ImageObject\",\"inLanguage\":\"pt-BR\",\"@id\":\"https:\/\/www.encontrabelavista.com.br\/avenida-paulista\/#\/schema\/person\/image\/\",\"url\":\"https:\/\/secure.gravatar.com\/avatar\/c50c17820bcf322f0a8fd6b110b8c0918141409dc69076470f6fca5fee70a5d4?s=96&d=mm&r=g\",\"contentUrl\":\"https:\/\/secure.gravatar.com\/avatar\/c50c17820bcf322f0a8fd6b110b8c0918141409dc69076470f6fca5fee70a5d4?s=96&d=mm&r=g\",\"caption\":\"Encontra Avenida Paulista\"},\"url\":\"https:\/\/www.encontrabelavista.com.br\/avenida-paulista\/author\/encontraavenidapaulista\/\"}]}<\/script>\n<!-- \/ Yoast SEO plugin. -->","yoast_head_json":{"title":"R\u00e9veillon na Paulista: veja como chegar, esquema de transporte e ruas bloqueadas em SP - Encontra Avenida Paulista","robots":{"index":"index","follow":"follow","max-snippet":"max-snippet:-1","max-image-preview":"max-image-preview:large","max-video-preview":"max-video-preview:-1"},"canonical":"https:\/\/www.encontrabelavista.com.br\/avenida-paulista\/reveillon-na-paulista-veja-como-chegar-esquema-de-transporte-e-ruas-bloqueadas-em-sp\/","og_locale":"pt_BR","og_type":"article","og_title":"R\u00e9veillon na Paulista: veja como chegar, esquema de transporte e ruas bloqueadas em SP - Encontra Avenida Paulista","og_description":"R\u00e9veillon na Paulista: transporte, bloqueios e dicas de seguran\u00e7a para sua virada.","og_url":"https:\/\/www.encontrabelavista.com.br\/avenida-paulista\/reveillon-na-paulista-veja-como-chegar-esquema-de-transporte-e-ruas-bloqueadas-em-sp\/","og_site_name":"Encontra Avenida Paulista","article_published_time":"2026-01-04T14:55:12+00:00","og_image":[{"url":"https:\/\/www.encontrabelavista.com.br\/avenida-paulista\/wp-content\/uploads\/2026\/01\/reveillon-na-paulista-veja-como-chegar-esquema-de-transporte-e-ruas-bloqueadas-em-sp.webp","type":"","width":"","height":""}],"author":"Encontra Avenida Paulista","twitter_card":"summary_large_image","twitter_misc":{"Escrito por":"Encontra Avenida Paulista","Est. tempo de leitura":"8 minutos"},"schema":{"@context":"https:\/\/schema.org","@graph":[{"@type":"WebPage","@id":"https:\/\/www.encontrabelavista.com.br\/avenida-paulista\/reveillon-na-paulista-veja-como-chegar-esquema-de-transporte-e-ruas-bloqueadas-em-sp\/","url":"https:\/\/www.encontrabelavista.com.br\/avenida-paulista\/reveillon-na-paulista-veja-como-chegar-esquema-de-transporte-e-ruas-bloqueadas-em-sp\/","name":"R\u00e9veillon na Paulista: veja como chegar, esquema de transporte e ruas bloqueadas em SP - Encontra Avenida Paulista","isPartOf":{"@id":"https:\/\/www.encontrabelavista.com.br\/avenida-paulista\/#website"},"primaryImageOfPage":{"@id":"https:\/\/www.encontrabelavista.com.br\/avenida-paulista\/reveillon-na-paulista-veja-como-chegar-esquema-de-transporte-e-ruas-bloqueadas-em-sp\/#primaryimage"},"image":{"@id":"https:\/\/www.encontrabelavista.com.br\/avenida-paulista\/reveillon-na-paulista-veja-como-chegar-esquema-de-transporte-e-ruas-bloqueadas-em-sp\/#primaryimage"},"thumbnailUrl":"https:\/\/www.encontrabelavista.com.br\/avenida-paulista\/wp-content\/uploads\/2026\/01\/reveillon-na-paulista-veja-como-chegar-esquema-de-transporte-e-ruas-bloqueadas-em-sp.webp","datePublished":"2026-01-04T14:55:12+00:00","author":{"@id":"https:\/\/www.encontrabelavista.com.br\/avenida-paulista\/#\/schema\/person\/63c71a69a5879155285aa7cf79ec3e40"},"breadcrumb":{"@id":"https:\/\/www.encontrabelavista.com.br\/avenida-paulista\/reveillon-na-paulista-veja-como-chegar-esquema-de-transporte-e-ruas-bloqueadas-em-sp\/#breadcrumb"},"inLanguage":"pt-BR","potentialAction":[{"@type":"ReadAction","target":["https:\/\/www.encontrabelavista.com.br\/avenida-paulista\/reveillon-na-paulista-veja-como-chegar-esquema-de-transporte-e-ruas-bloqueadas-em-sp\/"]}]},{"@type":"ImageObject","inLanguage":"pt-BR","@id":"https:\/\/www.encontrabelavista.com.br\/avenida-paulista\/reveillon-na-paulista-veja-como-chegar-esquema-de-transporte-e-ruas-bloqueadas-em-sp\/#primaryimage","url":"https:\/\/www.encontrabelavista.com.br\/avenida-paulista\/wp-content\/uploads\/2026\/01\/reveillon-na-paulista-veja-como-chegar-esquema-de-transporte-e-ruas-bloqueadas-em-sp.webp","contentUrl":"https:\/\/www.encontrabelavista.com.br\/avenida-paulista\/wp-content\/uploads\/2026\/01\/reveillon-na-paulista-veja-como-chegar-esquema-de-transporte-e-ruas-bloqueadas-em-sp.webp","width":320,"height":280,"caption":"R\u00e9veillon na Paulista"},{"@type":"BreadcrumbList","@id":"https:\/\/www.encontrabelavista.com.br\/avenida-paulista\/reveillon-na-paulista-veja-como-chegar-esquema-de-transporte-e-ruas-bloqueadas-em-sp\/#breadcrumb","itemListElement":[{"@type":"ListItem","position":1,"name":"In\u00edcio","item":"https:\/\/www.encontrabelavista.com.br\/avenida-paulista\/"},{"@type":"ListItem","position":2,"name":"R\u00e9veillon na Paulista: veja como chegar, esquema de transporte e ruas bloqueadas em SP"}]},{"@type":"WebSite","@id":"https:\/\/www.encontrabelavista.com.br\/avenida-paulista\/#website","url":"https:\/\/www.encontrabelavista.com.br\/avenida-paulista\/","name":"Encontra Avenida Paulista","description":"ENCONTRA AVENIDA PAULISTA - O guia comercial de neg\u00f3cios e empresas, cultura e divers\u00e3o na Avenida Paulista. Feito 100% para voc\u00ea morador!","potentialAction":[{"@type":"SearchAction","target":{"@type":"EntryPoint","urlTemplate":"https:\/\/www.encontrabelavista.com.br\/avenida-paulista\/?s={search_term_string}"},"query-input":{"@type":"PropertyValueSpecification","valueRequired":true,"valueName":"search_term_string"}}],"inLanguage":"pt-BR"},{"@type":"Person","@id":"https:\/\/www.encontrabelavista.com.br\/avenida-paulista\/#\/schema\/person\/63c71a69a5879155285aa7cf79ec3e40","name":"Encontra Avenida Paulista","image":{"@type":"ImageObject","inLanguage":"pt-BR","@id":"https:\/\/www.encontrabelavista.com.br\/avenida-paulista\/#\/schema\/person\/image\/","url":"https:\/\/secure.gravatar.com\/avatar\/c50c17820bcf322f0a8fd6b110b8c0918141409dc69076470f6fca5fee70a5d4?s=96&d=mm&r=g","contentUrl":"https:\/\/secure.gravatar.com\/avatar\/c50c17820bcf322f0a8fd6b110b8c0918141409dc69076470f6fca5fee70a5d4?s=96&d=mm&r=g","caption":"Encontra Avenida Paulista"},"url":"https:\/\/www.encontrabelavista.com.br\/avenida-paulista\/author\/encontraavenidapaulista\/"}]}},"_links":{"self":[{"href":"https:\/\/www.encontrabelavista.com.br\/avenida-paulista\/wp-json\/wp\/v2\/posts\/5734","targetHints":{"allow":["GET"]}}],"collection":[{"href":"https:\/\/www.encontrabelavista.com.br\/avenida-paulista\/wp-json\/wp\/v2\/posts"}],"about":[{"href":"https:\/\/www.encontrabelavista.com.br\/avenida-paulista\/wp-json\/wp\/v2\/types\/post"}],"author":[{"embeddable":true,"href":"https:\/\/www.encontrabelavista.com.br\/avenida-paulista\/wp-json\/wp\/v2\/users\/1"}],"replies":[{"embeddable":true,"href":"https:\/\/www.encontrabelavista.com.br\/avenida-paulista\/wp-json\/wp\/v2\/comments?post=5734"}],"version-history":[{"count":0,"href":"https:\/\/www.encontrabelavista.com.br\/avenida-paulista\/wp-json\/wp\/v2\/posts\/5734\/revisions"}],"wp:featuredmedia":[{"embeddable":true,"href":"https:\/\/www.encontrabelavista.com.br\/avenida-paulista\/wp-json\/wp\/v2\/media\/5733"}],"wp:attachment":[{"href":"https:\/\/www.encontrabelavista.com.br\/avenida-paulista\/wp-json\/wp\/v2\/media?parent=5734"}],"wp:term":[{"taxonomy":"category","embeddable":true,"href":"https:\/\/www.encontrabelavista.com.br\/avenida-paulista\/wp-json\/wp\/v2\/categories?post=5734"},{"taxonomy":"post_tag","embeddable":true,"href":"https:\/\/www.encontrabelavista.com.br\/avenida-paulista\/wp-json\/wp\/v2\/tags?post=5734"}],"curies":[{"name":"wp","href":"https:\/\/api.w.org\/{rel}","templated":true}]}}