{"id":5736,"date":"2026-01-05T14:08:34","date_gmt":"2026-01-05T17:08:34","guid":{"rendered":"https:\/\/www.encontrabelavista.com.br\/avenida-paulista\/veja-quais-serao-os-shows-do-reveillon-da-paulista-programacao-tem-joao-gomes-ana-castela-e-padre-marcelo-rossi\/"},"modified":"2026-01-05T14:08:34","modified_gmt":"2026-01-05T17:08:34","slug":"veja-quais-serao-os-shows-do-reveillon-da-paulista-programacao-tem-joao-gomes-ana-castela-e-padre-marcelo-rossi","status":"publish","type":"post","link":"https:\/\/www.encontrabelavista.com.br\/avenida-paulista\/veja-quais-serao-os-shows-do-reveillon-da-paulista-programacao-tem-joao-gomes-ana-castela-e-padre-marcelo-rossi\/","title":{"rendered":"Veja quais ser\u00e3o os shows do R\u00e9veillon da Paulista; programa\u00e7\u00e3o tem Jo\u00e3o Gomes, Ana Castela e Padre Marcelo Rossi"},"content":{"rendered":"<h2>Abertura com DJ \u00e0 Meia-Noite<\/h2>\n<p>O R\u00e9veillon da Avenida Paulista \u00e9 um dos eventos mais esperados em S\u00e3o Paulo, atraindo milhares de pessoas que se re\u00fanem para celebrar a chegada do novo ano. A festa come\u00e7a cedo, com uma <strong>abertura musical programada para \u00e0s 8h do dia 31 de dezembro<\/strong>, onde DJs se revezam nas pick-ups, criando um ambiente animado e festivo para os presentes. Essa \u00e9 uma \u00f3tima oportunidade para os cidad\u00e3os e turistas se aquecerem antes de um dia repleto de atra\u00e7\u00f5es e performances. O clima de expectativa cresce \u00e0 medida que a contagem regressiva para \u00e0 meia-noite se aproxima. \u00c9 um momento em que todos se unem em celebra\u00e7\u00e3o, apreciando a m\u00fasica e a energia da festa.<\/p>\n<p>Os DJs da abertura do evento s\u00e3o escolhidos com cuidado, trazendo uma gama de estilos musicais que agradam a todos os gostos, desde eletr\u00f4nica at\u00e9 pop, garantindo que pessoas de diferentes idades se sintam bem-vindas. A abertura \u00e9 um aperitivo do que est\u00e1 por vir, preparando o p\u00fablico para as atra\u00e7\u00f5es principais da noite. A Avenida Paulista, com suas luzes vibrantes e o esp\u00edrito festivo que permeia a atmosfera, se transforma em um grande palco ao ar livre.<\/p>\n<h2>Jo\u00e3o Gomes \u00e9 uma das Atra\u00e7\u00f5es Principais<\/h2>\n<p>Uma das grandes atra\u00e7\u00f5es do R\u00e9veillon \u00e9, sem d\u00favida, <strong>Jo\u00e3o Gomes<\/strong>, um dos cantores mais influentes da m\u00fasica brasileira atual. Conhecido pelo seu estilo aut\u00eantico que mistura o sertanejo e o forr\u00f3, Jo\u00e3o traz consigo uma legi\u00e3o de f\u00e3s que o seguem em todas as suas apresenta\u00e7\u00f5es. Durante o evento, ele promete encantar a multid\u00e3o com seus sucessos, incluindo cl\u00e1ssicos que todo mundo adora cantar junto.<\/p>\n<p><img decoding=\"async\" src=\"https:\/\/www.encontrabelavista.com.br\/avenida-paulista\/wp-content\/uploads\/2026\/01\/veja-quais-serao-os-shows-do-reveillon-da-paulista-programacao-tem-joao-gomes-ana-castela-e-padre-ma.webp\" alt=\"R\u00e9veillon da Paulista\" loading=\"lazy\" \/><\/p>\n<p>A presen\u00e7a de artistas conhecidos como Jo\u00e3o Gomes \u00e9 um dos pontos que torna o R\u00e9veillon da Paulista t\u00e3o especial. Ele representa a nova gera\u00e7\u00e3o de m\u00fasicos que t\u00eam feito um grande sucesso nas paradas musicais brasileiras, e sua performance \u00e9 sempre aguardada com grande expectativa. Seus shows costumam ser marcados por uma energia contagiante, onde interage com o p\u00fablico de forma calorosa, tornando a experi\u00eancia ainda mais memor\u00e1vel para quem est\u00e1 presente.<\/p>\n<p>Al\u00e9m de sua voz e carisma, o cen\u00e1rio impec\u00e1vel da Avenida Paulista ao fundo se complementa com uma produ\u00e7\u00e3o de luzes e efeitos visuais que deixam cada performance ainda mais impressionante. Durante o show, todos se envolvem na dan\u00e7a e na celebra\u00e7\u00e3o, cantando junto com os hits que conquistaram o cora\u00e7\u00e3o dos brasileiros. A atmosfera \u00e9 de alegria pura, e todos ali t\u00eam um s\u00f3 objetivo: celebrar e come\u00e7ar o novo ano com o p\u00e9 direito.<\/p>\n<h2>Padre Marcelo Rossi Com Emocionantes Mensagens<\/h2>\n<p>Outro destaque da programa\u00e7\u00e3o \u00e9 a presen\u00e7a do <strong>Padre Marcelo Rossi<\/strong>, que \u00e9 amplamente reconhecido por suas mensagens inspiradoras e por espalhar amor e esperan\u00e7a por onde passa. Em um evento como o R\u00e9veillon, a participa\u00e7\u00e3o dele \u00e9 um grande presente para muitos que buscam n\u00e3o apenas divers\u00e3o, mas tamb\u00e9m um momento de reflex\u00e3o e espiritualidade. Sua apresenta\u00e7\u00e3o est\u00e1 marcada para as 16h, antes de algumas das principais atra\u00e7\u00f5es da m\u00fasica popular brasileira.<\/p>\n<p>O Padre Marcelo, conhecido por permitir que a f\u00e9 perpassasse seus trabalhos, oferece aos presentes uma mensagem de esperan\u00e7a e renova\u00e7\u00e3o, um tema que \u00e9 muito pertinente neste momento de passagem de ano. Durante sua fala, ele convida todos a refletirem sobre os acontecimentos do ano que passou e a terem otimismo em rela\u00e7\u00e3o ao futuro. Suas palavras s\u00e3o sempre acompanhadas de m\u00fasicas que falam ao cora\u00e7\u00e3o, tocando o p\u00fablico e trazendo um sentimento de paz.<\/p>\n<p>Essa combina\u00e7\u00e3o de espiritualidade com a celebra\u00e7\u00e3o do R\u00e9veillon faz da experi\u00eancia algo \u00fanico. Para muitos, \u00e9 uma oportunidade de recome\u00e7o e de renova\u00e7\u00e3o, refor\u00e7ando a import\u00e2ncia de entrar no novo ano com boas vibra\u00e7\u00f5es e energias positivas. Sua presen\u00e7a na programa\u00e7\u00e3o se mostra essencial para aqueles que valorizam tanto a festividade externa quanto o crescimento pessoal que pode advir desse momento.<\/p>\n<h2>Ana Castela Trar\u00e1 Sucessos do Sertanejo<\/h2>\n<p>A m\u00fasica sertaneja tem um espa\u00e7o especial nas festas de fim de ano, e para isso, a cantora <strong>Ana Castela<\/strong> \u00e9 uma das atra\u00e7\u00f5es que promete animar a festa com seus hits. Conhecida por seu estilo envolvente e suas letras que ressoam com muitos jovens, Ana se apresenta no palco principal, trazendo uma mistura de romantismo e alegria que \u00e9 caracter\u00edstica do sertanejo moderno.<\/p>\n<p>Os f\u00e3s de Ana Castela podem esperar por uma apresenta\u00e7\u00e3o electrizante, repleta de m\u00fasicas que fazem parte de sua trajet\u00f3ria e que se tornaram sucessos nas paradas. Seu carisma e intera\u00e7\u00e3o com o p\u00fablico garantem que todos sintam-se parte do show, criando uma atmosfera de celebra\u00e7\u00e3o e inclus\u00e3o.<\/p>\n<p>A presen\u00e7a de Ana \u00e9 especialmente significativa, pois ela representa a for\u00e7a da nova gera\u00e7\u00e3o de artistas sertanejos, que t\u00eam se destacado pela inova\u00e7\u00e3o e pela autenticidade em suas produ\u00e7\u00f5es. Com seu estilo que atrai v\u00e1rias faixas et\u00e1rias, permite que a festa atenda a um p\u00fablico diversificado, unindo pessoas em torno da boa m\u00fasica e do clima festivo.<\/p>\n<h2>Programa\u00e7\u00e3o Completa da Festa de R\u00e9veillon<\/h2>\n<p>A programa\u00e7\u00e3o do R\u00e9veillon na Avenida Paulista \u00e9 cuidadosamente elaborada para oferecer uma experi\u00eancia inesquec\u00edvel aos participantes. O evento ter\u00e1 um total de <strong>dez atra\u00e7\u00f5es art\u00edsticas ao longo de 14 horas de programa\u00e7\u00e3o<\/strong>, proporcionando entretenimento pluriforme. Abaixo, a programa\u00e7\u00e3o inclui:<\/p>\n<ul>\n<li>14h \u2013 <strong>Colo de Deus<\/strong><\/li>\n<li>14h30 \u2013 <strong>Frei Gilson<\/strong><\/li>\n<li>16h \u2013 <strong>Padre Marcelo Rossi<\/strong><\/li>\n<li>18h \u2013 <strong>Jo\u00e3o Gomes<\/strong><\/li>\n<li>19h30 \u2013 <strong>Belo<\/strong><\/li>\n<li>20h40 \u2013 <strong>Maiara &#038; Maraisa<\/strong><\/li>\n<li>22h \u2013 <strong>Ana Castela<\/strong><\/li>\n<li>23h20 \u2013 <strong>Simone Mendes<\/strong><\/li>\n<li>1h40 \u2013 <strong>Latino<\/strong><\/li>\n<\/ul>\n<p>Al\u00e9m das apresenta\u00e7\u00f5es musicais, a festa contar\u00e1 com uma <strong>queima de fogos silenciosa<\/strong> de 15 minutos, uma parte que \u00e9 sempre aguardada com ansiedade e alegria. Este elemento traz um toque especial ao evento, ajudando a criar a atmosfera m\u00e1gica que todos esperam ao celebrar a virada do ano.<\/p>\n<h2>Como Chegar \u00e0 Avenida Paulista<\/h2>\n<p>A Avenida Paulista \u00e9 uma das \u00e1reas mais ic\u00f4nicas de S\u00e3o Paulo e, por isso, \u00e9 muito acess\u00edvel. Para quem deseja participar do R\u00e9veillon, \u00e9 importante planejar a chegada. O local conta com diversas op\u00e7\u00f5es de transporte p\u00fablico, tornando f\u00e1cil para os participantes chegarem ao evento sem maiores dificuldades.<\/p>\n<p>O <strong>metr\u00f4<\/strong> \u00e9 uma das melhores op\u00e7\u00f5es, com as esta\u00e7\u00f5es Trianon-Masp e Brigadeiro servindo como entradas principais para a festa. Para quem prefere ir de \u00f4nibus, diversas linhas circulam pela Paulista e adjac\u00eancias, facilitando o acesso. O uso de carro particular n\u00e3o \u00e9 recomendado devido \u00e0 grande quantidade de pessoas e ao fechamento das ruas pr\u00f3ximas ao evento.<\/p>\n<p>Uma dica \u00e9 chegar cedo, para conseguir um bom lugar e aproveitar ao m\u00e1ximo as apresenta\u00e7\u00f5es, al\u00e9m de garantir um espa\u00e7o confort\u00e1vel para curtir a festa. A Avenida Paulista se enche de vida e cores, e \u00e9 um espet\u00e1culo simplesmente maravilhoso antes mesmo de a festa come\u00e7ar.<\/p>\n<h2>Dicas para Aproveitar o R\u00e9veillon<\/h2>\n<p>Participar do R\u00e9veillon da Paulista \u00e9 uma tradi\u00e7\u00e3o para muitos, mas \u00e9 preciso estar preparado para garantir que todos tenham uma experi\u00eancia agrad\u00e1vel. Aqui est\u00e3o algumas dicas \u00fateis:<\/p>\n<ul>\n<li><strong>Chegue cedo:<\/strong> Para garantir um bom espa\u00e7o, especialmente se voc\u00ea deseja ver de perto as apresenta\u00e7\u00f5es.<\/li>\n<li><strong>Leve \u00e1gua e lanches:<\/strong> A movimenta\u00e7\u00e3o pode ser intensa, e ter \u00e1gua e lanches ajudar\u00e1 a manter a energia ao longo do evento.<\/li>\n<li><strong>Use roupas confort\u00e1veis:<\/strong> Prepare-se para ficar de p\u00e9 e dan\u00e7ar, por isso, escolha um traje que proporcione conforto.<\/li>\n<li><strong>Protetor solar:<\/strong> Se o dia estiver ensolarado, proteja-se do sol, especialmente durante as apresenta\u00e7\u00f5es diurnas.<\/li>\n<li><strong>Cuidado com itens pessoais:<\/strong> \u00c9 importante manter seus pertences seguros em meio \u00e0 multid\u00e3o.<\/li>\n<li><strong>Use transporte p\u00fablico:<\/strong> Para evitar congestionamentos e dificuldades de estacionamento, o transporte p\u00fablico \u00e9 sempre a melhor op\u00e7\u00e3o.<\/li>\n<\/ul>\n<h2>Seguran\u00e7a e Regras para o Evento<\/h2>\n<p>A seguran\u00e7a \u00e9 uma prioridade em eventos de grande escala como o R\u00e9veillon da Paulista. A prefeitura e as for\u00e7as de seguran\u00e7a trabalham em conjunto para garantir que todos possam aproveitar a festa com tranquilidade. \u00c9 importante que os participantes sigam algumas regras durante o evento para garantir a seguran\u00e7a e o conforto de todos.<\/p>\n<p>Algumas das principais regras incluem:<\/p>\n<ul>\n<li><strong>Proibi\u00e7\u00e3o de bebidas alco\u00f3licas em via p\u00fablica:<\/strong> Bebidas alco\u00f3licas n\u00e3o s\u00e3o permitidas nas ruas da Avenida, para garantir um ambiente seguro e familiar.<\/li>\n<li><strong>Respeitar o espa\u00e7o dos outros:<\/strong> Em meio a tanta gente, o respeito ao pr\u00f3ximo \u00e9 fundamental.<\/li>\n<li><strong>Grupos devem manter a uni\u00e3o:<\/strong> Para evitar separa\u00e7\u00f5es e garantir que todos permane\u00e7am juntos durante a festa.<\/li>\n<li><strong>Seguir instru\u00e7\u00f5es das autoridades:<\/strong> As autoridades presentes estar\u00e3o garantindo a ordem e a seguran\u00e7a, e suas instru\u00e7\u00f5es devem ser seguidas.<\/li>\n<\/ul>\n<h2>Expectativa para a Queima de Fogos<\/h2>\n<p>A queima de fogos, que ocorre logo ap\u00f3s a meia-noite, \u00e9 um dos momentos mais esperados da celebra\u00e7\u00e3o. Em 2025, o evento conta com uma queima de fogos <strong>silenciosa de 15 minutos<\/strong>, um elemento que foi introduzido para reduzir a polui\u00e7\u00e3o sonora e permitir que as pessoas possam apreciar o espet\u00e1culo visual sem os estampidos dos fogos.<\/p>\n<p>Este novo formato de queima de fogos promete encantar todos os presentes, proporcionando um show de luzes que se reflete no brilho das celebra\u00e7\u00f5es. \u00c9 uma maneira de come\u00e7ar o novo ano com um espet\u00e1culo de cores, que simboliza esperan\u00e7a, renova\u00e7\u00f5es e novas possibilidades para a vida de todos.<\/p>\n<h2>Hist\u00f3rico de Atra\u00e7\u00f5es do R\u00e9veillon da Paulista<\/h2>\n<p>O R\u00e9veillon da Paulista tem uma rica hist\u00f3ria de atra\u00e7\u00f5es que se tornaram parte da tradi\u00e7\u00e3o de S\u00e3o Paulo. A cada ano, a festa re\u00fane grandes nomes da m\u00fasica brasileira, assegurando que todos os gostos sejam contemplados. Desde suas primeiras edi\u00e7\u00f5es, o evento permaneceu como um marco na cultura paulistana e se expandiu significativamente em termos de p\u00fablico e programa\u00e7\u00e3o.<\/p>\n<p>Embora este ano conte com uma programa\u00e7\u00e3o especial, artistas renomados j\u00e1 se apresentaram no passado, como Gal Costa, Caetano Veloso e v\u00e1rias duplas sertanejas que deixaram sua marca nesse evento grandioso. A diversidade de g\u00eaneros e estilos reflete a pluralidade da pr\u00f3pria cidade de S\u00e3o Paulo.<\/p>\n<p>A evolu\u00e7\u00e3o do R\u00e9veillon da Paulista tamb\u00e9m reflete as mudan\u00e7as sociais e culturais do pa\u00eds. Cada ano \u00e9 marcado por uma nova energia, uma nova expectativa e novas experi\u00eancias, estabelecendo a festa n\u00e3o apenas como um evento de celebra\u00e7\u00e3o, mas tamb\u00e9m como um lugar de encontro, uni\u00e3o e renova\u00e7\u00e3o de esperan\u00e7as para os novos come\u00e7os.<\/p>\n","protected":false},"excerpt":{"rendered":"<p>R\u00e9veillon da Paulista ter\u00e1 shows com Jo\u00e3o Gomes, Ana Castela e Padre Marcelo Rossi.<\/p>\n","protected":false},"author":1,"featured_media":5735,"comment_status":"open","ping_status":"","sticky":false,"template":"","format":"standard","meta":{"footnotes":""},"categories":[5],"tags":[],"class_list":["post-5736","post","type-post","status-publish","format-standard","has-post-thumbnail","hentry","category-noticias","has_thumb"],"yoast_head":"<!-- This site is optimized with the Yoast SEO plugin v26.4 - https:\/\/yoast.com\/wordpress\/plugins\/seo\/ -->\n<title>Veja quais ser\u00e3o os shows do R\u00e9veillon da Paulista; programa\u00e7\u00e3o tem Jo\u00e3o Gomes, Ana Castela e Padre Marcelo Rossi - Encontra Avenida Paulista<\/title>\n<meta name=\"robots\" content=\"index, follow, max-snippet:-1, max-image-preview:large, max-video-preview:-1\" \/>\n<link rel=\"canonical\" href=\"https:\/\/www.encontrabelavista.com.br\/avenida-paulista\/veja-quais-serao-os-shows-do-reveillon-da-paulista-programacao-tem-joao-gomes-ana-castela-e-padre-marcelo-rossi\/\" \/>\n<meta property=\"og:locale\" content=\"pt_BR\" \/>\n<meta property=\"og:type\" content=\"article\" \/>\n<meta property=\"og:title\" content=\"Veja quais ser\u00e3o os shows do R\u00e9veillon da Paulista; programa\u00e7\u00e3o tem Jo\u00e3o Gomes, Ana Castela e Padre Marcelo Rossi - Encontra Avenida Paulista\" \/>\n<meta property=\"og:description\" content=\"R\u00e9veillon da Paulista ter\u00e1 shows com Jo\u00e3o Gomes, Ana Castela e Padre Marcelo Rossi.\" \/>\n<meta property=\"og:url\" content=\"https:\/\/www.encontrabelavista.com.br\/avenida-paulista\/veja-quais-serao-os-shows-do-reveillon-da-paulista-programacao-tem-joao-gomes-ana-castela-e-padre-marcelo-rossi\/\" \/>\n<meta property=\"og:site_name\" content=\"Encontra Avenida Paulista\" \/>\n<meta property=\"article:published_time\" content=\"2026-01-05T17:08:34+00:00\" \/>\n<meta property=\"og:image\" content=\"https:\/\/www.encontrabelavista.com.br\/avenida-paulista\/wp-content\/uploads\/2026\/01\/veja-quais-serao-os-shows-do-reveillon-da-paulista-programacao-tem-joao-gomes-ana-castela-e-padre-ma.webp\" \/>\n<meta name=\"author\" content=\"Encontra Avenida Paulista\" \/>\n<meta name=\"twitter:card\" content=\"summary_large_image\" \/>\n<meta name=\"twitter:label1\" content=\"Escrito por\" \/>\n\t<meta name=\"twitter:data1\" content=\"Encontra Avenida Paulista\" \/>\n\t<meta name=\"twitter:label2\" content=\"Est. tempo de leitura\" \/>\n\t<meta name=\"twitter:data2\" content=\"9 minutos\" \/>\n<script type=\"application\/ld+json\" class=\"yoast-schema-graph\">{\"@context\":\"https:\/\/schema.org\",\"@graph\":[{\"@type\":\"WebPage\",\"@id\":\"https:\/\/www.encontrabelavista.com.br\/avenida-paulista\/veja-quais-serao-os-shows-do-reveillon-da-paulista-programacao-tem-joao-gomes-ana-castela-e-padre-marcelo-rossi\/\",\"url\":\"https:\/\/www.encontrabelavista.com.br\/avenida-paulista\/veja-quais-serao-os-shows-do-reveillon-da-paulista-programacao-tem-joao-gomes-ana-castela-e-padre-marcelo-rossi\/\",\"name\":\"Veja quais ser\u00e3o os shows do R\u00e9veillon da Paulista; programa\u00e7\u00e3o tem Jo\u00e3o Gomes, Ana Castela e Padre Marcelo Rossi - Encontra Avenida Paulista\",\"isPartOf\":{\"@id\":\"https:\/\/www.encontrabelavista.com.br\/avenida-paulista\/#website\"},\"primaryImageOfPage\":{\"@id\":\"https:\/\/www.encontrabelavista.com.br\/avenida-paulista\/veja-quais-serao-os-shows-do-reveillon-da-paulista-programacao-tem-joao-gomes-ana-castela-e-padre-marcelo-rossi\/#primaryimage\"},\"image\":{\"@id\":\"https:\/\/www.encontrabelavista.com.br\/avenida-paulista\/veja-quais-serao-os-shows-do-reveillon-da-paulista-programacao-tem-joao-gomes-ana-castela-e-padre-marcelo-rossi\/#primaryimage\"},\"thumbnailUrl\":\"https:\/\/www.encontrabelavista.com.br\/avenida-paulista\/wp-content\/uploads\/2026\/01\/veja-quais-serao-os-shows-do-reveillon-da-paulista-programacao-tem-joao-gomes-ana-castela-e-padre-ma.webp\",\"datePublished\":\"2026-01-05T17:08:34+00:00\",\"author\":{\"@id\":\"https:\/\/www.encontrabelavista.com.br\/avenida-paulista\/#\/schema\/person\/63c71a69a5879155285aa7cf79ec3e40\"},\"breadcrumb\":{\"@id\":\"https:\/\/www.encontrabelavista.com.br\/avenida-paulista\/veja-quais-serao-os-shows-do-reveillon-da-paulista-programacao-tem-joao-gomes-ana-castela-e-padre-marcelo-rossi\/#breadcrumb\"},\"inLanguage\":\"pt-BR\",\"potentialAction\":[{\"@type\":\"ReadAction\",\"target\":[\"https:\/\/www.encontrabelavista.com.br\/avenida-paulista\/veja-quais-serao-os-shows-do-reveillon-da-paulista-programacao-tem-joao-gomes-ana-castela-e-padre-marcelo-rossi\/\"]}]},{\"@type\":\"ImageObject\",\"inLanguage\":\"pt-BR\",\"@id\":\"https:\/\/www.encontrabelavista.com.br\/avenida-paulista\/veja-quais-serao-os-shows-do-reveillon-da-paulista-programacao-tem-joao-gomes-ana-castela-e-padre-marcelo-rossi\/#primaryimage\",\"url\":\"https:\/\/www.encontrabelavista.com.br\/avenida-paulista\/wp-content\/uploads\/2026\/01\/veja-quais-serao-os-shows-do-reveillon-da-paulista-programacao-tem-joao-gomes-ana-castela-e-padre-ma.webp\",\"contentUrl\":\"https:\/\/www.encontrabelavista.com.br\/avenida-paulista\/wp-content\/uploads\/2026\/01\/veja-quais-serao-os-shows-do-reveillon-da-paulista-programacao-tem-joao-gomes-ana-castela-e-padre-ma.webp\",\"width\":320,\"height\":280,\"caption\":\"R\u00e9veillon da Paulista\"},{\"@type\":\"BreadcrumbList\",\"@id\":\"https:\/\/www.encontrabelavista.com.br\/avenida-paulista\/veja-quais-serao-os-shows-do-reveillon-da-paulista-programacao-tem-joao-gomes-ana-castela-e-padre-marcelo-rossi\/#breadcrumb\",\"itemListElement\":[{\"@type\":\"ListItem\",\"position\":1,\"name\":\"In\u00edcio\",\"item\":\"https:\/\/www.encontrabelavista.com.br\/avenida-paulista\/\"},{\"@type\":\"ListItem\",\"position\":2,\"name\":\"Veja quais ser\u00e3o os shows do R\u00e9veillon da Paulista; programa\u00e7\u00e3o tem Jo\u00e3o Gomes, Ana Castela e Padre Marcelo Rossi\"}]},{\"@type\":\"WebSite\",\"@id\":\"https:\/\/www.encontrabelavista.com.br\/avenida-paulista\/#website\",\"url\":\"https:\/\/www.encontrabelavista.com.br\/avenida-paulista\/\",\"name\":\"Encontra Avenida Paulista\",\"description\":\"ENCONTRA AVENIDA PAULISTA - O guia comercial de neg\u00f3cios e empresas, cultura e divers\u00e3o na Avenida Paulista. Feito 100% para voc\u00ea morador!\",\"potentialAction\":[{\"@type\":\"SearchAction\",\"target\":{\"@type\":\"EntryPoint\",\"urlTemplate\":\"https:\/\/www.encontrabelavista.com.br\/avenida-paulista\/?s={search_term_string}\"},\"query-input\":{\"@type\":\"PropertyValueSpecification\",\"valueRequired\":true,\"valueName\":\"search_term_string\"}}],\"inLanguage\":\"pt-BR\"},{\"@type\":\"Person\",\"@id\":\"https:\/\/www.encontrabelavista.com.br\/avenida-paulista\/#\/schema\/person\/63c71a69a5879155285aa7cf79ec3e40\",\"name\":\"Encontra Avenida Paulista\",\"image\":{\"@type\":\"ImageObject\",\"inLanguage\":\"pt-BR\",\"@id\":\"https:\/\/www.encontrabelavista.com.br\/avenida-paulista\/#\/schema\/person\/image\/\",\"url\":\"https:\/\/secure.gravatar.com\/avatar\/c50c17820bcf322f0a8fd6b110b8c0918141409dc69076470f6fca5fee70a5d4?s=96&d=mm&r=g\",\"contentUrl\":\"https:\/\/secure.gravatar.com\/avatar\/c50c17820bcf322f0a8fd6b110b8c0918141409dc69076470f6fca5fee70a5d4?s=96&d=mm&r=g\",\"caption\":\"Encontra Avenida Paulista\"},\"url\":\"https:\/\/www.encontrabelavista.com.br\/avenida-paulista\/author\/encontraavenidapaulista\/\"}]}<\/script>\n<!-- \/ Yoast SEO plugin. -->","yoast_head_json":{"title":"Veja quais ser\u00e3o os shows do R\u00e9veillon da Paulista; programa\u00e7\u00e3o tem Jo\u00e3o Gomes, Ana Castela e Padre Marcelo Rossi - Encontra Avenida Paulista","robots":{"index":"index","follow":"follow","max-snippet":"max-snippet:-1","max-image-preview":"max-image-preview:large","max-video-preview":"max-video-preview:-1"},"canonical":"https:\/\/www.encontrabelavista.com.br\/avenida-paulista\/veja-quais-serao-os-shows-do-reveillon-da-paulista-programacao-tem-joao-gomes-ana-castela-e-padre-marcelo-rossi\/","og_locale":"pt_BR","og_type":"article","og_title":"Veja quais ser\u00e3o os shows do R\u00e9veillon da Paulista; programa\u00e7\u00e3o tem Jo\u00e3o Gomes, Ana Castela e Padre Marcelo Rossi - Encontra Avenida Paulista","og_description":"R\u00e9veillon da Paulista ter\u00e1 shows com Jo\u00e3o Gomes, Ana Castela e Padre Marcelo Rossi.","og_url":"https:\/\/www.encontrabelavista.com.br\/avenida-paulista\/veja-quais-serao-os-shows-do-reveillon-da-paulista-programacao-tem-joao-gomes-ana-castela-e-padre-marcelo-rossi\/","og_site_name":"Encontra Avenida Paulista","article_published_time":"2026-01-05T17:08:34+00:00","og_image":[{"url":"https:\/\/www.encontrabelavista.com.br\/avenida-paulista\/wp-content\/uploads\/2026\/01\/veja-quais-serao-os-shows-do-reveillon-da-paulista-programacao-tem-joao-gomes-ana-castela-e-padre-ma.webp","type":"","width":"","height":""}],"author":"Encontra Avenida Paulista","twitter_card":"summary_large_image","twitter_misc":{"Escrito por":"Encontra Avenida Paulista","Est. tempo de leitura":"9 minutos"},"schema":{"@context":"https:\/\/schema.org","@graph":[{"@type":"WebPage","@id":"https:\/\/www.encontrabelavista.com.br\/avenida-paulista\/veja-quais-serao-os-shows-do-reveillon-da-paulista-programacao-tem-joao-gomes-ana-castela-e-padre-marcelo-rossi\/","url":"https:\/\/www.encontrabelavista.com.br\/avenida-paulista\/veja-quais-serao-os-shows-do-reveillon-da-paulista-programacao-tem-joao-gomes-ana-castela-e-padre-marcelo-rossi\/","name":"Veja quais ser\u00e3o os shows do R\u00e9veillon da Paulista; programa\u00e7\u00e3o tem Jo\u00e3o Gomes, Ana Castela e Padre Marcelo Rossi - Encontra Avenida Paulista","isPartOf":{"@id":"https:\/\/www.encontrabelavista.com.br\/avenida-paulista\/#website"},"primaryImageOfPage":{"@id":"https:\/\/www.encontrabelavista.com.br\/avenida-paulista\/veja-quais-serao-os-shows-do-reveillon-da-paulista-programacao-tem-joao-gomes-ana-castela-e-padre-marcelo-rossi\/#primaryimage"},"image":{"@id":"https:\/\/www.encontrabelavista.com.br\/avenida-paulista\/veja-quais-serao-os-shows-do-reveillon-da-paulista-programacao-tem-joao-gomes-ana-castela-e-padre-marcelo-rossi\/#primaryimage"},"thumbnailUrl":"https:\/\/www.encontrabelavista.com.br\/avenida-paulista\/wp-content\/uploads\/2026\/01\/veja-quais-serao-os-shows-do-reveillon-da-paulista-programacao-tem-joao-gomes-ana-castela-e-padre-ma.webp","datePublished":"2026-01-05T17:08:34+00:00","author":{"@id":"https:\/\/www.encontrabelavista.com.br\/avenida-paulista\/#\/schema\/person\/63c71a69a5879155285aa7cf79ec3e40"},"breadcrumb":{"@id":"https:\/\/www.encontrabelavista.com.br\/avenida-paulista\/veja-quais-serao-os-shows-do-reveillon-da-paulista-programacao-tem-joao-gomes-ana-castela-e-padre-marcelo-rossi\/#breadcrumb"},"inLanguage":"pt-BR","potentialAction":[{"@type":"ReadAction","target":["https:\/\/www.encontrabelavista.com.br\/avenida-paulista\/veja-quais-serao-os-shows-do-reveillon-da-paulista-programacao-tem-joao-gomes-ana-castela-e-padre-marcelo-rossi\/"]}]},{"@type":"ImageObject","inLanguage":"pt-BR","@id":"https:\/\/www.encontrabelavista.com.br\/avenida-paulista\/veja-quais-serao-os-shows-do-reveillon-da-paulista-programacao-tem-joao-gomes-ana-castela-e-padre-marcelo-rossi\/#primaryimage","url":"https:\/\/www.encontrabelavista.com.br\/avenida-paulista\/wp-content\/uploads\/2026\/01\/veja-quais-serao-os-shows-do-reveillon-da-paulista-programacao-tem-joao-gomes-ana-castela-e-padre-ma.webp","contentUrl":"https:\/\/www.encontrabelavista.com.br\/avenida-paulista\/wp-content\/uploads\/2026\/01\/veja-quais-serao-os-shows-do-reveillon-da-paulista-programacao-tem-joao-gomes-ana-castela-e-padre-ma.webp","width":320,"height":280,"caption":"R\u00e9veillon da Paulista"},{"@type":"BreadcrumbList","@id":"https:\/\/www.encontrabelavista.com.br\/avenida-paulista\/veja-quais-serao-os-shows-do-reveillon-da-paulista-programacao-tem-joao-gomes-ana-castela-e-padre-marcelo-rossi\/#breadcrumb","itemListElement":[{"@type":"ListItem","position":1,"name":"In\u00edcio","item":"https:\/\/www.encontrabelavista.com.br\/avenida-paulista\/"},{"@type":"ListItem","position":2,"name":"Veja quais ser\u00e3o os shows do R\u00e9veillon da Paulista; programa\u00e7\u00e3o tem Jo\u00e3o Gomes, Ana Castela e Padre Marcelo Rossi"}]},{"@type":"WebSite","@id":"https:\/\/www.encontrabelavista.com.br\/avenida-paulista\/#website","url":"https:\/\/www.encontrabelavista.com.br\/avenida-paulista\/","name":"Encontra Avenida Paulista","description":"ENCONTRA AVENIDA PAULISTA - O guia comercial de neg\u00f3cios e empresas, cultura e divers\u00e3o na Avenida Paulista. Feito 100% para voc\u00ea morador!","potentialAction":[{"@type":"SearchAction","target":{"@type":"EntryPoint","urlTemplate":"https:\/\/www.encontrabelavista.com.br\/avenida-paulista\/?s={search_term_string}"},"query-input":{"@type":"PropertyValueSpecification","valueRequired":true,"valueName":"search_term_string"}}],"inLanguage":"pt-BR"},{"@type":"Person","@id":"https:\/\/www.encontrabelavista.com.br\/avenida-paulista\/#\/schema\/person\/63c71a69a5879155285aa7cf79ec3e40","name":"Encontra Avenida Paulista","image":{"@type":"ImageObject","inLanguage":"pt-BR","@id":"https:\/\/www.encontrabelavista.com.br\/avenida-paulista\/#\/schema\/person\/image\/","url":"https:\/\/secure.gravatar.com\/avatar\/c50c17820bcf322f0a8fd6b110b8c0918141409dc69076470f6fca5fee70a5d4?s=96&d=mm&r=g","contentUrl":"https:\/\/secure.gravatar.com\/avatar\/c50c17820bcf322f0a8fd6b110b8c0918141409dc69076470f6fca5fee70a5d4?s=96&d=mm&r=g","caption":"Encontra Avenida Paulista"},"url":"https:\/\/www.encontrabelavista.com.br\/avenida-paulista\/author\/encontraavenidapaulista\/"}]}},"_links":{"self":[{"href":"https:\/\/www.encontrabelavista.com.br\/avenida-paulista\/wp-json\/wp\/v2\/posts\/5736","targetHints":{"allow":["GET"]}}],"collection":[{"href":"https:\/\/www.encontrabelavista.com.br\/avenida-paulista\/wp-json\/wp\/v2\/posts"}],"about":[{"href":"https:\/\/www.encontrabelavista.com.br\/avenida-paulista\/wp-json\/wp\/v2\/types\/post"}],"author":[{"embeddable":true,"href":"https:\/\/www.encontrabelavista.com.br\/avenida-paulista\/wp-json\/wp\/v2\/users\/1"}],"replies":[{"embeddable":true,"href":"https:\/\/www.encontrabelavista.com.br\/avenida-paulista\/wp-json\/wp\/v2\/comments?post=5736"}],"version-history":[{"count":0,"href":"https:\/\/www.encontrabelavista.com.br\/avenida-paulista\/wp-json\/wp\/v2\/posts\/5736\/revisions"}],"wp:featuredmedia":[{"embeddable":true,"href":"https:\/\/www.encontrabelavista.com.br\/avenida-paulista\/wp-json\/wp\/v2\/media\/5735"}],"wp:attachment":[{"href":"https:\/\/www.encontrabelavista.com.br\/avenida-paulista\/wp-json\/wp\/v2\/media?parent=5736"}],"wp:term":[{"taxonomy":"category","embeddable":true,"href":"https:\/\/www.encontrabelavista.com.br\/avenida-paulista\/wp-json\/wp\/v2\/categories?post=5736"},{"taxonomy":"post_tag","embeddable":true,"href":"https:\/\/www.encontrabelavista.com.br\/avenida-paulista\/wp-json\/wp\/v2\/tags?post=5736"}],"curies":[{"name":"wp","href":"https:\/\/api.w.org\/{rel}","templated":true}]}}