{"id":5742,"date":"2026-01-06T15:57:33","date_gmt":"2026-01-06T18:57:33","guid":{"rendered":"https:\/\/www.encontrabelavista.com.br\/avenida-paulista\/ecletico-reveillon-na-av-paulista-reune-fieis-fas-e-ate-parabens-pra-voce-em-maratona-de-14-horas-de-shows\/"},"modified":"2026-01-06T15:57:33","modified_gmt":"2026-01-06T18:57:33","slug":"ecletico-reveillon-na-av-paulista-reune-fieis-fas-e-ate-parabens-pra-voce-em-maratona-de-14-horas-de-shows","status":"publish","type":"post","link":"https:\/\/www.encontrabelavista.com.br\/avenida-paulista\/ecletico-reveillon-na-av-paulista-reune-fieis-fas-e-ate-parabens-pra-voce-em-maratona-de-14-horas-de-shows\/","title":{"rendered":"Ecl\u00e9tico, R\u00e9veillon na Av. Paulista re\u00fane fi\u00e9is, f\u00e3s e at\u00e9 parab\u00e9ns pra voc\u00ea em maratona de 14 horas de shows"},"content":{"rendered":"<h2>Atra\u00e7\u00f5es Musicais do R\u00e9veillon<\/h2>\n<p>O R\u00e9veillon na Avenida Paulista \u00e9 um dos maiores eventos de celebra\u00e7\u00e3o do ano novo no Brasil, atraindo uma multid\u00e3o ansiosa por momentos de alegria e entretenimento. Este evento ic\u00f4nico n\u00e3o se resume apenas \u00e0s tradicionais comemora\u00e7\u00f5es, mas se transforma em um verdadeiro festival musical que se estende por 14 horas, reunindo uma ecl\u00e9tica variedade de artistas e g\u00eaneros musicais. Desde o in\u00edcio da tarde, a programa\u00e7\u00e3o musical conta com uma s\u00e9rie de atra\u00e7\u00f5es que garantem a divers\u00e3o do p\u00fablico, desde as primeiras horas do dia 31 de dezembro at\u00e9 a virada do ano.<\/p>\n<p>No ano de 2025, o evento teve um line-up diversificado que incluiu shows de Frei Gilson e Padre Marcelo Rossi, trazendo uma ess\u00eancia mais espiritual \u00e0 celebra\u00e7\u00e3o. A participa\u00e7\u00e3o de artistas religiosos \u00e9 uma marca registrada do evento, refletindo a cultura e a diversidade da popula\u00e7\u00e3o de S\u00e3o Paulo. A m\u00fasica de Frei Gilson, por exemplo, alcan\u00e7a muitos cora\u00e7\u00f5es e prepara o esp\u00edrito do p\u00fablico para as festividades.<\/p>\n<p>A sequ\u00eancia dos shows segue com grandes nomes da m\u00fasica popular brasileira, como Jo\u00e3o Gomes, Belo, Maiara e Mara\u00edsa, Ana Castela, Simone Mendes e Latino. Cada artista traz seu estilo \u00fanico, contribuindo para um ecletismo que \u00e9 uma das caracter\u00edsticas mais not\u00e1veis do R\u00e9veillon na Paulista. Por volta das 20h30, as irm\u00e3s g\u00eameas Maiara e Maraisa animaram a multid\u00e3o com m\u00fasicas ic\u00f4nicas do sertanejo, al\u00e9m de celebrar seu anivers\u00e1rio com o p\u00fablico, tornando o momento ainda mais especial e memor\u00e1vel.<\/p>\n<p><img decoding=\"async\" src=\"https:\/\/www.encontrabelavista.com.br\/avenida-paulista\/wp-content\/uploads\/2026\/01\/ecletico-reveillon-na-av-paulista-reune-fieis-fas-e-ate-parabens-pra-voce-em-maratona-de-14-horas-de.webp\" alt=\"R\u00e9veillon na Av. Paulista\" loading=\"lazy\" \/><\/p>\n<p>Al\u00e9m das performances ao vivo, DJs tamb\u00e9m se revezam entre os shows, mantendo a energia l\u00e1 em cima at\u00e9 o amanhecer. Essa integra\u00e7\u00e3o de variados estilos musicais \u2014 do gospel ao sertanejo, passando pelo pagode e at\u00e9 pelo funk \u2014 demonstra a rica tape\u00e7aria cultural que comp\u00f5e o evento, tornando-o acess\u00edvel e prazeroso para todos os gostos.<\/p>\n<h2>Expectativa de P\u00fablico e Log\u00edstica<\/h2>\n<p>A cada ano, a expectativa para o R\u00e9veillon na Avenida Paulista \u00e9 sempre alta. Em 2025, estimou-se que cerca de 8 milh\u00f5es de pessoas estivessem presentes ao longo do evento. Essa grandiosidade n\u00e3o se limita apenas \u00e0 quantidade de pessoas; \u00e9 tamb\u00e9m um reflexo de um planejamento log\u00edstico meticuloso, que envolve seguran\u00e7a, transporte e infraestrutura adequados para receber uma multid\u00e3o. <\/p>\n<p>A Avenida Paulista, em si, \u00e9 um marco da cidade de S\u00e3o Paulo e, durante a festividade, transforma-se em um oceano de pessoas que buscam celebrar a virada do ano. A organiza\u00e7\u00e3o da festa est\u00e1 acostumada a gerenciar essa massiva concentra\u00e7\u00e3o humana. Para isso, s\u00e3o disponibilizadas v\u00e1rias entradas e sa\u00eddas, permitindo que as pessoas fluam de maneira ordenada entre os diferentes pontos de interesse ao longo da avenida.<\/p>\n<p>O transporte p\u00fablico tamb\u00e9m desempenha um papel crucial na log\u00edstica do evento. Durante o R\u00e9veillon, v\u00e1rias esta\u00e7\u00f5es de metr\u00f4 e pontos de \u00f4nibus s\u00e3o ampliados para garantir que as pessoas consigam chegar e retornar de casa de maneira segura. Este cuidado com a log\u00edstica refor\u00e7a o compromisso dos organizadores com a experi\u00eancia do p\u00fablico, evitando congestionamentos e garantindo a seguran\u00e7a de todos.<\/p>\n<h2>Principais Artistas e Sucessos<\/h2>\n<p>No R\u00e9veillon da Avenida Paulista, cada artista traz suas m\u00fasicas de sucesso, criando uma atmosfera festiva e envolvente. As apresenta\u00e7\u00f5es iniciam-se cedo, geralmente come\u00e7ando com os shows religiosos, que estabelecem um tom de uni\u00e3o e celebra\u00e7\u00e3o. Por exemplo, o Padre Marcelo Rossi e Frei Gilson n\u00e3o apenas entret\u00eam, mas tamb\u00e9m transmitem mensagens de esperan\u00e7a e reflex\u00e3o, engajando o p\u00fablico desde o in\u00edcio do evento.<\/p>\n<p>\u00c0 medida que a programa\u00e7\u00e3o avan\u00e7a, o p\u00fablico se entrega a ritmos mais animados e dan\u00e7antes. Jo\u00e3o Gomes, com seu estilo contagiante e sucesso entre o p\u00fablico jovem, agita a multid\u00e3o com can\u00e7\u00f5es como &#8220;Se for amor&#8221; e &#8220;A noite&#8221;. O clima festivo se intensifica quando Belo entra em cena, fazendo todos cantarem juntos suas m\u00fasicas rom\u00e2nticas que s\u00e3o verdadeiros cl\u00e1ssicos, como &#8220;Ma\u00e7\u00e3 do amor&#8221; e &#8220;Tua boca&#8221;.<\/p>\n<p>O esp\u00edrito da celebra\u00e7\u00e3o tamb\u00e9m \u00e9 compartilhado pelas g\u00eameas Maiara e Maraisa, que encantam o p\u00fablico ao comemorarem seu pr\u00f3prio anivers\u00e1rio, fazendo uma festa ainda mais inclusiva. Sucessos como &#8220;Esque\u00e7a-me se for capaz&#8221; fazem a audi\u00eancia vibrar, mostrando o poder da m\u00fasica sertaneja de cativar cora\u00e7\u00f5es e trazer alegria. Cada artista, com sua ess\u00eancia \u00fanica, contribui para uma noite carregada de emo\u00e7\u00f5es e recorda\u00e7\u00f5es que ficar\u00e3o marcadas para sempre na mem\u00f3ria dos presentes.<\/p>\n<h2>A Experi\u00eancia dos Festeiros<\/h2>\n<p>Participar do R\u00e9veillon na Avenida Paulista \u00e9 mais do que assistir a shows; \u00e9 vivenciar a energia coletiva de milh\u00f5es de pessoas unidas com um \u00fanico prop\u00f3sito: celebrar a chegada do novo ano. As ruas se tornam um grande espa\u00e7o de festa, onde amigos e fam\u00edlias se re\u00fanem, criando um ambiente acolhedor e festivo. A emo\u00e7\u00e3o \u00e9 palp\u00e1vel, e o calor humano constr\u00f3i um la\u00e7o forte entre os presentes, que muitas vezes se tornam amigos tempor\u00e1rios durante a festa.<\/p>\n<p>As expectativas aumentam \u00e0 medida que o hor\u00e1rio da virada se aproxima. Muitos est\u00e3o vestidos de branco, uma tradi\u00e7\u00e3o que simboliza a paz e a esperan\u00e7a para o novo ano. Ao passar pela Avenida Paulista, \u00e9 comum ouvir gritos de alegria, risadas e as conversas animadas de pessoas compartilhando seus planos e desejos para os pr\u00f3ximos 12 meses. Este aspecto comunit\u00e1rio do R\u00e9veillon \u00e9 essencial, pois mostra como a festa n\u00e3o \u00e9 apenas sobre a m\u00fasica, mas sobre a uni\u00e3o.<\/p>\n<p>Al\u00e9m disso, a experi\u00eancia \u00e9 enriquecida por elementos como a queima de fogos, que adiciona um espet\u00e1culo visual \u00e0 celebra\u00e7\u00e3o. Mesmo com a op\u00e7\u00e3o de fogos silenciosos em algumas edi\u00e7\u00f5es, a beleza do momento n\u00e3o diminui. As pessoas levantam suas lanternas e celulares para iluminar o c\u00e9u, criando um cen\u00e1rio m\u00e1gico que \u00e9 digno de ser registrado. A contagem regressiva \u00e9 um dos momentos de maior cl\u00edmax, onde todos se abra\u00e7am e desejam um feliz ano novo, espalhando votos de paz e felicidade.<\/p>\n<h2>Impacto Cultural e Religioso<\/h2>\n<p>O R\u00e9veillon na Avenida Paulista reflete a pluralidade cultural do Brasil, onde diversas tradi\u00e7\u00f5es e religi\u00f5es se encontram em um espa\u00e7o comum. Com a inclus\u00e3o de shows religiosos e mensagens de esperan\u00e7a de artistas cat\u00f3licos, o evento se torna n\u00e3o apenas uma celebra\u00e7\u00e3o festiva, mas tamb\u00e9m um momento para renovar a f\u00e9 e espiritualidade de todos os presentes.<\/p>\n<p>A presen\u00e7a de artistas como Padre Marcelo Rossi e Frei Gilson \u00e9 significativa, pois demonstra como a m\u00fasica religiosa dialoga com a cultura popular e \u00e9 capaz de unir diferentes cren\u00e7as e valores. Nas apresenta\u00e7\u00f5es, o p\u00fablico \u00e9 incentivado a expressar sua f\u00e9 e esperan\u00e7a atrav\u00e9s da m\u00fasica, criando um ambiente de reflex\u00e3o e celebra\u00e7\u00e3o ao mesmo tempo.<\/p>\n<p>Este aspecto cultural e religioso com certeza traz um charme especial ao evento, mostrando que os festejos do Ano Novo na Paulista s\u00e3o mais que um momento de pura festa, mas tamb\u00e9m uma oportunidade de renova\u00e7\u00e3o. As intera\u00e7\u00f5es que surgem entre pessoas de diferentes hist\u00f3rias e cren\u00e7as evidenciam o quanto a m\u00fasica e a celebra\u00e7\u00e3o podem criar la\u00e7os e fortalecer comunidades.<\/p>\n<h2>Hist\u00f3ria do R\u00e9veillon na Paulista<\/h2>\n<p>O R\u00e9veillon na Avenida Paulista tem uma rica hist\u00f3ria que remonta a muitos anos de comemora\u00e7\u00e3o do Ano Novo na cidade de S\u00e3o Paulo. Desde suas primeiras edi\u00e7\u00f5es, o evento evoluiu de uma simples reuni\u00e3o de amigos e familiares para um grande espet\u00e1culo que re\u00fane milh\u00f5es de pessoas anualmente. Originalmente, as festas de Ano Novo eram realizadas em ambientes mais restritos; no entanto, com o passar do tempo, a Avenida Paulista transformou-se no epicentro das celebra\u00e7\u00f5es.<\/p>\n<p>A primeira grande celebra\u00e7\u00e3o na Paulista ocorreu na d\u00e9cada de 1980, e, desde ent\u00e3o, o evento n\u00e3o parou de crescer. Com o aumento da popularidade, a necessidade de uma organiza\u00e7\u00e3o mais estruturada se tornou evidente. Hoje, a festa \u00e9 conhecida por sua ampla programa\u00e7\u00e3o, seguran\u00e7a e estrutura adequada, garantindo que todos possam desfrutar do evento de maneira confort\u00e1vel.<\/p>\n<p>O crescimento do R\u00e9veillon reflete n\u00e3o apenas a transforma\u00e7\u00e3o da Avenida Paulista em um s\u00edmbolo cultural, mas tamb\u00e9m a mudan\u00e7a nas celebra\u00e7\u00f5es de ano novo no Brasil, que passaram a ter uma abordagem mais coletiva e inclusiva. A evolu\u00e7\u00e3o deste evento \u00e9 um testemunho da capacidade da sociedade brasileira em se unir em torno de celebra\u00e7\u00f5es que promovem alegria e esperan\u00e7a.<\/p>\n<h2>Seguran\u00e7a e Acessibilidade no Evento<\/h2>\n<p>A seguran\u00e7a \u00e9 uma das maiores preocupa\u00e7\u00f5es durante grandes eventos como o R\u00e9veillon na Avenida Paulista. Com milh\u00f5es de pessoas congregadas em um espa\u00e7o relativamente pequeno, a organiza\u00e7\u00e3o do evento implementa uma s\u00e9rie de medidas para garantir a integridade e o bem-estar de todos os participantes. Desde a instala\u00e7\u00e3o de c\u00e2meras de seguran\u00e7a ao longo da avenida at\u00e9 a presen\u00e7a de uma grande equipe de seguran\u00e7a, que inclui policiais e seguran\u00e7as privados, cada aspecto \u00e9 meticulosamente planejado.<\/p>\n<p>Al\u00e9m da seguran\u00e7a, a acessibilidade \u00e9 um ponto crucial. Em edi\u00e7\u00f5es recentes, o evento tem se preocupado em garantir que todos possam desfrutar da festa, independentemente de qualquer condi\u00e7\u00e3o f\u00edsica. Caminhos livres para cadeirantes, banheiros adaptados e \u00e1reas espec\u00edficas para pessoas com defici\u00eancia s\u00e3o algumas das iniciativas que ajudam a promover um ambiente inclusivo e acolhedor.<\/p>\n<p>\u00c9 essencial que todos os p\u00fablicos se sintam seguros e bem-vindos, e o R\u00e9veillon na Paulista faz quest\u00e3o de atender a essas necessidades, pois o objetivo \u00e9 que cada pessoa que comparece ao evento tenha uma experi\u00eancia memor\u00e1vel e agrad\u00e1vel. O cuidado com seguran\u00e7a e acessibilidade demonstra que a inclus\u00e3o \u00e9 um valor heredit\u00e1rio do evento.<\/p>\n<h2>Reflex\u00e3o Sobre Festividades e Comunidade<\/h2>\n<p>O R\u00e9veillon na Avenida Paulista serve como um espa\u00e7o de reflex\u00e3o para muitos que se re\u00fanem para celebrar a chegada de um novo ano. Ao lado da festividade e da alegria, h\u00e1 uma sensa\u00e7\u00e3o de responsabilidade e esperan\u00e7a compartilhada entre os participantes. Cada um traz consigo suas expectativas e desejos, refletindo sobre o que passou e o que est\u00e1 por vir.<\/p>\n<p>A presen\u00e7a de diversos grupos e caracter\u00edsticas na multid\u00e3o ajuda a criar um ambiente de aceita\u00e7\u00e3o e uni\u00e3o, onde as pessoas se re\u00fanem por um objetivo comum: celebrar a vida e as oportunidades que est\u00e3o por vir. O evento, portanto, n\u00e3o \u00e9 apenas uma festa; \u00e9 um lembrete da import\u00e2ncia de estarmos juntos e apoiarmos uns aos outros.<\/p>\n<p>Esses momentos de partilha coletiva s\u00e3o fundamentais para refor\u00e7ar la\u00e7os comunit\u00e1rios, independente de diferen\u00e7as pessoais ou culturais. Refletir sobre o que significa celebrar em conjunto em uma cidade t\u00e3o diversa \u00e9 um presente que o R\u00e9veillon na Paulista proporciona a todos os presentes, promovendo a inclus\u00e3o, o respeito e a empatia.<\/p>\n<h2>Os Momentos Mais Marcantes<\/h2>\n<p>Os momentos mais marcantes do R\u00e9veillon na Avenida Paulista ficam gravados na mem\u00f3ria de quem participa. Cada ano traz suas pr\u00f3prias hist\u00f3rias, desde a emo\u00e7\u00e3o da contagem regressiva at\u00e9 a primeira m\u00fasica tocada logo ap\u00f3s o ano novo. O \u00e1pice da experi\u00eancia \u00e9, sem d\u00favida, a explos\u00e3o de alegria que ocorre quando o rel\u00f3gio marca meia-noite.<\/p>\n<p>A tradicional queima de fogos \u00e9 um dos momentos esperados por todos, criando um espet\u00e1culo visual que ilumina o c\u00e9u da cidade. Embora em edi\u00e7\u00f5es recentes tenham sido utilizados fogos silenciosos, o efeito visual e emocional continua a ser poderoso. As pessoas, ao espelharem suas lanternas e celulares, criam um cen\u00e1rio de luz que complementa a beleza da celebra\u00e7\u00e3o.<\/p>\n<p>Al\u00e9m disso, os discursos dos artistas e l\u00edderes religiosos que sobem ao palco contribuem para a cria\u00e7\u00e3o de um ambiente carregado de emo\u00e7\u00e3o. Mensagens de esperan\u00e7a, f\u00e9 e renova\u00e7\u00e3o se tornam palavras que ecoam entre a multid\u00e3o, fazendo com que cada um se sinta parte de algo maior. Esses momentos de emo\u00e7\u00e3o coletiva s\u00e3o o que fazem do R\u00e9veillon na Paulista uma experi\u00eancia \u00fanica e inesquec\u00edvel.<\/p>\n<h2>O Que Esperar para o Pr\u00f3ximo Ano<\/h2>\n<p>Com a experi\u00eancia dos anos passados, as expectativas para cada novo R\u00e9veillon na Avenida Paulista nunca deixam de ser altas. As promessas de um evento repleto de novas atra\u00e7\u00f5es, maior seguran\u00e7a e melhor acessibilidade s\u00e3o sempre parte das expectativas. A organiza\u00e7\u00e3o est\u00e1 sempre atenta ao feedback do p\u00fablico e procura inova\u00e7\u00f5es que possam tornar a celebra\u00e7\u00e3o ainda mais especial.<\/p>\n<p>A diversidade de g\u00eaneros musicais, a participa\u00e7\u00e3o de novos artistas e at\u00e9 mesmo a introdu\u00e7\u00e3o de novas atividades ao longo da avenida s\u00e3o algumas das surpresas esperadas a cada edi\u00e7\u00e3o. Assim, o p\u00fablico pode aguardar uma celebra\u00e7\u00e3o que, al\u00e9m de festa, se torne um momento de uni\u00e3o e renova\u00e7\u00e3o de esperan\u00e7as.<\/p>\n<p>O compromisso com a inclus\u00e3o e a seguran\u00e7a tamb\u00e9m \u00e9 mantido, garantindo que todos se sintam \u00e0 vontade e integrados \u00e0 festividade. Assim, o R\u00e9veillon na Avenida Paulista continuar\u00e1 a ser um espa\u00e7o onde cada um poder\u00e1 celebrar com alegria e confian\u00e7a, refletindo o esp\u00edrito vibrante da cidade de S\u00e3o Paulo.<\/p>\n","protected":false},"excerpt":{"rendered":"<p>R\u00e9veillon na Av. Paulista promete 14 horas de shows e muita emo\u00e7\u00e3o.<\/p>\n","protected":false},"author":1,"featured_media":5741,"comment_status":"open","ping_status":"","sticky":false,"template":"","format":"standard","meta":{"footnotes":""},"categories":[5],"tags":[],"class_list":["post-5742","post","type-post","status-publish","format-standard","has-post-thumbnail","hentry","category-noticias","has_thumb"],"yoast_head":"<!-- This site is optimized with the Yoast SEO plugin v26.4 - https:\/\/yoast.com\/wordpress\/plugins\/seo\/ -->\n<title>Ecl\u00e9tico, R\u00e9veillon na Av. Paulista re\u00fane fi\u00e9is, f\u00e3s e at\u00e9 parab\u00e9ns pra voc\u00ea em maratona de 14 horas de shows - Encontra Avenida Paulista<\/title>\n<meta name=\"robots\" content=\"index, follow, max-snippet:-1, max-image-preview:large, max-video-preview:-1\" \/>\n<link rel=\"canonical\" href=\"https:\/\/www.encontrabelavista.com.br\/avenida-paulista\/ecletico-reveillon-na-av-paulista-reune-fieis-fas-e-ate-parabens-pra-voce-em-maratona-de-14-horas-de-shows\/\" \/>\n<meta property=\"og:locale\" content=\"pt_BR\" \/>\n<meta property=\"og:type\" content=\"article\" \/>\n<meta property=\"og:title\" content=\"Ecl\u00e9tico, R\u00e9veillon na Av. Paulista re\u00fane fi\u00e9is, f\u00e3s e at\u00e9 parab\u00e9ns pra voc\u00ea em maratona de 14 horas de shows - Encontra Avenida Paulista\" \/>\n<meta property=\"og:description\" content=\"R\u00e9veillon na Av. Paulista promete 14 horas de shows e muita emo\u00e7\u00e3o.\" \/>\n<meta property=\"og:url\" content=\"https:\/\/www.encontrabelavista.com.br\/avenida-paulista\/ecletico-reveillon-na-av-paulista-reune-fieis-fas-e-ate-parabens-pra-voce-em-maratona-de-14-horas-de-shows\/\" \/>\n<meta property=\"og:site_name\" content=\"Encontra Avenida Paulista\" \/>\n<meta property=\"article:published_time\" content=\"2026-01-06T18:57:33+00:00\" \/>\n<meta property=\"og:image\" content=\"https:\/\/www.encontrabelavista.com.br\/avenida-paulista\/wp-content\/uploads\/2026\/01\/ecletico-reveillon-na-av-paulista-reune-fieis-fas-e-ate-parabens-pra-voce-em-maratona-de-14-horas-de.webp\" \/>\n<meta name=\"author\" content=\"Encontra Avenida Paulista\" \/>\n<meta name=\"twitter:card\" content=\"summary_large_image\" \/>\n<meta name=\"twitter:label1\" content=\"Escrito por\" \/>\n\t<meta name=\"twitter:data1\" content=\"Encontra Avenida Paulista\" \/>\n\t<meta name=\"twitter:label2\" content=\"Est. tempo de leitura\" \/>\n\t<meta name=\"twitter:data2\" content=\"12 minutos\" \/>\n<script type=\"application\/ld+json\" class=\"yoast-schema-graph\">{\"@context\":\"https:\/\/schema.org\",\"@graph\":[{\"@type\":\"WebPage\",\"@id\":\"https:\/\/www.encontrabelavista.com.br\/avenida-paulista\/ecletico-reveillon-na-av-paulista-reune-fieis-fas-e-ate-parabens-pra-voce-em-maratona-de-14-horas-de-shows\/\",\"url\":\"https:\/\/www.encontrabelavista.com.br\/avenida-paulista\/ecletico-reveillon-na-av-paulista-reune-fieis-fas-e-ate-parabens-pra-voce-em-maratona-de-14-horas-de-shows\/\",\"name\":\"Ecl\u00e9tico, R\u00e9veillon na Av. Paulista re\u00fane fi\u00e9is, f\u00e3s e at\u00e9 parab\u00e9ns pra voc\u00ea em maratona de 14 horas de shows - Encontra Avenida Paulista\",\"isPartOf\":{\"@id\":\"https:\/\/www.encontrabelavista.com.br\/avenida-paulista\/#website\"},\"primaryImageOfPage\":{\"@id\":\"https:\/\/www.encontrabelavista.com.br\/avenida-paulista\/ecletico-reveillon-na-av-paulista-reune-fieis-fas-e-ate-parabens-pra-voce-em-maratona-de-14-horas-de-shows\/#primaryimage\"},\"image\":{\"@id\":\"https:\/\/www.encontrabelavista.com.br\/avenida-paulista\/ecletico-reveillon-na-av-paulista-reune-fieis-fas-e-ate-parabens-pra-voce-em-maratona-de-14-horas-de-shows\/#primaryimage\"},\"thumbnailUrl\":\"https:\/\/www.encontrabelavista.com.br\/avenida-paulista\/wp-content\/uploads\/2026\/01\/ecletico-reveillon-na-av-paulista-reune-fieis-fas-e-ate-parabens-pra-voce-em-maratona-de-14-horas-de.webp\",\"datePublished\":\"2026-01-06T18:57:33+00:00\",\"author\":{\"@id\":\"https:\/\/www.encontrabelavista.com.br\/avenida-paulista\/#\/schema\/person\/63c71a69a5879155285aa7cf79ec3e40\"},\"breadcrumb\":{\"@id\":\"https:\/\/www.encontrabelavista.com.br\/avenida-paulista\/ecletico-reveillon-na-av-paulista-reune-fieis-fas-e-ate-parabens-pra-voce-em-maratona-de-14-horas-de-shows\/#breadcrumb\"},\"inLanguage\":\"pt-BR\",\"potentialAction\":[{\"@type\":\"ReadAction\",\"target\":[\"https:\/\/www.encontrabelavista.com.br\/avenida-paulista\/ecletico-reveillon-na-av-paulista-reune-fieis-fas-e-ate-parabens-pra-voce-em-maratona-de-14-horas-de-shows\/\"]}]},{\"@type\":\"ImageObject\",\"inLanguage\":\"pt-BR\",\"@id\":\"https:\/\/www.encontrabelavista.com.br\/avenida-paulista\/ecletico-reveillon-na-av-paulista-reune-fieis-fas-e-ate-parabens-pra-voce-em-maratona-de-14-horas-de-shows\/#primaryimage\",\"url\":\"https:\/\/www.encontrabelavista.com.br\/avenida-paulista\/wp-content\/uploads\/2026\/01\/ecletico-reveillon-na-av-paulista-reune-fieis-fas-e-ate-parabens-pra-voce-em-maratona-de-14-horas-de.webp\",\"contentUrl\":\"https:\/\/www.encontrabelavista.com.br\/avenida-paulista\/wp-content\/uploads\/2026\/01\/ecletico-reveillon-na-av-paulista-reune-fieis-fas-e-ate-parabens-pra-voce-em-maratona-de-14-horas-de.webp\",\"width\":320,\"height\":280,\"caption\":\"R\u00e9veillon na Av. Paulista\"},{\"@type\":\"BreadcrumbList\",\"@id\":\"https:\/\/www.encontrabelavista.com.br\/avenida-paulista\/ecletico-reveillon-na-av-paulista-reune-fieis-fas-e-ate-parabens-pra-voce-em-maratona-de-14-horas-de-shows\/#breadcrumb\",\"itemListElement\":[{\"@type\":\"ListItem\",\"position\":1,\"name\":\"In\u00edcio\",\"item\":\"https:\/\/www.encontrabelavista.com.br\/avenida-paulista\/\"},{\"@type\":\"ListItem\",\"position\":2,\"name\":\"Ecl\u00e9tico, R\u00e9veillon na Av. Paulista re\u00fane fi\u00e9is, f\u00e3s e at\u00e9 parab\u00e9ns pra voc\u00ea em maratona de 14 horas de shows\"}]},{\"@type\":\"WebSite\",\"@id\":\"https:\/\/www.encontrabelavista.com.br\/avenida-paulista\/#website\",\"url\":\"https:\/\/www.encontrabelavista.com.br\/avenida-paulista\/\",\"name\":\"Encontra Avenida Paulista\",\"description\":\"ENCONTRA AVENIDA PAULISTA - O guia comercial de neg\u00f3cios e empresas, cultura e divers\u00e3o na Avenida Paulista. Feito 100% para voc\u00ea morador!\",\"potentialAction\":[{\"@type\":\"SearchAction\",\"target\":{\"@type\":\"EntryPoint\",\"urlTemplate\":\"https:\/\/www.encontrabelavista.com.br\/avenida-paulista\/?s={search_term_string}\"},\"query-input\":{\"@type\":\"PropertyValueSpecification\",\"valueRequired\":true,\"valueName\":\"search_term_string\"}}],\"inLanguage\":\"pt-BR\"},{\"@type\":\"Person\",\"@id\":\"https:\/\/www.encontrabelavista.com.br\/avenida-paulista\/#\/schema\/person\/63c71a69a5879155285aa7cf79ec3e40\",\"name\":\"Encontra Avenida Paulista\",\"image\":{\"@type\":\"ImageObject\",\"inLanguage\":\"pt-BR\",\"@id\":\"https:\/\/www.encontrabelavista.com.br\/avenida-paulista\/#\/schema\/person\/image\/\",\"url\":\"https:\/\/secure.gravatar.com\/avatar\/c50c17820bcf322f0a8fd6b110b8c0918141409dc69076470f6fca5fee70a5d4?s=96&d=mm&r=g\",\"contentUrl\":\"https:\/\/secure.gravatar.com\/avatar\/c50c17820bcf322f0a8fd6b110b8c0918141409dc69076470f6fca5fee70a5d4?s=96&d=mm&r=g\",\"caption\":\"Encontra Avenida Paulista\"},\"url\":\"https:\/\/www.encontrabelavista.com.br\/avenida-paulista\/author\/encontraavenidapaulista\/\"}]}<\/script>\n<!-- \/ Yoast SEO plugin. -->","yoast_head_json":{"title":"Ecl\u00e9tico, R\u00e9veillon na Av. Paulista re\u00fane fi\u00e9is, f\u00e3s e at\u00e9 parab\u00e9ns pra voc\u00ea em maratona de 14 horas de shows - Encontra Avenida Paulista","robots":{"index":"index","follow":"follow","max-snippet":"max-snippet:-1","max-image-preview":"max-image-preview:large","max-video-preview":"max-video-preview:-1"},"canonical":"https:\/\/www.encontrabelavista.com.br\/avenida-paulista\/ecletico-reveillon-na-av-paulista-reune-fieis-fas-e-ate-parabens-pra-voce-em-maratona-de-14-horas-de-shows\/","og_locale":"pt_BR","og_type":"article","og_title":"Ecl\u00e9tico, R\u00e9veillon na Av. Paulista re\u00fane fi\u00e9is, f\u00e3s e at\u00e9 parab\u00e9ns pra voc\u00ea em maratona de 14 horas de shows - Encontra Avenida Paulista","og_description":"R\u00e9veillon na Av. Paulista promete 14 horas de shows e muita emo\u00e7\u00e3o.","og_url":"https:\/\/www.encontrabelavista.com.br\/avenida-paulista\/ecletico-reveillon-na-av-paulista-reune-fieis-fas-e-ate-parabens-pra-voce-em-maratona-de-14-horas-de-shows\/","og_site_name":"Encontra Avenida Paulista","article_published_time":"2026-01-06T18:57:33+00:00","og_image":[{"url":"https:\/\/www.encontrabelavista.com.br\/avenida-paulista\/wp-content\/uploads\/2026\/01\/ecletico-reveillon-na-av-paulista-reune-fieis-fas-e-ate-parabens-pra-voce-em-maratona-de-14-horas-de.webp","type":"","width":"","height":""}],"author":"Encontra Avenida Paulista","twitter_card":"summary_large_image","twitter_misc":{"Escrito por":"Encontra Avenida Paulista","Est. tempo de leitura":"12 minutos"},"schema":{"@context":"https:\/\/schema.org","@graph":[{"@type":"WebPage","@id":"https:\/\/www.encontrabelavista.com.br\/avenida-paulista\/ecletico-reveillon-na-av-paulista-reune-fieis-fas-e-ate-parabens-pra-voce-em-maratona-de-14-horas-de-shows\/","url":"https:\/\/www.encontrabelavista.com.br\/avenida-paulista\/ecletico-reveillon-na-av-paulista-reune-fieis-fas-e-ate-parabens-pra-voce-em-maratona-de-14-horas-de-shows\/","name":"Ecl\u00e9tico, R\u00e9veillon na Av. Paulista re\u00fane fi\u00e9is, f\u00e3s e at\u00e9 parab\u00e9ns pra voc\u00ea em maratona de 14 horas de shows - Encontra Avenida Paulista","isPartOf":{"@id":"https:\/\/www.encontrabelavista.com.br\/avenida-paulista\/#website"},"primaryImageOfPage":{"@id":"https:\/\/www.encontrabelavista.com.br\/avenida-paulista\/ecletico-reveillon-na-av-paulista-reune-fieis-fas-e-ate-parabens-pra-voce-em-maratona-de-14-horas-de-shows\/#primaryimage"},"image":{"@id":"https:\/\/www.encontrabelavista.com.br\/avenida-paulista\/ecletico-reveillon-na-av-paulista-reune-fieis-fas-e-ate-parabens-pra-voce-em-maratona-de-14-horas-de-shows\/#primaryimage"},"thumbnailUrl":"https:\/\/www.encontrabelavista.com.br\/avenida-paulista\/wp-content\/uploads\/2026\/01\/ecletico-reveillon-na-av-paulista-reune-fieis-fas-e-ate-parabens-pra-voce-em-maratona-de-14-horas-de.webp","datePublished":"2026-01-06T18:57:33+00:00","author":{"@id":"https:\/\/www.encontrabelavista.com.br\/avenida-paulista\/#\/schema\/person\/63c71a69a5879155285aa7cf79ec3e40"},"breadcrumb":{"@id":"https:\/\/www.encontrabelavista.com.br\/avenida-paulista\/ecletico-reveillon-na-av-paulista-reune-fieis-fas-e-ate-parabens-pra-voce-em-maratona-de-14-horas-de-shows\/#breadcrumb"},"inLanguage":"pt-BR","potentialAction":[{"@type":"ReadAction","target":["https:\/\/www.encontrabelavista.com.br\/avenida-paulista\/ecletico-reveillon-na-av-paulista-reune-fieis-fas-e-ate-parabens-pra-voce-em-maratona-de-14-horas-de-shows\/"]}]},{"@type":"ImageObject","inLanguage":"pt-BR","@id":"https:\/\/www.encontrabelavista.com.br\/avenida-paulista\/ecletico-reveillon-na-av-paulista-reune-fieis-fas-e-ate-parabens-pra-voce-em-maratona-de-14-horas-de-shows\/#primaryimage","url":"https:\/\/www.encontrabelavista.com.br\/avenida-paulista\/wp-content\/uploads\/2026\/01\/ecletico-reveillon-na-av-paulista-reune-fieis-fas-e-ate-parabens-pra-voce-em-maratona-de-14-horas-de.webp","contentUrl":"https:\/\/www.encontrabelavista.com.br\/avenida-paulista\/wp-content\/uploads\/2026\/01\/ecletico-reveillon-na-av-paulista-reune-fieis-fas-e-ate-parabens-pra-voce-em-maratona-de-14-horas-de.webp","width":320,"height":280,"caption":"R\u00e9veillon na Av. Paulista"},{"@type":"BreadcrumbList","@id":"https:\/\/www.encontrabelavista.com.br\/avenida-paulista\/ecletico-reveillon-na-av-paulista-reune-fieis-fas-e-ate-parabens-pra-voce-em-maratona-de-14-horas-de-shows\/#breadcrumb","itemListElement":[{"@type":"ListItem","position":1,"name":"In\u00edcio","item":"https:\/\/www.encontrabelavista.com.br\/avenida-paulista\/"},{"@type":"ListItem","position":2,"name":"Ecl\u00e9tico, R\u00e9veillon na Av. Paulista re\u00fane fi\u00e9is, f\u00e3s e at\u00e9 parab\u00e9ns pra voc\u00ea em maratona de 14 horas de shows"}]},{"@type":"WebSite","@id":"https:\/\/www.encontrabelavista.com.br\/avenida-paulista\/#website","url":"https:\/\/www.encontrabelavista.com.br\/avenida-paulista\/","name":"Encontra Avenida Paulista","description":"ENCONTRA AVENIDA PAULISTA - O guia comercial de neg\u00f3cios e empresas, cultura e divers\u00e3o na Avenida Paulista. Feito 100% para voc\u00ea morador!","potentialAction":[{"@type":"SearchAction","target":{"@type":"EntryPoint","urlTemplate":"https:\/\/www.encontrabelavista.com.br\/avenida-paulista\/?s={search_term_string}"},"query-input":{"@type":"PropertyValueSpecification","valueRequired":true,"valueName":"search_term_string"}}],"inLanguage":"pt-BR"},{"@type":"Person","@id":"https:\/\/www.encontrabelavista.com.br\/avenida-paulista\/#\/schema\/person\/63c71a69a5879155285aa7cf79ec3e40","name":"Encontra Avenida Paulista","image":{"@type":"ImageObject","inLanguage":"pt-BR","@id":"https:\/\/www.encontrabelavista.com.br\/avenida-paulista\/#\/schema\/person\/image\/","url":"https:\/\/secure.gravatar.com\/avatar\/c50c17820bcf322f0a8fd6b110b8c0918141409dc69076470f6fca5fee70a5d4?s=96&d=mm&r=g","contentUrl":"https:\/\/secure.gravatar.com\/avatar\/c50c17820bcf322f0a8fd6b110b8c0918141409dc69076470f6fca5fee70a5d4?s=96&d=mm&r=g","caption":"Encontra Avenida Paulista"},"url":"https:\/\/www.encontrabelavista.com.br\/avenida-paulista\/author\/encontraavenidapaulista\/"}]}},"_links":{"self":[{"href":"https:\/\/www.encontrabelavista.com.br\/avenida-paulista\/wp-json\/wp\/v2\/posts\/5742","targetHints":{"allow":["GET"]}}],"collection":[{"href":"https:\/\/www.encontrabelavista.com.br\/avenida-paulista\/wp-json\/wp\/v2\/posts"}],"about":[{"href":"https:\/\/www.encontrabelavista.com.br\/avenida-paulista\/wp-json\/wp\/v2\/types\/post"}],"author":[{"embeddable":true,"href":"https:\/\/www.encontrabelavista.com.br\/avenida-paulista\/wp-json\/wp\/v2\/users\/1"}],"replies":[{"embeddable":true,"href":"https:\/\/www.encontrabelavista.com.br\/avenida-paulista\/wp-json\/wp\/v2\/comments?post=5742"}],"version-history":[{"count":0,"href":"https:\/\/www.encontrabelavista.com.br\/avenida-paulista\/wp-json\/wp\/v2\/posts\/5742\/revisions"}],"wp:featuredmedia":[{"embeddable":true,"href":"https:\/\/www.encontrabelavista.com.br\/avenida-paulista\/wp-json\/wp\/v2\/media\/5741"}],"wp:attachment":[{"href":"https:\/\/www.encontrabelavista.com.br\/avenida-paulista\/wp-json\/wp\/v2\/media?parent=5742"}],"wp:term":[{"taxonomy":"category","embeddable":true,"href":"https:\/\/www.encontrabelavista.com.br\/avenida-paulista\/wp-json\/wp\/v2\/categories?post=5742"},{"taxonomy":"post_tag","embeddable":true,"href":"https:\/\/www.encontrabelavista.com.br\/avenida-paulista\/wp-json\/wp\/v2\/tags?post=5742"}],"curies":[{"name":"wp","href":"https:\/\/api.w.org\/{rel}","templated":true}]}}