{"id":5746,"date":"2026-01-07T17:36:03","date_gmt":"2026-01-07T20:36:03","guid":{"rendered":"https:\/\/www.encontrabelavista.com.br\/avenida-paulista\/manifestantes-se-reunem-na-paulista-contra-ataque-dos-eua-a-venezuela\/"},"modified":"2026-01-07T17:36:03","modified_gmt":"2026-01-07T20:36:03","slug":"manifestantes-se-reunem-na-paulista-contra-ataque-dos-eua-a-venezuela","status":"publish","type":"post","link":"https:\/\/www.encontrabelavista.com.br\/avenida-paulista\/manifestantes-se-reunem-na-paulista-contra-ataque-dos-eua-a-venezuela\/","title":{"rendered":"Manifestantes se re\u00fanem na Paulista contra ataque dos EUA \u00e0 Venezuela"},"content":{"rendered":"<h2>O Contexto da Interven\u00e7\u00e3o dos EUA<\/h2>\n<p>A recente interven\u00e7\u00e3o dos Estados Unidos na Venezuela, marcada por um ataque que resultou na captura do presidente Nicol\u00e1s Maduro, se insere em um contexto de tens\u00f5es pol\u00edticas e sociais que t\u00eam se intensificado nos \u00faltimos anos. A hist\u00f3ria da rela\u00e7\u00e3o entre os EUA e a Venezuela \u00e9 marcada por uma s\u00e9rie de conflitos que remontam \u00e0 \u00e9poca da Guerra Fria, onde os interesses estrat\u00e9gicos e econ\u00f4micos dos EUA se chocaram com as pol\u00edticas de esquerda que emergiram na Am\u00e9rica Latina. Desde a ascens\u00e3o de Ch\u00e1vez em 1999, os EUA v\u00eam se opondo ao que consideram um regime autorit\u00e1rio e alinhado com regimes socialistas, buscando reverter essa influ\u00eancia atrav\u00e9s de diversas estrat\u00e9gias, incluindo san\u00e7\u00f5es econ\u00f4micas e amea\u00e7as de interven\u00e7\u00e3o militar.<\/p>\n<p>O ambiente pol\u00edtico atual da Venezuela \u00e9 caracterizado por uma profunda crise econ\u00f4mica e humanit\u00e1ria, com a popula\u00e7\u00e3o enfrentando escassez de alimentos, falta de assist\u00eancia m\u00e9dica e massiva migra\u00e7\u00e3o. O governo dos EUA justificou sua a\u00e7\u00e3o como uma tentativa de restaurar a democracia e reduzir os n\u00edveis de viola\u00e7\u00e3o de direitos humanos. No entanto, cr\u00edticos apontam que esses esfor\u00e7os podem ser motivados tamb\u00e9m por interesses na vasta reserva de petr\u00f3leo da Venezuela, um dos maiores do mundo, o que levanta quest\u00f5es sobre a verdadeira inten\u00e7\u00e3o por tr\u00e1s da interven\u00e7\u00e3o militar.<\/p>\n<p>As a\u00e7\u00f5es de Washington t\u00eam gerado rea\u00e7\u00f5es n\u00e3o somente dentro da Venezuela, mas em toda a Am\u00e9rica Latina, elevando tens\u00f5es entre os pa\u00edses vecinos que temem uma poss\u00edvel prolifera\u00e7\u00e3o de interven\u00e7\u00f5es semelhantes em seus territ\u00f3rios. As consequ\u00eancias de tal interven\u00e7\u00e3o s\u00e3o amplas e complexas, afetando n\u00e3o apenas o futuro pol\u00edtico da Venezuela, mas tamb\u00e9m a estabilidade da regi\u00e3o como um todo.<\/p>\n<p><img decoding=\"async\" src=\"https:\/\/www.encontrabelavista.com.br\/avenida-paulista\/wp-content\/uploads\/2026\/01\/manifestantes-se-reunem-na-paulista-contra-ataque-dos-eua-a-venezuela.webp\" alt=\"protesto na paulista\" loading=\"lazy\" \/><\/p>\n<h2>As Motiva\u00e7\u00f5es por Tr\u00e1s do Protesto<\/h2>\n<p>Os protestos que ocorreram na Avenida Paulista em S\u00e3o Paulo em resposta ao ataque dos EUA \u00e0 Venezuela refletem uma s\u00e9rie de motiva\u00e7\u00f5es que envolvem n\u00e3o apenas a solidariedade com a na\u00e7\u00e3o vizinha, mas tamb\u00e9m uma articula\u00e7\u00e3o mais ampla contra interven\u00e7\u00f5es militares estrangeiras na Am\u00e9rica Latina. Os manifestantes, que inclu\u00edam militantes pol\u00edticos, movimentos sociais e cidad\u00e3os preocupados, expressaram seu rep\u00fadio \u00e0 interven\u00e7\u00e3o norte-americana, considerando-a uma viola\u00e7\u00e3o da soberania venezuelana.<\/p>\n<p>As motiva\u00e7\u00f5es tamb\u00e9m se entrela\u00e7am com um sentimento antiimperialista que tem ra\u00edzes profundas na hist\u00f3ria latino-americana. Para muitos ativistas, a a\u00e7\u00e3o dos EUA simboliza um retorno de pr\u00e1ticas colonialistas que buscam desestabilizar pa\u00edses da regi\u00e3o para atender aos seus pr\u00f3prios interesses. O protesto enfatizou a necessidade de um entendimento mais profundo das din\u00e2micas regionais e a import\u00e2ncia da unidade entre os pa\u00edses latino-americanos para resistir a press\u00f5es externas.<\/p>\n<p>Al\u00e9m disso, as manifesta\u00e7\u00f5es abordaram quest\u00f5es como a defesa dos direitos humanos e a lucha contra a desigualdade. Protestos desse tipo s\u00e3o um reflexo do ativismo crescente que questiona a interven\u00e7\u00e3o militar e suas consequ\u00eancias, enfatizando que solu\u00e7\u00f5es pac\u00edficas e diplom\u00e1ticas devem ser priorizadas em rela\u00e7\u00e3o \u00e0s a\u00e7\u00f5es militares que tendem a agravar os conflitos.<\/p>\n<h2>Impactos na Pol\u00edtica Regional<\/h2>\n<p>A interven\u00e7\u00e3o dos EUA na Venezuela e a rea\u00e7\u00e3o de pa\u00edses como o Brasil t\u00eam impactos significativos na pol\u00edtica regional. A Am\u00e9rica Latina sempre encontrou desafios em sua hist\u00f3ria com interven\u00e7\u00f5es estrangeiras, e a atual situa\u00e7\u00e3o com a Venezuela pode servir como um catalisador para um novo movimento de concerta\u00e7\u00e3o regional. O governo brasileiro, sob a lideran\u00e7a de diferentes presidentes ao longo da hist\u00f3ria, adotou posturas variadas em rela\u00e7\u00e3o \u00e0 Venezuela, refletindo uma pol\u00edtica externa que pode oscilar entre o apoio a regimes progressistas e a alinhamentos mais conservadores.<\/p>\n<p>A atual crise n\u00e3o apenas intensificou as divis\u00f5es dentro da pol\u00edtica brasileira, mas tamb\u00e9m teve repercuss\u00f5es significativas em outros pa\u00edses sul-americanos que vivem tens\u00f5es internas. A Am\u00e9rica do Sul, com sua vasta diversidade pol\u00edtica, corre o risco de fragmenta\u00e7\u00e3o caso os pa\u00edses n\u00e3o consigam encontrar um terreno comum para lidar com crises como a da Venezuela.<\/p>\n<p>Os impactos s\u00e3o vis\u00edveis no fortalecimento de alian\u00e7as regionais que defendem a n\u00e3o-interven\u00e7\u00e3o, como a Uni\u00e3o das Na\u00e7\u00f5es Sul-Americanas (Unasul) e a Celac. Esses organismos podem se tornar essenciais para a media\u00e7\u00e3o de conflitos e para a promo\u00e7\u00e3o de di\u00e1logos que priorizem a resolu\u00e7\u00e3o pac\u00edfica de disputas. Por outro lado, uma pol\u00edtica de apoio irrestrito a interven\u00e7\u00f5es s\u00f3 agrava as divis\u00f5es, levando a um retrocesso na capacidade da regi\u00e3o de se auto-organizar e de responder aos seus pr\u00f3prios desafios.<\/p>\n<h2>Vozes da Sociedade Civil<\/h2>\n<p>A sociedade civil desempenha um papel crucial nas rea\u00e7\u00f5es aos eventos pol\u00edticos e sociais, e os protestos na Avenida Paulista foram amplamente apoiados por v\u00e1rias organiza\u00e7\u00f5es da sociedade civil que defendem a paz e a autodetermina\u00e7\u00e3o dos povos. A Coaliz\u00e3o de Movimentos e Organiza\u00e7\u00f5es pela Paz, que re\u00fane diferentes grupos que lutam por justi\u00e7a social, se manifestou contra o ataque dos EUA como parte de uma agenda maior de resist\u00eancia \u00e0 militariza\u00e7\u00e3o.<\/p>\n<p>Essas vozes da sociedade civil s\u00e3o fundamentais para a constru\u00e7\u00e3o de uma narrativa que se oponha \u00e0s interven\u00e7\u00f5es externas. Atrav\u00e9s de campanhas de conscientiza\u00e7\u00e3o e a\u00e7\u00f5es locais, esses grupos procuram educar a popula\u00e7\u00e3o sobre a hist\u00f3ria das interven\u00e7\u00f5es na Am\u00e9rica Latina e as conseq\u00fc\u00eancias frequentemente devastadoras que essas a\u00e7\u00f5es t\u00eam para as popula\u00e7\u00f5es locais.<\/p>\n<p>Al\u00e9m disso, a sociedade civil tamb\u00e9m enfatiza a import\u00e2ncia do respeito de direitos humanos e o apoio a solu\u00e7\u00f5es diplom\u00e1ticas. Os protestos expressam uma vis\u00e3o cr\u00edtica em rela\u00e7\u00e3o \u00e0 narrativa predominante que muitas vezes \u00e9 imposta pelos grandes meios de comunica\u00e7\u00e3o, trazendo \u00e0 luz a necessidade de dar voz \u00e0 popula\u00e7\u00e3o local, que vive sob as consequ\u00eancias diretas das decis\u00f5es de l\u00edderes estrangeiros.<\/p>\n<h2>Solidariedade entre Pa\u00edses Latino-Americanos<\/h2>\n<p>A solidariedade entre os pa\u00edses latino-americanos ainda \u00e9 uma das chaves para enfrentar a press\u00e3o externa e garantir a autodetermina\u00e7\u00e3o de cada na\u00e7\u00e3o. A mobiliza\u00e7\u00e3o vista nos protestos reflete um sentimento crescente de unidade entre pa\u00edses que enfrentam quest\u00f5es semelhantes, como a luta contra a pobreza, a desigualdade e as amea\u00e7as \u00e0 sua soberania.<\/p>\n<p>Movimentos sociais e pol\u00edticos em pa\u00edses como Argentina, Uruguai e Bol\u00edvia tamb\u00e9m se manifestaram em solidariedade \u00e0 Venezuela, criando uma linha de apoio que transcende as fronteiras. Essa solidariedade \u00e9 vital n\u00e3o apenas para apresentar uma frente unida contra a interven\u00e7\u00e3o dos EUA, mas tamb\u00e9m para promover um di\u00e1logo regional que aja em prol da constru\u00e7\u00e3o de solu\u00e7\u00f5es coletivas para os problemas que afetam a regi\u00e3o.<\/p>\n<p>Historicamente, a Am\u00e9rica Latina j\u00e1 demonstrou sua capacidade de organizar respostas conjuntas a crises, e a atual situa\u00e7\u00e3o na Venezuela pode ser mais um cap\u00edtulo dessa hist\u00f3ria de resist\u00eancia. Reuni\u00f5es e confer\u00eancias regionais t\u00eam surgido como plataformas importantes para reafirmar compromissos de unidade e para discutir estrat\u00e9gias que garantam o bem-estar das popula\u00e7\u00f5es latino-americanas.<\/p>\n<h2>O Papel das Redes Sociais na Mobiliza\u00e7\u00e3o<\/h2>\n<p>A ascens\u00e3o das redes sociais tem transformado a maneira como as mobiliza\u00e7\u00f5es sociais ocorrem e, neste contexto, os protestos na Avenida Paulista n\u00e3o foram exce\u00e7\u00e3o. As plataformas digitais n\u00e3o apenas ajudaram a espalhar a mensagem de solidariedade com a Venezuela, mas tamb\u00e9m serviram como um meio de organiza\u00e7\u00e3o e coordena\u00e7\u00e3o de a\u00e7\u00f5es em tempo real.<\/p>\n<p>As redes sociais desempenham um papel fundamental na constru\u00e7\u00e3o de uma narrativa alternativa \u00e0 que muitas vezes \u00e9 veiculada pela m\u00eddia tradicional. Por meio de postagens, v\u00eddeos e transmiss\u00f5es ao vivo, os manifestantes puderam compartilhar suas vozes com uma audi\u00eancia global, potencializando a visibilidade do protesto e atraindo a aten\u00e7\u00e3o para a situa\u00e7\u00e3o na Venezuela.<\/p>\n<p>Esse fen\u00f4meno tamb\u00e9m destaca o poder da mobiliza\u00e7\u00e3o digital. Organiza\u00e7\u00f5es da sociedade civil usam as redes sociais para convidar as pessoas a se juntarem a causas, assinar peti\u00e7\u00f5es e participar de eventos. A intera\u00e7\u00e3o entre diferentes grupos e a capacidade de criar hashtags que se tornam tend\u00eancias ajudam a unir diferentes vozes em um \u00fanico clamor por mudan\u00e7as, demonstrando a for\u00e7a coletiva que a tecnologia pode proporcionar\u3002<\/p>\n<h2>Hist\u00f3rico de Conflitos na Am\u00e9rica Latina<\/h2>\n<p>O hist\u00f3rico de conflitos na Am\u00e9rica Latina \u00e9 marcado por uma s\u00e9rie de interven\u00e7\u00f5es externas que moldaram a trajet\u00f3ria pol\u00edtica da regi\u00e3o. Desde a \u00e9poca das guerras de independ\u00eancia at\u00e9 os golpes militares do s\u00e9culo XX, a hist\u00f3ria da Am\u00e9rica Latina \u00e9 recheada de lutas pela soberania contra pot\u00eancias que tentaram impor seus interesses. A interfer\u00eancia dos EUA, em particular, se tornou uma constante, com tentativas sistem\u00e1ticas de influenciar a pol\u00edtica e a economia dos pa\u00edses latino-americanos.<\/p>\n<p>A resist\u00eancia a essa interfer\u00eancia foi frequentemente alvo de repress\u00e3o, muitas vezes resultando em viola\u00e7\u00f5es de direitos humanos. O legado de conflitos e interven\u00e7\u00f5es deixa um tra\u00e7o duradouro na mem\u00f3ria coletiva da regi\u00e3o, que ainda busca encontrar vias para garantir uma governan\u00e7a aut\u00f4noma e justa.<\/p>\n<p>Neste contexto, os protestos contra a interven\u00e7\u00e3o na Venezuela se encaixam em um ciclo mais amplo de resist\u00eancia a pr\u00e1ticas colonialistas. Os grupos sociais que lutam pela soberania de seus pa\u00edses est\u00e3o alertas para os riscos que a interven\u00e7\u00e3o militar traz, n\u00e3o apenas \u00e0 estabilidade pol\u00edtica, mas tamb\u00e9m ao bem-estar das popula\u00e7\u00f5es que muitas vezes se tornam v\u00edtimas das decis\u00f5es estrat\u00e9gicas de poder.<\/p>\n<h2>An\u00e1lise das Respostas Internacionais<\/h2>\n<p>As rea\u00e7\u00f5es da comunidade internacional ao ataque dos EUA \u00e0 Venezuela foram variadas e, em muitos casos, polarizadas. Enquanto alguns pa\u00edses, especialmente na Am\u00e9rica Latina, criticaram abertamente a interven\u00e7\u00e3o militar, outros, tendo la\u00e7os estreitos com Washington, demonstraram apoio \u00e0s a\u00e7\u00f5es dos EUA. Essa divis\u00e3o n\u00e3o se limita a uma discord\u00e2ncia diplom\u00e1tica, mas reflete tamb\u00e9m diferentes vis\u00f5es ideol\u00f3gicas sobre a autonomia regional e a liberdade dos povos.<\/p>\n<p>No contexto das rela\u00e7\u00f5es internacionais, a resposta ao ataque \u00e0 Venezuela pode ser vista como um teste \u00e0s alian\u00e7as tradicionais. Pa\u00edses como R\u00fassia e China expressaram oposi\u00e7\u00e3o \u00e0 interven\u00e7\u00e3o, reiterando sua posi\u00e7\u00e3o de apoio \u00e0 soberania venezuelana e criticando a\u00e7\u00f5es unilaterais que desrespeitam o direito internacional.<\/p>\n<p>A importante resposta da Uni\u00e3o Europeia e de organiza\u00e7\u00f5es supranacionais tamb\u00e9m deve ser considerada, uma vez que demonstram um desejo de promover o di\u00e1logo e a coopera\u00e7\u00e3o em vez de a\u00e7\u00f5es militares. Tal posicionamento pode abrir oportunidades para uma discuss\u00e3o construtiva sobre alternativas de ajuda humanit\u00e1ria e pol\u00edticas de paz que priorizem negocia\u00e7\u00f5es ao inv\u00e9s de interven\u00e7\u00f5es bruscas.<\/p>\n<h2>Consequ\u00eancias para a Venezuela Atual<\/h2>\n<p>A interven\u00e7\u00e3o dos EUA e a pris\u00e3o de Nicol\u00e1s Maduro t\u00eam implica\u00e7\u00f5es imediatas e a longo prazo para a Venezuela. No curto prazo, a captura de Maduro cria um v\u00e1cuo de poder em um pa\u00eds j\u00e1 em crise, levantando d\u00favidas sobre a estabilidade do governo de transi\u00e7\u00e3o que pode surgir. O cen\u00e1rio pol\u00edtico torna-se incerto, e a possibilidade de uma nova administra\u00e7\u00e3o n\u00e3o garante uma resolu\u00e7\u00e3o pac\u00edfica e abrangente para a atual crise.<\/p>\n<p>Al\u00e9m disso, a pol\u00edtica de san\u00e7\u00f5es e interven\u00e7\u00f5es pode provocar mais polariza\u00e7\u00e3o entre a popula\u00e7\u00e3o venezuelana, alimentando animosidades e divis\u00f5es que podem resultar em confrontos. Historicamente, a queda de regimes muitas vezes leva a per\u00edodos de instabilidade que afetam grandemente a vida dos cidad\u00e3os, e a Venezuela est\u00e1 em uma posi\u00e7\u00e3o vulner\u00e1vel devido \u00e0 sua situa\u00e7\u00e3o econ\u00f4mica prec\u00e1ria.<\/p>\n<p>A longo prazo, as consequ\u00eancias da interven\u00e7\u00e3o podem ser sentidas na medida em que a influ\u00eancia dos EUA na regi\u00e3o \u00e9 reexaminada. Uma poss\u00edvel repress\u00e3o \u00e0 soberania dos pa\u00edses latino-americanos pode gerar um movimento contr\u00e1rio \u00e0 interven\u00e7\u00e3o externa, buscando refor\u00e7ar os la\u00e7os aut\u00f4nomos entre as na\u00e7\u00f5es da Am\u00e9rica Latina.<\/p>\n<h2>O Futuro das Rela\u00e7\u00f5es EUA-Venezuela<\/h2>\n<p>O futuro das rela\u00e7\u00f5es entre os Estados Unidos e a Venezuela \u00e9 incerto e repleto de desafios. Com a possibilidade de mudan\u00e7as na administra\u00e7\u00e3o venezuelana, novos atores pol\u00edticos podem surgir que exigiriam uma revis\u00e3o das estrat\u00e9gias diplom\u00e1ticas utilizadas por Washington. A abordagem atual de confrontar o governo em Caracas com interven\u00e7\u00f5es pode n\u00e3o se sustentar, uma vez que, muitas vezes, as a\u00e7\u00f5es militares intensificam os ressentimentos e as divis\u00f5es.<\/p>\n<p>As rela\u00e7\u00f5es EUA-Venezuela podem ser repensadas sob uma nova \u00f3tica que busca promover o di\u00e1logo, a colabora\u00e7\u00e3o e a resolu\u00e7\u00e3o pac\u00edfica de conflitos. H\u00e1 necessidade de um novo entendimento que priorize os interesses do povo venezuelano e que considere a reivindica\u00e7\u00e3o da sociedade civil por um governo que respeite seus direitos.<\/p>\n<p>Se a experi\u00eancia com a interven\u00e7\u00e3o atual gerar li\u00e7\u00f5es para o futuro, \u00e9 poss\u00edvel que novas abordagens de relacionamento sejam tra\u00e7adas, que respeitem a autonomia da Venezuela, ao mesmo tempo em que buscam garantir a coopera\u00e7\u00e3o em quest\u00f5es como o com\u00e9rcio, energia e direitos humanos. O cen\u00e1rio atual pode ser uma oportunidade para a constru\u00e7\u00e3o de rela\u00e7\u00f5es mais equilibradas e sustent\u00e1veis na regi\u00e3o, que permitam aos pa\u00edses latino-americanos exercerem plenamente seu direito \u00e0 autodetermina\u00e7\u00e3o.<\/p>\n","protected":false},"excerpt":{"rendered":"<p>Manifestantes se re\u00fanem na Paulista contra ataque dos EUA \u00e0 Venezuela.<\/p>\n","protected":false},"author":1,"featured_media":5745,"comment_status":"open","ping_status":"","sticky":false,"template":"","format":"standard","meta":{"footnotes":""},"categories":[5],"tags":[],"class_list":["post-5746","post","type-post","status-publish","format-standard","has-post-thumbnail","hentry","category-noticias","has_thumb"],"yoast_head":"<!-- This site is optimized with the Yoast SEO plugin v26.4 - https:\/\/yoast.com\/wordpress\/plugins\/seo\/ -->\n<title>Manifestantes se re\u00fanem na Paulista contra ataque dos EUA \u00e0 Venezuela - Encontra Avenida Paulista<\/title>\n<meta name=\"robots\" content=\"index, follow, max-snippet:-1, max-image-preview:large, max-video-preview:-1\" \/>\n<link rel=\"canonical\" href=\"https:\/\/www.encontrabelavista.com.br\/avenida-paulista\/manifestantes-se-reunem-na-paulista-contra-ataque-dos-eua-a-venezuela\/\" \/>\n<meta property=\"og:locale\" content=\"pt_BR\" \/>\n<meta property=\"og:type\" content=\"article\" \/>\n<meta property=\"og:title\" content=\"Manifestantes se re\u00fanem na Paulista contra ataque dos EUA \u00e0 Venezuela - Encontra Avenida Paulista\" \/>\n<meta property=\"og:description\" content=\"Manifestantes se re\u00fanem na Paulista contra ataque dos EUA \u00e0 Venezuela.\" \/>\n<meta property=\"og:url\" content=\"https:\/\/www.encontrabelavista.com.br\/avenida-paulista\/manifestantes-se-reunem-na-paulista-contra-ataque-dos-eua-a-venezuela\/\" \/>\n<meta property=\"og:site_name\" content=\"Encontra Avenida Paulista\" \/>\n<meta property=\"article:published_time\" content=\"2026-01-07T20:36:03+00:00\" \/>\n<meta property=\"og:image\" content=\"https:\/\/www.encontrabelavista.com.br\/avenida-paulista\/wp-content\/uploads\/2026\/01\/manifestantes-se-reunem-na-paulista-contra-ataque-dos-eua-a-venezuela.webp\" \/>\n<meta name=\"author\" content=\"Encontra Avenida Paulista\" \/>\n<meta name=\"twitter:card\" content=\"summary_large_image\" \/>\n<meta name=\"twitter:label1\" content=\"Escrito por\" \/>\n\t<meta name=\"twitter:data1\" content=\"Encontra Avenida Paulista\" \/>\n\t<meta name=\"twitter:label2\" content=\"Est. tempo de leitura\" \/>\n\t<meta name=\"twitter:data2\" content=\"12 minutos\" \/>\n<script type=\"application\/ld+json\" class=\"yoast-schema-graph\">{\"@context\":\"https:\/\/schema.org\",\"@graph\":[{\"@type\":\"WebPage\",\"@id\":\"https:\/\/www.encontrabelavista.com.br\/avenida-paulista\/manifestantes-se-reunem-na-paulista-contra-ataque-dos-eua-a-venezuela\/\",\"url\":\"https:\/\/www.encontrabelavista.com.br\/avenida-paulista\/manifestantes-se-reunem-na-paulista-contra-ataque-dos-eua-a-venezuela\/\",\"name\":\"Manifestantes se re\u00fanem na Paulista contra ataque dos EUA \u00e0 Venezuela - Encontra Avenida Paulista\",\"isPartOf\":{\"@id\":\"https:\/\/www.encontrabelavista.com.br\/avenida-paulista\/#website\"},\"primaryImageOfPage\":{\"@id\":\"https:\/\/www.encontrabelavista.com.br\/avenida-paulista\/manifestantes-se-reunem-na-paulista-contra-ataque-dos-eua-a-venezuela\/#primaryimage\"},\"image\":{\"@id\":\"https:\/\/www.encontrabelavista.com.br\/avenida-paulista\/manifestantes-se-reunem-na-paulista-contra-ataque-dos-eua-a-venezuela\/#primaryimage\"},\"thumbnailUrl\":\"https:\/\/www.encontrabelavista.com.br\/avenida-paulista\/wp-content\/uploads\/2026\/01\/manifestantes-se-reunem-na-paulista-contra-ataque-dos-eua-a-venezuela.webp\",\"datePublished\":\"2026-01-07T20:36:03+00:00\",\"author\":{\"@id\":\"https:\/\/www.encontrabelavista.com.br\/avenida-paulista\/#\/schema\/person\/63c71a69a5879155285aa7cf79ec3e40\"},\"breadcrumb\":{\"@id\":\"https:\/\/www.encontrabelavista.com.br\/avenida-paulista\/manifestantes-se-reunem-na-paulista-contra-ataque-dos-eua-a-venezuela\/#breadcrumb\"},\"inLanguage\":\"pt-BR\",\"potentialAction\":[{\"@type\":\"ReadAction\",\"target\":[\"https:\/\/www.encontrabelavista.com.br\/avenida-paulista\/manifestantes-se-reunem-na-paulista-contra-ataque-dos-eua-a-venezuela\/\"]}]},{\"@type\":\"ImageObject\",\"inLanguage\":\"pt-BR\",\"@id\":\"https:\/\/www.encontrabelavista.com.br\/avenida-paulista\/manifestantes-se-reunem-na-paulista-contra-ataque-dos-eua-a-venezuela\/#primaryimage\",\"url\":\"https:\/\/www.encontrabelavista.com.br\/avenida-paulista\/wp-content\/uploads\/2026\/01\/manifestantes-se-reunem-na-paulista-contra-ataque-dos-eua-a-venezuela.webp\",\"contentUrl\":\"https:\/\/www.encontrabelavista.com.br\/avenida-paulista\/wp-content\/uploads\/2026\/01\/manifestantes-se-reunem-na-paulista-contra-ataque-dos-eua-a-venezuela.webp\",\"width\":320,\"height\":280,\"caption\":\"protesto na paulista\"},{\"@type\":\"BreadcrumbList\",\"@id\":\"https:\/\/www.encontrabelavista.com.br\/avenida-paulista\/manifestantes-se-reunem-na-paulista-contra-ataque-dos-eua-a-venezuela\/#breadcrumb\",\"itemListElement\":[{\"@type\":\"ListItem\",\"position\":1,\"name\":\"In\u00edcio\",\"item\":\"https:\/\/www.encontrabelavista.com.br\/avenida-paulista\/\"},{\"@type\":\"ListItem\",\"position\":2,\"name\":\"Manifestantes se re\u00fanem na Paulista contra ataque dos EUA \u00e0 Venezuela\"}]},{\"@type\":\"WebSite\",\"@id\":\"https:\/\/www.encontrabelavista.com.br\/avenida-paulista\/#website\",\"url\":\"https:\/\/www.encontrabelavista.com.br\/avenida-paulista\/\",\"name\":\"Encontra Avenida Paulista\",\"description\":\"ENCONTRA AVENIDA PAULISTA - O guia comercial de neg\u00f3cios e empresas, cultura e divers\u00e3o na Avenida Paulista. Feito 100% para voc\u00ea morador!\",\"potentialAction\":[{\"@type\":\"SearchAction\",\"target\":{\"@type\":\"EntryPoint\",\"urlTemplate\":\"https:\/\/www.encontrabelavista.com.br\/avenida-paulista\/?s={search_term_string}\"},\"query-input\":{\"@type\":\"PropertyValueSpecification\",\"valueRequired\":true,\"valueName\":\"search_term_string\"}}],\"inLanguage\":\"pt-BR\"},{\"@type\":\"Person\",\"@id\":\"https:\/\/www.encontrabelavista.com.br\/avenida-paulista\/#\/schema\/person\/63c71a69a5879155285aa7cf79ec3e40\",\"name\":\"Encontra Avenida Paulista\",\"image\":{\"@type\":\"ImageObject\",\"inLanguage\":\"pt-BR\",\"@id\":\"https:\/\/www.encontrabelavista.com.br\/avenida-paulista\/#\/schema\/person\/image\/\",\"url\":\"https:\/\/secure.gravatar.com\/avatar\/c50c17820bcf322f0a8fd6b110b8c0918141409dc69076470f6fca5fee70a5d4?s=96&d=mm&r=g\",\"contentUrl\":\"https:\/\/secure.gravatar.com\/avatar\/c50c17820bcf322f0a8fd6b110b8c0918141409dc69076470f6fca5fee70a5d4?s=96&d=mm&r=g\",\"caption\":\"Encontra Avenida Paulista\"},\"url\":\"https:\/\/www.encontrabelavista.com.br\/avenida-paulista\/author\/encontraavenidapaulista\/\"}]}<\/script>\n<!-- \/ Yoast SEO plugin. -->","yoast_head_json":{"title":"Manifestantes se re\u00fanem na Paulista contra ataque dos EUA \u00e0 Venezuela - Encontra Avenida Paulista","robots":{"index":"index","follow":"follow","max-snippet":"max-snippet:-1","max-image-preview":"max-image-preview:large","max-video-preview":"max-video-preview:-1"},"canonical":"https:\/\/www.encontrabelavista.com.br\/avenida-paulista\/manifestantes-se-reunem-na-paulista-contra-ataque-dos-eua-a-venezuela\/","og_locale":"pt_BR","og_type":"article","og_title":"Manifestantes se re\u00fanem na Paulista contra ataque dos EUA \u00e0 Venezuela - Encontra Avenida Paulista","og_description":"Manifestantes se re\u00fanem na Paulista contra ataque dos EUA \u00e0 Venezuela.","og_url":"https:\/\/www.encontrabelavista.com.br\/avenida-paulista\/manifestantes-se-reunem-na-paulista-contra-ataque-dos-eua-a-venezuela\/","og_site_name":"Encontra Avenida Paulista","article_published_time":"2026-01-07T20:36:03+00:00","og_image":[{"url":"https:\/\/www.encontrabelavista.com.br\/avenida-paulista\/wp-content\/uploads\/2026\/01\/manifestantes-se-reunem-na-paulista-contra-ataque-dos-eua-a-venezuela.webp","type":"","width":"","height":""}],"author":"Encontra Avenida Paulista","twitter_card":"summary_large_image","twitter_misc":{"Escrito por":"Encontra Avenida Paulista","Est. tempo de leitura":"12 minutos"},"schema":{"@context":"https:\/\/schema.org","@graph":[{"@type":"WebPage","@id":"https:\/\/www.encontrabelavista.com.br\/avenida-paulista\/manifestantes-se-reunem-na-paulista-contra-ataque-dos-eua-a-venezuela\/","url":"https:\/\/www.encontrabelavista.com.br\/avenida-paulista\/manifestantes-se-reunem-na-paulista-contra-ataque-dos-eua-a-venezuela\/","name":"Manifestantes se re\u00fanem na Paulista contra ataque dos EUA \u00e0 Venezuela - Encontra Avenida Paulista","isPartOf":{"@id":"https:\/\/www.encontrabelavista.com.br\/avenida-paulista\/#website"},"primaryImageOfPage":{"@id":"https:\/\/www.encontrabelavista.com.br\/avenida-paulista\/manifestantes-se-reunem-na-paulista-contra-ataque-dos-eua-a-venezuela\/#primaryimage"},"image":{"@id":"https:\/\/www.encontrabelavista.com.br\/avenida-paulista\/manifestantes-se-reunem-na-paulista-contra-ataque-dos-eua-a-venezuela\/#primaryimage"},"thumbnailUrl":"https:\/\/www.encontrabelavista.com.br\/avenida-paulista\/wp-content\/uploads\/2026\/01\/manifestantes-se-reunem-na-paulista-contra-ataque-dos-eua-a-venezuela.webp","datePublished":"2026-01-07T20:36:03+00:00","author":{"@id":"https:\/\/www.encontrabelavista.com.br\/avenida-paulista\/#\/schema\/person\/63c71a69a5879155285aa7cf79ec3e40"},"breadcrumb":{"@id":"https:\/\/www.encontrabelavista.com.br\/avenida-paulista\/manifestantes-se-reunem-na-paulista-contra-ataque-dos-eua-a-venezuela\/#breadcrumb"},"inLanguage":"pt-BR","potentialAction":[{"@type":"ReadAction","target":["https:\/\/www.encontrabelavista.com.br\/avenida-paulista\/manifestantes-se-reunem-na-paulista-contra-ataque-dos-eua-a-venezuela\/"]}]},{"@type":"ImageObject","inLanguage":"pt-BR","@id":"https:\/\/www.encontrabelavista.com.br\/avenida-paulista\/manifestantes-se-reunem-na-paulista-contra-ataque-dos-eua-a-venezuela\/#primaryimage","url":"https:\/\/www.encontrabelavista.com.br\/avenida-paulista\/wp-content\/uploads\/2026\/01\/manifestantes-se-reunem-na-paulista-contra-ataque-dos-eua-a-venezuela.webp","contentUrl":"https:\/\/www.encontrabelavista.com.br\/avenida-paulista\/wp-content\/uploads\/2026\/01\/manifestantes-se-reunem-na-paulista-contra-ataque-dos-eua-a-venezuela.webp","width":320,"height":280,"caption":"protesto na paulista"},{"@type":"BreadcrumbList","@id":"https:\/\/www.encontrabelavista.com.br\/avenida-paulista\/manifestantes-se-reunem-na-paulista-contra-ataque-dos-eua-a-venezuela\/#breadcrumb","itemListElement":[{"@type":"ListItem","position":1,"name":"In\u00edcio","item":"https:\/\/www.encontrabelavista.com.br\/avenida-paulista\/"},{"@type":"ListItem","position":2,"name":"Manifestantes se re\u00fanem na Paulista contra ataque dos EUA \u00e0 Venezuela"}]},{"@type":"WebSite","@id":"https:\/\/www.encontrabelavista.com.br\/avenida-paulista\/#website","url":"https:\/\/www.encontrabelavista.com.br\/avenida-paulista\/","name":"Encontra Avenida Paulista","description":"ENCONTRA AVENIDA PAULISTA - O guia comercial de neg\u00f3cios e empresas, cultura e divers\u00e3o na Avenida Paulista. Feito 100% para voc\u00ea morador!","potentialAction":[{"@type":"SearchAction","target":{"@type":"EntryPoint","urlTemplate":"https:\/\/www.encontrabelavista.com.br\/avenida-paulista\/?s={search_term_string}"},"query-input":{"@type":"PropertyValueSpecification","valueRequired":true,"valueName":"search_term_string"}}],"inLanguage":"pt-BR"},{"@type":"Person","@id":"https:\/\/www.encontrabelavista.com.br\/avenida-paulista\/#\/schema\/person\/63c71a69a5879155285aa7cf79ec3e40","name":"Encontra Avenida Paulista","image":{"@type":"ImageObject","inLanguage":"pt-BR","@id":"https:\/\/www.encontrabelavista.com.br\/avenida-paulista\/#\/schema\/person\/image\/","url":"https:\/\/secure.gravatar.com\/avatar\/c50c17820bcf322f0a8fd6b110b8c0918141409dc69076470f6fca5fee70a5d4?s=96&d=mm&r=g","contentUrl":"https:\/\/secure.gravatar.com\/avatar\/c50c17820bcf322f0a8fd6b110b8c0918141409dc69076470f6fca5fee70a5d4?s=96&d=mm&r=g","caption":"Encontra Avenida Paulista"},"url":"https:\/\/www.encontrabelavista.com.br\/avenida-paulista\/author\/encontraavenidapaulista\/"}]}},"_links":{"self":[{"href":"https:\/\/www.encontrabelavista.com.br\/avenida-paulista\/wp-json\/wp\/v2\/posts\/5746","targetHints":{"allow":["GET"]}}],"collection":[{"href":"https:\/\/www.encontrabelavista.com.br\/avenida-paulista\/wp-json\/wp\/v2\/posts"}],"about":[{"href":"https:\/\/www.encontrabelavista.com.br\/avenida-paulista\/wp-json\/wp\/v2\/types\/post"}],"author":[{"embeddable":true,"href":"https:\/\/www.encontrabelavista.com.br\/avenida-paulista\/wp-json\/wp\/v2\/users\/1"}],"replies":[{"embeddable":true,"href":"https:\/\/www.encontrabelavista.com.br\/avenida-paulista\/wp-json\/wp\/v2\/comments?post=5746"}],"version-history":[{"count":0,"href":"https:\/\/www.encontrabelavista.com.br\/avenida-paulista\/wp-json\/wp\/v2\/posts\/5746\/revisions"}],"wp:featuredmedia":[{"embeddable":true,"href":"https:\/\/www.encontrabelavista.com.br\/avenida-paulista\/wp-json\/wp\/v2\/media\/5745"}],"wp:attachment":[{"href":"https:\/\/www.encontrabelavista.com.br\/avenida-paulista\/wp-json\/wp\/v2\/media?parent=5746"}],"wp:term":[{"taxonomy":"category","embeddable":true,"href":"https:\/\/www.encontrabelavista.com.br\/avenida-paulista\/wp-json\/wp\/v2\/categories?post=5746"},{"taxonomy":"post_tag","embeddable":true,"href":"https:\/\/www.encontrabelavista.com.br\/avenida-paulista\/wp-json\/wp\/v2\/tags?post=5746"}],"curies":[{"name":"wp","href":"https:\/\/api.w.org\/{rel}","templated":true}]}}