{"id":5748,"date":"2026-01-08T18:50:16","date_gmt":"2026-01-08T21:50:16","guid":{"rendered":"https:\/\/www.encontrabelavista.com.br\/avenida-paulista\/reveillon-cristao-com-frei-gilson-e-padre-marcelo-reune-dois-milhoes-de-pessoas-na-avenida-paulista\/"},"modified":"2026-01-08T18:50:16","modified_gmt":"2026-01-08T21:50:16","slug":"reveillon-cristao-com-frei-gilson-e-padre-marcelo-reune-dois-milhoes-de-pessoas-na-avenida-paulista","status":"publish","type":"post","link":"https:\/\/www.encontrabelavista.com.br\/avenida-paulista\/reveillon-cristao-com-frei-gilson-e-padre-marcelo-reune-dois-milhoes-de-pessoas-na-avenida-paulista\/","title":{"rendered":"R\u00e9veillon Crist\u00e3o com frei Gilson e padre Marcelo re\u00fane dois milh\u00f5es de pessoas na Avenida Paulista"},"content":{"rendered":"<h2>Frei Gilson Azevedo e Padre Marcelo Rossi no Evento<\/h2>\n<p>No dia 31 de dezembro de 2025, a Avenida Paulista se tornou o cen\u00e1rio de um evento marcante e transformador: o R\u00e9veillon Crist\u00e3o. Organizado com a presen\u00e7a de Frei Gilson Azevedo, dos Carmelitas Mensageiros do Esp\u00edrito Santo, e Padre Marcelo Rossi, da Diocese de Santo Amaro, o evento n\u00e3o apenas celebrou a virada do ano, mas promoveu uma experi\u00eancia espiritual \u00fanica. Frei Gilson, conhecido por seu carisma e capacidade de conectar-se com as massas, trouxe uma mensagem de esperan\u00e7a e renova\u00e7\u00e3o, enfatizando a import\u00e2ncia da f\u00e9 em momentos cr\u00edticos e celebrativos.<\/p>\n<p>Este evento, que reuniu cerca de 2 milh\u00f5es de pessoas, se destacou n\u00e3o apenas pela quantidade de participantes, mas pela profundidade das mensagens compartilhadas e pela energia espiritual contagiante que tomou conta do local. O p\u00fablico vibrou com cada can\u00e7\u00e3o e prega\u00e7\u00e3o, refletem a uni\u00e3o do povo crist\u00e3o em busca de uma conex\u00e3o mais profunda com Deus. Padre Marcelo Rossi, famoso por suas prega\u00e7\u00f5es motivacionais e m\u00fasicas inspiradoras, encantou os presentes com suas palavras de encorajamento e celebra\u00e7\u00e3o, criando um ambiente onde cada participante se sentiu parte de algo maior.<\/p>\n<h2>O Impacto Espiritual do R\u00e9veillon Crist\u00e3o<\/h2>\n<p>O R\u00e9veillon Crist\u00e3o n\u00e3o \u00e9 apenas um evento festivo; \u00e9 um momento de reflex\u00e3o, ora\u00e7\u00e3o e renova\u00e7\u00e3o da f\u00e9. Os participantes tiveram a oportunidade de realinhar suas expectativas e esperan\u00e7as para o novo ano, protegidos e guiados pela espiritualidade. A missa ao ar livre, realizada por Frei Gilson e Padre Marcelo, trouxe um toque sagrado ao evento. Milhares de pessoas testemunharam em ora\u00e7\u00e3o, refletindo sobre suas vidas enquanto se preparavam para as b\u00ean\u00e7\u00e3os do ano que se inicia.<\/p>\n<p><img decoding=\"async\" src=\"https:\/\/www.encontrabelavista.com.br\/avenida-paulista\/wp-content\/uploads\/2026\/01\/reveillon-cristao-com-frei-gilson-e-padre-marcelo-reune-dois-milhoes-de-pessoas-na-avenida-paulista.webp\" alt=\"R\u00e9veillon Crist\u00e3o\" loading=\"lazy\" \/><\/p>\n<p>Mais do que apenas uma celebra\u00e7\u00e3o, esse evento representou um ponto de virada. Libertar-se das incertezas do passado e confiar em Deus para o futuro. Frei Gilson expressou suas convic\u00e7\u00f5es nas redes sociais, afirmando que \u201cDeus falou profundamente conosco\u201d durante a celebra\u00e7\u00e3o, refletindo o sentimento coletivo de renova\u00e7\u00e3o que permeava o ar. Para muitos, este foi um espa\u00e7o sagrado onde a comunidade se uniu em um prop\u00f3sito comum: celebrar a vida, a f\u00e9, e o amor espiritual que Jesus Cristo representa.<\/p>\n<h2>Como a Comunidade Colo de Deus Participou<\/h2>\n<p>A Comunidade Colo de Deus desempenhou um papel vital na programa\u00e7\u00e3o do R\u00e9veillon Crist\u00e3o, contribuindo com sua m\u00fasica e anima\u00e7\u00e3o. Iniciando as festividades ao meio-dia, a Comunidade encantou o p\u00fablico com can\u00e7\u00f5es que elevavam o esp\u00edrito e promoviam a uni\u00e3o. A energia e a vitalidade trazidas pela m\u00fasica s\u00e3o ineg\u00e1veis, e a Comunidade Colo de Deus soube comoevocar esse entusiasmo na multid\u00e3o.<\/p>\n<p>Al\u00e9m das performances musicais, a participa\u00e7\u00e3o da Comunidade inclui momentos de adora\u00e7\u00e3o e testemunho de f\u00e9 que ressoaram profundamente com a audi\u00eancia. A entrega sincera de cada um, combinada com a paix\u00e3o pela m\u00fasica gospel, ofereceu um espa\u00e7o para que os presentes n\u00e3o apenas ouvissem, mas realmente experimentassem os sentimentos de espiritualidade e alegria. A intera\u00e7\u00e3o com o p\u00fablico foi um elemento crucial que fez com que todos se sentissem inclu\u00eddos e parte de uma grande fam\u00edlia na f\u00e9.<\/p>\n<h2>Programa\u00e7\u00e3o do R\u00e9veillon Crist\u00e3o<\/h2>\n<p>A programa\u00e7\u00e3o do R\u00e9veillon Crist\u00e3o foi cuidadosamente planejada para incluir um equil\u00edbrio entre m\u00fasica, prega\u00e7\u00f5es e momentos de ora\u00e7\u00e3o. Iniciando \u00e0s 14h, o evento contou com a apresenta\u00e7\u00e3o da Comunidade Colo de Deus, que p\u00f4s todos no clima festivo com suas melodias inspiradoras. \u00c0s 14h30, Frei Gilson assumiu o palco, compartilhando reflex\u00f5es profundas e momentos de adora\u00e7\u00e3o que ressoavam com os presentes.<\/p>\n<p>O ponto alto da celebra\u00e7\u00e3o foi a participa\u00e7\u00e3o de Padre Marcelo Rossi, que no per\u00edodo da tarde levou a multid\u00e3o a um cl\u00edmax espiritual atrav\u00e9s de suas prega\u00e7\u00f5es empolgantes e can\u00e7\u00f5es comoventes. Feliz por ver tanto povo louvando a Jesus, ele utilizou esse momento crucial para falar sobre a conex\u00e3o com Deus e a import\u00e2ncia da comunidade na f\u00e9. O evento n\u00e3o terminou apenas em can\u00e7\u00f5es, mas foi enriquecido com ora\u00e7\u00f5es coletivas, momentos de introspec\u00e7\u00e3o e um clima de amor fraterno, consolidando o objetivo de celebrar a f\u00e9 na virada do ano.<\/p>\n<h2>Relatos de Participantes e Fi\u00e9is<\/h2>\n<p>Os relatos dos participantes ap\u00f3s o evento t\u00eam sido variados, mas carregam um sentimento comum: gratid\u00e3o. Muitos compartilharam experi\u00eancias pessoais de transforma\u00e7\u00e3o e renova\u00e7\u00e3o espiritual. Os fi\u00e9is estavam animados, sentindo que a caminhada espiritual que foi encorajada ali poderia lev\u00e1-los a um novo ano repleto de b\u00ean\u00e7\u00e3os e vit\u00f3rias.<\/p>\n<p>Uma das participantes, Maria da Luz, expressou a import\u00e2ncia desse encontro: \u201cSenti que minha f\u00e9 foi reacendida. O R\u00e9veillon Crist\u00e3o n\u00e3o foi apenas uma festa, mas uma verdadeira experi\u00eancia de renova\u00e7\u00e3o espiritual, um sopro novo em minha vida\u201d. Outra testemunha, Carlos, faleceu a mesma ideia, comentando que \u201ca m\u00fasica e a palavra de Deus trouxeram uma paz inexplic\u00e1vel, e me ajudaram a redefinir os meus objetivos para o ano que se inicia\u201d.<\/p>\n<h2>Celebrando a F\u00e9 na Maior Capital do Pa\u00eds<\/h2>\n<p>O R\u00e9veillon Crist\u00e3o na Avenida Paulista marca um importante marco para a religi\u00e3o e espiritualidade na maior cidade do Brasil. Este evento n\u00e3o apenas mostrou a for\u00e7a da f\u00e9 crist\u00e3 em S\u00e3o Paulo, mas tamb\u00e9m ressaltou a uni\u00e3o de comunidades e a necessidade de espa\u00e7os inclusivos para celebra\u00e7\u00f5es. Num mundo frequentemente marcado pela divis\u00e3o e desuni\u00e3o, a celebra\u00e7\u00e3o conjunta da f\u00e9 foi tudo o que muitos precisavam para lembrar que a esperan\u00e7a e a positividade ainda existem.<\/p>\n<p>A Avenida Paulista, um dos centros financeiros mais emblem\u00e1ticos do Brasil, foi transformada em um altar ao ar livre, onde a alegria, entusiasmo e adora\u00e7\u00e3o se uniram em um s\u00f3 coro. Os organizadores e participantes descreveram o evento como um exemplo brilhante do que significa celebrar a vida e a f\u00e9 em comunidade, mostrando ao mundo que, mesmo nas cidades mais movimentadas, a espiritualidade ainda pode prosperar.<\/p>\n<h2>O Papel da M\u00fasica na Celebra\u00e7\u00e3o Crist\u00e3<\/h2>\n<p>Um dos elementos mais impactantes do R\u00e9veillon Crist\u00e3o foi, sem d\u00favida, a m\u00fasica. Desde as apresenta\u00e7\u00f5es en\u00e9rgicas da Comunidade Colo de Deus at\u00e9 as can\u00e7\u00f5es comoventes de Frei Gilson e Padre Marcelo, a m\u00fasica serviu como um ve\u00edculo poderoso para a express\u00e3o da f\u00e9. As can\u00e7\u00f5es n\u00e3o apenas elevaram os \u00e2nimos, mas tamb\u00e9m facilitaram momentos de reflex\u00e3o e conex\u00e3o com o divino.<\/p>\n<p>M\u00fasica \u00e9 uma forma de louvor que tem sido utilizada por s\u00e9culos para expressar devo\u00e7\u00e3o e agradecimento a Deus. Durante este evento, testemunhou-se o poder da m\u00fasica em unir as pessoas, independentemente de suas hist\u00f3rias ou experi\u00eancias pessoais. As melodias e letras serviram como um meio de media\u00e7\u00e3o para que muitos encontrassem um espa\u00e7o seguro para expressar suas emo\u00e7\u00f5es e se aproximar de Deus.<\/p>\n<h2>Entrevistas com os Organizadores do Evento<\/h2>\n<p>As entrevistas com os organizadores do evento revelaram o alinhamento de vis\u00f5es e objetivos para o R\u00e9veillon Crist\u00e3o. Jonnata Marques, integrante da banda Colo de Deus, comentou sobre a necessidade de eventos que proporcionem experi\u00eancias espirituais coletivas. \u201cH\u00e1 uma sede por isso, por momentos que nos permitam nos conectar com Deus e uns com os outros\u201d, disse ele, expressando seu entusiasmo pela resposta positiva do p\u00fablico.<\/p>\n<p>A Summer Produ\u00e7\u00f5es, respons\u00e1vel pela realiza\u00e7\u00e3o do evento, afirmou que o sucesso do R\u00e9veillon Crist\u00e3o superou suas expectativas. \u201cA energia e a uni\u00e3o que vimos hoje s\u00e3o prova de que a comunidade crist\u00e3 tem uma enorme necessidade de se reunir e celebrar em um ambiente acolhedor\u201d, relataram. Essa experi\u00eancia n\u00e3o apenas refor\u00e7ou a conex\u00e3o entre os crist\u00e3os, mas tamb\u00e9m lan\u00e7ou as bases para futuras celebra\u00e7\u00f5es.<\/p>\n<h2>A Participa\u00e7\u00e3o da Prefeitura de S\u00e3o Paulo<\/h2>\n<p>A Prefeitura de S\u00e3o Paulo teve um papel fundamental na viabiliza\u00e7\u00e3o do evento, garantindo que a infraestrutura e os recursos necess\u00e1rios fossem disponibilizados. O prefeito Ricardo Nunes, que esteve presente durante as festividades, ressaltou a import\u00e2ncia da inclus\u00e3o de atividades que atendem a diversas comunidades. \u201c\u00c9 uma alegria imensa ver essa quantidade de pessoas felizes, celebrando a f\u00e9 em um espa\u00e7o t\u00e3o ic\u00f4nico como a Avenida Paulista\u201d, afirmou. A colabora\u00e7\u00e3o entre a municipalidade e grupos de f\u00e9 \u00e9 um exemplo inspirador de como a uni\u00e3o pode criar ambientes positivos e de esperan\u00e7a.<\/p>\n<p>A prefeitura tamb\u00e9m teve um papel ativo na organiza\u00e7\u00e3o do evento, especialmente em rela\u00e7\u00e3o \u00e0 seguran\u00e7a e ao acesso, permitindo que todos pudessem usufruir da celebra\u00e7\u00e3o com conforto e tranquilidade. Essa atitude indica uma vontade de acolher a diversidade religiosa da cidade, promovendo um espa\u00e7o seguro para todos.<\/p>\n<h2>Reflex\u00f5es sobre a Nova D\u00e9cada e a Esperan\u00e7a<\/h2>\n<p>\u00c0 medida que a d\u00e9cada de 2020 se prepara para seu desfecho, o R\u00e9veillon Crist\u00e3o serve como um importante lembrete sobre a busca cont\u00ednua por renova\u00e7\u00e3o e esperan\u00e7a. Em um contexto global frequentemente incerto, as reuni\u00f5es de f\u00e9 como essa proporcionam n\u00e3o apenas alegria, mas tamb\u00e9m um sentido de prop\u00f3sito e comitiva entre os participantes.<\/p>\n<p>A mensagem central da celebra\u00e7\u00e3o foi a de que o futuro est\u00e1 nas m\u00e3os de Deus e que, juntos, somos capazes de enfrentar desafios. O esp\u00edrito coletivo do evento, unindo milh\u00f5es de vozes em adora\u00e7\u00e3o, ecoou um sentimento de que, mesmo nas dificuldades, a esperan\u00e7a e a f\u00e9 permanecem. Portanto, o R\u00e9veillon Crist\u00e3o n\u00e3o apenas celebrou a virada do ano, mas tamb\u00e9m encorajou cada indiv\u00edduo a se renovar na busca de seus objetivos e cren\u00e7as, abra\u00e7ando a nova d\u00e9cada com coragem e uni\u00e3o.<\/p>\n","protected":false},"excerpt":{"rendered":"<p>R\u00e9veillon Crist\u00e3o re\u00fane milh\u00f5es de pessoas na Avenida Paulista.<\/p>\n","protected":false},"author":1,"featured_media":5747,"comment_status":"open","ping_status":"","sticky":false,"template":"","format":"standard","meta":{"footnotes":""},"categories":[5],"tags":[],"class_list":["post-5748","post","type-post","status-publish","format-standard","has-post-thumbnail","hentry","category-noticias","has_thumb"],"yoast_head":"<!-- This site is optimized with the Yoast SEO plugin v26.4 - https:\/\/yoast.com\/wordpress\/plugins\/seo\/ -->\n<title>R\u00e9veillon Crist\u00e3o com frei Gilson e padre Marcelo re\u00fane dois milh\u00f5es de pessoas na Avenida Paulista - Encontra Avenida Paulista<\/title>\n<meta name=\"robots\" content=\"index, follow, max-snippet:-1, max-image-preview:large, max-video-preview:-1\" \/>\n<link rel=\"canonical\" href=\"https:\/\/www.encontrabelavista.com.br\/avenida-paulista\/reveillon-cristao-com-frei-gilson-e-padre-marcelo-reune-dois-milhoes-de-pessoas-na-avenida-paulista\/\" \/>\n<meta property=\"og:locale\" content=\"pt_BR\" \/>\n<meta property=\"og:type\" content=\"article\" \/>\n<meta property=\"og:title\" content=\"R\u00e9veillon Crist\u00e3o com frei Gilson e padre Marcelo re\u00fane dois milh\u00f5es de pessoas na Avenida Paulista - Encontra Avenida Paulista\" \/>\n<meta property=\"og:description\" content=\"R\u00e9veillon Crist\u00e3o re\u00fane milh\u00f5es de pessoas na Avenida Paulista.\" \/>\n<meta property=\"og:url\" content=\"https:\/\/www.encontrabelavista.com.br\/avenida-paulista\/reveillon-cristao-com-frei-gilson-e-padre-marcelo-reune-dois-milhoes-de-pessoas-na-avenida-paulista\/\" \/>\n<meta property=\"og:site_name\" content=\"Encontra Avenida Paulista\" \/>\n<meta property=\"article:published_time\" content=\"2026-01-08T21:50:16+00:00\" \/>\n<meta property=\"og:image\" content=\"https:\/\/www.encontrabelavista.com.br\/avenida-paulista\/wp-content\/uploads\/2026\/01\/reveillon-cristao-com-frei-gilson-e-padre-marcelo-reune-dois-milhoes-de-pessoas-na-avenida-paulista.webp\" \/>\n<meta name=\"author\" content=\"Encontra Avenida Paulista\" \/>\n<meta name=\"twitter:card\" content=\"summary_large_image\" \/>\n<meta name=\"twitter:label1\" content=\"Escrito por\" \/>\n\t<meta name=\"twitter:data1\" content=\"Encontra Avenida Paulista\" \/>\n\t<meta name=\"twitter:label2\" content=\"Est. tempo de leitura\" \/>\n\t<meta name=\"twitter:data2\" content=\"9 minutos\" \/>\n<script type=\"application\/ld+json\" class=\"yoast-schema-graph\">{\"@context\":\"https:\/\/schema.org\",\"@graph\":[{\"@type\":\"WebPage\",\"@id\":\"https:\/\/www.encontrabelavista.com.br\/avenida-paulista\/reveillon-cristao-com-frei-gilson-e-padre-marcelo-reune-dois-milhoes-de-pessoas-na-avenida-paulista\/\",\"url\":\"https:\/\/www.encontrabelavista.com.br\/avenida-paulista\/reveillon-cristao-com-frei-gilson-e-padre-marcelo-reune-dois-milhoes-de-pessoas-na-avenida-paulista\/\",\"name\":\"R\u00e9veillon Crist\u00e3o com frei Gilson e padre Marcelo re\u00fane dois milh\u00f5es de pessoas na Avenida Paulista - Encontra Avenida Paulista\",\"isPartOf\":{\"@id\":\"https:\/\/www.encontrabelavista.com.br\/avenida-paulista\/#website\"},\"primaryImageOfPage\":{\"@id\":\"https:\/\/www.encontrabelavista.com.br\/avenida-paulista\/reveillon-cristao-com-frei-gilson-e-padre-marcelo-reune-dois-milhoes-de-pessoas-na-avenida-paulista\/#primaryimage\"},\"image\":{\"@id\":\"https:\/\/www.encontrabelavista.com.br\/avenida-paulista\/reveillon-cristao-com-frei-gilson-e-padre-marcelo-reune-dois-milhoes-de-pessoas-na-avenida-paulista\/#primaryimage\"},\"thumbnailUrl\":\"https:\/\/www.encontrabelavista.com.br\/avenida-paulista\/wp-content\/uploads\/2026\/01\/reveillon-cristao-com-frei-gilson-e-padre-marcelo-reune-dois-milhoes-de-pessoas-na-avenida-paulista.webp\",\"datePublished\":\"2026-01-08T21:50:16+00:00\",\"author\":{\"@id\":\"https:\/\/www.encontrabelavista.com.br\/avenida-paulista\/#\/schema\/person\/63c71a69a5879155285aa7cf79ec3e40\"},\"breadcrumb\":{\"@id\":\"https:\/\/www.encontrabelavista.com.br\/avenida-paulista\/reveillon-cristao-com-frei-gilson-e-padre-marcelo-reune-dois-milhoes-de-pessoas-na-avenida-paulista\/#breadcrumb\"},\"inLanguage\":\"pt-BR\",\"potentialAction\":[{\"@type\":\"ReadAction\",\"target\":[\"https:\/\/www.encontrabelavista.com.br\/avenida-paulista\/reveillon-cristao-com-frei-gilson-e-padre-marcelo-reune-dois-milhoes-de-pessoas-na-avenida-paulista\/\"]}]},{\"@type\":\"ImageObject\",\"inLanguage\":\"pt-BR\",\"@id\":\"https:\/\/www.encontrabelavista.com.br\/avenida-paulista\/reveillon-cristao-com-frei-gilson-e-padre-marcelo-reune-dois-milhoes-de-pessoas-na-avenida-paulista\/#primaryimage\",\"url\":\"https:\/\/www.encontrabelavista.com.br\/avenida-paulista\/wp-content\/uploads\/2026\/01\/reveillon-cristao-com-frei-gilson-e-padre-marcelo-reune-dois-milhoes-de-pessoas-na-avenida-paulista.webp\",\"contentUrl\":\"https:\/\/www.encontrabelavista.com.br\/avenida-paulista\/wp-content\/uploads\/2026\/01\/reveillon-cristao-com-frei-gilson-e-padre-marcelo-reune-dois-milhoes-de-pessoas-na-avenida-paulista.webp\",\"width\":320,\"height\":280,\"caption\":\"R\u00e9veillon Crist\u00e3o\"},{\"@type\":\"BreadcrumbList\",\"@id\":\"https:\/\/www.encontrabelavista.com.br\/avenida-paulista\/reveillon-cristao-com-frei-gilson-e-padre-marcelo-reune-dois-milhoes-de-pessoas-na-avenida-paulista\/#breadcrumb\",\"itemListElement\":[{\"@type\":\"ListItem\",\"position\":1,\"name\":\"In\u00edcio\",\"item\":\"https:\/\/www.encontrabelavista.com.br\/avenida-paulista\/\"},{\"@type\":\"ListItem\",\"position\":2,\"name\":\"R\u00e9veillon Crist\u00e3o com frei Gilson e padre Marcelo re\u00fane dois milh\u00f5es de pessoas na Avenida Paulista\"}]},{\"@type\":\"WebSite\",\"@id\":\"https:\/\/www.encontrabelavista.com.br\/avenida-paulista\/#website\",\"url\":\"https:\/\/www.encontrabelavista.com.br\/avenida-paulista\/\",\"name\":\"Encontra Avenida Paulista\",\"description\":\"ENCONTRA AVENIDA PAULISTA - O guia comercial de neg\u00f3cios e empresas, cultura e divers\u00e3o na Avenida Paulista. Feito 100% para voc\u00ea morador!\",\"potentialAction\":[{\"@type\":\"SearchAction\",\"target\":{\"@type\":\"EntryPoint\",\"urlTemplate\":\"https:\/\/www.encontrabelavista.com.br\/avenida-paulista\/?s={search_term_string}\"},\"query-input\":{\"@type\":\"PropertyValueSpecification\",\"valueRequired\":true,\"valueName\":\"search_term_string\"}}],\"inLanguage\":\"pt-BR\"},{\"@type\":\"Person\",\"@id\":\"https:\/\/www.encontrabelavista.com.br\/avenida-paulista\/#\/schema\/person\/63c71a69a5879155285aa7cf79ec3e40\",\"name\":\"Encontra Avenida Paulista\",\"image\":{\"@type\":\"ImageObject\",\"inLanguage\":\"pt-BR\",\"@id\":\"https:\/\/www.encontrabelavista.com.br\/avenida-paulista\/#\/schema\/person\/image\/\",\"url\":\"https:\/\/secure.gravatar.com\/avatar\/c50c17820bcf322f0a8fd6b110b8c0918141409dc69076470f6fca5fee70a5d4?s=96&d=mm&r=g\",\"contentUrl\":\"https:\/\/secure.gravatar.com\/avatar\/c50c17820bcf322f0a8fd6b110b8c0918141409dc69076470f6fca5fee70a5d4?s=96&d=mm&r=g\",\"caption\":\"Encontra Avenida Paulista\"},\"url\":\"https:\/\/www.encontrabelavista.com.br\/avenida-paulista\/author\/encontraavenidapaulista\/\"}]}<\/script>\n<!-- \/ Yoast SEO plugin. -->","yoast_head_json":{"title":"R\u00e9veillon Crist\u00e3o com frei Gilson e padre Marcelo re\u00fane dois milh\u00f5es de pessoas na Avenida Paulista - Encontra Avenida Paulista","robots":{"index":"index","follow":"follow","max-snippet":"max-snippet:-1","max-image-preview":"max-image-preview:large","max-video-preview":"max-video-preview:-1"},"canonical":"https:\/\/www.encontrabelavista.com.br\/avenida-paulista\/reveillon-cristao-com-frei-gilson-e-padre-marcelo-reune-dois-milhoes-de-pessoas-na-avenida-paulista\/","og_locale":"pt_BR","og_type":"article","og_title":"R\u00e9veillon Crist\u00e3o com frei Gilson e padre Marcelo re\u00fane dois milh\u00f5es de pessoas na Avenida Paulista - Encontra Avenida Paulista","og_description":"R\u00e9veillon Crist\u00e3o re\u00fane milh\u00f5es de pessoas na Avenida Paulista.","og_url":"https:\/\/www.encontrabelavista.com.br\/avenida-paulista\/reveillon-cristao-com-frei-gilson-e-padre-marcelo-reune-dois-milhoes-de-pessoas-na-avenida-paulista\/","og_site_name":"Encontra Avenida Paulista","article_published_time":"2026-01-08T21:50:16+00:00","og_image":[{"url":"https:\/\/www.encontrabelavista.com.br\/avenida-paulista\/wp-content\/uploads\/2026\/01\/reveillon-cristao-com-frei-gilson-e-padre-marcelo-reune-dois-milhoes-de-pessoas-na-avenida-paulista.webp","type":"","width":"","height":""}],"author":"Encontra Avenida Paulista","twitter_card":"summary_large_image","twitter_misc":{"Escrito por":"Encontra Avenida Paulista","Est. tempo de leitura":"9 minutos"},"schema":{"@context":"https:\/\/schema.org","@graph":[{"@type":"WebPage","@id":"https:\/\/www.encontrabelavista.com.br\/avenida-paulista\/reveillon-cristao-com-frei-gilson-e-padre-marcelo-reune-dois-milhoes-de-pessoas-na-avenida-paulista\/","url":"https:\/\/www.encontrabelavista.com.br\/avenida-paulista\/reveillon-cristao-com-frei-gilson-e-padre-marcelo-reune-dois-milhoes-de-pessoas-na-avenida-paulista\/","name":"R\u00e9veillon Crist\u00e3o com frei Gilson e padre Marcelo re\u00fane dois milh\u00f5es de pessoas na Avenida Paulista - Encontra Avenida Paulista","isPartOf":{"@id":"https:\/\/www.encontrabelavista.com.br\/avenida-paulista\/#website"},"primaryImageOfPage":{"@id":"https:\/\/www.encontrabelavista.com.br\/avenida-paulista\/reveillon-cristao-com-frei-gilson-e-padre-marcelo-reune-dois-milhoes-de-pessoas-na-avenida-paulista\/#primaryimage"},"image":{"@id":"https:\/\/www.encontrabelavista.com.br\/avenida-paulista\/reveillon-cristao-com-frei-gilson-e-padre-marcelo-reune-dois-milhoes-de-pessoas-na-avenida-paulista\/#primaryimage"},"thumbnailUrl":"https:\/\/www.encontrabelavista.com.br\/avenida-paulista\/wp-content\/uploads\/2026\/01\/reveillon-cristao-com-frei-gilson-e-padre-marcelo-reune-dois-milhoes-de-pessoas-na-avenida-paulista.webp","datePublished":"2026-01-08T21:50:16+00:00","author":{"@id":"https:\/\/www.encontrabelavista.com.br\/avenida-paulista\/#\/schema\/person\/63c71a69a5879155285aa7cf79ec3e40"},"breadcrumb":{"@id":"https:\/\/www.encontrabelavista.com.br\/avenida-paulista\/reveillon-cristao-com-frei-gilson-e-padre-marcelo-reune-dois-milhoes-de-pessoas-na-avenida-paulista\/#breadcrumb"},"inLanguage":"pt-BR","potentialAction":[{"@type":"ReadAction","target":["https:\/\/www.encontrabelavista.com.br\/avenida-paulista\/reveillon-cristao-com-frei-gilson-e-padre-marcelo-reune-dois-milhoes-de-pessoas-na-avenida-paulista\/"]}]},{"@type":"ImageObject","inLanguage":"pt-BR","@id":"https:\/\/www.encontrabelavista.com.br\/avenida-paulista\/reveillon-cristao-com-frei-gilson-e-padre-marcelo-reune-dois-milhoes-de-pessoas-na-avenida-paulista\/#primaryimage","url":"https:\/\/www.encontrabelavista.com.br\/avenida-paulista\/wp-content\/uploads\/2026\/01\/reveillon-cristao-com-frei-gilson-e-padre-marcelo-reune-dois-milhoes-de-pessoas-na-avenida-paulista.webp","contentUrl":"https:\/\/www.encontrabelavista.com.br\/avenida-paulista\/wp-content\/uploads\/2026\/01\/reveillon-cristao-com-frei-gilson-e-padre-marcelo-reune-dois-milhoes-de-pessoas-na-avenida-paulista.webp","width":320,"height":280,"caption":"R\u00e9veillon Crist\u00e3o"},{"@type":"BreadcrumbList","@id":"https:\/\/www.encontrabelavista.com.br\/avenida-paulista\/reveillon-cristao-com-frei-gilson-e-padre-marcelo-reune-dois-milhoes-de-pessoas-na-avenida-paulista\/#breadcrumb","itemListElement":[{"@type":"ListItem","position":1,"name":"In\u00edcio","item":"https:\/\/www.encontrabelavista.com.br\/avenida-paulista\/"},{"@type":"ListItem","position":2,"name":"R\u00e9veillon Crist\u00e3o com frei Gilson e padre Marcelo re\u00fane dois milh\u00f5es de pessoas na Avenida Paulista"}]},{"@type":"WebSite","@id":"https:\/\/www.encontrabelavista.com.br\/avenida-paulista\/#website","url":"https:\/\/www.encontrabelavista.com.br\/avenida-paulista\/","name":"Encontra Avenida Paulista","description":"ENCONTRA AVENIDA PAULISTA - O guia comercial de neg\u00f3cios e empresas, cultura e divers\u00e3o na Avenida Paulista. Feito 100% para voc\u00ea morador!","potentialAction":[{"@type":"SearchAction","target":{"@type":"EntryPoint","urlTemplate":"https:\/\/www.encontrabelavista.com.br\/avenida-paulista\/?s={search_term_string}"},"query-input":{"@type":"PropertyValueSpecification","valueRequired":true,"valueName":"search_term_string"}}],"inLanguage":"pt-BR"},{"@type":"Person","@id":"https:\/\/www.encontrabelavista.com.br\/avenida-paulista\/#\/schema\/person\/63c71a69a5879155285aa7cf79ec3e40","name":"Encontra Avenida Paulista","image":{"@type":"ImageObject","inLanguage":"pt-BR","@id":"https:\/\/www.encontrabelavista.com.br\/avenida-paulista\/#\/schema\/person\/image\/","url":"https:\/\/secure.gravatar.com\/avatar\/c50c17820bcf322f0a8fd6b110b8c0918141409dc69076470f6fca5fee70a5d4?s=96&d=mm&r=g","contentUrl":"https:\/\/secure.gravatar.com\/avatar\/c50c17820bcf322f0a8fd6b110b8c0918141409dc69076470f6fca5fee70a5d4?s=96&d=mm&r=g","caption":"Encontra Avenida Paulista"},"url":"https:\/\/www.encontrabelavista.com.br\/avenida-paulista\/author\/encontraavenidapaulista\/"}]}},"_links":{"self":[{"href":"https:\/\/www.encontrabelavista.com.br\/avenida-paulista\/wp-json\/wp\/v2\/posts\/5748","targetHints":{"allow":["GET"]}}],"collection":[{"href":"https:\/\/www.encontrabelavista.com.br\/avenida-paulista\/wp-json\/wp\/v2\/posts"}],"about":[{"href":"https:\/\/www.encontrabelavista.com.br\/avenida-paulista\/wp-json\/wp\/v2\/types\/post"}],"author":[{"embeddable":true,"href":"https:\/\/www.encontrabelavista.com.br\/avenida-paulista\/wp-json\/wp\/v2\/users\/1"}],"replies":[{"embeddable":true,"href":"https:\/\/www.encontrabelavista.com.br\/avenida-paulista\/wp-json\/wp\/v2\/comments?post=5748"}],"version-history":[{"count":0,"href":"https:\/\/www.encontrabelavista.com.br\/avenida-paulista\/wp-json\/wp\/v2\/posts\/5748\/revisions"}],"wp:featuredmedia":[{"embeddable":true,"href":"https:\/\/www.encontrabelavista.com.br\/avenida-paulista\/wp-json\/wp\/v2\/media\/5747"}],"wp:attachment":[{"href":"https:\/\/www.encontrabelavista.com.br\/avenida-paulista\/wp-json\/wp\/v2\/media?parent=5748"}],"wp:term":[{"taxonomy":"category","embeddable":true,"href":"https:\/\/www.encontrabelavista.com.br\/avenida-paulista\/wp-json\/wp\/v2\/categories?post=5748"},{"taxonomy":"post_tag","embeddable":true,"href":"https:\/\/www.encontrabelavista.com.br\/avenida-paulista\/wp-json\/wp\/v2\/tags?post=5748"}],"curies":[{"name":"wp","href":"https:\/\/api.w.org\/{rel}","templated":true}]}}