{"id":5750,"date":"2026-01-08T18:52:23","date_gmt":"2026-01-08T21:52:23","guid":{"rendered":"https:\/\/www.encontrabelavista.com.br\/avenida-paulista\/reveillon-na-paulista-reuniu-mais-de-2-milhoes-de-pessoas-diz-pesquisa\/"},"modified":"2026-01-08T18:52:23","modified_gmt":"2026-01-08T21:52:23","slug":"reveillon-na-paulista-reuniu-mais-de-2-milhoes-de-pessoas-diz-pesquisa","status":"publish","type":"post","link":"https:\/\/www.encontrabelavista.com.br\/avenida-paulista\/reveillon-na-paulista-reuniu-mais-de-2-milhoes-de-pessoas-diz-pesquisa\/","title":{"rendered":"R\u00e9veillon na Paulista reuniu mais de 2 milh\u00f5es de pessoas, diz pesquisa"},"content":{"rendered":"<h2>Impacto Econ\u00f4mico do R\u00e9veillon<\/h2>\n<p>O <strong>R\u00e9veillon na Avenida Paulista<\/strong>, evento emblem\u00e1tico que celebra a chegada do novo ano, possui um impacto econ\u00f4mico significativo na cidade de S\u00e3o Paulo. De acordo com uma pesquisa realizada pela <strong>Funda\u00e7\u00e3o Get\u00falio Vargas (FGV)<\/strong>, o evento deste ano reuniu mais de <strong>2 milh\u00f5es de pessoas<\/strong> e gerou uma movimenta\u00e7\u00e3o de aproximadamente <strong>R$ 1,38 bilh\u00e3o<\/strong> na economia local. Esses n\u00fameros demonstram n\u00e3o apenas a magnitude da festa, mas tamb\u00e9m a import\u00e2ncia que atividades culturais e de entretenimento t\u00eam para o desenvolvimento econ\u00f4mico urbano.<\/p>\n<p>Do valor total movimentado, a prefeitura de S\u00e3o Paulo reportou que as celebra\u00e7\u00f5es de fim de ano, que incluem eventos como o <strong>Natal Iluminado<\/strong>, geraram um montante total em torno de <strong>R$ 2,33 bilh\u00f5es<\/strong> para a economia da cidade. Este impacto \u00e9 resultado tanto da presen\u00e7a massiva de p\u00fablico consumindo bens e servi\u00e7os quanto dos investimentos feitos pelo setor p\u00fablico e privado na organiza\u00e7\u00e3o do evento. Essa quantia \u00e9 essencial para a revitaliza\u00e7\u00e3o de setores que enfrentam desafios, como o com\u00e9rcio, restaurantes e hotelaria.<\/p>\n<p>Os <strong>impactos diretos<\/strong> e <strong>indiretos<\/strong> da celebra\u00e7\u00e3o s\u00e3o vis\u00edveis em diversos segmentos da economia. Entre os diretos se destacam os investimentos na <strong>infraestrutura<\/strong> do evento, que incluem montagem de palcos, sonoriza\u00e7\u00e3o, seguran\u00e7a, e servi\u00e7os essenciais, enquanto os gastos dos visitantes aquecem setores como <strong>a alimenta\u00e7\u00e3o, transporte, hotelaria e entretenimento<\/strong>. Em adi\u00e7\u00e3o, os impactos indiretos alcan\u00e7am toda a cadeia produtiva relacionada, abrangendo, por exemplo, fornecedores de alimentos e servi\u00e7os de limpeza.<\/p>\n<p><img decoding=\"async\" src=\"https:\/\/www.encontrabelavista.com.br\/avenida-paulista\/wp-content\/uploads\/2026\/01\/reveillon-na-paulista-reuniu-mais-de-2-milhoes-de-pessoas-diz-pesquisa.webp\" alt=\"R\u00e9veillon na Paulista\" loading=\"lazy\" \/><\/p>\n<p>Al\u00e9m disso, vale ressaltar que a maior parte do p\u00fablico presente ao evento, cerca de <strong>76,9%<\/strong>, \u00e9 composta por moradores da capital paulista. Os <strong>23,1%<\/strong> restantes s\u00e3o pessoas que, embora n\u00e3o residam em S\u00e3o Paulo, visitam a cidade durante as festividades, atra\u00eddas pela fama do evento. Esse fluxo tur\u00edstico n\u00e3o s\u00f3 gera receita imediata, mas tamb\u00e9m serve para promover S\u00e3o Paulo como um destino atrativo em outras \u00e9pocas do ano.<\/p>\n<h2>A Seguran\u00e7a no Evento<\/h2>\n<p>Outro aspecto fundamental do R\u00e9veillon na Paulista \u00e9 a <strong>seguran\u00e7a<\/strong>. O evento, que atrai milh\u00f5es, requer um planejamento intenso para garantir a integridade de todos os participantes. O <strong>Secret\u00e1rio de Seguran\u00e7a Urbana de S\u00e3o Paulo<\/strong>, Orlando Morando, informou que um esquema especial de seguran\u00e7a foi montado, mobilizando cerca de <strong>4.500 agentes<\/strong> de seguran\u00e7a, que consistem em <strong>1.110 policiais municipais, 1.900 policiais militares<\/strong> e <strong>1.500 agentes privados<\/strong>. O objetivo central deste aparato \u00e9 proporcionar um ambiente seguro para os cidad\u00e3os e turistas que prestigiam a festa.<\/p>\n<p>No total, foram registradas apenas <strong>seis ocorr\u00eancias policiais<\/strong> durante o evento, um n\u00famero bastante baixo diante do grande fluxo de pessoas, o que demonstra a efic\u00e1cia das estrat\u00e9gias de seguran\u00e7a montadas. Outros dados relevantes v\u00eam da \u00e1rea da sa\u00fade, onde a <strong>Secretaria Municipal de Sa\u00fade<\/strong> contabilizou um total de <strong>675 atendimentos<\/strong>, com apenas oito encaminhamentos para unidades de sa\u00fade, o que tamb\u00e9m sugere uma boa prepara\u00e7\u00e3o para eventuais emerg\u00eancias m\u00e9dicas.<\/p>\n<p>A coleta de res\u00edduos tamb\u00e9m \u00e9 parte do planejamento de seguran\u00e7a e sa\u00fade p\u00fablica. Ap\u00f3s a festa, a <strong>SMSUB<\/strong> (Secretaria Municipal das Subprefeituras) informou que foram recolhidas <strong>37 toneladas de res\u00edduos<\/strong>, destacando a import\u00e2ncia do cuidado com o meio ambiente e o compromisso da cidade em manter a limpeza e a ordem no espa\u00e7o p\u00fablico, mesmo ap\u00f3s um evento de grande magnitude.<\/p>\n<h2>Gastos dos Turistas<\/h2>\n<p>O perfil dos turistas que visitam S\u00e3o Paulo durante o R\u00e9veillon \u00e9 variado, mas os dados mostram que, em m\u00e9dia, os visitantes gastam <strong>R$ 2.016,50<\/strong> durante a estadia. Este valor considera gastos com hospedagem, alimenta\u00e7\u00e3o, transporte, e atividades de lazer. O turismo de eventos, como o R\u00e9veillon, demonstra ser uma importante fonte de receitas, que acaba beneficiando uma s\u00e9rie de setores relacionados diretamente e indiretamente ao evento.<\/p>\n<p>Os gastos na cidade de S\u00e3o Paulo geralmente refletem a diversidade de op\u00e7\u00f5es dispon\u00edveis, que vai desde restaurantes de luxo a alternativas mais acess\u00edveis, al\u00e9m de hot\u00e9is que atendem a diferentes faixas de pre\u00e7o. Essa variedade \u00e9 um atrativo n\u00e3o apenas para turistas, mas tamb\u00e9m para os moradores que aproveitam a cidade de uma maneira diferente durante as festividades.<\/p>\n<p>Ao incluir atividades que v\u00e3o al\u00e9m do R\u00e9veillon, como o <strong>Natal Iluminado<\/strong> e outros espet\u00e1culos culturais, a cidade de S\u00e3o Paulo se posiciona n\u00e3o apenas como um destino tur\u00edstico para as festas de fim de ano, mas como um local vibrante que acolhe eventos durante todo o ano. Essa atra\u00e7\u00e3o perene para turistas e visitantes contribui tamb\u00e9m para a constru\u00e7\u00e3o da imagem da capital como um centro cultural e econ\u00f4mico no Brasil.<\/p>\n<h2>Perfil do P\u00fablico Presente<\/h2>\n<p>O p\u00fablico que comparece ao R\u00e9veillon na Avenida Paulista \u00e9 bastante diversificado, englobando tanto os jovens que buscam uma experi\u00eancia de festa e celebra\u00e7\u00e3o quanto fam\u00edlias que desejam passar a virada do ano em um ambiente festivo. Segundo os dados, a maior parte dos presentes, em torno de <strong>76,9%<\/strong>, s\u00e3o moradores da cidade de S\u00e3o Paulo, o que demonstra uma forte conex\u00e3o local com o evento.<\/p>\n<p>Por outro lado, <strong>23,1%<\/strong> do p\u00fablico \u00e9 composto por visitantes que viajam de outras partes do Brasil e do exterior em busca da famosa festa de R\u00e9veillon. Isso evidencia a import\u00e2ncia do evento para o turismo local, pois impulsiona a economia atrav\u00e9s do fluxo de visitantes que n\u00e3o apenas consomem durante o evento, mas que tamb\u00e9m podem retornar em outras \u00e9pocas do ano.<\/p>\n<p>As atra\u00e7\u00f5es do evento, que incluem shows ao vivo, fogos de artif\u00edcio e a\u00e7\u00f5es culturais, atraem um espectro amplo de idades e interesses. A festa na Avenida Paulista n\u00e3o \u00e9 s\u00f3 uma celebra\u00e7\u00e3o, mas um momento de uni\u00e3o e confraterniza\u00e7\u00e3o entre pessoas de diferentes origens sociais e culturais, refor\u00e7ando la\u00e7os comunit\u00e1rios e fortalecendo o orgulho paulista.<\/p>\n<h2>Engajamento da Prefeitura<\/h2>\n<p>A prefeitura de S\u00e3o Paulo desempenha um papel crucial na realiza\u00e7\u00e3o do R\u00e9veillon, sendo respons\u00e1vel pela organiza\u00e7\u00e3o total do evento. Atrav\u00e9s de um planejamento or\u00e7ament\u00e1rio detalhado e da mobiliza\u00e7\u00e3o de recursos, a administra\u00e7\u00e3o municipal garante que todos os aspectos log\u00edsticos e de seguran\u00e7a sejam atendidos para proporcionar uma experi\u00eancia positiva ao p\u00fablico.<\/p>\n<p>Os investimentos em infraestrutura, decora\u00e7\u00e3o e atra\u00e7\u00f5es s\u00e3o parte da estrat\u00e9gia da prefeitura para oferecer uma celebra\u00e7\u00e3o digna da grandeza da cidade de S\u00e3o Paulo. A mobiliza\u00e7\u00e3o das for\u00e7as de seguran\u00e7a, o atendimento de sa\u00fade e a limpeza s\u00e3o todos coordenados pela administra\u00e7\u00e3o, mostrando uma preocupa\u00e7\u00e3o com o bem-estar da popula\u00e7\u00e3o e dos visitantes.<\/p>\n<p>A administra\u00e7\u00e3o p\u00fablica tamb\u00e9m utiliza a festividade para promover valores culturais, sociais e ambientais, criando um espa\u00e7o que n\u00e3o apenas celebra a virada do ano, mas que tamb\u00e9m reflete a riqueza cultural da cidade. Isso inclui a inclus\u00e3o de artistas locais, que se apresentam no evento, oferecendo aos paulistanos e turistas um vislumbre da vibrante cena art\u00edstica da metr\u00f3pole.<\/p>\n<h2>Hist\u00f3ria do R\u00e9veillon na Paulista<\/h2>\n<p>A tradi\u00e7\u00e3o do R\u00e9veillon na Avenida Paulista remonta a algumas d\u00e9cadas, quando come\u00e7ou a ganhar for\u00e7a como um dos principais pontos de celebra\u00e7\u00e3o de ano novo no Brasil. A Avenida, uma das mais ic\u00f4nicas da cidade, se tornou o palco ideal para grandes festas e eventos, atraindo paulistanos e turistas de todas as partes. Com o passar dos anos, a festa foi crescendo em escala e em complexidade.<\/p>\n<p>Hoje, o R\u00e9veillon na Paulista \u00e9 reconhecido como uma das maiores festas de ano novo do mundo, com uma programa\u00e7\u00e3o que inclui shows de grandes artistas brasileiros, apresenta\u00e7\u00f5es culturais e uma queima de fogos espetacular. A reputa\u00e7\u00e3o do evento cresceu ao ponto de se tornar um atrativo tur\u00edstico, ajudando a consolidar S\u00e3o Paulo como uma capital cultural.<\/p>\n<p>A festa n\u00e3o s\u00f3 simboliza a celebra\u00e7\u00e3o da chegada do novo ano, mas tamb\u00e9m incorpora um elemento de esperan\u00e7a e renova\u00e7\u00e3o, essencial na cultura brasileira. Essa rica hist\u00f3ria torna a celebra\u00e7\u00e3o na Avenida Paulista n\u00e3o apenas um evento, mas uma experi\u00eancia coletiva que une pessoas de todas as esferas sociais em uma sola festa.<\/p>\n<h2>Atividades e Atra\u00e7\u00f5es Oferecidas<\/h2>\n<p>O R\u00e9veillon na Paulista se caracteriza por um leque diversificado de atividades e atra\u00e7\u00f5es voltadas para diferentes faixas et\u00e1rias e interesses. Desde shows de renomados artistas brasileiros at\u00e9 a queima de fogos que ilumina o c\u00e9u da capital, o evento oferece uma experi\u00eancia emocional e visual indescrit\u00edvel. As apresenta\u00e7\u00f5es musicais s\u00e3o um dos principais atrativos, com artistas consagrados em diversos g\u00eaneros se apresentando ao vivo, proporcionando uma festa repleta de m\u00fasica e dan\u00e7a.<\/p>\n<p>A programa\u00e7\u00e3o \u00e9 estrutura para que as fam\u00edlias possam participar e celebrar juntas. Com \u00e1reas de lazer e entretenimento, al\u00e9m de op\u00e7\u00f5es de alimenta\u00e7\u00e3o e bebidas, os visitantes podem desfrutar de uma atmosfera festiva e acolhedora. O evento tamb\u00e9m conta com iniciativas que buscam promover a inclus\u00e3o social, com atividades acess\u00edveis a pessoas com defici\u00eancias, mostrando um compromisso com a equidade.<\/p>\n<p>Adicionalmente, o R\u00e9veillon da Paulista \u00e9 tamb\u00e9m um espa\u00e7o para express\u00f5es culturais diversas, onde dan\u00e7as e interven\u00e7\u00f5es art\u00edsticas estabelecem di\u00e1logos sobre a identidade e a cultura brasileiras. Essa multiplicidade de atividades faz do R\u00e9veillon na Paulista uma experi\u00eancia \u00fanica que reflete a diversidade e a riqueza cultural da cidade de S\u00e3o Paulo, e refor\u00e7a a sua posi\u00e7\u00e3o como um dos principais destinos de festas no Brasil e no mundo.<\/p>\n<h2>Dados Sobre Res\u00edduos Recolhidos<\/h2>\n<p>Um dos aspectos importantes do planejamento do R\u00e9veillon na Avenida Paulista \u00e9 a gest\u00e3o de res\u00edduos gerados durante o evento. Ap\u00f3s a festividade, a <strong>SMSUB<\/strong> (Secretaria Municipal das Subprefeituras) relatou que cerca de <strong>37 toneladas de res\u00edduos<\/strong> foram recolhidas. Esses dados mostram a dimens\u00e3o da festa e a import\u00e2ncia de se implementar um plano de sustentabilidade que minimize os impactos ambientais.<\/p>\n<p>A coleta e a destina\u00e7\u00e3o de res\u00edduos gerados durante grandes eventos p\u00fablicos s\u00e3o desafios que cidades modernas enfrentam. Por isso, s\u00e3o fundamentais a\u00e7\u00f5es de conscientiza\u00e7\u00e3o junto ao p\u00fablico sobre a import\u00e2ncia de manter os espa\u00e7os limpos e a necessidade de se descartar corretamente o lixo.<\/p>\n<p>Al\u00e9m disso, pr\u00e1ticas como a composto e a reciclagem devem ser amplamente discutidas e incorporadas em eventos futuros, estabelecendo um padr\u00e3o que ajude a cuidar do meio ambiente, ao mesmo tempo que proporciona a alegria e a celebra\u00e7\u00e3o que o R\u00e9veillon simboliza.<\/p>\n<h2>Postos de Trabalho Criados<\/h2>\n<p>O R\u00e9veillon na Avenida Paulista demonstrou um papel crucial na gera\u00e7\u00e3o de emprego, com a cria\u00e7\u00e3o de aproximadamente <strong>20,6 mil postos de trabalho<\/strong> diretos e indiretos associados ao evento. Esse impacto \u00e9 importante em um contexto econ\u00f4mico de recupera\u00e7\u00e3o, onde a promo\u00e7\u00e3o de eventos culturais e festivos se torna uma ferramenta eficaz para impulsionar a atividade econ\u00f4mica e gerar emprego.<\/p>\n<p>Os setores que se beneficiam com essa gera\u00e7\u00e3o de empregos incluem a hotelaria, o com\u00e9rcio, os servi\u00e7os de alimenta\u00e7\u00e3o e seguran\u00e7a, al\u00e9m de \u00e1reas de sa\u00fade. Esses empregos tempor\u00e1rios n\u00e3o s\u00f3 oferecem oportunidades para aqueles que buscam se integrar ao mercado de trabalho, mas tamb\u00e9m trazem uma inje\u00e7\u00e3o econ\u00f4mica que beneficia todo o setor produtivo.<\/p>\n<p>A possibilidade de emprego tempor\u00e1rio em uma cidade grande como S\u00e3o Paulo tamb\u00e9m indicam a expertise do setor de eventos e a viabilidade da cidade em receber grandes celebra\u00e7\u00f5es, mostrando a capacidade de planejamento e a mobiliza\u00e7\u00e3o de recursos para criar experi\u00eancias \u00fanicas e inesquec\u00edveis.<\/p>\n<h2>A Experi\u00eancia dos Visitantes<\/h2>\n<p>A experi\u00eancia dos visitantes no R\u00e9veillon da Paulista \u00e9, sem d\u00favida, um dos pontos altos do evento. Desde a chegada, as pessoas s\u00e3o recebidas por uma atmosfera vibrante e festiva, marcada pela diversidade cultural e pela energia contagiante dos eventos realizados. Os relatos de participa\u00e7\u00e3o costumam ser positivos, citando a organiza\u00e7\u00e3o, a seguran\u00e7a e a qualidade das atra\u00e7\u00f5es como pontos que tornam a celebra\u00e7\u00e3o memor\u00e1vel.<\/p>\n<p>Al\u00e9m do espet\u00e1culo de fogos de artif\u00edcio, a programa\u00e7\u00e3o repleta de m\u00fasica ao vivo e a presen\u00e7a de artistas renomados fazem com que cada visitante se sinta parte de algo grandioso. A intera\u00e7\u00e3o entre os participantes cria um ambiente de uni\u00e3o, onde mesmo estranhos se tornam amigos. Isso \u00e9 especialmente importante em um momento de transi\u00e7\u00e3o, onde as esperan\u00e7as e os desejos para o novo ano s\u00e3o compartilhados coletivamente.<\/p>\n<p>Os visitantes tamb\u00e9m destacam a oportunidade de vivenciar a cultura paulistana de maneira aut\u00eantica, com um evento que n\u00e3o apenas oferece entretenimento, mas tamb\u00e9m promove uma reflex\u00e3o sobre a diversidade e a resili\u00eancia da cidade. A celebra\u00e7\u00e3o na Avenida Paulista, assim, se consolidou n\u00e3o apenas como uma simples festa de Ano Novo, mas como um verdadeiro s\u00edmbolo de esperan\u00e7a e renova\u00e7\u00e3o para todos os presentes.<\/p>\n","protected":false},"excerpt":{"rendered":"<p>R\u00e9veillon na Paulista atraiu 2 milh\u00f5es e movimentou R$ 1,38 bi.<\/p>\n","protected":false},"author":1,"featured_media":5749,"comment_status":"open","ping_status":"","sticky":false,"template":"","format":"standard","meta":{"footnotes":""},"categories":[5],"tags":[],"class_list":["post-5750","post","type-post","status-publish","format-standard","has-post-thumbnail","hentry","category-noticias","has_thumb"],"yoast_head":"<!-- This site is optimized with the Yoast SEO plugin v26.4 - https:\/\/yoast.com\/wordpress\/plugins\/seo\/ -->\n<title>R\u00e9veillon na Paulista reuniu mais de 2 milh\u00f5es de pessoas, diz pesquisa - Encontra Avenida Paulista<\/title>\n<meta name=\"robots\" content=\"index, follow, max-snippet:-1, max-image-preview:large, max-video-preview:-1\" \/>\n<link rel=\"canonical\" href=\"https:\/\/www.encontrabelavista.com.br\/avenida-paulista\/reveillon-na-paulista-reuniu-mais-de-2-milhoes-de-pessoas-diz-pesquisa\/\" \/>\n<meta property=\"og:locale\" content=\"pt_BR\" \/>\n<meta property=\"og:type\" content=\"article\" \/>\n<meta property=\"og:title\" content=\"R\u00e9veillon na Paulista reuniu mais de 2 milh\u00f5es de pessoas, diz pesquisa - Encontra Avenida Paulista\" \/>\n<meta property=\"og:description\" content=\"R\u00e9veillon na Paulista atraiu 2 milh\u00f5es e movimentou R$ 1,38 bi.\" \/>\n<meta property=\"og:url\" content=\"https:\/\/www.encontrabelavista.com.br\/avenida-paulista\/reveillon-na-paulista-reuniu-mais-de-2-milhoes-de-pessoas-diz-pesquisa\/\" \/>\n<meta property=\"og:site_name\" content=\"Encontra Avenida Paulista\" \/>\n<meta property=\"article:published_time\" content=\"2026-01-08T21:52:23+00:00\" \/>\n<meta property=\"og:image\" content=\"https:\/\/www.encontrabelavista.com.br\/avenida-paulista\/wp-content\/uploads\/2026\/01\/reveillon-na-paulista-reuniu-mais-de-2-milhoes-de-pessoas-diz-pesquisa.webp\" \/>\n<meta name=\"author\" content=\"Encontra Avenida Paulista\" \/>\n<meta name=\"twitter:card\" content=\"summary_large_image\" \/>\n<meta name=\"twitter:label1\" content=\"Escrito por\" \/>\n\t<meta name=\"twitter:data1\" content=\"Encontra Avenida Paulista\" \/>\n\t<meta name=\"twitter:label2\" content=\"Est. tempo de leitura\" \/>\n\t<meta name=\"twitter:data2\" content=\"11 minutos\" \/>\n<script type=\"application\/ld+json\" class=\"yoast-schema-graph\">{\"@context\":\"https:\/\/schema.org\",\"@graph\":[{\"@type\":\"WebPage\",\"@id\":\"https:\/\/www.encontrabelavista.com.br\/avenida-paulista\/reveillon-na-paulista-reuniu-mais-de-2-milhoes-de-pessoas-diz-pesquisa\/\",\"url\":\"https:\/\/www.encontrabelavista.com.br\/avenida-paulista\/reveillon-na-paulista-reuniu-mais-de-2-milhoes-de-pessoas-diz-pesquisa\/\",\"name\":\"R\u00e9veillon na Paulista reuniu mais de 2 milh\u00f5es de pessoas, diz pesquisa - Encontra Avenida Paulista\",\"isPartOf\":{\"@id\":\"https:\/\/www.encontrabelavista.com.br\/avenida-paulista\/#website\"},\"primaryImageOfPage\":{\"@id\":\"https:\/\/www.encontrabelavista.com.br\/avenida-paulista\/reveillon-na-paulista-reuniu-mais-de-2-milhoes-de-pessoas-diz-pesquisa\/#primaryimage\"},\"image\":{\"@id\":\"https:\/\/www.encontrabelavista.com.br\/avenida-paulista\/reveillon-na-paulista-reuniu-mais-de-2-milhoes-de-pessoas-diz-pesquisa\/#primaryimage\"},\"thumbnailUrl\":\"https:\/\/www.encontrabelavista.com.br\/avenida-paulista\/wp-content\/uploads\/2026\/01\/reveillon-na-paulista-reuniu-mais-de-2-milhoes-de-pessoas-diz-pesquisa.webp\",\"datePublished\":\"2026-01-08T21:52:23+00:00\",\"author\":{\"@id\":\"https:\/\/www.encontrabelavista.com.br\/avenida-paulista\/#\/schema\/person\/63c71a69a5879155285aa7cf79ec3e40\"},\"breadcrumb\":{\"@id\":\"https:\/\/www.encontrabelavista.com.br\/avenida-paulista\/reveillon-na-paulista-reuniu-mais-de-2-milhoes-de-pessoas-diz-pesquisa\/#breadcrumb\"},\"inLanguage\":\"pt-BR\",\"potentialAction\":[{\"@type\":\"ReadAction\",\"target\":[\"https:\/\/www.encontrabelavista.com.br\/avenida-paulista\/reveillon-na-paulista-reuniu-mais-de-2-milhoes-de-pessoas-diz-pesquisa\/\"]}]},{\"@type\":\"ImageObject\",\"inLanguage\":\"pt-BR\",\"@id\":\"https:\/\/www.encontrabelavista.com.br\/avenida-paulista\/reveillon-na-paulista-reuniu-mais-de-2-milhoes-de-pessoas-diz-pesquisa\/#primaryimage\",\"url\":\"https:\/\/www.encontrabelavista.com.br\/avenida-paulista\/wp-content\/uploads\/2026\/01\/reveillon-na-paulista-reuniu-mais-de-2-milhoes-de-pessoas-diz-pesquisa.webp\",\"contentUrl\":\"https:\/\/www.encontrabelavista.com.br\/avenida-paulista\/wp-content\/uploads\/2026\/01\/reveillon-na-paulista-reuniu-mais-de-2-milhoes-de-pessoas-diz-pesquisa.webp\",\"width\":320,\"height\":280,\"caption\":\"R\u00e9veillon na Paulista\"},{\"@type\":\"BreadcrumbList\",\"@id\":\"https:\/\/www.encontrabelavista.com.br\/avenida-paulista\/reveillon-na-paulista-reuniu-mais-de-2-milhoes-de-pessoas-diz-pesquisa\/#breadcrumb\",\"itemListElement\":[{\"@type\":\"ListItem\",\"position\":1,\"name\":\"In\u00edcio\",\"item\":\"https:\/\/www.encontrabelavista.com.br\/avenida-paulista\/\"},{\"@type\":\"ListItem\",\"position\":2,\"name\":\"R\u00e9veillon na Paulista reuniu mais de 2 milh\u00f5es de pessoas, diz pesquisa\"}]},{\"@type\":\"WebSite\",\"@id\":\"https:\/\/www.encontrabelavista.com.br\/avenida-paulista\/#website\",\"url\":\"https:\/\/www.encontrabelavista.com.br\/avenida-paulista\/\",\"name\":\"Encontra Avenida Paulista\",\"description\":\"ENCONTRA AVENIDA PAULISTA - O guia comercial de neg\u00f3cios e empresas, cultura e divers\u00e3o na Avenida Paulista. Feito 100% para voc\u00ea morador!\",\"potentialAction\":[{\"@type\":\"SearchAction\",\"target\":{\"@type\":\"EntryPoint\",\"urlTemplate\":\"https:\/\/www.encontrabelavista.com.br\/avenida-paulista\/?s={search_term_string}\"},\"query-input\":{\"@type\":\"PropertyValueSpecification\",\"valueRequired\":true,\"valueName\":\"search_term_string\"}}],\"inLanguage\":\"pt-BR\"},{\"@type\":\"Person\",\"@id\":\"https:\/\/www.encontrabelavista.com.br\/avenida-paulista\/#\/schema\/person\/63c71a69a5879155285aa7cf79ec3e40\",\"name\":\"Encontra Avenida Paulista\",\"image\":{\"@type\":\"ImageObject\",\"inLanguage\":\"pt-BR\",\"@id\":\"https:\/\/www.encontrabelavista.com.br\/avenida-paulista\/#\/schema\/person\/image\/\",\"url\":\"https:\/\/secure.gravatar.com\/avatar\/c50c17820bcf322f0a8fd6b110b8c0918141409dc69076470f6fca5fee70a5d4?s=96&d=mm&r=g\",\"contentUrl\":\"https:\/\/secure.gravatar.com\/avatar\/c50c17820bcf322f0a8fd6b110b8c0918141409dc69076470f6fca5fee70a5d4?s=96&d=mm&r=g\",\"caption\":\"Encontra Avenida Paulista\"},\"url\":\"https:\/\/www.encontrabelavista.com.br\/avenida-paulista\/author\/encontraavenidapaulista\/\"}]}<\/script>\n<!-- \/ Yoast SEO plugin. -->","yoast_head_json":{"title":"R\u00e9veillon na Paulista reuniu mais de 2 milh\u00f5es de pessoas, diz pesquisa - Encontra Avenida Paulista","robots":{"index":"index","follow":"follow","max-snippet":"max-snippet:-1","max-image-preview":"max-image-preview:large","max-video-preview":"max-video-preview:-1"},"canonical":"https:\/\/www.encontrabelavista.com.br\/avenida-paulista\/reveillon-na-paulista-reuniu-mais-de-2-milhoes-de-pessoas-diz-pesquisa\/","og_locale":"pt_BR","og_type":"article","og_title":"R\u00e9veillon na Paulista reuniu mais de 2 milh\u00f5es de pessoas, diz pesquisa - Encontra Avenida Paulista","og_description":"R\u00e9veillon na Paulista atraiu 2 milh\u00f5es e movimentou R$ 1,38 bi.","og_url":"https:\/\/www.encontrabelavista.com.br\/avenida-paulista\/reveillon-na-paulista-reuniu-mais-de-2-milhoes-de-pessoas-diz-pesquisa\/","og_site_name":"Encontra Avenida Paulista","article_published_time":"2026-01-08T21:52:23+00:00","og_image":[{"url":"https:\/\/www.encontrabelavista.com.br\/avenida-paulista\/wp-content\/uploads\/2026\/01\/reveillon-na-paulista-reuniu-mais-de-2-milhoes-de-pessoas-diz-pesquisa.webp","type":"","width":"","height":""}],"author":"Encontra Avenida Paulista","twitter_card":"summary_large_image","twitter_misc":{"Escrito por":"Encontra Avenida Paulista","Est. tempo de leitura":"11 minutos"},"schema":{"@context":"https:\/\/schema.org","@graph":[{"@type":"WebPage","@id":"https:\/\/www.encontrabelavista.com.br\/avenida-paulista\/reveillon-na-paulista-reuniu-mais-de-2-milhoes-de-pessoas-diz-pesquisa\/","url":"https:\/\/www.encontrabelavista.com.br\/avenida-paulista\/reveillon-na-paulista-reuniu-mais-de-2-milhoes-de-pessoas-diz-pesquisa\/","name":"R\u00e9veillon na Paulista reuniu mais de 2 milh\u00f5es de pessoas, diz pesquisa - Encontra Avenida Paulista","isPartOf":{"@id":"https:\/\/www.encontrabelavista.com.br\/avenida-paulista\/#website"},"primaryImageOfPage":{"@id":"https:\/\/www.encontrabelavista.com.br\/avenida-paulista\/reveillon-na-paulista-reuniu-mais-de-2-milhoes-de-pessoas-diz-pesquisa\/#primaryimage"},"image":{"@id":"https:\/\/www.encontrabelavista.com.br\/avenida-paulista\/reveillon-na-paulista-reuniu-mais-de-2-milhoes-de-pessoas-diz-pesquisa\/#primaryimage"},"thumbnailUrl":"https:\/\/www.encontrabelavista.com.br\/avenida-paulista\/wp-content\/uploads\/2026\/01\/reveillon-na-paulista-reuniu-mais-de-2-milhoes-de-pessoas-diz-pesquisa.webp","datePublished":"2026-01-08T21:52:23+00:00","author":{"@id":"https:\/\/www.encontrabelavista.com.br\/avenida-paulista\/#\/schema\/person\/63c71a69a5879155285aa7cf79ec3e40"},"breadcrumb":{"@id":"https:\/\/www.encontrabelavista.com.br\/avenida-paulista\/reveillon-na-paulista-reuniu-mais-de-2-milhoes-de-pessoas-diz-pesquisa\/#breadcrumb"},"inLanguage":"pt-BR","potentialAction":[{"@type":"ReadAction","target":["https:\/\/www.encontrabelavista.com.br\/avenida-paulista\/reveillon-na-paulista-reuniu-mais-de-2-milhoes-de-pessoas-diz-pesquisa\/"]}]},{"@type":"ImageObject","inLanguage":"pt-BR","@id":"https:\/\/www.encontrabelavista.com.br\/avenida-paulista\/reveillon-na-paulista-reuniu-mais-de-2-milhoes-de-pessoas-diz-pesquisa\/#primaryimage","url":"https:\/\/www.encontrabelavista.com.br\/avenida-paulista\/wp-content\/uploads\/2026\/01\/reveillon-na-paulista-reuniu-mais-de-2-milhoes-de-pessoas-diz-pesquisa.webp","contentUrl":"https:\/\/www.encontrabelavista.com.br\/avenida-paulista\/wp-content\/uploads\/2026\/01\/reveillon-na-paulista-reuniu-mais-de-2-milhoes-de-pessoas-diz-pesquisa.webp","width":320,"height":280,"caption":"R\u00e9veillon na Paulista"},{"@type":"BreadcrumbList","@id":"https:\/\/www.encontrabelavista.com.br\/avenida-paulista\/reveillon-na-paulista-reuniu-mais-de-2-milhoes-de-pessoas-diz-pesquisa\/#breadcrumb","itemListElement":[{"@type":"ListItem","position":1,"name":"In\u00edcio","item":"https:\/\/www.encontrabelavista.com.br\/avenida-paulista\/"},{"@type":"ListItem","position":2,"name":"R\u00e9veillon na Paulista reuniu mais de 2 milh\u00f5es de pessoas, diz pesquisa"}]},{"@type":"WebSite","@id":"https:\/\/www.encontrabelavista.com.br\/avenida-paulista\/#website","url":"https:\/\/www.encontrabelavista.com.br\/avenida-paulista\/","name":"Encontra Avenida Paulista","description":"ENCONTRA AVENIDA PAULISTA - O guia comercial de neg\u00f3cios e empresas, cultura e divers\u00e3o na Avenida Paulista. Feito 100% para voc\u00ea morador!","potentialAction":[{"@type":"SearchAction","target":{"@type":"EntryPoint","urlTemplate":"https:\/\/www.encontrabelavista.com.br\/avenida-paulista\/?s={search_term_string}"},"query-input":{"@type":"PropertyValueSpecification","valueRequired":true,"valueName":"search_term_string"}}],"inLanguage":"pt-BR"},{"@type":"Person","@id":"https:\/\/www.encontrabelavista.com.br\/avenida-paulista\/#\/schema\/person\/63c71a69a5879155285aa7cf79ec3e40","name":"Encontra Avenida Paulista","image":{"@type":"ImageObject","inLanguage":"pt-BR","@id":"https:\/\/www.encontrabelavista.com.br\/avenida-paulista\/#\/schema\/person\/image\/","url":"https:\/\/secure.gravatar.com\/avatar\/c50c17820bcf322f0a8fd6b110b8c0918141409dc69076470f6fca5fee70a5d4?s=96&d=mm&r=g","contentUrl":"https:\/\/secure.gravatar.com\/avatar\/c50c17820bcf322f0a8fd6b110b8c0918141409dc69076470f6fca5fee70a5d4?s=96&d=mm&r=g","caption":"Encontra Avenida Paulista"},"url":"https:\/\/www.encontrabelavista.com.br\/avenida-paulista\/author\/encontraavenidapaulista\/"}]}},"_links":{"self":[{"href":"https:\/\/www.encontrabelavista.com.br\/avenida-paulista\/wp-json\/wp\/v2\/posts\/5750","targetHints":{"allow":["GET"]}}],"collection":[{"href":"https:\/\/www.encontrabelavista.com.br\/avenida-paulista\/wp-json\/wp\/v2\/posts"}],"about":[{"href":"https:\/\/www.encontrabelavista.com.br\/avenida-paulista\/wp-json\/wp\/v2\/types\/post"}],"author":[{"embeddable":true,"href":"https:\/\/www.encontrabelavista.com.br\/avenida-paulista\/wp-json\/wp\/v2\/users\/1"}],"replies":[{"embeddable":true,"href":"https:\/\/www.encontrabelavista.com.br\/avenida-paulista\/wp-json\/wp\/v2\/comments?post=5750"}],"version-history":[{"count":0,"href":"https:\/\/www.encontrabelavista.com.br\/avenida-paulista\/wp-json\/wp\/v2\/posts\/5750\/revisions"}],"wp:featuredmedia":[{"embeddable":true,"href":"https:\/\/www.encontrabelavista.com.br\/avenida-paulista\/wp-json\/wp\/v2\/media\/5749"}],"wp:attachment":[{"href":"https:\/\/www.encontrabelavista.com.br\/avenida-paulista\/wp-json\/wp\/v2\/media?parent=5750"}],"wp:term":[{"taxonomy":"category","embeddable":true,"href":"https:\/\/www.encontrabelavista.com.br\/avenida-paulista\/wp-json\/wp\/v2\/categories?post=5750"},{"taxonomy":"post_tag","embeddable":true,"href":"https:\/\/www.encontrabelavista.com.br\/avenida-paulista\/wp-json\/wp\/v2\/tags?post=5750"}],"curies":[{"name":"wp","href":"https:\/\/api.w.org\/{rel}","templated":true}]}}