{"id":5760,"date":"2026-01-10T10:02:58","date_gmt":"2026-01-10T13:02:58","guid":{"rendered":"https:\/\/www.encontrabelavista.com.br\/avenida-paulista\/jardim-nacional-novo-espaco-recupera-legado-historico-de-edificio-na-avenida-paulista-em-sao-paulo\/"},"modified":"2026-01-10T10:02:58","modified_gmt":"2026-01-10T13:02:58","slug":"jardim-nacional-novo-espaco-recupera-legado-historico-de-edificio-na-avenida-paulista-em-sao-paulo","status":"publish","type":"post","link":"https:\/\/www.encontrabelavista.com.br\/avenida-paulista\/jardim-nacional-novo-espaco-recupera-legado-historico-de-edificio-na-avenida-paulista-em-sao-paulo\/","title":{"rendered":"Jardim Nacional: novo espa\u00e7o recupera legado hist\u00f3rico de edif\u00edcio na Avenida Paulista em S\u00e3o Paulo"},"content":{"rendered":"<h2>O Legado do Jardim de Inverno do Fasano<\/h2>\n<p>O Jardins de Inverno do Fasano \u00e9 uma parte interessante da hist\u00f3ria cultural e arquitet\u00f4nica de S\u00e3o Paulo. Criado na d\u00e9cada de 1950, o espa\u00e7o imediatamente se destacou por sua eleg\u00e2ncia e sofistica\u00e7\u00e3o. Al\u00e9m de ser um restaurante que atra\u00eda a elite paulistana, abriga uma rica mem\u00f3ria cultural com performances de artistas famosos, como Nat King Cole e Marlene Dietrich. O restaurante, que foi um \u00edcone de prest\u00edgio na Avenida Paulista, serviu n\u00e3o apenas como lugar de gastronomia de excel\u00eancia, mas tamb\u00e9m como um espa\u00e7o de conviv\u00eancia social e cultural.<\/p>\n<p>A import\u00e2ncia do Jardim de Inverno do Fasano n\u00e3o pode ser subestimada: ele estimulou o cen\u00e1rio cultural e a vida social da cidade, tornando-se um s\u00edmbolo do glamour e da sofistica\u00e7\u00e3o. Durante muitos anos, o Fasano foi o lugar onde as pessoas se reuniram para desfrutar de boa comida e boa m\u00fasica. Essa abordagem multidimensional fez com que o espa\u00e7o se tornasse um marco na hist\u00f3ria de S\u00e3o Paulo, o que levou \u00e0 necessidade de sua preserva\u00e7\u00e3o e revitaliza\u00e7\u00e3o ao longo dos anos.<\/p>\n<h2>Abertura do Jardim Nacional: Um Novo Come\u00e7o<\/h2>\n<p>A reabertura do Jardim Nacional \u00e9 um marco significativo na revitaliza\u00e7\u00e3o da Avenida Paulista, trazendo \u00e0 luz a rica heran\u00e7a cultural do Jardim de Inverno do Fasano. A partir de janeiro, o Jardim Nacional se prop\u00f5e a restaurar a grandiosidade do passado, oferecendo um espa\u00e7o para eventos que abrange 1.500 metros quadrados. Esse espa\u00e7o \u00e9 projetado para ser um local onde eventos de grande porte, incluindo casamentos, exposi\u00e7\u00f5es e confer\u00eancias, podem ser realizados.<\/p>\n<p><img decoding=\"async\" src=\"https:\/\/www.encontrabelavista.com.br\/avenida-paulista\/wp-content\/uploads\/2026\/01\/jardim-nacional-novo-espaco-recupera-legado-historico-de-edificio-na-avenida-paulista-em-sao-paulo.webp\" alt=\"Jardim Nacional\" loading=\"lazy\" \/><\/p>\n<p>Os s\u00f3cios do novo empreendimento, Fernando Ximenes, Thiago Armentano e Thomaz Rothmann, t\u00eam sede em outro local de sucesso, e trazem uma bagagem de experi\u00eancias no setor de hospitalidade. Com a ambi\u00e7\u00e3o de criar um espa\u00e7o que combina a tradi\u00e7\u00e3o e a modernidade, a constru\u00e7\u00e3o do Jardim Nacional n\u00e3o s\u00f3 rendeu um lugar para eventos, mas tamb\u00e9m um ponto de refer\u00eancia cultural na cidade. Assim, a abertura do Jardim Nacional \u00e9 um s\u00edmbolo de renova\u00e7\u00e3o e continuidade, permitindo que novos cap\u00edtulos da hist\u00f3ria de S\u00e3o Paulo sejam escritos a partir de um legado t\u00e3o importante.<\/p>\n<h2>Espa\u00e7o para Grandes Eventos na Avenida Paulista<\/h2>\n<p>O Jardim Nacional foi projetado para atender \u00e0s necessidades dos eventos contempor\u00e2neos, somando tecnologia e conforto ao charme hist\u00f3rico da Avenida Paulista. O espa\u00e7o \u00e9 dividido em duas \u00e1reas, o Sal\u00e3o Nacional e o Sal\u00e3o Paulista, cada um oferecendo um layout diferente que permite adapta\u00e7\u00e3o \u00e0s necessidades espec\u00edficas de cada evento. O Sal\u00e3o Nacional, que ocupa uma \u00e1rea maior, est\u00e1 projetado para ser flex\u00edvel e pode ser personalizado de acordo com a vis\u00e3o do organizador do evento.<\/p>\n<p>Por outro lado, o Sal\u00e3o Paulista \u00e9 ideal para eventos menores e mais \u00edntimos, com infraestrutura j\u00e1 definida, incluindo mobili\u00e1rio e tecnologia de ponta, como pain\u00e9is de LED. Essa variedade de op\u00e7\u00f5es assegura que o Jardim Nacional seja um local vers\u00e1til que pode atender tanto a grandes festas e lan\u00e7amentos de produtos quanto a eventos corporativos mais formais. Assim, o espa\u00e7o promete ser um verdadeiro centro de atividades culturais e sociais na cidade.<\/p>\n<h2>Hist\u00f3rias e Celebridades que Passaram pelo Fasano<\/h2>\n<p>As hist\u00f3rias que permeiam o Jardim de Inverno do Fasano transcendem a mera recorda\u00e7\u00e3o de um restaurante. Durante seu tempo de opera\u00e7\u00e3o, o espa\u00e7o viu uma s\u00e9rie de celebridades e figuras marcantes que contribu\u00edram para sua notoriedade. Artistas de renome internacional, como Nat King Cole e Marlene Dietrich, perfilaram-se entre os frequentadores, trazendo um glamour ineg\u00e1vel ao local.<\/p>\n<p>Pelo fato de o espa\u00e7o ter sido um ponto de encontro regular para apresentadores e pol\u00edticos, ele tamb\u00e9m se tornou um centro de discuss\u00f5es e encontros importantes. Figuras como Dwight Eisenhower e at\u00e9 mesmo Fidel Castro se acredita ter frequentado o local, transformando-o em um ponto de refer\u00eancia internacional por sua capacidade de atrair personalidades influentes. Essas hist\u00f3rias n\u00e3o apenas refor\u00e7am a posi\u00e7\u00e3o hist\u00f3rica do Jardim de Inverno no imagin\u00e1rio cultural de S\u00e3o Paulo, mas tamb\u00e9m estabelecem um padr\u00e3o de expectativa para o que o Jardim Nacional pode vir a oferecer em termos de programa\u00e7\u00e3o de eventos e foco em experi\u00eancias exclusivas.<\/p>\n<h2>A Import\u00e2ncia da Preserva\u00e7\u00e3o Hist\u00f3rica<\/h2>\n<p>A preserva\u00e7\u00e3o do patrim\u00f4nio hist\u00f3rico \u00e9 essencial para manter a identidade cultural de uma cidade. O Jardim Nacional n\u00e3o s\u00f3 exemplifica a rica hist\u00f3ria de S\u00e3o Paulo, mas tamb\u00e9m serve como um lembrete da import\u00e2ncia da arquitetura e dos espa\u00e7os hist\u00f3ricos que constituem a cidade. Durante o processo de restaura\u00e7\u00e3o do Jardim, a equipe foi cuidadosa em garantir que elementos do design original do espa\u00e7o fossem mantidos, o que implica um compromisso com a preserva\u00e7\u00e3o da mem\u00f3ria coletiva e da hist\u00f3ria da cidade.<\/p>\n<p>O projeto tamb\u00e9m inclui a colabora\u00e7\u00e3o com especialistas em preserva\u00e7\u00e3o do patrim\u00f4nio, garantindo que o legado hist\u00f3rico da estrutura seja respeitado e passado adiante. Esse enfoque na preserva\u00e7\u00e3o n\u00e3o s\u00f3 empodera a narrativa da Avenida Paulista e do Conjunto Nacional, mas tamb\u00e9m sublinha a import\u00e2ncia de manter as tradi\u00e7\u00f5es vivas em um mundo que est\u00e1 sempre mudando. \u00c0 medida que o Jardim Nacional se estabelece como um novo ponto de refer\u00eancia, ele representa a fus\u00e3o do antigo com o novo, permitindo que a hist\u00f3ria da cidade continue a ser contada.<\/p>\n<h2>O Design do Jardim Nacional: Tradi\u00e7\u00e3o e Modernidade<\/h2>\n<p>O design do Jardim Nacional reflete uma habilidade excepcional em combiner tradi\u00e7\u00e3o e modernidade. Ao incorporar elementos de design contempor\u00e2neo com caracter\u00edsticas j\u00e1 existentes do edif\u00edcio do Fasano, os arquitetos conseguiram criar um espa\u00e7o que \u00e9 ao mesmo tempo familiar e surpreendente. Com um foco em criar um ambiente vers\u00e1til que \u00e9 ao mesmo tempo apenas uma pe\u00e7a de arte em si, essa abordagem proporciona um espa\u00e7o que pode evoluir com as necessidades dos eventos realizados.<\/p>\n<p>Utilizando madeira e vidro com eleg\u00e2ncia, o interior foi concebido para ser um local acess\u00edvel tanto para eventos grandes quanto pequenos. O p\u00e9 direito alto do sal\u00e3o proporciona n\u00e3o apenas uma sensa\u00e7\u00e3o de amplitude, mas tamb\u00e9m facilita a ilumina\u00e7\u00e3o natural que inunda os ambientes, proporcionando um espa\u00e7o acolhedor e agrad\u00e1vel. Essas considera\u00e7\u00f5es de design garantem que o Jardim Nacional n\u00e3o seja apenas uma nova adi\u00e7\u00e3o \u00e0 Avenida Paulista, mas tamb\u00e9m um espa\u00e7o que respeita e celebra a rica hist\u00f3ria da arquitetura paulista.<\/p>\n<h2>Expectativas para Eventos Futuramente no Jardim Nacional<\/h2>\n<p>\u00c0 medida que o Jardim Nacional come\u00e7a sua nova jornada, as expectativas em torno dos tipos de eventos que acolher\u00e1 s\u00e3o altas. Dado seu espa\u00e7o vers\u00e1til e centralidade na Avenida Paulista, \u00e9 previsto que o local se torne um importante hub para eventos culturais, corporativos e sociais. As metas estabelecidas pelos propriet\u00e1rios para o n\u00famero de eventos por ano s\u00e3o ambiciosas, com proje\u00e7\u00f5es de 100 a 120 eventos anuais no Sal\u00e3o Nacional e at\u00e9 240 no Sal\u00e3o Paulista.<\/p>\n<p>O sucesso do Jardim Nacional tamb\u00e9m deve ser medido em fun\u00e7\u00e3o de sua capacidade de atrair tanto eventos locais quanto internacionais. A presen\u00e7a de um espa\u00e7o como este na Avenida Paulista tem o potencial de transformar n\u00e3o apenas a paisagem do entretenimento na cidade, mas tamb\u00e9m impulsionar o turismo e proporcionar um novo aumento no engajamento comunit\u00e1rio. Assim, o investimento no Jardim Nacional tem n\u00e3o apenas raz\u00f5es comerciais, mas um forte componente cultural e social.<\/p>\n<h2>A Influ\u00eancia Cultural do Conjunto Nacional<\/h2>\n<p>O Conjunto Nacional \u00e9 um lugar de destaque e significado na cidade de S\u00e3o Paulo. Este edif\u00edcio n\u00e3o \u00e9 apenas uma constru\u00e7\u00e3o; ele \u00e9 um s\u00edmbolo e um espa\u00e7o de viv\u00eancia cultural. Ao longo dos anos, o Conjunto Nacional tem sido um lar para cinemas, livrarias e v\u00e1rias marcas, tornando-se um ponto de refer\u00eancia na cidade e um espa\u00e7o que representa a diversidade e a vibrante cultura paulista. A reabertura do Jardim Nacional adiciona mais um cap\u00edtulo significativo \u00e0 hist\u00f3ria do Conjunto Nacional.<\/p>\n<p>Al\u00e9m do valor comercial, a hist\u00f3ria e a experi\u00eancia do Conjunto Nacional oferecem aos visitantes uma rica imers\u00e3o na cultura local. Esse aspecto cultural se reflete na programa\u00e7\u00e3o que o Jardim Nacional pode oferecer, envolvendo a comunidade em sua miss\u00e3o de sancionar e celebrar o que S\u00e3o Paulo tem de melhor. Em um momento em que espa\u00e7os p\u00fablicos e culturais est\u00e3o se tornando ainda mais valiosos, o Jardim Nacional se apresenta como uma resposta \u00e0 necessidade de espa\u00e7os que promovem a arte, a cultura e a conviv\u00eancia.<\/p>\n<h2>Como o Jardim Nacional Impactar\u00e1 o Turismo em S\u00e3o Paulo<\/h2>\n<p>O impacto do Jardim Nacional no turismo em S\u00e3o Paulo ser\u00e1 significativo. Situado em uma das avenidas mais movimentadas e ic\u00f4nicas do Brasil, o espa\u00e7o se torna um destino atraente tanto para turistas quanto para moradores locais. A revitaliza\u00e7\u00e3o de \u00e1reas hist\u00f3ricas sempre traz consigo um aumento no fluxo de visitantes, j\u00e1 que estas \u00e1reas t\u00eam um apelo especial devido \u00e0 sua carga hist\u00f3rica e est\u00e9tica.<\/p>\n<p>Al\u00e9m de oferecer eventos vibrantes e culturais, o Jardim Nacional pode incentivar a explora\u00e7\u00e3o de outras atra\u00e7\u00f5es nas proximidades. Muitos visitantes que v\u00e3o a um evento entram e saem em locais ic\u00f4nicos, como a Avenida Paulista em si, o MASP e outros museus e centros culturais na regi\u00e3o. Assim, o Jardim Nacional pode ser um ponto de partida para experi\u00eancias enriquecedoras e significativas em S\u00e3o Paulo, impulsionando ainda mais a imagem da cidade como um destino vibrante. <\/p>\n<h2>Revitaliza\u00e7\u00e3o do Patrim\u00f4nio Cultural na Avenida Paulista<\/h2>\n<p>A revitaliza\u00e7\u00e3o do patrim\u00f4nio cultural, como o que acontece com o Jardim Nacional, \u00e9 uma parte crucial para o desenvolvimento sustent\u00e1vel das cidades. A reincorpora\u00e7\u00e3o de espa\u00e7os hist\u00f3ricos torna-se um modo de enfatizar a identidade local e refor\u00e7ar o respeito pela hist\u00f3ria. Este processo de revitaliza\u00e7\u00e3o que o Jardim Nacional est\u00e1 passando \u00e9 um exemplo claro de como novas perspectivas podem ser aplicadas a espa\u00e7os antigos enquanto ainda mant\u00eam sua alma e significado.<\/p>\n<p>Por meio da conserva\u00e7\u00e3o, restaura\u00e7\u00e3o e revitaliza\u00e7\u00e3o, o Jardim Nacional n\u00e3o se limita a ser um espa\u00e7o de eventos, mas tamb\u00e9m um farol que inspira futuros projetos de preserva\u00e7\u00e3o na cidade. Esses espa\u00e7os t\u00eam o potencial de contribuir n\u00e3o apenas economicamente, mas tamb\u00e9m socialmente, gerando um sentido de pertencimento e conex\u00e3o para a comunidade. O Jardim Nacional, portanto, n\u00e3o \u00e9 apenas um investimento em infraestrutura, mas um legado que afecta toda a cidade de S\u00e3o Paulo e seu povo.<\/p>\n","protected":false},"excerpt":{"rendered":"<p>Jardim Nacional: um novo espa\u00e7o que resgata a hist\u00f3ria da Avenida Paulista.<\/p>\n","protected":false},"author":1,"featured_media":5759,"comment_status":"open","ping_status":"","sticky":false,"template":"","format":"standard","meta":{"footnotes":""},"categories":[5],"tags":[],"class_list":["post-5760","post","type-post","status-publish","format-standard","has-post-thumbnail","hentry","category-noticias","has_thumb"],"yoast_head":"<!-- This site is optimized with the Yoast SEO plugin v26.4 - https:\/\/yoast.com\/wordpress\/plugins\/seo\/ -->\n<title>Jardim Nacional: novo espa\u00e7o recupera legado hist\u00f3rico de edif\u00edcio na Avenida Paulista em S\u00e3o Paulo - Encontra Avenida Paulista<\/title>\n<meta name=\"robots\" content=\"index, follow, max-snippet:-1, max-image-preview:large, max-video-preview:-1\" \/>\n<link rel=\"canonical\" href=\"https:\/\/www.encontrabelavista.com.br\/avenida-paulista\/jardim-nacional-novo-espaco-recupera-legado-historico-de-edificio-na-avenida-paulista-em-sao-paulo\/\" \/>\n<meta property=\"og:locale\" content=\"pt_BR\" \/>\n<meta property=\"og:type\" content=\"article\" \/>\n<meta property=\"og:title\" content=\"Jardim Nacional: novo espa\u00e7o recupera legado hist\u00f3rico de edif\u00edcio na Avenida Paulista em S\u00e3o Paulo - Encontra Avenida Paulista\" \/>\n<meta property=\"og:description\" content=\"Jardim Nacional: um novo espa\u00e7o que resgata a hist\u00f3ria da Avenida Paulista.\" \/>\n<meta property=\"og:url\" content=\"https:\/\/www.encontrabelavista.com.br\/avenida-paulista\/jardim-nacional-novo-espaco-recupera-legado-historico-de-edificio-na-avenida-paulista-em-sao-paulo\/\" \/>\n<meta property=\"og:site_name\" content=\"Encontra Avenida Paulista\" \/>\n<meta property=\"article:published_time\" content=\"2026-01-10T13:02:58+00:00\" \/>\n<meta property=\"og:image\" content=\"https:\/\/www.encontrabelavista.com.br\/avenida-paulista\/wp-content\/uploads\/2026\/01\/jardim-nacional-novo-espaco-recupera-legado-historico-de-edificio-na-avenida-paulista-em-sao-paulo.webp\" \/>\n<meta name=\"author\" content=\"Encontra Avenida Paulista\" \/>\n<meta name=\"twitter:card\" content=\"summary_large_image\" \/>\n<meta name=\"twitter:label1\" content=\"Escrito por\" \/>\n\t<meta name=\"twitter:data1\" content=\"Encontra Avenida Paulista\" \/>\n\t<meta name=\"twitter:label2\" content=\"Est. tempo de leitura\" \/>\n\t<meta name=\"twitter:data2\" content=\"9 minutos\" \/>\n<script type=\"application\/ld+json\" class=\"yoast-schema-graph\">{\"@context\":\"https:\/\/schema.org\",\"@graph\":[{\"@type\":\"WebPage\",\"@id\":\"https:\/\/www.encontrabelavista.com.br\/avenida-paulista\/jardim-nacional-novo-espaco-recupera-legado-historico-de-edificio-na-avenida-paulista-em-sao-paulo\/\",\"url\":\"https:\/\/www.encontrabelavista.com.br\/avenida-paulista\/jardim-nacional-novo-espaco-recupera-legado-historico-de-edificio-na-avenida-paulista-em-sao-paulo\/\",\"name\":\"Jardim Nacional: novo espa\u00e7o recupera legado hist\u00f3rico de edif\u00edcio na Avenida Paulista em S\u00e3o Paulo - Encontra Avenida Paulista\",\"isPartOf\":{\"@id\":\"https:\/\/www.encontrabelavista.com.br\/avenida-paulista\/#website\"},\"primaryImageOfPage\":{\"@id\":\"https:\/\/www.encontrabelavista.com.br\/avenida-paulista\/jardim-nacional-novo-espaco-recupera-legado-historico-de-edificio-na-avenida-paulista-em-sao-paulo\/#primaryimage\"},\"image\":{\"@id\":\"https:\/\/www.encontrabelavista.com.br\/avenida-paulista\/jardim-nacional-novo-espaco-recupera-legado-historico-de-edificio-na-avenida-paulista-em-sao-paulo\/#primaryimage\"},\"thumbnailUrl\":\"https:\/\/www.encontrabelavista.com.br\/avenida-paulista\/wp-content\/uploads\/2026\/01\/jardim-nacional-novo-espaco-recupera-legado-historico-de-edificio-na-avenida-paulista-em-sao-paulo.webp\",\"datePublished\":\"2026-01-10T13:02:58+00:00\",\"author\":{\"@id\":\"https:\/\/www.encontrabelavista.com.br\/avenida-paulista\/#\/schema\/person\/63c71a69a5879155285aa7cf79ec3e40\"},\"breadcrumb\":{\"@id\":\"https:\/\/www.encontrabelavista.com.br\/avenida-paulista\/jardim-nacional-novo-espaco-recupera-legado-historico-de-edificio-na-avenida-paulista-em-sao-paulo\/#breadcrumb\"},\"inLanguage\":\"pt-BR\",\"potentialAction\":[{\"@type\":\"ReadAction\",\"target\":[\"https:\/\/www.encontrabelavista.com.br\/avenida-paulista\/jardim-nacional-novo-espaco-recupera-legado-historico-de-edificio-na-avenida-paulista-em-sao-paulo\/\"]}]},{\"@type\":\"ImageObject\",\"inLanguage\":\"pt-BR\",\"@id\":\"https:\/\/www.encontrabelavista.com.br\/avenida-paulista\/jardim-nacional-novo-espaco-recupera-legado-historico-de-edificio-na-avenida-paulista-em-sao-paulo\/#primaryimage\",\"url\":\"https:\/\/www.encontrabelavista.com.br\/avenida-paulista\/wp-content\/uploads\/2026\/01\/jardim-nacional-novo-espaco-recupera-legado-historico-de-edificio-na-avenida-paulista-em-sao-paulo.webp\",\"contentUrl\":\"https:\/\/www.encontrabelavista.com.br\/avenida-paulista\/wp-content\/uploads\/2026\/01\/jardim-nacional-novo-espaco-recupera-legado-historico-de-edificio-na-avenida-paulista-em-sao-paulo.webp\",\"width\":320,\"height\":280,\"caption\":\"Jardim Nacional\"},{\"@type\":\"BreadcrumbList\",\"@id\":\"https:\/\/www.encontrabelavista.com.br\/avenida-paulista\/jardim-nacional-novo-espaco-recupera-legado-historico-de-edificio-na-avenida-paulista-em-sao-paulo\/#breadcrumb\",\"itemListElement\":[{\"@type\":\"ListItem\",\"position\":1,\"name\":\"In\u00edcio\",\"item\":\"https:\/\/www.encontrabelavista.com.br\/avenida-paulista\/\"},{\"@type\":\"ListItem\",\"position\":2,\"name\":\"Jardim Nacional: novo espa\u00e7o recupera legado hist\u00f3rico de edif\u00edcio na Avenida Paulista em S\u00e3o Paulo\"}]},{\"@type\":\"WebSite\",\"@id\":\"https:\/\/www.encontrabelavista.com.br\/avenida-paulista\/#website\",\"url\":\"https:\/\/www.encontrabelavista.com.br\/avenida-paulista\/\",\"name\":\"Encontra Avenida Paulista\",\"description\":\"ENCONTRA AVENIDA PAULISTA - O guia comercial de neg\u00f3cios e empresas, cultura e divers\u00e3o na Avenida Paulista. Feito 100% para voc\u00ea morador!\",\"potentialAction\":[{\"@type\":\"SearchAction\",\"target\":{\"@type\":\"EntryPoint\",\"urlTemplate\":\"https:\/\/www.encontrabelavista.com.br\/avenida-paulista\/?s={search_term_string}\"},\"query-input\":{\"@type\":\"PropertyValueSpecification\",\"valueRequired\":true,\"valueName\":\"search_term_string\"}}],\"inLanguage\":\"pt-BR\"},{\"@type\":\"Person\",\"@id\":\"https:\/\/www.encontrabelavista.com.br\/avenida-paulista\/#\/schema\/person\/63c71a69a5879155285aa7cf79ec3e40\",\"name\":\"Encontra Avenida Paulista\",\"image\":{\"@type\":\"ImageObject\",\"inLanguage\":\"pt-BR\",\"@id\":\"https:\/\/www.encontrabelavista.com.br\/avenida-paulista\/#\/schema\/person\/image\/\",\"url\":\"https:\/\/secure.gravatar.com\/avatar\/c50c17820bcf322f0a8fd6b110b8c0918141409dc69076470f6fca5fee70a5d4?s=96&d=mm&r=g\",\"contentUrl\":\"https:\/\/secure.gravatar.com\/avatar\/c50c17820bcf322f0a8fd6b110b8c0918141409dc69076470f6fca5fee70a5d4?s=96&d=mm&r=g\",\"caption\":\"Encontra Avenida Paulista\"},\"url\":\"https:\/\/www.encontrabelavista.com.br\/avenida-paulista\/author\/encontraavenidapaulista\/\"}]}<\/script>\n<!-- \/ Yoast SEO plugin. -->","yoast_head_json":{"title":"Jardim Nacional: novo espa\u00e7o recupera legado hist\u00f3rico de edif\u00edcio na Avenida Paulista em S\u00e3o Paulo - Encontra Avenida Paulista","robots":{"index":"index","follow":"follow","max-snippet":"max-snippet:-1","max-image-preview":"max-image-preview:large","max-video-preview":"max-video-preview:-1"},"canonical":"https:\/\/www.encontrabelavista.com.br\/avenida-paulista\/jardim-nacional-novo-espaco-recupera-legado-historico-de-edificio-na-avenida-paulista-em-sao-paulo\/","og_locale":"pt_BR","og_type":"article","og_title":"Jardim Nacional: novo espa\u00e7o recupera legado hist\u00f3rico de edif\u00edcio na Avenida Paulista em S\u00e3o Paulo - Encontra Avenida Paulista","og_description":"Jardim Nacional: um novo espa\u00e7o que resgata a hist\u00f3ria da Avenida Paulista.","og_url":"https:\/\/www.encontrabelavista.com.br\/avenida-paulista\/jardim-nacional-novo-espaco-recupera-legado-historico-de-edificio-na-avenida-paulista-em-sao-paulo\/","og_site_name":"Encontra Avenida Paulista","article_published_time":"2026-01-10T13:02:58+00:00","og_image":[{"url":"https:\/\/www.encontrabelavista.com.br\/avenida-paulista\/wp-content\/uploads\/2026\/01\/jardim-nacional-novo-espaco-recupera-legado-historico-de-edificio-na-avenida-paulista-em-sao-paulo.webp","type":"","width":"","height":""}],"author":"Encontra Avenida Paulista","twitter_card":"summary_large_image","twitter_misc":{"Escrito por":"Encontra Avenida Paulista","Est. tempo de leitura":"9 minutos"},"schema":{"@context":"https:\/\/schema.org","@graph":[{"@type":"WebPage","@id":"https:\/\/www.encontrabelavista.com.br\/avenida-paulista\/jardim-nacional-novo-espaco-recupera-legado-historico-de-edificio-na-avenida-paulista-em-sao-paulo\/","url":"https:\/\/www.encontrabelavista.com.br\/avenida-paulista\/jardim-nacional-novo-espaco-recupera-legado-historico-de-edificio-na-avenida-paulista-em-sao-paulo\/","name":"Jardim Nacional: novo espa\u00e7o recupera legado hist\u00f3rico de edif\u00edcio na Avenida Paulista em S\u00e3o Paulo - Encontra Avenida Paulista","isPartOf":{"@id":"https:\/\/www.encontrabelavista.com.br\/avenida-paulista\/#website"},"primaryImageOfPage":{"@id":"https:\/\/www.encontrabelavista.com.br\/avenida-paulista\/jardim-nacional-novo-espaco-recupera-legado-historico-de-edificio-na-avenida-paulista-em-sao-paulo\/#primaryimage"},"image":{"@id":"https:\/\/www.encontrabelavista.com.br\/avenida-paulista\/jardim-nacional-novo-espaco-recupera-legado-historico-de-edificio-na-avenida-paulista-em-sao-paulo\/#primaryimage"},"thumbnailUrl":"https:\/\/www.encontrabelavista.com.br\/avenida-paulista\/wp-content\/uploads\/2026\/01\/jardim-nacional-novo-espaco-recupera-legado-historico-de-edificio-na-avenida-paulista-em-sao-paulo.webp","datePublished":"2026-01-10T13:02:58+00:00","author":{"@id":"https:\/\/www.encontrabelavista.com.br\/avenida-paulista\/#\/schema\/person\/63c71a69a5879155285aa7cf79ec3e40"},"breadcrumb":{"@id":"https:\/\/www.encontrabelavista.com.br\/avenida-paulista\/jardim-nacional-novo-espaco-recupera-legado-historico-de-edificio-na-avenida-paulista-em-sao-paulo\/#breadcrumb"},"inLanguage":"pt-BR","potentialAction":[{"@type":"ReadAction","target":["https:\/\/www.encontrabelavista.com.br\/avenida-paulista\/jardim-nacional-novo-espaco-recupera-legado-historico-de-edificio-na-avenida-paulista-em-sao-paulo\/"]}]},{"@type":"ImageObject","inLanguage":"pt-BR","@id":"https:\/\/www.encontrabelavista.com.br\/avenida-paulista\/jardim-nacional-novo-espaco-recupera-legado-historico-de-edificio-na-avenida-paulista-em-sao-paulo\/#primaryimage","url":"https:\/\/www.encontrabelavista.com.br\/avenida-paulista\/wp-content\/uploads\/2026\/01\/jardim-nacional-novo-espaco-recupera-legado-historico-de-edificio-na-avenida-paulista-em-sao-paulo.webp","contentUrl":"https:\/\/www.encontrabelavista.com.br\/avenida-paulista\/wp-content\/uploads\/2026\/01\/jardim-nacional-novo-espaco-recupera-legado-historico-de-edificio-na-avenida-paulista-em-sao-paulo.webp","width":320,"height":280,"caption":"Jardim Nacional"},{"@type":"BreadcrumbList","@id":"https:\/\/www.encontrabelavista.com.br\/avenida-paulista\/jardim-nacional-novo-espaco-recupera-legado-historico-de-edificio-na-avenida-paulista-em-sao-paulo\/#breadcrumb","itemListElement":[{"@type":"ListItem","position":1,"name":"In\u00edcio","item":"https:\/\/www.encontrabelavista.com.br\/avenida-paulista\/"},{"@type":"ListItem","position":2,"name":"Jardim Nacional: novo espa\u00e7o recupera legado hist\u00f3rico de edif\u00edcio na Avenida Paulista em S\u00e3o Paulo"}]},{"@type":"WebSite","@id":"https:\/\/www.encontrabelavista.com.br\/avenida-paulista\/#website","url":"https:\/\/www.encontrabelavista.com.br\/avenida-paulista\/","name":"Encontra Avenida Paulista","description":"ENCONTRA AVENIDA PAULISTA - O guia comercial de neg\u00f3cios e empresas, cultura e divers\u00e3o na Avenida Paulista. Feito 100% para voc\u00ea morador!","potentialAction":[{"@type":"SearchAction","target":{"@type":"EntryPoint","urlTemplate":"https:\/\/www.encontrabelavista.com.br\/avenida-paulista\/?s={search_term_string}"},"query-input":{"@type":"PropertyValueSpecification","valueRequired":true,"valueName":"search_term_string"}}],"inLanguage":"pt-BR"},{"@type":"Person","@id":"https:\/\/www.encontrabelavista.com.br\/avenida-paulista\/#\/schema\/person\/63c71a69a5879155285aa7cf79ec3e40","name":"Encontra Avenida Paulista","image":{"@type":"ImageObject","inLanguage":"pt-BR","@id":"https:\/\/www.encontrabelavista.com.br\/avenida-paulista\/#\/schema\/person\/image\/","url":"https:\/\/secure.gravatar.com\/avatar\/c50c17820bcf322f0a8fd6b110b8c0918141409dc69076470f6fca5fee70a5d4?s=96&d=mm&r=g","contentUrl":"https:\/\/secure.gravatar.com\/avatar\/c50c17820bcf322f0a8fd6b110b8c0918141409dc69076470f6fca5fee70a5d4?s=96&d=mm&r=g","caption":"Encontra Avenida Paulista"},"url":"https:\/\/www.encontrabelavista.com.br\/avenida-paulista\/author\/encontraavenidapaulista\/"}]}},"_links":{"self":[{"href":"https:\/\/www.encontrabelavista.com.br\/avenida-paulista\/wp-json\/wp\/v2\/posts\/5760","targetHints":{"allow":["GET"]}}],"collection":[{"href":"https:\/\/www.encontrabelavista.com.br\/avenida-paulista\/wp-json\/wp\/v2\/posts"}],"about":[{"href":"https:\/\/www.encontrabelavista.com.br\/avenida-paulista\/wp-json\/wp\/v2\/types\/post"}],"author":[{"embeddable":true,"href":"https:\/\/www.encontrabelavista.com.br\/avenida-paulista\/wp-json\/wp\/v2\/users\/1"}],"replies":[{"embeddable":true,"href":"https:\/\/www.encontrabelavista.com.br\/avenida-paulista\/wp-json\/wp\/v2\/comments?post=5760"}],"version-history":[{"count":0,"href":"https:\/\/www.encontrabelavista.com.br\/avenida-paulista\/wp-json\/wp\/v2\/posts\/5760\/revisions"}],"wp:featuredmedia":[{"embeddable":true,"href":"https:\/\/www.encontrabelavista.com.br\/avenida-paulista\/wp-json\/wp\/v2\/media\/5759"}],"wp:attachment":[{"href":"https:\/\/www.encontrabelavista.com.br\/avenida-paulista\/wp-json\/wp\/v2\/media?parent=5760"}],"wp:term":[{"taxonomy":"category","embeddable":true,"href":"https:\/\/www.encontrabelavista.com.br\/avenida-paulista\/wp-json\/wp\/v2\/categories?post=5760"},{"taxonomy":"post_tag","embeddable":true,"href":"https:\/\/www.encontrabelavista.com.br\/avenida-paulista\/wp-json\/wp\/v2\/tags?post=5760"}],"curies":[{"name":"wp","href":"https:\/\/api.w.org\/{rel}","templated":true}]}}