{"id":5770,"date":"2026-01-11T10:08:37","date_gmt":"2026-01-11T13:08:37","guid":{"rendered":"https:\/\/www.encontrabelavista.com.br\/avenida-paulista\/sao-paulo-comeca-ano-com-11-000-vagas-de-emprego-disponiveis-diz-governo\/"},"modified":"2026-01-11T10:08:37","modified_gmt":"2026-01-11T13:08:37","slug":"sao-paulo-comeca-ano-com-11-000-vagas-de-emprego-disponiveis-diz-governo","status":"publish","type":"post","link":"https:\/\/www.encontrabelavista.com.br\/avenida-paulista\/sao-paulo-comeca-ano-com-11-000-vagas-de-emprego-disponiveis-diz-governo\/","title":{"rendered":"S\u00e3o Paulo come\u00e7a ano com 11.000 vagas de emprego dispon\u00edveis, diz governo"},"content":{"rendered":"<h2>O que s\u00e3o os Postos de Atendimento ao Trabalhador?<\/h2>\n<p>Os <strong>Postos de Atendimento ao Trabalhador (PAT)<\/strong> s\u00e3o unidades do governo estadual que t\u00eam como principal objetivo facilitar o acesso ao mercado de trabalho para a popula\u00e7\u00e3o. Eles oferecem uma gama de servi\u00e7os projetados para apoiar tanto os trabalhadores em busca de uma nova oportunidade quanto as empresas que buscam novos talentos. Nos PATs, os interessados podem encontrar informa\u00e7\u00f5es sobre vagas dispon\u00edveis, receber orienta\u00e7\u00f5es sobre como se candidatar, e obter apoio para a prepara\u00e7\u00e3o de curr\u00edculos e entrevistas.<\/p>\n<p>Os PATs est\u00e3o localizados em v\u00e1rias cidades do estado de S\u00e3o Paulo e operam de forma integrada com outros servi\u00e7os p\u00fablicos, como assist\u00eancia social e programas de capacita\u00e7\u00e3o profissional. Essa abordagem colaborativa visa aumentar a efetividade na busca por emprego, reduzindo a burocracia e facilitando o acesso \u00e0 informa\u00e7\u00e3o. Muitas vezes, esses postos organizam palestras e workshops que ajudam os candidatos a desenvolver habilidades essenciais para o mercado de trabalho.<\/p>\n<p>Al\u00e9m da disponibilidade de vagas, os PATs tamb\u00e9m atuam como um elo entre o trabalhador e o empregador, ajudando a conectar pessoas com diferentes perfis ao emprego adequado. Um dos principais atrativos dos PATs \u00e9 a gratuidade dos servi\u00e7os oferecidos. <strong>Portanto, esses postos se tornam uma ferramenta vital para a inser\u00e7\u00e3o profissional de diversos grupos, especialmente aqueles em situa\u00e7\u00e3o de vulnerabilidade.<\/strong><\/p>\n<p><img decoding=\"async\" src=\"https:\/\/www.encontrabelavista.com.br\/avenida-paulista\/wp-content\/uploads\/2026\/01\/sao-paulo-comeca-ano-com-11-000-vagas-de-emprego-disponiveis-diz-governo.webp\" alt=\"vagas de emprego\" loading=\"lazy\" \/><\/p>\n<h2>Como funciona a plataforma Trampolim?<\/h2>\n<p>A plataforma <strong>Trampolim<\/strong> \u00e9 uma iniciativa do governo paulista que visa facilitar a aproxima\u00e7\u00e3o entre empresas e trabalhadores, especialmente para aqueles que est\u00e3o \u00e0 procura do primeiro emprego ou que desejam mudar de carreira. Essa plataforma online oferece um ambiente intuitivo e acess\u00edvel, permitindo que os usu\u00e1rios naveguem por diversas vagas dispon\u00edveis de forma r\u00e1pida e pr\u00e1tica.<\/p>\n<p>Os candidatos podem se cadastrar na plataforma e criar um perfil que destaque suas habilidades, experi\u00eancias anteriores e \u00e1reas de interesse. As empresas, por sua vez, podem publicar suas ofertas de emprego, especificando requisitos e caracter\u00edsticas desejadas nos candidatos. Atrav\u00e9s de um sistema de algoritmos, a plataforma sugere oportunidades que melhor se adequam ao perfil dos usu\u00e1rios, tornando a busca mais eficaz.<\/p>\n<p>Um aspecto positivo de Trampolim \u00e9 a promo\u00e7\u00e3o de cursos e capacita\u00e7\u00f5es. Frequentemente, a plataforma disponibiliza informa\u00e7\u00f5es sobre treinamentos e workshops que podem ajudar os candidatos a desenvolver compet\u00eancias requisitadas pelo mercado, como habilidades em tecnologia, linguagem e atendimento ao cliente. Tal iniciativa \u00e9 crucial para a qualifica\u00e7\u00e3o da m\u00e3o de obra e a promo\u00e7\u00e3o da empregabilidade.<\/p>\n<p>A plataforma Trampolim n\u00e3o se limita apenas \u00e0 postagem de vagas. Ela promove um espa\u00e7o de intera\u00e7\u00e3o entre empresas e candidatos, possibilitando que ambos conhe\u00e7am melhor as expectativas e necessidades de cada lado. <strong>Essa transpar\u00eancia ajuda a criar um ambiente de confian\u00e7a e aumenta as chances de sucesso na jornada de busca por emprego.<\/strong><\/p>\n<h2>Vantagens das vagas de emprego em S\u00e3o Paulo<\/h2>\n<p>S\u00e3o Paulo, sendo a maior cidade do Brasil e um dos principais centros financeiros da Am\u00e9rica Latina, oferece in\u00fameras oportunidades de emprego para os cidad\u00e3os. As vantagens de buscar uma vaga na cidade s\u00e3o diversas, o que a torna um destino atrativo tanto para quem j\u00e1 reside quanto para migrantes de outras regi\u00f5es. <strong>Aqui est\u00e3o algumas das principais vantagens:<\/strong><\/p>\n<ul>\n<li><strong>Diversidade de setores:<\/strong> A economia paulista \u00e9 altamente diversificada, com oportunidades em setores como tecnologia, ind\u00fastria, servi\u00e7os, com\u00e9rcio e entretenimento. Isso permite que os trabalhadores encontrem vagas que se alinhem com suas habilidades e interesses.<\/li>\n<li><strong>Capacita\u00e7\u00e3o profissional:<\/strong> Muitas empresas situadas em S\u00e3o Paulo investem em treinamento e desenvolvimento de seus funcion\u00e1rios. Isso significa que, ao conseguir uma vaga, o trabalhador tamb\u00e9m tem a chance de aprimorar suas habilidades atrav\u00e9s de cursos e forma\u00e7\u00f5es.<\/li>\n<li><strong>Atra\u00e7\u00e3o de investimento:<\/strong> S\u00e3o Paulo continua sendo um polo atrativo para investimentos nacionais e internacionais. Com isso, novas empresas surgem constantemente, criando mais vagas e aumentando a concorr\u00eancia no mercado de trabalho, o que beneficia os candidatos.<\/li>\n<li><strong>Maior remunera\u00e7\u00e3o:<\/strong> Historicamente, os sal\u00e1rios em S\u00e3o Paulo costumam ser mais elevados em compara\u00e7\u00e3o a outras regi\u00f5es do Brasil, refletindo o custo de vida mais alto. Isso pode ser um incentivo adicional para se candidatar a vagas na capital.<\/li>\n<li><strong>Networking:<\/strong> A grande concentra\u00e7\u00e3o de empresas e profissionais na cidade cria um ambiente f\u00e9rtil para networking. Isso significa que, mesmo que algu\u00e9m n\u00e3o consiga o emprego desejado imediatamente, pode fazer contatos valiosos que podem resultar em oportunidades futuras.<\/li>\n<\/ul>\n<p>Portanto, buscar emprego em S\u00e3o Paulo, apesar dos desafios, pode proporcionar in\u00fameras vantagens em termos de carreira e desenvolvimento profissional. A cidade oferece um terreno f\u00e9rtil para aqueles que est\u00e3o dispostos a investir tempo e esfor\u00e7o na constru\u00e7\u00e3o de suas trajet\u00f3rias profissionais.<\/p>\n<h2>Iniciativas do governo paulista para promover empregos<\/h2>\n<p>O governo do estado de S\u00e3o Paulo tem implementado uma s\u00e9rie de iniciativas para fomentar a cria\u00e7\u00e3o de empregos e aumentar as oportunidades de trabalho para a popula\u00e7\u00e3o. Essas pol\u00edticas visam n\u00e3o apenas \u00e0 inser\u00e7\u00e3o de trabalhadores no mercado, mas tamb\u00e9m \u00e0 qualifica\u00e7\u00e3o e ao fortalecimento da economia local. Algumas das principais iniciativas incluem:<\/p>\n<ul>\n<li><strong>Programas de capacita\u00e7\u00e3o profissional:<\/strong> O governo estadual frequentemente lan\u00e7a cursos de qualifica\u00e7\u00e3o em \u00e1reas com alta demanda, como tecnologia da informa\u00e7\u00e3o e sa\u00fade. Essas capacita\u00e7\u00f5es s\u00e3o geralmente gratuitas e proporcionam aos trabalhadores as habilidades necess\u00e1rias para ocupar as novas vagas dispon\u00edveis.<\/li>\n<li><strong>Parcerias com empresas:<\/strong> O governo paulista tem estabelecido parcerias com organiza\u00e7\u00f5es privadas para facilitar o preenchimento de vagas. Esse modelo de coopera\u00e7\u00e3o ajuda a alinhar as compet\u00eancias dos trabalhadores com as necessidades das empresas, promovendo uma contrata\u00e7\u00e3o mais efetiva.<\/li>\n<li><strong>Promo\u00e7\u00e3o do empreendedorismo:<\/strong> Atrav\u00e9s de incentivos financeiros e programas de apoio, o governo estimula a cria\u00e7\u00e3o de novos neg\u00f3cios. Isso n\u00e3o apenas gera novas vagas, mas tamb\u00e9m contribui para uma economia mais din\u00e2mica e inovadora.<\/li>\n<li><strong>Campanhas de promo\u00e7\u00e3o do trabalho formal:<\/strong> O governo tamb\u00e9m realiza campanhas educativas sobre a import\u00e2ncia do trabalho formal e os benef\u00edcios associados, como acesso a direitos trabalhistas e previdenci\u00e1rios. Isso ajuda a incentivar a regulariza\u00e7\u00e3o de trabalhadores informais.<\/li>\n<\/ul>\n<p>Essas iniciativas, juntamente com os programas de emprego j\u00e1 existentes, formam um conjunto de a\u00e7\u00f5es que visam fortalecer o mercado de trabalho em S\u00e3o Paulo, oferecendo oportunidades a todos os cidad\u00e3os e contribuindo para a melhoria das condi\u00e7\u00f5es econ\u00f4micas da regi\u00e3o.<\/p>\n<h2>Impacto do microcr\u00e9dito nos empreendimentos locais<\/h2>\n<p>O microcr\u00e9dito tem se mostrado uma ferramenta valiosa para fomentar o empreendedorismo e impulsionar os pequenos neg\u00f3cios em S\u00e3o Paulo. Ele consiste na oferta de cr\u00e9dito em pequenas quantias, frequentemente direcionado a pessoas que, de outra forma, n\u00e3o teriam acesso a financiamento convencional. <strong>Aqui est\u00e3o algumas das maneiras pelas quais o microcr\u00e9dito impacta positivamente os empreendimentos locais:<\/strong><\/p>\n<ul>\n<li><strong>Acessibilidade financeira:<\/strong> O microcr\u00e9dito permite que empreendedores iniciantes ou aqueles que desejam expandir seus neg\u00f3cios obtenham fundos. Isso \u00e9 especialmente \u00fatil em \u00e1reas carentes, onde o acesso a bancos \u00e9 limitado.<\/li>\n<li><strong>Est\u00edmulo \u00e0 formaliza\u00e7\u00e3o:<\/strong> Muitos programas de microcr\u00e9dito incentivam os empreendedores a formalizarem seus neg\u00f3cios. Isso n\u00e3o apenas garante direitos trabalhistas, mas tamb\u00e9m oferece acesso a uma maior variedade de servi\u00e7os financeiros.<\/li>\n<li><strong>Cria\u00e7\u00e3o de empregos:<\/strong> Os pequenos neg\u00f3cios geralmente s\u00e3o respons\u00e1veis pela cria\u00e7\u00e3o de uma significativa parcela de empregos. Portanto, ao apoiar novos empreendimentos, o microcr\u00e9dito contribui indiretamente para a diminui\u00e7\u00e3o das taxas de desemprego.<\/li>\n<li><strong>Fortalecimento da economia local:<\/strong> Os empreendimentos que recebem microcr\u00e9dito tendem a reinvestir na comunidade, o que ajuda a dinamizar a economia local e impulsionar a qualidade de vida.<\/li>\n<\/ul>\n<p>Com isso, o microcr\u00e9dito se apresenta como uma importante estrat\u00e9gia para o desenvolvimento econ\u00f4mico, especialmente em um cen\u00e1rio onde a inova\u00e7\u00e3o e a cria\u00e7\u00e3o de empregos s\u00e3o essenciais para a recupera\u00e7\u00e3o e o crescimento do mercado de trabalho em S\u00e3o Paulo.<\/p>\n<h2>Perspectivas de crescimento do mercado de trabalho<\/h2>\n<p>O mercado de trabalho em S\u00e3o Paulo apresenta perspectivas animadoras para os pr\u00f3ximos anos. Com a recupera\u00e7\u00e3o econ\u00f4mica em curso e os esfor\u00e7os do governo e da iniciativa privada para fomentar a cria\u00e7\u00e3o de empregos, algumas tend\u00eancias podem ser destacadas:<\/p>\n<ul>\n<li><strong>Expans\u00e3o dos setores de tecnologia:<\/strong> A demanda por profissionais qualificados em tecnologia da informa\u00e7\u00e3o continua crescendo. Isso se reflete em uma variedade de oportunidades em \u00e1reas como desenvolvimento de software, an\u00e1lise de dados e marketing digital.<\/li>\n<li><strong>Crescimento do setor de servi\u00e7os:<\/strong> \u00c0 medida que a economia se recupera, servi\u00e7os relacionados a turismo, alimenta\u00e7\u00e3o, e entretenimento devem se expandir, criando novas vagas, especialmente para trabalhadores em \u00e1reas de baixa e m\u00e9dia qualifica\u00e7\u00e3o.<\/li>\n<li><strong>Valoriza\u00e7\u00e3o da forma\u00e7\u00e3o cont\u00ednua:<\/strong> A necessidade de atualiza\u00e7\u00e3o constante das habilidades profissionais ser\u00e1 cada vez mais evidente, tornando a educa\u00e7\u00e3o continuada e a capacita\u00e7\u00e3o profissional cria\u00e7\u00f5es naturais e necess\u00e1rias no mercado de trabalho. Isso incentivar\u00e1 tanto os trabalhadores quanto as empresas a investirem em desenvolvimento profissional.<\/li>\n<li><strong>Foco em sustentabilidade:<\/strong> Com a crescente preocupa\u00e7\u00e3o com meio ambiente e sustentabilidade, haver\u00e1 uma tend\u00eancia de empregos focados em pr\u00e1ticas sustent\u00e1veis e tecnologias verdes, o que poder\u00e1 abrir novas fronteiras de atua\u00e7\u00e3o.<\/li>\n<\/ul>\n<p>Essas tend\u00eancias refletem a resili\u00eancia do mercado de trabalho paulista e a busca incessante por adapta\u00e7\u00f5es \u00e0s mudan\u00e7as globais. Assim, os trabalhadores que se mantiverem informados e preparados estar\u00e3o mais bem equipados para aproveitar as oportunidades que surgirem.<\/p>\n<h2>Dicas para se candidatar a vagas de emprego<\/h2>\n<p>Candidatar-se a uma vaga de emprego pode ser um processo desafiador, mas algumas estrat\u00e9gias podem aumentar suas chances de sucesso. Aqui est\u00e3o dicas pr\u00e1ticas que podem auxiliar nesse processo:<\/p>\n<ul>\n<li><strong>Pesquise sobre a empresa:<\/strong> Conhecer a miss\u00e3o, vis\u00e3o e valores da empresa pode fazer a diferen\u00e7a na sua candidatura e nas entrevistas. Demonstre interesse e conhecimento sobre o neg\u00f3cio.<\/li>\n<li><strong>Personalize seu curr\u00edculo:<\/strong> Adapte seu curr\u00edculo para cada vaga, enfatizando experi\u00eancias que se alinhem com os requisitos da posi\u00e7\u00e3o. Use palavras-chave que est\u00e3o na descri\u00e7\u00e3o da vaga.<\/li>\n<li><strong>Prepare-se para a entrevista:<\/strong> Pratique respostas para perguntas comuns e desenvolva perguntas pr\u00f3prias para fazer ao entrevistador, mostrando que voc\u00ea \u00e9 um candidato engajado.<\/li>\n<li><strong>Rede de contatos:<\/strong> Utilize sua rede de contatos para saber sobre oportunidades. Muitas vezes, indica\u00e7\u00f5es pessoais podem facilitar o caminho at\u00e9 uma nova vaga.<\/li>\n<li><strong>Seja persistente:<\/strong> O processo de busca de emprego pode ser longo e desanimador. Mantenha uma atitude positiva e persistente, continuando a se candidatar e aprimorar suas habilidades.<\/li>\n<\/ul>\n<p>Essas dicas simples, mas eficazes, podem facilitar o caminho para a conquista do emprego desejado, tornando o candidato mais competitivo no mercado.<\/p>\n<h2>Como preparar seu curr\u00edculo para o mercado atual<\/h2>\n<p>Preparar um curr\u00edculo eficaz \u00e9 crucial para se destacar em um mercado competitivo. Aqui est\u00e3o passos para garantir que seu curr\u00edculo atrai a aten\u00e7\u00e3o dos recrutadores:<\/p>\n<ul>\n<li><strong>Escolha um formato claro:<\/strong> Utilize um layout limpo e organizado, que facilite a leitura. As se\u00e7\u00f5es devem ser claramente identificadas, como &#8220;Experi\u00eancia Profissional&#8221;, &#8220;Educa\u00e7\u00e3o&#8221; e &#8220;Habilidades&#8221;.<\/li>\n<li><strong>Inclua informa\u00e7\u00f5es relevantes:<\/strong> Use um resumo profissional no in\u00edcio do curr\u00edculo. Destaque momentos importantes de sua carreira e as habilidades que fazem de voc\u00ea um candidato ideal.<\/li>\n<li><strong>Quantifique resultados:<\/strong> Quando poss\u00edvel, utilize n\u00fameros para descrever suas conquistas. Informa\u00e7\u00f5es como \u201caumentei as vendas em 20%\u201d s\u00e3o mais impactantes do que apenas mencionar responsabilidades anteriores.<\/li>\n<li><strong>Evite jarg\u00f5es:<\/strong> Use uma linguagem simples e direta, evitando termos t\u00e9cnicos que possam n\u00e3o ser compreendidos por todos os recrutadores.<\/li>\n<li><strong>Revise e edite:<\/strong> Certifique-se de que seu curr\u00edculo n\u00e3o contenha erros de gram\u00e1tica ou digita\u00e7\u00e3o. Um documento bem escrito transmite profissionalismo.<\/li>\n<\/ul>\n<p>Um curr\u00edculo bem elaborado \u00e9 seu cart\u00e3o de visitas para o mercado de trabalho e pode ser a chave para conseguir aquela entrevista t\u00e3o esperada.<\/p>\n<h2>Entenda seus direitos como trabalhador<\/h2>\n<p>Compreender seus direitos como trabalhador \u00e9 vital para garantir um ambiente de trabalho justo e seguro. No Brasil, a Consolida\u00e7\u00e3o das Leis do Trabalho (CLT) estabelece uma s\u00e9rie de direitos que protegem os trabalhadores. Aqui est\u00e3o alguns dos principais direitos dos trabalhadores:<\/p>\n<ul>\n<li><strong>Registro em carteira:<\/strong> Todo trabalhador tem o direito de ser registrado em carteira profissional, garantindo acesso ao FGTS, f\u00e9rias, 13\u00ba sal\u00e1rio e outros benef\u00edcios trabalhistas.<\/li>\n<li><strong>Sal\u00e1rio m\u00ednimo:<\/strong> Nenhum trabalhador deve receber menos do que o sal\u00e1rio m\u00ednimo estabelecido. Esse valor \u00e9 reajustado periodicamente pelo governo.<\/li>\n<li><strong>F\u00e9rias:<\/strong> Todo trabalhador tem direito a 30 dias de f\u00e9rias ap\u00f3s 12 meses de trabalho. As f\u00e9rias devem ser remuneradas, e o trabalhador ainda tem direito a um adicional de 1\/3 do sal\u00e1rio.<\/li>\n<li><strong>Licen\u00e7a maternidade e paternidade:<\/strong> M\u00e3es t\u00eam direito a 120 dias de licen\u00e7a maternidade, enquanto os pais t\u00eam direito a 5 dias de licen\u00e7a paternidade, podendo ser estendida em casos espec\u00edficos.<\/li>\n<li><strong>Condi\u00e7\u00f5es de trabalho seguras:<\/strong> Os trabalhadores t\u00eam o direito de trabalhar em condi\u00e7\u00f5es seguras e saud\u00e1veis, com acesso a Equipamentos de Prote\u00e7\u00e3o Individual (EPIs) quando necess\u00e1rio.<\/li>\n<\/ul>\n<p>Conhecer seus direitos n\u00e3o s\u00f3 ajuda a preservar sua dignidade no trabalho, mas tamb\u00e9m pode ser essencial na preven\u00e7\u00e3o de abusos. Em caso de desrespeito, o trabalhador pode buscar apoio em sindicatos ou \u00f3rg\u00e3os do governo respons\u00e1veis pela fiscaliza\u00e7\u00e3o das rela\u00e7\u00f5es de trabalho.<\/p>\n<h2>Hist\u00f3rias de sucesso de paulistas empregados<\/h2>\n<p>A trajet\u00f3ria de pessoas que enfrentaram desafios e conseguiram encontrar um espa\u00e7o no mercado de trabalho \u00e9 inspiradora e serve como um est\u00edmulo para muitos. Entre os milhares de paulistas, destacam-se algumas hist\u00f3rias que exemplificam a resili\u00eancia e a determina\u00e7\u00e3o:<\/p>\n<ul>\n<li><strong>Maria Clara:<\/strong> Ap\u00f3s perder o emprego durante a pandemia, Maria aproveitou o tempo livre para se especializar em marketing digital. Com o apoio de um curso oferecido pelo governo, ela conseguiu uma nova oportunidade em uma startup. Hoje, atua como analista de marketing e gerencia campanhas online.<\/li>\n<li><strong>Jos\u00e9 Carlos:<\/strong> Chegando de outro estado em busca de oportunidades, Jos\u00e9 se inscreveu em cursos de capacita\u00e7\u00e3o em um PAT. Com sua nova forma\u00e7\u00e3o em controle de qualidade, conseguiu um emprego em uma ind\u00fastria na zona sul de S\u00e3o Paulo, onde agora lidera uma equipe.<\/li>\n<li><strong>Ana Beatriz:<\/strong> Depois de anos trabalhando informalmente, Ana decidiu formalizar seu neg\u00f3cio de confeitaria. Utilizando microcr\u00e9dito, ela investiu em equipamentos e mat\u00e9ria-prima. Atualmente, sua empresa \u00e9 um sucesso, e ela j\u00e1 contrata duas funcion\u00e1rias para ajud\u00e1-la.<\/li>\n<\/ul>\n<p>Essas hist\u00f3rias destacam n\u00e3o apenas a import\u00e2ncia das oportunidades dispon\u00edveis, mas tamb\u00e9m a for\u00e7a de vontade e a perseveran\u00e7a que os indiv\u00edduos t\u00eam em busca de seus objetivos. Elas servem como um lembrete de que, apesar dos obst\u00e1culos, \u00e9 poss\u00edvel remar contra a corrente e alcan\u00e7ar um futuro melhor.<\/p>\n","protected":false},"excerpt":{"rendered":"<p>Emprego em S\u00e3o Paulo: confira as 11.000 vagas dispon\u00edveis.<\/p>\n","protected":false},"author":1,"featured_media":5769,"comment_status":"open","ping_status":"","sticky":false,"template":"","format":"standard","meta":{"footnotes":""},"categories":[5],"tags":[],"class_list":["post-5770","post","type-post","status-publish","format-standard","has-post-thumbnail","hentry","category-noticias","has_thumb"],"yoast_head":"<!-- This site is optimized with the Yoast SEO plugin v26.4 - https:\/\/yoast.com\/wordpress\/plugins\/seo\/ -->\n<title>S\u00e3o Paulo come\u00e7a ano com 11.000 vagas de emprego dispon\u00edveis, diz governo - Encontra Avenida Paulista<\/title>\n<meta name=\"robots\" content=\"index, follow, max-snippet:-1, max-image-preview:large, max-video-preview:-1\" \/>\n<link rel=\"canonical\" href=\"https:\/\/www.encontrabelavista.com.br\/avenida-paulista\/sao-paulo-comeca-ano-com-11-000-vagas-de-emprego-disponiveis-diz-governo\/\" \/>\n<meta property=\"og:locale\" content=\"pt_BR\" \/>\n<meta property=\"og:type\" content=\"article\" \/>\n<meta property=\"og:title\" content=\"S\u00e3o Paulo come\u00e7a ano com 11.000 vagas de emprego dispon\u00edveis, diz governo - Encontra Avenida Paulista\" \/>\n<meta property=\"og:description\" content=\"Emprego em S\u00e3o Paulo: confira as 11.000 vagas dispon\u00edveis.\" \/>\n<meta property=\"og:url\" content=\"https:\/\/www.encontrabelavista.com.br\/avenida-paulista\/sao-paulo-comeca-ano-com-11-000-vagas-de-emprego-disponiveis-diz-governo\/\" \/>\n<meta property=\"og:site_name\" content=\"Encontra Avenida Paulista\" \/>\n<meta property=\"article:published_time\" content=\"2026-01-11T13:08:37+00:00\" \/>\n<meta property=\"og:image\" content=\"https:\/\/www.encontrabelavista.com.br\/avenida-paulista\/wp-content\/uploads\/2026\/01\/sao-paulo-comeca-ano-com-11-000-vagas-de-emprego-disponiveis-diz-governo.webp\" \/>\n<meta name=\"author\" content=\"Encontra Avenida Paulista\" \/>\n<meta name=\"twitter:card\" content=\"summary_large_image\" \/>\n<meta name=\"twitter:label1\" content=\"Escrito por\" \/>\n\t<meta name=\"twitter:data1\" content=\"Encontra Avenida Paulista\" \/>\n\t<meta name=\"twitter:label2\" content=\"Est. tempo de leitura\" \/>\n\t<meta name=\"twitter:data2\" content=\"13 minutos\" \/>\n<script type=\"application\/ld+json\" class=\"yoast-schema-graph\">{\"@context\":\"https:\/\/schema.org\",\"@graph\":[{\"@type\":\"WebPage\",\"@id\":\"https:\/\/www.encontrabelavista.com.br\/avenida-paulista\/sao-paulo-comeca-ano-com-11-000-vagas-de-emprego-disponiveis-diz-governo\/\",\"url\":\"https:\/\/www.encontrabelavista.com.br\/avenida-paulista\/sao-paulo-comeca-ano-com-11-000-vagas-de-emprego-disponiveis-diz-governo\/\",\"name\":\"S\u00e3o Paulo come\u00e7a ano com 11.000 vagas de emprego dispon\u00edveis, diz governo - Encontra Avenida Paulista\",\"isPartOf\":{\"@id\":\"https:\/\/www.encontrabelavista.com.br\/avenida-paulista\/#website\"},\"primaryImageOfPage\":{\"@id\":\"https:\/\/www.encontrabelavista.com.br\/avenida-paulista\/sao-paulo-comeca-ano-com-11-000-vagas-de-emprego-disponiveis-diz-governo\/#primaryimage\"},\"image\":{\"@id\":\"https:\/\/www.encontrabelavista.com.br\/avenida-paulista\/sao-paulo-comeca-ano-com-11-000-vagas-de-emprego-disponiveis-diz-governo\/#primaryimage\"},\"thumbnailUrl\":\"https:\/\/www.encontrabelavista.com.br\/avenida-paulista\/wp-content\/uploads\/2026\/01\/sao-paulo-comeca-ano-com-11-000-vagas-de-emprego-disponiveis-diz-governo.webp\",\"datePublished\":\"2026-01-11T13:08:37+00:00\",\"author\":{\"@id\":\"https:\/\/www.encontrabelavista.com.br\/avenida-paulista\/#\/schema\/person\/63c71a69a5879155285aa7cf79ec3e40\"},\"breadcrumb\":{\"@id\":\"https:\/\/www.encontrabelavista.com.br\/avenida-paulista\/sao-paulo-comeca-ano-com-11-000-vagas-de-emprego-disponiveis-diz-governo\/#breadcrumb\"},\"inLanguage\":\"pt-BR\",\"potentialAction\":[{\"@type\":\"ReadAction\",\"target\":[\"https:\/\/www.encontrabelavista.com.br\/avenida-paulista\/sao-paulo-comeca-ano-com-11-000-vagas-de-emprego-disponiveis-diz-governo\/\"]}]},{\"@type\":\"ImageObject\",\"inLanguage\":\"pt-BR\",\"@id\":\"https:\/\/www.encontrabelavista.com.br\/avenida-paulista\/sao-paulo-comeca-ano-com-11-000-vagas-de-emprego-disponiveis-diz-governo\/#primaryimage\",\"url\":\"https:\/\/www.encontrabelavista.com.br\/avenida-paulista\/wp-content\/uploads\/2026\/01\/sao-paulo-comeca-ano-com-11-000-vagas-de-emprego-disponiveis-diz-governo.webp\",\"contentUrl\":\"https:\/\/www.encontrabelavista.com.br\/avenida-paulista\/wp-content\/uploads\/2026\/01\/sao-paulo-comeca-ano-com-11-000-vagas-de-emprego-disponiveis-diz-governo.webp\",\"width\":280,\"height\":280,\"caption\":\"vagas de emprego\"},{\"@type\":\"BreadcrumbList\",\"@id\":\"https:\/\/www.encontrabelavista.com.br\/avenida-paulista\/sao-paulo-comeca-ano-com-11-000-vagas-de-emprego-disponiveis-diz-governo\/#breadcrumb\",\"itemListElement\":[{\"@type\":\"ListItem\",\"position\":1,\"name\":\"In\u00edcio\",\"item\":\"https:\/\/www.encontrabelavista.com.br\/avenida-paulista\/\"},{\"@type\":\"ListItem\",\"position\":2,\"name\":\"S\u00e3o Paulo come\u00e7a ano com 11.000 vagas de emprego dispon\u00edveis, diz governo\"}]},{\"@type\":\"WebSite\",\"@id\":\"https:\/\/www.encontrabelavista.com.br\/avenida-paulista\/#website\",\"url\":\"https:\/\/www.encontrabelavista.com.br\/avenida-paulista\/\",\"name\":\"Encontra Avenida Paulista\",\"description\":\"ENCONTRA AVENIDA PAULISTA - O guia comercial de neg\u00f3cios e empresas, cultura e divers\u00e3o na Avenida Paulista. Feito 100% para voc\u00ea morador!\",\"potentialAction\":[{\"@type\":\"SearchAction\",\"target\":{\"@type\":\"EntryPoint\",\"urlTemplate\":\"https:\/\/www.encontrabelavista.com.br\/avenida-paulista\/?s={search_term_string}\"},\"query-input\":{\"@type\":\"PropertyValueSpecification\",\"valueRequired\":true,\"valueName\":\"search_term_string\"}}],\"inLanguage\":\"pt-BR\"},{\"@type\":\"Person\",\"@id\":\"https:\/\/www.encontrabelavista.com.br\/avenida-paulista\/#\/schema\/person\/63c71a69a5879155285aa7cf79ec3e40\",\"name\":\"Encontra Avenida Paulista\",\"image\":{\"@type\":\"ImageObject\",\"inLanguage\":\"pt-BR\",\"@id\":\"https:\/\/www.encontrabelavista.com.br\/avenida-paulista\/#\/schema\/person\/image\/\",\"url\":\"https:\/\/secure.gravatar.com\/avatar\/c50c17820bcf322f0a8fd6b110b8c0918141409dc69076470f6fca5fee70a5d4?s=96&d=mm&r=g\",\"contentUrl\":\"https:\/\/secure.gravatar.com\/avatar\/c50c17820bcf322f0a8fd6b110b8c0918141409dc69076470f6fca5fee70a5d4?s=96&d=mm&r=g\",\"caption\":\"Encontra Avenida Paulista\"},\"url\":\"https:\/\/www.encontrabelavista.com.br\/avenida-paulista\/author\/encontraavenidapaulista\/\"}]}<\/script>\n<!-- \/ Yoast SEO plugin. -->","yoast_head_json":{"title":"S\u00e3o Paulo come\u00e7a ano com 11.000 vagas de emprego dispon\u00edveis, diz governo - Encontra Avenida Paulista","robots":{"index":"index","follow":"follow","max-snippet":"max-snippet:-1","max-image-preview":"max-image-preview:large","max-video-preview":"max-video-preview:-1"},"canonical":"https:\/\/www.encontrabelavista.com.br\/avenida-paulista\/sao-paulo-comeca-ano-com-11-000-vagas-de-emprego-disponiveis-diz-governo\/","og_locale":"pt_BR","og_type":"article","og_title":"S\u00e3o Paulo come\u00e7a ano com 11.000 vagas de emprego dispon\u00edveis, diz governo - Encontra Avenida Paulista","og_description":"Emprego em S\u00e3o Paulo: confira as 11.000 vagas dispon\u00edveis.","og_url":"https:\/\/www.encontrabelavista.com.br\/avenida-paulista\/sao-paulo-comeca-ano-com-11-000-vagas-de-emprego-disponiveis-diz-governo\/","og_site_name":"Encontra Avenida Paulista","article_published_time":"2026-01-11T13:08:37+00:00","og_image":[{"url":"https:\/\/www.encontrabelavista.com.br\/avenida-paulista\/wp-content\/uploads\/2026\/01\/sao-paulo-comeca-ano-com-11-000-vagas-de-emprego-disponiveis-diz-governo.webp","type":"","width":"","height":""}],"author":"Encontra Avenida Paulista","twitter_card":"summary_large_image","twitter_misc":{"Escrito por":"Encontra Avenida Paulista","Est. tempo de leitura":"13 minutos"},"schema":{"@context":"https:\/\/schema.org","@graph":[{"@type":"WebPage","@id":"https:\/\/www.encontrabelavista.com.br\/avenida-paulista\/sao-paulo-comeca-ano-com-11-000-vagas-de-emprego-disponiveis-diz-governo\/","url":"https:\/\/www.encontrabelavista.com.br\/avenida-paulista\/sao-paulo-comeca-ano-com-11-000-vagas-de-emprego-disponiveis-diz-governo\/","name":"S\u00e3o Paulo come\u00e7a ano com 11.000 vagas de emprego dispon\u00edveis, diz governo - Encontra Avenida Paulista","isPartOf":{"@id":"https:\/\/www.encontrabelavista.com.br\/avenida-paulista\/#website"},"primaryImageOfPage":{"@id":"https:\/\/www.encontrabelavista.com.br\/avenida-paulista\/sao-paulo-comeca-ano-com-11-000-vagas-de-emprego-disponiveis-diz-governo\/#primaryimage"},"image":{"@id":"https:\/\/www.encontrabelavista.com.br\/avenida-paulista\/sao-paulo-comeca-ano-com-11-000-vagas-de-emprego-disponiveis-diz-governo\/#primaryimage"},"thumbnailUrl":"https:\/\/www.encontrabelavista.com.br\/avenida-paulista\/wp-content\/uploads\/2026\/01\/sao-paulo-comeca-ano-com-11-000-vagas-de-emprego-disponiveis-diz-governo.webp","datePublished":"2026-01-11T13:08:37+00:00","author":{"@id":"https:\/\/www.encontrabelavista.com.br\/avenida-paulista\/#\/schema\/person\/63c71a69a5879155285aa7cf79ec3e40"},"breadcrumb":{"@id":"https:\/\/www.encontrabelavista.com.br\/avenida-paulista\/sao-paulo-comeca-ano-com-11-000-vagas-de-emprego-disponiveis-diz-governo\/#breadcrumb"},"inLanguage":"pt-BR","potentialAction":[{"@type":"ReadAction","target":["https:\/\/www.encontrabelavista.com.br\/avenida-paulista\/sao-paulo-comeca-ano-com-11-000-vagas-de-emprego-disponiveis-diz-governo\/"]}]},{"@type":"ImageObject","inLanguage":"pt-BR","@id":"https:\/\/www.encontrabelavista.com.br\/avenida-paulista\/sao-paulo-comeca-ano-com-11-000-vagas-de-emprego-disponiveis-diz-governo\/#primaryimage","url":"https:\/\/www.encontrabelavista.com.br\/avenida-paulista\/wp-content\/uploads\/2026\/01\/sao-paulo-comeca-ano-com-11-000-vagas-de-emprego-disponiveis-diz-governo.webp","contentUrl":"https:\/\/www.encontrabelavista.com.br\/avenida-paulista\/wp-content\/uploads\/2026\/01\/sao-paulo-comeca-ano-com-11-000-vagas-de-emprego-disponiveis-diz-governo.webp","width":280,"height":280,"caption":"vagas de emprego"},{"@type":"BreadcrumbList","@id":"https:\/\/www.encontrabelavista.com.br\/avenida-paulista\/sao-paulo-comeca-ano-com-11-000-vagas-de-emprego-disponiveis-diz-governo\/#breadcrumb","itemListElement":[{"@type":"ListItem","position":1,"name":"In\u00edcio","item":"https:\/\/www.encontrabelavista.com.br\/avenida-paulista\/"},{"@type":"ListItem","position":2,"name":"S\u00e3o Paulo come\u00e7a ano com 11.000 vagas de emprego dispon\u00edveis, diz governo"}]},{"@type":"WebSite","@id":"https:\/\/www.encontrabelavista.com.br\/avenida-paulista\/#website","url":"https:\/\/www.encontrabelavista.com.br\/avenida-paulista\/","name":"Encontra Avenida Paulista","description":"ENCONTRA AVENIDA PAULISTA - O guia comercial de neg\u00f3cios e empresas, cultura e divers\u00e3o na Avenida Paulista. Feito 100% para voc\u00ea morador!","potentialAction":[{"@type":"SearchAction","target":{"@type":"EntryPoint","urlTemplate":"https:\/\/www.encontrabelavista.com.br\/avenida-paulista\/?s={search_term_string}"},"query-input":{"@type":"PropertyValueSpecification","valueRequired":true,"valueName":"search_term_string"}}],"inLanguage":"pt-BR"},{"@type":"Person","@id":"https:\/\/www.encontrabelavista.com.br\/avenida-paulista\/#\/schema\/person\/63c71a69a5879155285aa7cf79ec3e40","name":"Encontra Avenida Paulista","image":{"@type":"ImageObject","inLanguage":"pt-BR","@id":"https:\/\/www.encontrabelavista.com.br\/avenida-paulista\/#\/schema\/person\/image\/","url":"https:\/\/secure.gravatar.com\/avatar\/c50c17820bcf322f0a8fd6b110b8c0918141409dc69076470f6fca5fee70a5d4?s=96&d=mm&r=g","contentUrl":"https:\/\/secure.gravatar.com\/avatar\/c50c17820bcf322f0a8fd6b110b8c0918141409dc69076470f6fca5fee70a5d4?s=96&d=mm&r=g","caption":"Encontra Avenida Paulista"},"url":"https:\/\/www.encontrabelavista.com.br\/avenida-paulista\/author\/encontraavenidapaulista\/"}]}},"_links":{"self":[{"href":"https:\/\/www.encontrabelavista.com.br\/avenida-paulista\/wp-json\/wp\/v2\/posts\/5770","targetHints":{"allow":["GET"]}}],"collection":[{"href":"https:\/\/www.encontrabelavista.com.br\/avenida-paulista\/wp-json\/wp\/v2\/posts"}],"about":[{"href":"https:\/\/www.encontrabelavista.com.br\/avenida-paulista\/wp-json\/wp\/v2\/types\/post"}],"author":[{"embeddable":true,"href":"https:\/\/www.encontrabelavista.com.br\/avenida-paulista\/wp-json\/wp\/v2\/users\/1"}],"replies":[{"embeddable":true,"href":"https:\/\/www.encontrabelavista.com.br\/avenida-paulista\/wp-json\/wp\/v2\/comments?post=5770"}],"version-history":[{"count":0,"href":"https:\/\/www.encontrabelavista.com.br\/avenida-paulista\/wp-json\/wp\/v2\/posts\/5770\/revisions"}],"wp:featuredmedia":[{"embeddable":true,"href":"https:\/\/www.encontrabelavista.com.br\/avenida-paulista\/wp-json\/wp\/v2\/media\/5769"}],"wp:attachment":[{"href":"https:\/\/www.encontrabelavista.com.br\/avenida-paulista\/wp-json\/wp\/v2\/media?parent=5770"}],"wp:term":[{"taxonomy":"category","embeddable":true,"href":"https:\/\/www.encontrabelavista.com.br\/avenida-paulista\/wp-json\/wp\/v2\/categories?post=5770"},{"taxonomy":"post_tag","embeddable":true,"href":"https:\/\/www.encontrabelavista.com.br\/avenida-paulista\/wp-json\/wp\/v2\/tags?post=5770"}],"curies":[{"name":"wp","href":"https:\/\/api.w.org\/{rel}","templated":true}]}}