{"id":5784,"date":"2026-01-15T12:50:54","date_gmt":"2026-01-15T15:50:54","guid":{"rendered":"https:\/\/www.encontrabelavista.com.br\/avenida-paulista\/nubank-vai-inaugurar-espaco-cultural-e-tecnologico-na-avenida-paulista\/"},"modified":"2026-01-15T12:50:54","modified_gmt":"2026-01-15T15:50:54","slug":"nubank-vai-inaugurar-espaco-cultural-e-tecnologico-na-avenida-paulista","status":"publish","type":"post","link":"https:\/\/www.encontrabelavista.com.br\/avenida-paulista\/nubank-vai-inaugurar-espaco-cultural-e-tecnologico-na-avenida-paulista\/","title":{"rendered":"Nubank vai inaugurar espa\u00e7o cultural e tecnol\u00f3gico na avenida Paulista"},"content":{"rendered":"<h2>O que Esperar do Novo Espa\u00e7o do Nubank<\/h2>\n<p>O novo espa\u00e7o cultural e tecnol\u00f3gico do Nubank, localizado no primeiro piso do Conjunto Nacional, promete ser um ponto de encontro inovador e din\u00e2mico para a popula\u00e7\u00e3o de S\u00e3o Paulo e visitantes. Com uma \u00e1rea de 2.700 metros quadrados, o espa\u00e7o foi projetado para acolher uma diversidade de atividades que estimulam a intera\u00e7\u00e3o entre tecnologia e cultura.<\/p>\n<p>Os visitantes poder\u00e3o esperar por exposi\u00e7\u00f5es interativas que explorar\u00e3o temas relacionados \u00e0 tecnologia, al\u00e9m de eventos que v\u00e3o desde palestras a workshops, todos eles visando ampliar o conhecimento e fomentar a criatividade. A estrutura do local inclui tr\u00eas salas distintas, cada uma projetada para atender \u00e0s diferentes necessidades de seus usu\u00e1rios, permitindo uma vasta gama de experi\u00eancias coletivas e individuais.<\/p>\n<p>Al\u00e9m disso, o espa\u00e7o atuar\u00e1 como uma vitrine para a cultura contempor\u00e2nea, integrando arte, inova\u00e7\u00e3o e tecnologia em um ambiente colaborativo e acolhedor. A presen\u00e7a do espa\u00e7o no ic\u00f4nico Conjunto Nacional, um dos marcos da Avenida Paulista, tamb\u00e9m traz um simbolismo significativo, alinhando a marca Nubank a propostas de acesso, inclus\u00e3o e modernidade.<\/p>\n<p><img decoding=\"async\" src=\"https:\/\/www.encontrabelavista.com.br\/avenida-paulista\/wp-content\/uploads\/2026\/01\/nubank-vai-inaugurar-espaco-cultural-e-tecnologico-na-avenida-paulista.webp\" alt=\"espaco cultural e tecnologico\" loading=\"lazy\" \/><\/p>\n<h2>Exposi\u00e7\u00f5es Tecnol\u00f3gicas e Interativas<\/h2>\n<p>No ambiente do novo espa\u00e7o, as exposi\u00e7\u00f5es tecnol\u00f3gicas e interativas jogar\u00e3o um papel crucial em como os visitantes interagem com o conte\u00fado. Essas exposi\u00e7\u00f5es n\u00e3o ser\u00e3o meras vitrines de tecnologia; em vez disso, elas foram desenvolvidas para garantir uma experi\u00eancia imersiva, onde o p\u00fablico pode n\u00e3o apenas observar, mas tamb\u00e9m participar ativamente.<\/p>\n<p>Essas atividades interativas permitir\u00e3o que os visitantes experimentem as inova\u00e7\u00f5es em tecnologia de uma maneira acess\u00edvel e inclusiva. Por exemplo, pode-se esperar instala\u00e7\u00f5es que utilizem realidade aumentada e virtual, proporcionando uma imers\u00e3o em diferentes contextos e realidades. Isso n\u00e3o apenas encantar\u00e1 o p\u00fablico, mas transformar\u00e1 a maneira como as pessoas percebem a tecnologia como parte de suas vidas di\u00e1rias.<\/p>\n<p>Outro aspecto importante das exposi\u00e7\u00f5es ser\u00e1 o foco na educa\u00e7\u00e3o sobre o uso respons\u00e1vel da tecnologia. Com workshops e atividades pr\u00e1ticas, os visitantes ter\u00e3o a oportunidade de aprender sobre temas como seguran\u00e7a digital, privacidade e intelig\u00eancia artificial, preparando-os melhor para um mundo cada vez mais digital.<\/p>\n<h2>M\u00fasica e Audiovisual: A Nova Experi\u00eancia<\/h2>\n<p>Um dos aspectos mais emocionantes do novo espa\u00e7o do Nubank \u00e9 a \u00eanfase em m\u00fasica e audiovisual. Este espa\u00e7o n\u00e3o ser\u00e1 apenas um lugar de aprendizado e inova\u00e7\u00e3o tecnol\u00f3gica, mas tamb\u00e9m um ponto de encontro cultural onde a m\u00fasica desempenhar\u00e1 um papel central.<\/p>\n<p>Espet\u00e1culos musicais e apresenta\u00e7\u00f5es audiovisuais ser\u00e3o realizados regularmente, oferecendo uma plataforma para artistas emergentes e j\u00e1 estabelecidos. Essas performances poder\u00e3o variar de shows intimistas a grandes eventos, abrangendo diversos g\u00eaneros musicais e estilos, refletindo a diversidade cultural da cidade de S\u00e3o Paulo.<\/p>\n<p>Al\u00e9m disso, haver\u00e1 a exibi\u00e7\u00e3o de filmes e document\u00e1rios que abordam quest\u00f5es relevantes e contempor\u00e2neas, estabelecendo um di\u00e1logo entre o p\u00fablico e os temas abordados nas obras. O objetivo \u00e9 que essa experi\u00eancia enrique\u00e7a n\u00e3o s\u00f3 o entretenimento, mas tamb\u00e9m a discuss\u00e3o cultural e social entre os visitantes.<\/p>\n<h2>O Papel da Aventura na Gest\u00e3o do Espa\u00e7o<\/h2>\n<p>A gest\u00e3o do novo espa\u00e7o ficar\u00e1 a cargo da operadora Aventura, uma escolha estrat\u00e9gica que promete agregar valor ao projeto. Com uma vasta experi\u00eancia na administra\u00e7\u00e3o de espa\u00e7os culturais e eventos, a Aventura traz consigo um know-how que ser\u00e1 determinante para o sucesso das opera\u00e7\u00f5es do espa\u00e7o.<\/p>\n<p>A Aventura possui um hist\u00f3rico comprovado na produ\u00e7\u00e3o de eventos de alta qualidade e na promo\u00e7\u00e3o de experi\u00eancias que n\u00e3o apenas atraem um grande p\u00fablico, mas tamb\u00e9m proporcionam relev\u00e2ncia cultural. Essa parceria com o Nubank promete promover uma programa\u00e7\u00e3o variada, que vai de atividades focadas em tecnologia a eventos relacionados \u00e0 cultura e \u00e0 m\u00fasica.<\/p>\n<p>O modelo de gest\u00e3o da Aventura \u00e9 colaborativo, buscando sempre envolver a comunidade local no processo. Isso significa que haver\u00e1 espa\u00e7o para que artistas locais e iniciativas comunit\u00e1rias possam se apresentar, promovendo um ambiente inclusivo e aberto a novas ideias.<\/p>\n<h2>A Inaugura\u00e7\u00e3o: O que Est\u00e1 por Vir<\/h2>\n<p>A esperada inaugura\u00e7\u00e3o do espa\u00e7o est\u00e1 prevista para ocorrer no primeiro semestre deste ano, e as expectativas s\u00e3o altas. A chegada do Nubank a um local t\u00e3o emblem\u00e1tico como o Conjunto Nacional \u00e9 um marco n\u00e3o s\u00f3 para a empresa, mas tamb\u00e9m para a comunidade que se beneficia desse novo espa\u00e7o cultural e tecnol\u00f3gico.<\/p>\n<p>Durante a inaugura\u00e7\u00e3o, espera-se uma programa\u00e7\u00e3o especial que celebre a diversidade cultural da cidade. Atividades como performances ao vivo, pain\u00e9is de discuss\u00e3o sobre tecnologia e cultura, al\u00e9m de oficinas pr\u00e1ticas est\u00e3o sendo planejadas para marcar a abertura do espa\u00e7o. Isso n\u00e3o s\u00f3 atrair\u00e1 um grande n\u00famero de visitantes, mas tamb\u00e9m estabelecer\u00e1 o espa\u00e7o como um novo ponto de refer\u00eancia na Avenida Paulista.<\/p>\n<p>Os eventos de inaugura\u00e7\u00e3o tamb\u00e9m poder\u00e3o ser transmitidos online, permitindo que um p\u00fablico ainda maior possa se conectar e experimentar a nova proposta do Nubank antes mesmo de visitar o local fisicamente.<\/p>\n<h2>Hist\u00f3ria do Conjunto Nacional<\/h2>\n<p>O Conjunto Nacional \u00e9 um dos marcos arquitet\u00f4nicos mais importantes de S\u00e3o Paulo, com uma rica hist\u00f3ria que remonta \u00e0 d\u00e9cada de 1960. Inaugurado em 1966, o edif\u00edcio rapidamente se tornou um s\u00edmbolo da modernidade e do desenvolvimento na cidade, sendo um dos primeiros a oferecer espa\u00e7os mistos que combinavam com\u00e9rcio, cultura e lazer.<\/p>\n<p>A estrutura arquitet\u00f4nica do Conjunto Nacional \u00e9 reconhecida por seu design ic\u00f4nico, que integra elementos da arquitetura moderna com um planejamento urbano voltado \u00e0 promo\u00e7\u00e3o do conv\u00edvio social. Ao longo das d\u00e9cadas, o local se tornou um ponto de encontro para eventos culturais, feiras e exposi\u00e7\u00f5es, consolidando-se como um centro pulsante de arte e entretenimento.<\/p>\n<p>Hoje, o Conjunto Nacional se destaca n\u00e3o apenas por sua hist\u00f3ria, mas tamb\u00e9m por sua adaptabilidade \u00e0s novas demandas sociais e culturais. A adi\u00e7\u00e3o do espa\u00e7o do Nubank apenas refor\u00e7a essa caracter\u00edstica de renova\u00e7\u00e3o e atualiza\u00e7\u00e3o constante, tornando-o um exemplo de como o patrim\u00f4nio arquitet\u00f4nico pode se integrar \u00e0 inova\u00e7\u00e3o contempor\u00e2nea.<\/p>\n<h2>A Import\u00e2ncia Cultural da Avenida Paulista<\/h2>\n<p>A Avenida Paulista \u00e9 considerada o cora\u00e7\u00e3o financeiro e cultural de S\u00e3o Paulo, e sua import\u00e2ncia vai muito al\u00e9m do com\u00e9rcio. Esta via emblem\u00e1tica abriga diversos centros culturais, museus e institui\u00e7\u00f5es educacionais que fazem dela um espa\u00e7o vibrante e din\u00e2mico.<\/p>\n<p>Com eventos regulares e atividades ao ar livre, como feiras e exposi\u00e7\u00f5es, a Avenida Paulista se tornou um ponto de encontro n\u00e3o apenas para os habitantes de S\u00e3o Paulo, mas tamb\u00e9m para turistas de todo o mundo. O espa\u00e7o do Nubank contribuir\u00e1 para essa vitalidade, oferecendo uma nova camada de atividades culturais e tecnol\u00f3gicas que dialogar\u00e3o com a proposta j\u00e1 existente na regi\u00e3o.<\/p>\n<p>Sendo um espa\u00e7o que promove a inclus\u00e3o e o acesso \u00e0 cultura, o novo centro ir\u00e1 refor\u00e7ar a Avenida Paulista como um local de express\u00e3o e diversidade, onde todos poder\u00e3o se sentir bem-vindos para explorar, criar e compartilhar experi\u00eancias.<\/p>\n<h2>Implica\u00e7\u00f5es para a Comunidade Local<\/h2>\n<p>A inaugura\u00e7\u00e3o do espa\u00e7o cultural e tecnol\u00f3gico do Nubank tem potencial para impactar positivamente a comunidade local em diversas frentes. Com a promo\u00e7\u00e3o de eventos culturais e educativos, o espa\u00e7o ir\u00e1 criar oportunidades para que moradores se envolvam ativamente em sua programa\u00e7\u00e3o.<\/p>\n<p>Al\u00e9m disso, a presen\u00e7a de um espa\u00e7o dedicado \u00e0 inova\u00e7\u00e3o pode inspirar os jovens da comunidade a se interessarem por \u00e1reas como tecnologia, arte e empreendedorismo. A colabora\u00e7\u00e3o com escolas e institu\u00e7\u00f5es educacionais locais poder\u00e1 gerar sinergias valiosas, promovendo parcerias que beneficiar\u00e3o n\u00e3o apenas os alunos, mas tamb\u00e9m a comunidade em geral.<\/p>\n<p>O espa\u00e7o tamb\u00e9m poder\u00e1 servir como um catalisador para o desenvolvimento econ\u00f4mico local, atraindo visitantes de todas as partes da cidade, que poder\u00e3o frequentar n\u00e3o apenas o espa\u00e7o do Nubank, mas tamb\u00e9m as lojas e restaurantes circunvizinhos, contribuindo para a revitaliza\u00e7\u00e3o da \u00e1rea.<\/p>\n<h2>Oportunidades para Artistas e Criadores<\/h2>\n<p>Um dos aspectos mais excitantes da nova proposta do Nubank ser\u00e1 a cria\u00e7\u00e3o de um espa\u00e7o que ofere\u00e7a oportunidades diretas para artistas e criadores locais. O estabelecimento de uma programa\u00e7\u00e3o diversificada permitir\u00e1 que esses profissionais mostrem seu trabalho, criando um espa\u00e7o de visibilidade que pode ser dif\u00edcil de encontrar em outras partes da cidade.<\/p>\n<p>Al\u00e9m de receber apresenta\u00e7\u00f5es e exposi\u00e7\u00f5es, o novo espa\u00e7o promover\u00e1 um ambiente de colabora\u00e7\u00e3o entre artistas, permitindo que eles se conhe\u00e7am e estabele\u00e7am parcerias para projetos futuros. Isso pode resultar em inova\u00e7\u00f5es criativas e iniciativas que elevam a cultura local, tornando-se um focalizador de talentos emergentes.<\/p>\n<p>Com o apoio da Aventura na gest\u00e3o do espa\u00e7o, os artistas ter\u00e3o acesso a uma infraestrutura que facilita a realiza\u00e7\u00e3o de seus projetos, ao mesmo tempo que se beneficia de um p\u00fablico amplamente diversificado, resultando em uma troca enriquecedora entre diferentes formas de express\u00e3o.<\/p>\n<h2>Futuro do Espa\u00e7o e Suas Possibilidades<\/h2>\n<p>O futuro do novo espa\u00e7o do Nubank parece promissor, com v\u00e1rias possibilidades se abrindo \u00e0 medida que a programa\u00e7\u00e3o se desenvolve e se adapta \u00e0s necessidades do p\u00fablico. \u00c0 medida que as tend\u00eancias culturais e tecnol\u00f3gicas evoluem, o espa\u00e7o poder\u00e1 inovar constantemente, incorporando novas tecnologias e formatos para engajar e educar.<\/p>\n<p>Al\u00e9m disso, o espa\u00e7o pode explorar colabora\u00e7\u00f5es com outras organiza\u00e7\u00f5es, artistas e empresas. Isso n\u00e3o s\u00f3 diversificaria sua programa\u00e7\u00e3o, mas tamb\u00e9m ampliaria sua relev\u00e2ncia na cidade e al\u00e9m, posicionando-se como um ponto de refer\u00eancia para experi\u00eancias culturais interativas que atraem pessoas de diversas origens e interesses.<\/p>\n<p>Com um compromisso em manter-se atual e relevante, o novo espa\u00e7o cultural e tecnol\u00f3gico do Nubank n\u00e3o apenas promete entreter, mas tamb\u00e9m educar e inspirar, contribuindo significativamente para o panorama cultural de S\u00e3o Paulo e para a vida de seus moradores e visitantes.<\/p>\n","protected":false},"excerpt":{"rendered":"<p>Nubank vai inaugurar um espa\u00e7o cultural e tecnol\u00f3gico na Avenida Paulista.<\/p>\n","protected":false},"author":1,"featured_media":5783,"comment_status":"open","ping_status":"","sticky":false,"template":"","format":"standard","meta":{"footnotes":""},"categories":[5],"tags":[],"class_list":["post-5784","post","type-post","status-publish","format-standard","has-post-thumbnail","hentry","category-noticias","has_thumb"],"yoast_head":"<!-- This site is optimized with the Yoast SEO plugin v26.4 - https:\/\/yoast.com\/wordpress\/plugins\/seo\/ -->\n<title>Nubank vai inaugurar espa\u00e7o cultural e tecnol\u00f3gico na avenida Paulista - Encontra Avenida Paulista<\/title>\n<meta name=\"robots\" content=\"index, follow, max-snippet:-1, max-image-preview:large, max-video-preview:-1\" \/>\n<link rel=\"canonical\" href=\"https:\/\/www.encontrabelavista.com.br\/avenida-paulista\/nubank-vai-inaugurar-espaco-cultural-e-tecnologico-na-avenida-paulista\/\" \/>\n<meta property=\"og:locale\" content=\"pt_BR\" \/>\n<meta property=\"og:type\" content=\"article\" \/>\n<meta property=\"og:title\" content=\"Nubank vai inaugurar espa\u00e7o cultural e tecnol\u00f3gico na avenida Paulista - Encontra Avenida Paulista\" \/>\n<meta property=\"og:description\" content=\"Nubank vai inaugurar um espa\u00e7o cultural e tecnol\u00f3gico na Avenida Paulista.\" \/>\n<meta property=\"og:url\" content=\"https:\/\/www.encontrabelavista.com.br\/avenida-paulista\/nubank-vai-inaugurar-espaco-cultural-e-tecnologico-na-avenida-paulista\/\" \/>\n<meta property=\"og:site_name\" content=\"Encontra Avenida Paulista\" \/>\n<meta property=\"article:published_time\" content=\"2026-01-15T15:50:54+00:00\" \/>\n<meta property=\"og:image\" content=\"https:\/\/www.encontrabelavista.com.br\/avenida-paulista\/wp-content\/uploads\/2026\/01\/nubank-vai-inaugurar-espaco-cultural-e-tecnologico-na-avenida-paulista.webp\" \/>\n<meta name=\"author\" content=\"Encontra Avenida Paulista\" \/>\n<meta name=\"twitter:card\" content=\"summary_large_image\" \/>\n<meta name=\"twitter:label1\" content=\"Escrito por\" \/>\n\t<meta name=\"twitter:data1\" content=\"Encontra Avenida Paulista\" \/>\n\t<meta name=\"twitter:label2\" content=\"Est. tempo de leitura\" \/>\n\t<meta name=\"twitter:data2\" content=\"9 minutos\" \/>\n<script type=\"application\/ld+json\" class=\"yoast-schema-graph\">{\"@context\":\"https:\/\/schema.org\",\"@graph\":[{\"@type\":\"WebPage\",\"@id\":\"https:\/\/www.encontrabelavista.com.br\/avenida-paulista\/nubank-vai-inaugurar-espaco-cultural-e-tecnologico-na-avenida-paulista\/\",\"url\":\"https:\/\/www.encontrabelavista.com.br\/avenida-paulista\/nubank-vai-inaugurar-espaco-cultural-e-tecnologico-na-avenida-paulista\/\",\"name\":\"Nubank vai inaugurar espa\u00e7o cultural e tecnol\u00f3gico na avenida Paulista - Encontra Avenida Paulista\",\"isPartOf\":{\"@id\":\"https:\/\/www.encontrabelavista.com.br\/avenida-paulista\/#website\"},\"primaryImageOfPage\":{\"@id\":\"https:\/\/www.encontrabelavista.com.br\/avenida-paulista\/nubank-vai-inaugurar-espaco-cultural-e-tecnologico-na-avenida-paulista\/#primaryimage\"},\"image\":{\"@id\":\"https:\/\/www.encontrabelavista.com.br\/avenida-paulista\/nubank-vai-inaugurar-espaco-cultural-e-tecnologico-na-avenida-paulista\/#primaryimage\"},\"thumbnailUrl\":\"https:\/\/www.encontrabelavista.com.br\/avenida-paulista\/wp-content\/uploads\/2026\/01\/nubank-vai-inaugurar-espaco-cultural-e-tecnologico-na-avenida-paulista.webp\",\"datePublished\":\"2026-01-15T15:50:54+00:00\",\"author\":{\"@id\":\"https:\/\/www.encontrabelavista.com.br\/avenida-paulista\/#\/schema\/person\/63c71a69a5879155285aa7cf79ec3e40\"},\"breadcrumb\":{\"@id\":\"https:\/\/www.encontrabelavista.com.br\/avenida-paulista\/nubank-vai-inaugurar-espaco-cultural-e-tecnologico-na-avenida-paulista\/#breadcrumb\"},\"inLanguage\":\"pt-BR\",\"potentialAction\":[{\"@type\":\"ReadAction\",\"target\":[\"https:\/\/www.encontrabelavista.com.br\/avenida-paulista\/nubank-vai-inaugurar-espaco-cultural-e-tecnologico-na-avenida-paulista\/\"]}]},{\"@type\":\"ImageObject\",\"inLanguage\":\"pt-BR\",\"@id\":\"https:\/\/www.encontrabelavista.com.br\/avenida-paulista\/nubank-vai-inaugurar-espaco-cultural-e-tecnologico-na-avenida-paulista\/#primaryimage\",\"url\":\"https:\/\/www.encontrabelavista.com.br\/avenida-paulista\/wp-content\/uploads\/2026\/01\/nubank-vai-inaugurar-espaco-cultural-e-tecnologico-na-avenida-paulista.webp\",\"contentUrl\":\"https:\/\/www.encontrabelavista.com.br\/avenida-paulista\/wp-content\/uploads\/2026\/01\/nubank-vai-inaugurar-espaco-cultural-e-tecnologico-na-avenida-paulista.webp\",\"width\":280,\"height\":280,\"caption\":\"espaco cultural e tecnologico\"},{\"@type\":\"BreadcrumbList\",\"@id\":\"https:\/\/www.encontrabelavista.com.br\/avenida-paulista\/nubank-vai-inaugurar-espaco-cultural-e-tecnologico-na-avenida-paulista\/#breadcrumb\",\"itemListElement\":[{\"@type\":\"ListItem\",\"position\":1,\"name\":\"In\u00edcio\",\"item\":\"https:\/\/www.encontrabelavista.com.br\/avenida-paulista\/\"},{\"@type\":\"ListItem\",\"position\":2,\"name\":\"Nubank vai inaugurar espa\u00e7o cultural e tecnol\u00f3gico na avenida Paulista\"}]},{\"@type\":\"WebSite\",\"@id\":\"https:\/\/www.encontrabelavista.com.br\/avenida-paulista\/#website\",\"url\":\"https:\/\/www.encontrabelavista.com.br\/avenida-paulista\/\",\"name\":\"Encontra Avenida Paulista\",\"description\":\"ENCONTRA AVENIDA PAULISTA - O guia comercial de neg\u00f3cios e empresas, cultura e divers\u00e3o na Avenida Paulista. Feito 100% para voc\u00ea morador!\",\"potentialAction\":[{\"@type\":\"SearchAction\",\"target\":{\"@type\":\"EntryPoint\",\"urlTemplate\":\"https:\/\/www.encontrabelavista.com.br\/avenida-paulista\/?s={search_term_string}\"},\"query-input\":{\"@type\":\"PropertyValueSpecification\",\"valueRequired\":true,\"valueName\":\"search_term_string\"}}],\"inLanguage\":\"pt-BR\"},{\"@type\":\"Person\",\"@id\":\"https:\/\/www.encontrabelavista.com.br\/avenida-paulista\/#\/schema\/person\/63c71a69a5879155285aa7cf79ec3e40\",\"name\":\"Encontra Avenida Paulista\",\"image\":{\"@type\":\"ImageObject\",\"inLanguage\":\"pt-BR\",\"@id\":\"https:\/\/www.encontrabelavista.com.br\/avenida-paulista\/#\/schema\/person\/image\/\",\"url\":\"https:\/\/secure.gravatar.com\/avatar\/c50c17820bcf322f0a8fd6b110b8c0918141409dc69076470f6fca5fee70a5d4?s=96&d=mm&r=g\",\"contentUrl\":\"https:\/\/secure.gravatar.com\/avatar\/c50c17820bcf322f0a8fd6b110b8c0918141409dc69076470f6fca5fee70a5d4?s=96&d=mm&r=g\",\"caption\":\"Encontra Avenida Paulista\"},\"url\":\"https:\/\/www.encontrabelavista.com.br\/avenida-paulista\/author\/encontraavenidapaulista\/\"}]}<\/script>\n<!-- \/ Yoast SEO plugin. -->","yoast_head_json":{"title":"Nubank vai inaugurar espa\u00e7o cultural e tecnol\u00f3gico na avenida Paulista - Encontra Avenida Paulista","robots":{"index":"index","follow":"follow","max-snippet":"max-snippet:-1","max-image-preview":"max-image-preview:large","max-video-preview":"max-video-preview:-1"},"canonical":"https:\/\/www.encontrabelavista.com.br\/avenida-paulista\/nubank-vai-inaugurar-espaco-cultural-e-tecnologico-na-avenida-paulista\/","og_locale":"pt_BR","og_type":"article","og_title":"Nubank vai inaugurar espa\u00e7o cultural e tecnol\u00f3gico na avenida Paulista - Encontra Avenida Paulista","og_description":"Nubank vai inaugurar um espa\u00e7o cultural e tecnol\u00f3gico na Avenida Paulista.","og_url":"https:\/\/www.encontrabelavista.com.br\/avenida-paulista\/nubank-vai-inaugurar-espaco-cultural-e-tecnologico-na-avenida-paulista\/","og_site_name":"Encontra Avenida Paulista","article_published_time":"2026-01-15T15:50:54+00:00","og_image":[{"url":"https:\/\/www.encontrabelavista.com.br\/avenida-paulista\/wp-content\/uploads\/2026\/01\/nubank-vai-inaugurar-espaco-cultural-e-tecnologico-na-avenida-paulista.webp","type":"","width":"","height":""}],"author":"Encontra Avenida Paulista","twitter_card":"summary_large_image","twitter_misc":{"Escrito por":"Encontra Avenida Paulista","Est. tempo de leitura":"9 minutos"},"schema":{"@context":"https:\/\/schema.org","@graph":[{"@type":"WebPage","@id":"https:\/\/www.encontrabelavista.com.br\/avenida-paulista\/nubank-vai-inaugurar-espaco-cultural-e-tecnologico-na-avenida-paulista\/","url":"https:\/\/www.encontrabelavista.com.br\/avenida-paulista\/nubank-vai-inaugurar-espaco-cultural-e-tecnologico-na-avenida-paulista\/","name":"Nubank vai inaugurar espa\u00e7o cultural e tecnol\u00f3gico na avenida Paulista - Encontra Avenida Paulista","isPartOf":{"@id":"https:\/\/www.encontrabelavista.com.br\/avenida-paulista\/#website"},"primaryImageOfPage":{"@id":"https:\/\/www.encontrabelavista.com.br\/avenida-paulista\/nubank-vai-inaugurar-espaco-cultural-e-tecnologico-na-avenida-paulista\/#primaryimage"},"image":{"@id":"https:\/\/www.encontrabelavista.com.br\/avenida-paulista\/nubank-vai-inaugurar-espaco-cultural-e-tecnologico-na-avenida-paulista\/#primaryimage"},"thumbnailUrl":"https:\/\/www.encontrabelavista.com.br\/avenida-paulista\/wp-content\/uploads\/2026\/01\/nubank-vai-inaugurar-espaco-cultural-e-tecnologico-na-avenida-paulista.webp","datePublished":"2026-01-15T15:50:54+00:00","author":{"@id":"https:\/\/www.encontrabelavista.com.br\/avenida-paulista\/#\/schema\/person\/63c71a69a5879155285aa7cf79ec3e40"},"breadcrumb":{"@id":"https:\/\/www.encontrabelavista.com.br\/avenida-paulista\/nubank-vai-inaugurar-espaco-cultural-e-tecnologico-na-avenida-paulista\/#breadcrumb"},"inLanguage":"pt-BR","potentialAction":[{"@type":"ReadAction","target":["https:\/\/www.encontrabelavista.com.br\/avenida-paulista\/nubank-vai-inaugurar-espaco-cultural-e-tecnologico-na-avenida-paulista\/"]}]},{"@type":"ImageObject","inLanguage":"pt-BR","@id":"https:\/\/www.encontrabelavista.com.br\/avenida-paulista\/nubank-vai-inaugurar-espaco-cultural-e-tecnologico-na-avenida-paulista\/#primaryimage","url":"https:\/\/www.encontrabelavista.com.br\/avenida-paulista\/wp-content\/uploads\/2026\/01\/nubank-vai-inaugurar-espaco-cultural-e-tecnologico-na-avenida-paulista.webp","contentUrl":"https:\/\/www.encontrabelavista.com.br\/avenida-paulista\/wp-content\/uploads\/2026\/01\/nubank-vai-inaugurar-espaco-cultural-e-tecnologico-na-avenida-paulista.webp","width":280,"height":280,"caption":"espaco cultural e tecnologico"},{"@type":"BreadcrumbList","@id":"https:\/\/www.encontrabelavista.com.br\/avenida-paulista\/nubank-vai-inaugurar-espaco-cultural-e-tecnologico-na-avenida-paulista\/#breadcrumb","itemListElement":[{"@type":"ListItem","position":1,"name":"In\u00edcio","item":"https:\/\/www.encontrabelavista.com.br\/avenida-paulista\/"},{"@type":"ListItem","position":2,"name":"Nubank vai inaugurar espa\u00e7o cultural e tecnol\u00f3gico na avenida Paulista"}]},{"@type":"WebSite","@id":"https:\/\/www.encontrabelavista.com.br\/avenida-paulista\/#website","url":"https:\/\/www.encontrabelavista.com.br\/avenida-paulista\/","name":"Encontra Avenida Paulista","description":"ENCONTRA AVENIDA PAULISTA - O guia comercial de neg\u00f3cios e empresas, cultura e divers\u00e3o na Avenida Paulista. Feito 100% para voc\u00ea morador!","potentialAction":[{"@type":"SearchAction","target":{"@type":"EntryPoint","urlTemplate":"https:\/\/www.encontrabelavista.com.br\/avenida-paulista\/?s={search_term_string}"},"query-input":{"@type":"PropertyValueSpecification","valueRequired":true,"valueName":"search_term_string"}}],"inLanguage":"pt-BR"},{"@type":"Person","@id":"https:\/\/www.encontrabelavista.com.br\/avenida-paulista\/#\/schema\/person\/63c71a69a5879155285aa7cf79ec3e40","name":"Encontra Avenida Paulista","image":{"@type":"ImageObject","inLanguage":"pt-BR","@id":"https:\/\/www.encontrabelavista.com.br\/avenida-paulista\/#\/schema\/person\/image\/","url":"https:\/\/secure.gravatar.com\/avatar\/c50c17820bcf322f0a8fd6b110b8c0918141409dc69076470f6fca5fee70a5d4?s=96&d=mm&r=g","contentUrl":"https:\/\/secure.gravatar.com\/avatar\/c50c17820bcf322f0a8fd6b110b8c0918141409dc69076470f6fca5fee70a5d4?s=96&d=mm&r=g","caption":"Encontra Avenida Paulista"},"url":"https:\/\/www.encontrabelavista.com.br\/avenida-paulista\/author\/encontraavenidapaulista\/"}]}},"_links":{"self":[{"href":"https:\/\/www.encontrabelavista.com.br\/avenida-paulista\/wp-json\/wp\/v2\/posts\/5784","targetHints":{"allow":["GET"]}}],"collection":[{"href":"https:\/\/www.encontrabelavista.com.br\/avenida-paulista\/wp-json\/wp\/v2\/posts"}],"about":[{"href":"https:\/\/www.encontrabelavista.com.br\/avenida-paulista\/wp-json\/wp\/v2\/types\/post"}],"author":[{"embeddable":true,"href":"https:\/\/www.encontrabelavista.com.br\/avenida-paulista\/wp-json\/wp\/v2\/users\/1"}],"replies":[{"embeddable":true,"href":"https:\/\/www.encontrabelavista.com.br\/avenida-paulista\/wp-json\/wp\/v2\/comments?post=5784"}],"version-history":[{"count":0,"href":"https:\/\/www.encontrabelavista.com.br\/avenida-paulista\/wp-json\/wp\/v2\/posts\/5784\/revisions"}],"wp:featuredmedia":[{"embeddable":true,"href":"https:\/\/www.encontrabelavista.com.br\/avenida-paulista\/wp-json\/wp\/v2\/media\/5783"}],"wp:attachment":[{"href":"https:\/\/www.encontrabelavista.com.br\/avenida-paulista\/wp-json\/wp\/v2\/media?parent=5784"}],"wp:term":[{"taxonomy":"category","embeddable":true,"href":"https:\/\/www.encontrabelavista.com.br\/avenida-paulista\/wp-json\/wp\/v2\/categories?post=5784"},{"taxonomy":"post_tag","embeddable":true,"href":"https:\/\/www.encontrabelavista.com.br\/avenida-paulista\/wp-json\/wp\/v2\/tags?post=5784"}],"curies":[{"name":"wp","href":"https:\/\/api.w.org\/{rel}","templated":true}]}}