{"id":5790,"date":"2026-01-16T12:51:02","date_gmt":"2026-01-16T15:51:02","guid":{"rendered":"https:\/\/www.encontrabelavista.com.br\/avenida-paulista\/sob-pressao-no-caso-master-tcu-exibe-propaganda-em-telao-na-paulista\/"},"modified":"2026-01-16T12:51:02","modified_gmt":"2026-01-16T15:51:02","slug":"sob-pressao-no-caso-master-tcu-exibe-propaganda-em-telao-na-paulista","status":"publish","type":"post","link":"https:\/\/www.encontrabelavista.com.br\/avenida-paulista\/sob-pressao-no-caso-master-tcu-exibe-propaganda-em-telao-na-paulista\/","title":{"rendered":"Sob press\u00e3o no caso Master, TCU exibe propaganda em \u201ctel\u00e3o\u201d na Paulista"},"content":{"rendered":"<h2>O que motivou a propaganda do TCU na Avenida Paulista<\/h2>\n<p>A propaganda do Tribunal de Contas da Uni\u00e3o (TCU) exibida na Avenida Paulista tem v\u00e1rias motiva\u00e7\u00f5es por tr\u00e1s de sua execu\u00e7\u00e3o. Primeiramente, \u00e9 importante destacar que essa iniciativa busca aumentar a visibilidade e a compreens\u00e3o do papel que o TCU desempenha na fiscaliza\u00e7\u00e3o da utiliza\u00e7\u00e3o dos recursos p\u00fablicos. A presen\u00e7a do \u00f3rg\u00e3o em um dos principais pontos de S\u00e3o Paulo, uma avenida conhecida n\u00e3o apenas por seu movimento intenso, mas tamb\u00e9m por ser um s\u00edmbolo da vida urbana e da cultura brasileira, reflete a inten\u00e7\u00e3o de se aproximar da popula\u00e7\u00e3o.<\/p>\n<p>Al\u00e9m disso, a escolha da data para essa exibi\u00e7\u00e3o n\u00e3o foi aleat\u00f3ria. O TCU completou recentemente 135 anos de atividades, tornando-se uma oportunidade \u00edmpar de celebrar sua hist\u00f3ria e, ao mesmo tempo, procurar uma forma de atualizar seu relacionamento com a sociedade. Em \u00e9poca de crise pol\u00edtica e de desconfian\u00e7a nas institui\u00e7\u00f5es, iniciativas como essa s\u00e3o cruciais para reverter a percep\u00e7\u00e3o negativa que muitos cidad\u00e3os t\u00eam sobre o governo e seus \u00f3rg\u00e3os de fiscaliza\u00e7\u00e3o.<\/p>\n<p>Por fim, a atual press\u00e3o sobre o TCU, especialmente relacionada ao caso do Banco Master, evidenciada pelas cr\u00edticas ao presidente Vital do R\u00eago, tamb\u00e9m foi um motivador significativo. Com a atua\u00e7\u00e3o de figuras influentes e a crescente especula\u00e7\u00e3o sobre a efic\u00e1cia e integridade do TCU, exibir essa propaganda pode ser visto como um esfor\u00e7o para restaurar a confian\u00e7a e refor\u00e7ar a miss\u00e3o do tribunal.<\/p>\n<p><img decoding=\"async\" src=\"https:\/\/www.encontrabelavista.com.br\/avenida-paulista\/wp-content\/uploads\/2026\/01\/sob-pressao-no-caso-master-tcu-exibe-propaganda-em-telao-na-paulista.webp\" alt=\"TCU\" loading=\"lazy\" \/><\/p>\n<h2>Anivers\u00e1rio de 135 anos do TCU: A Hist\u00f3ria do Tribunal<\/h2>\n<p>O Tribunal de Contas da Uni\u00e3o (TCU), fundado em 1860, \u00e9 um \u00f3rg\u00e3o essencial para a manuten\u00e7\u00e3o do equil\u00edbrio financeiro do pa\u00eds. A sua miss\u00e3o \u00e9 garantir que os recursos p\u00fablicos sejam aplicados de maneira correta, evitando desperd\u00edcios e fraudes. Com 135 anos de hist\u00f3ria, o TCU levou a cabo um importante trabalho ao longo das d\u00e9cadas, adaptando-se \u00e0s mudan\u00e7as sociais, pol\u00edticas e econ\u00f4micas do Brasil.<\/p>\n<p>A hist\u00f3ria do TCU est\u00e1 marcada por diversas fases, incluindo sua transforma\u00e7\u00e3o em um \u00f3rg\u00e3o independente e a evolu\u00e7\u00e3o das suas fun\u00e7\u00f5es, que v\u00e3o al\u00e9m da simples auditoria. No in\u00edcio de sua cria\u00e7\u00e3o, o tribunal focava na an\u00e1lise das contas do governo, mas com o passar do tempo, suas atribui\u00e7\u00f5es se ampliaram. Hoje, o TCU atua em auditorias, fiscaliza\u00e7\u00e3o, e tamb\u00e9m no assessoramento de a\u00e7\u00f5es governamentais, tornando-se um pilar da administra\u00e7\u00e3o p\u00fablica e um defensor do interesse coletivo.<\/p>\n<p>Os avan\u00e7os tecnol\u00f3gicos e a digitaliza\u00e7\u00e3o dos processos tamb\u00e9m foram tend\u00eancias que o TCU adotou. Em um mundo onde a intera\u00e7\u00e3o e a comunica\u00e7\u00e3o r\u00e1pida s\u00e3o cruciais, o tribunal tem investido em ferramentas que permitem melhor acompanhamento das contas p\u00fablicas, al\u00e9m de disponibilizar informa\u00e7\u00f5es de forma mais acess\u00edvel para a popula\u00e7\u00e3o. Celebrar 135 anos \u00e9, portanto, n\u00e3o apenas um reconhecimento do passado, mas tamb\u00e9m um olhar para o futuro e uma reafirma\u00e7\u00e3o do compromisso do TCU com a transpar\u00eancia e a responsabilidade fiscal.<\/p>\n<h2>A rela\u00e7\u00e3o entre o TCU e a crise do Banco Master<\/h2>\n<p>O caso do Banco Master trouxe \u00e0 tona a necessidade de mais esclarecimentos sobre o papel do TCU e sua atua\u00e7\u00e3o em momentos de crise. A press\u00e3o p\u00fablica sobre o TCU, especialmente no que diz respeito \u00e0 fiscaliza\u00e7\u00e3o do Banco Central, alimentou cr\u00edticas e debates sobre a efic\u00e1cia do tribunal na mitiga\u00e7\u00e3o de riscos financeiros. O relator do caso, ministro Jhonatan de Jesus, decidiu suspender a inspe\u00e7\u00e3o no Banco Central, o que gerou uma onda de insatisfa\u00e7\u00e3o e d\u00favidas sobre a independ\u00eancia e a seriedade do TCU.<\/p>\n<p>A rela\u00e7\u00e3o entre o Tribunal e a crise do Banco Master destaca a complexidade do papel desempenhado pelo TCU em momentos de diverg\u00eancia pol\u00edtica. Os desafios de lidar com situa\u00e7\u00f5es cr\u00edticas, onde os interesses p\u00fablicos est\u00e3o em jogo, exigem que o tribunal mantenha sua imparcialidade e robustez na atua\u00e7\u00e3o. \u00c9 vital que a popula\u00e7\u00e3o tenha confian\u00e7a no trabalho do TCU e entenda que suas decis\u00f5es s\u00e3o tomadas com base na legalidade e na necessidade de proteger o patrim\u00f4nio p\u00fablico.<\/p>\n<p>Nesse contexto, a exibi\u00e7\u00e3o da propaganda na Avenida Paulista pode ser interpretada como uma tentativa de reestabelecer a confian\u00e7a da popula\u00e7\u00e3o no TCU. Ao mostrar sua hist\u00f3ria e relev\u00e2ncia, o tribunal busca promover uma imagem positiva, ao mesmo tempo em que se distanciam das cr\u00edticas que surgiram na sequ\u00eancia do caso do Banco Master.<\/p>\n<h2>Por que o TCU decidiu se aproximar do cidad\u00e3o agora?<\/h2>\n<p>A decis\u00e3o do TCU de se aproximar do cidad\u00e3o num momento de crise e desconfian\u00e7a \u00e9 estrat\u00e9gica e necess\u00e1ria. Em tempos nos quais a transpar\u00eancia e a \u00e9tica governamental est\u00e3o sob questionamento, \u00e9 fundamental que as institui\u00e7\u00f5es tratem de esclarecer seu papel e fun\u00e7\u00f5es. Essa aproxima\u00e7\u00e3o n\u00e3o apenas atende a uma demanda social por informa\u00e7\u00e3o, mas tamb\u00e9m se coloca como um contrapeso \u00e0s cr\u00edticas que o tribunal tem recebido nos \u00faltimos meses.<\/p>\n<p>Por outro lado, a propaga\u00e7\u00e3o de informa\u00e7\u00f5es a respeito do funcionamento do TCU atrav\u00e9s do uso de m\u00eddias externas tem como objetivo educacional. Informar o cidad\u00e3o sobre suas fun\u00e7\u00f5es e responsabilidades pode contribuir para a forma\u00e7\u00e3o de uma sociedade mais cr\u00edtica e informada, e, portanto, mais capaz de cobrar e exigir qualidade nos servi\u00e7os p\u00fablicos. A educa\u00e7\u00e3o fiscal, que passa pelo aprimoramento da participa\u00e7\u00e3o cidad\u00e3, \u00e9 uma das diretrizes adotadas pelo TCU para uma gest\u00e3o p\u00fablica mais eficaz.<\/p>\n<p>Ademais, a mobiliza\u00e7\u00e3o em torno de um di\u00e1logo aberto com a sociedade serve como um modelo de governan\u00e7a moderna, onde as decis\u00f5es s\u00e3o compartilhadas e discutidas publicamente. Quando o TCU estabelece essa rela\u00e7\u00e3o mais pr\u00f3xima, refor\u00e7a a no\u00e7\u00e3o de que a democracia \u00e9 um espa\u00e7o de constru\u00e7\u00e3o coletiva, no qual a voz do cidad\u00e3o deve ser ouvida e considerada.<\/p>\n<h2>O papel do presidente do TCU na campanha<\/h2>\n<p>O presidente do TCU, Vital do R\u00eago, desempenha um papel central na articula\u00e7\u00e3o da campanha que culminou na exibi\u00e7\u00e3o da propaganda na Avenida Paulista. Sua lideran\u00e7a \u00e9 crucial para a imagem do tribunal, especialmente em face das cr\u00edticas e tens\u00f5es pol\u00edticas que o cercam. Vital do R\u00eago enfatizou a import\u00e2ncia de levar a mensagem do TCU ao p\u00fablico, buscando explicar o funcionamento do tribunal e as fun\u00e7\u00f5es desempenhadas na fiscaliza\u00e7\u00e3o de contas p\u00fablicas.<\/p>\n<p>Suas declara\u00e7\u00f5es, que destacam a campanha como uma &#8220;iniciativa in\u00e9dita&#8221;, refletem o desejo do presidente de inovar na comunica\u00e7\u00e3o do tribunal. Vital do R\u00eago tem enfatizado que a transpar\u00eancia e a aproxima\u00e7\u00e3o com o cidad\u00e3o s\u00e3o pilares da gest\u00e3o do TCU e que \u00e9 importante explicar a import\u00e2ncia da institui\u00e7\u00e3o, especialmente em tempos onde a confian\u00e7a no governo est\u00e1 questionada.<\/p>\n<p>O presidente tamb\u00e9m articula reuni\u00f5es com outras institui\u00e7\u00f5es, como a com o presidente do Banco Central, Gabriel Gal\u00edpolo, buscando solu\u00e7\u00f5es pac\u00edficas para a crise relacionada ao caso do Banco Master. Essa habilidade de media\u00e7\u00e3o e di\u00e1logo \u00e9 essencial para o fortalecimento da imagem do TCU e a manuten\u00e7\u00e3o de um relacionamento construtivo com outras entidades do governo.<\/p>\n<h2>Cr\u00edticas e defesas: O que dizem os especialistas<\/h2>\n<p>As cr\u00edticas e defesas em torno da campanha do TCU revelam um cen\u00e1rio complexo, onde especialistas e analistas t\u00eam opini\u00f5es divergentes. Por um lado, h\u00e1 aqueles que defendem a iniciativa como um passo positivo em dire\u00e7\u00e3o \u00e0 transpar\u00eancia e \u00e0 educa\u00e7\u00e3o c\u00edvica. Eles argumentam que a aproxima\u00e7\u00e3o com o cidad\u00e3o \u00e9 fundamental para restaurar a confian\u00e7a nas institui\u00e7\u00f5es e que campanhas como essa podem ajudar a esclarecer o p\u00fablico sobre o papel fiscalizador do TCU.<\/p>\n<p>Por outro lado, h\u00e1 cr\u00edticos que apontam a campanha como uma tentativa de desviar a aten\u00e7\u00e3o das quest\u00f5es internas do tribunal, como a crise do Banco Master. A interpreta\u00e7\u00e3o de que a propaganda poderia ser um &#8220;remo\u00e7o de marketing&#8221; em vez de um esfor\u00e7o genu\u00edno para se conectar com o cidad\u00e3o \u00e9 uma cr\u00edtica recorrente. Esses especialistas acreditam que em vez de campanhas publicit\u00e1rias, o TCU deveria focar sua aten\u00e7\u00e3o em resolver os problemas internos e estabelecer um funcionamento mais eficiente.<\/p>\n<p>Na realidade, o que se observa \u00e9 um mix de vis\u00f5es, mas o importante \u00e9 que as discuss\u00f5es em torno do tema estejam ocorrendo. A capacidade do TCU de responder a essas cr\u00edticas e de adaptar suas estrat\u00e9gias ser\u00e1 um fator determinante em sua aceita\u00e7\u00e3o p\u00fablica. Nesse sentido, \u00e9 fundamental que o tribunal demonstre que al\u00e9m da comunica\u00e7\u00e3o, \u00e9 tamb\u00e9m respons\u00e1vel por resultados concretos na fiscaliza\u00e7\u00e3o e na gest\u00e3o respons\u00e1vel dos recursos p\u00fablicos.<\/p>\n<h2>Como a campanha do TCU busca mudar a imagem do \u00f3rg\u00e3o<\/h2>\n<p>A campanha do TCU foi elaborada com um enfoque estrat\u00e9gico claro: mudar a percep\u00e7\u00e3o p\u00fablica do \u00f3rg\u00e3o e refor\u00e7ar seus la\u00e7os com a sociedade. Ao exibir sua hist\u00f3ria em um local de grande visibilidade como a Avenida Paulista, a ideia \u00e9 mostrar que o TCU n\u00e3o \u00e9 apenas uma institui\u00e7\u00e3o burocr\u00e1tica distante, mas um \u00f3rg\u00e3o que se preocupa com a responsabilidade social e a transpar\u00eancia.<\/p>\n<p>Um dos aspectos mais relevantes dessa campanha \u00e9 seu car\u00e1ter educativo. O TCU se prop\u00f5e a explicar suas atribui\u00e7\u00f5es e a import\u00e2ncia de seu trabalho, promovendo uma maior compreens\u00e3o sobre como \u00e9 feita a fiscaliza\u00e7\u00e3o do uso do dinheiro p\u00fablico. Essa fun\u00e7\u00e3o educadora \u00e9 vital para que os cidad\u00e3os se sintam mais envolvidos e capazes de cobrar dos governantes uma administra\u00e7\u00e3o p\u00fablica mais eficiente.<\/p>\n<p>Al\u00e9m disso, a mudan\u00e7a de imagem passa tamb\u00e9m pelo aumento da presen\u00e7a do TCU nas redes sociais e em plataformas digitais. A intera\u00e7\u00e3o direta com os cidad\u00e3os por meio das redes se revela uma estrat\u00e9gia eficaz para desmistificar o trabalho do tribunal e permitir um canal de comunica\u00e7\u00e3o mais din\u00e2mico e acess\u00edvel. Dessa forma, a campanha do TCU \u00e9 uma tentativa de modernizar sua imagem e torn\u00e1-la menos institucional e mais pr\u00f3xima da realidade dos cidad\u00e3os.<\/p>\n<h2>A import\u00e2ncia da transpar\u00eancia na atua\u00e7\u00e3o do TCU<\/h2>\n<p>A transpar\u00eancia \u00e9 um pilar fundamental na atua\u00e7\u00e3o do Tribunal de Contas da Uni\u00e3o. Ao obter e disseminar informa\u00e7\u00f5es claras sobre suas atividades, o TCU fortalece suas credenciais como um \u00f3rg\u00e3o fiscalizador respons\u00e1vel e confi\u00e1vel. A transpar\u00eancia n\u00e3o \u00e9 apenas uma quest\u00e3o \u00e9tica, mas tamb\u00e9m uma estrat\u00e9gia para garantir que os cidad\u00e3os se sintam mais seguros e informados em rela\u00e7\u00e3o \u00e0 administra\u00e7\u00e3o p\u00fablica.<\/p>\n<p>Um dos principais objetivos do TCU \u00e9 o de assegurar que os recursos p\u00fablicos sejam utilizados de maneira eficiente e honesta. Quando a sociedade possui acesso a informa\u00e7\u00f5es sobre como o dinheiro p\u00fablico \u00e9 gasto, ela consegue debater e exigir melhores pr\u00e1ticas administrativas. Portanto, iniciativas como a propaganda na Avenida Paulista, que visam proporcionar clareza sobre o funcionamento do \u00f3rg\u00e3o, s\u00e3o cruciais n\u00e3o apenas para a imagem do TCU, mas tamb\u00e9m para o fortalecimento da democracia e da cidadania.<\/p>\n<p>Al\u00e9m disso, a cria\u00e7\u00e3o de mecanismos que permitam que os cidad\u00e3os acompanhem de perto o trabalho realizado pelo TCU \u00e9 uma forma de ampliar a participa\u00e7\u00e3o social. Isso envolve n\u00e3o apenas a disponibiliza\u00e7\u00e3o de dados, mas tamb\u00e9m a promo\u00e7\u00e3o de uma cultura de cobran\u00e7a, onde os cidad\u00e3os se sintam parte ativa na fiscaliza\u00e7\u00e3o e na melhoria dos servi\u00e7os p\u00fablicos.<\/p>\n<h2>A resposta do p\u00fablico \u00e0 iniciativa do TCU<\/h2>\n<p>A resposta do p\u00fablico \u00e0 propaganda do TCU na Avenida Paulista pode ser vista como um reflexo das percep\u00e7\u00f5es sobre a institui\u00e7\u00e3o e a administra\u00e7\u00e3o p\u00fablica em geral. Muitos cidad\u00e3os demonstraram um interesse renovado em entender o papel do tribunal, bem como suas fun\u00e7\u00f5es e atividades espec\u00edficas. A proximidade geogr\u00e1fica e a visibilidade do projeto certamente contribu\u00edram para que o p\u00fablico se sentisse mais envolvido com a mensagem.<\/p>\n<p>Entretanto, a rea\u00e7\u00e3o do p\u00fablico n\u00e3o foi un\u00e2nime. Enquanto alguns reconheceram a import\u00e2ncia da transpar\u00eancia e veem a iniciativa como positiva, outros criticaram a medida, questionando a real efic\u00e1cia da campanha e enfatizando que o TCU deveria focar em melhorar seus processos internos em vez de investir em publicidade. Essas cr\u00edticas revelam uma desconfian\u00e7a em rela\u00e7\u00e3o \u00e0s institui\u00e7\u00f5es e uma demanda crescente por a\u00e7\u00f5es concretas que fa\u00e7am a diferen\u00e7a no cotidiano da popula\u00e7\u00e3o.<\/p>\n<p>O feedback recebido at\u00e9 o momento \u00e9 essencial para que o TCU possa ajustar sua estrat\u00e9gia de comunica\u00e7\u00e3o. A capacidade de ouvir a popula\u00e7\u00e3o e adaptar-se a suas necessidades ser\u00e1 fundamental para que este \u00f3rg\u00e3o ganhe credibilidade e mantenha um relacionamento saud\u00e1vel com os cidad\u00e3os brasileiros.<\/p>\n<h2>Expectativas futuras para o TCU ap\u00f3s a campanha<\/h2>\n<p>A expectativa em torno do TCU ap\u00f3s a campanha \u00e9 que o \u00f3rg\u00e3o consiga consolidar uma imagem mais positiva e refor\u00e7ar sua relev\u00e2ncia na administra\u00e7\u00e3o p\u00fablica. Com a implementa\u00e7\u00e3o de a\u00e7\u00f5es explicativas e educativas, h\u00e1 uma esperan\u00e7a de que o tribunal consiga n\u00e3o apenas melhorar sua reputa\u00e7\u00e3o, mas tamb\u00e9m atrair um maior envolvimento da popula\u00e7\u00e3o nas quest\u00f5es relacionadas \u00e0 fiscaliza\u00e7\u00e3o do uso de recursos p\u00fablicos.<\/p>\n<p>Al\u00e9m disso, o TCU poder\u00e1 aproveitar essa oportunidade para avan\u00e7ar em seu trabalho de transpar\u00eancia e responsabilidade, expandindo suas plataformas de comunica\u00e7\u00e3o e explorando redes sociais como ferramentas de aproxima\u00e7\u00e3o com a sociedade. Essa moderniza\u00e7\u00e3o pode incluir a realiza\u00e7\u00e3o de eventos abertos, debates e f\u00f3runs que permitam uma intera\u00e7\u00e3o direta com os cidad\u00e3os, promovendo um ambiente de colabora\u00e7\u00e3o no qual todos tenham voz.<\/p>\n<p>Por outro lado, o sucesso do TCU em estabelecer um novo relacionamento com o p\u00fablico tamb\u00e9m exigir\u00e1 que o tribunal se mantenha firme em seu compromisso com a \u00e9tica e a efici\u00eancia. A continuidade desse engajamento depender\u00e1 da capacidade do TCU de apresentar resultados concretos em sua atua\u00e7\u00e3o e de garantir que os recursos p\u00fablicos sejam geridos de maneira eficaz. Somente assim ser\u00e1 poss\u00edvel restaurar a confian\u00e7a e a credibilidade da institui\u00e7\u00e3o perante a sociedade.<\/p>\n","protected":false},"excerpt":{"rendered":"<p>TCU exibe propaganda na Paulista para explicar seu papel ao cidad\u00e3o.<\/p>\n","protected":false},"author":1,"featured_media":5789,"comment_status":"open","ping_status":"","sticky":false,"template":"","format":"standard","meta":{"footnotes":""},"categories":[5],"tags":[],"class_list":["post-5790","post","type-post","status-publish","format-standard","has-post-thumbnail","hentry","category-noticias","has_thumb"],"yoast_head":"<!-- This site is optimized with the Yoast SEO plugin v26.4 - https:\/\/yoast.com\/wordpress\/plugins\/seo\/ -->\n<title>Sob press\u00e3o no caso Master, TCU exibe propaganda em \u201ctel\u00e3o\u201d na Paulista - Encontra Avenida Paulista<\/title>\n<meta name=\"robots\" content=\"index, follow, max-snippet:-1, max-image-preview:large, max-video-preview:-1\" \/>\n<link rel=\"canonical\" href=\"https:\/\/www.encontrabelavista.com.br\/avenida-paulista\/sob-pressao-no-caso-master-tcu-exibe-propaganda-em-telao-na-paulista\/\" \/>\n<meta property=\"og:locale\" content=\"pt_BR\" \/>\n<meta property=\"og:type\" content=\"article\" \/>\n<meta property=\"og:title\" content=\"Sob press\u00e3o no caso Master, TCU exibe propaganda em \u201ctel\u00e3o\u201d na Paulista - Encontra Avenida Paulista\" \/>\n<meta property=\"og:description\" content=\"TCU exibe propaganda na Paulista para explicar seu papel ao cidad\u00e3o.\" \/>\n<meta property=\"og:url\" content=\"https:\/\/www.encontrabelavista.com.br\/avenida-paulista\/sob-pressao-no-caso-master-tcu-exibe-propaganda-em-telao-na-paulista\/\" \/>\n<meta property=\"og:site_name\" content=\"Encontra Avenida Paulista\" \/>\n<meta property=\"article:published_time\" content=\"2026-01-16T15:51:02+00:00\" \/>\n<meta property=\"og:image\" content=\"https:\/\/www.encontrabelavista.com.br\/avenida-paulista\/wp-content\/uploads\/2026\/01\/sob-pressao-no-caso-master-tcu-exibe-propaganda-em-telao-na-paulista.webp\" \/>\n<meta name=\"author\" content=\"Encontra Avenida Paulista\" \/>\n<meta name=\"twitter:card\" content=\"summary_large_image\" \/>\n<meta name=\"twitter:label1\" content=\"Escrito por\" \/>\n\t<meta name=\"twitter:data1\" content=\"Encontra Avenida Paulista\" \/>\n\t<meta name=\"twitter:label2\" content=\"Est. tempo de leitura\" \/>\n\t<meta name=\"twitter:data2\" content=\"13 minutos\" \/>\n<script type=\"application\/ld+json\" class=\"yoast-schema-graph\">{\"@context\":\"https:\/\/schema.org\",\"@graph\":[{\"@type\":\"WebPage\",\"@id\":\"https:\/\/www.encontrabelavista.com.br\/avenida-paulista\/sob-pressao-no-caso-master-tcu-exibe-propaganda-em-telao-na-paulista\/\",\"url\":\"https:\/\/www.encontrabelavista.com.br\/avenida-paulista\/sob-pressao-no-caso-master-tcu-exibe-propaganda-em-telao-na-paulista\/\",\"name\":\"Sob press\u00e3o no caso Master, TCU exibe propaganda em \u201ctel\u00e3o\u201d na Paulista - Encontra Avenida Paulista\",\"isPartOf\":{\"@id\":\"https:\/\/www.encontrabelavista.com.br\/avenida-paulista\/#website\"},\"primaryImageOfPage\":{\"@id\":\"https:\/\/www.encontrabelavista.com.br\/avenida-paulista\/sob-pressao-no-caso-master-tcu-exibe-propaganda-em-telao-na-paulista\/#primaryimage\"},\"image\":{\"@id\":\"https:\/\/www.encontrabelavista.com.br\/avenida-paulista\/sob-pressao-no-caso-master-tcu-exibe-propaganda-em-telao-na-paulista\/#primaryimage\"},\"thumbnailUrl\":\"https:\/\/www.encontrabelavista.com.br\/avenida-paulista\/wp-content\/uploads\/2026\/01\/sob-pressao-no-caso-master-tcu-exibe-propaganda-em-telao-na-paulista.webp\",\"datePublished\":\"2026-01-16T15:51:02+00:00\",\"author\":{\"@id\":\"https:\/\/www.encontrabelavista.com.br\/avenida-paulista\/#\/schema\/person\/63c71a69a5879155285aa7cf79ec3e40\"},\"breadcrumb\":{\"@id\":\"https:\/\/www.encontrabelavista.com.br\/avenida-paulista\/sob-pressao-no-caso-master-tcu-exibe-propaganda-em-telao-na-paulista\/#breadcrumb\"},\"inLanguage\":\"pt-BR\",\"potentialAction\":[{\"@type\":\"ReadAction\",\"target\":[\"https:\/\/www.encontrabelavista.com.br\/avenida-paulista\/sob-pressao-no-caso-master-tcu-exibe-propaganda-em-telao-na-paulista\/\"]}]},{\"@type\":\"ImageObject\",\"inLanguage\":\"pt-BR\",\"@id\":\"https:\/\/www.encontrabelavista.com.br\/avenida-paulista\/sob-pressao-no-caso-master-tcu-exibe-propaganda-em-telao-na-paulista\/#primaryimage\",\"url\":\"https:\/\/www.encontrabelavista.com.br\/avenida-paulista\/wp-content\/uploads\/2026\/01\/sob-pressao-no-caso-master-tcu-exibe-propaganda-em-telao-na-paulista.webp\",\"contentUrl\":\"https:\/\/www.encontrabelavista.com.br\/avenida-paulista\/wp-content\/uploads\/2026\/01\/sob-pressao-no-caso-master-tcu-exibe-propaganda-em-telao-na-paulista.webp\",\"width\":280,\"height\":280,\"caption\":\"TCU\"},{\"@type\":\"BreadcrumbList\",\"@id\":\"https:\/\/www.encontrabelavista.com.br\/avenida-paulista\/sob-pressao-no-caso-master-tcu-exibe-propaganda-em-telao-na-paulista\/#breadcrumb\",\"itemListElement\":[{\"@type\":\"ListItem\",\"position\":1,\"name\":\"In\u00edcio\",\"item\":\"https:\/\/www.encontrabelavista.com.br\/avenida-paulista\/\"},{\"@type\":\"ListItem\",\"position\":2,\"name\":\"Sob press\u00e3o no caso Master, TCU exibe propaganda em \u201ctel\u00e3o\u201d na Paulista\"}]},{\"@type\":\"WebSite\",\"@id\":\"https:\/\/www.encontrabelavista.com.br\/avenida-paulista\/#website\",\"url\":\"https:\/\/www.encontrabelavista.com.br\/avenida-paulista\/\",\"name\":\"Encontra Avenida Paulista\",\"description\":\"ENCONTRA AVENIDA PAULISTA - O guia comercial de neg\u00f3cios e empresas, cultura e divers\u00e3o na Avenida Paulista. Feito 100% para voc\u00ea morador!\",\"potentialAction\":[{\"@type\":\"SearchAction\",\"target\":{\"@type\":\"EntryPoint\",\"urlTemplate\":\"https:\/\/www.encontrabelavista.com.br\/avenida-paulista\/?s={search_term_string}\"},\"query-input\":{\"@type\":\"PropertyValueSpecification\",\"valueRequired\":true,\"valueName\":\"search_term_string\"}}],\"inLanguage\":\"pt-BR\"},{\"@type\":\"Person\",\"@id\":\"https:\/\/www.encontrabelavista.com.br\/avenida-paulista\/#\/schema\/person\/63c71a69a5879155285aa7cf79ec3e40\",\"name\":\"Encontra Avenida Paulista\",\"image\":{\"@type\":\"ImageObject\",\"inLanguage\":\"pt-BR\",\"@id\":\"https:\/\/www.encontrabelavista.com.br\/avenida-paulista\/#\/schema\/person\/image\/\",\"url\":\"https:\/\/secure.gravatar.com\/avatar\/c50c17820bcf322f0a8fd6b110b8c0918141409dc69076470f6fca5fee70a5d4?s=96&d=mm&r=g\",\"contentUrl\":\"https:\/\/secure.gravatar.com\/avatar\/c50c17820bcf322f0a8fd6b110b8c0918141409dc69076470f6fca5fee70a5d4?s=96&d=mm&r=g\",\"caption\":\"Encontra Avenida Paulista\"},\"url\":\"https:\/\/www.encontrabelavista.com.br\/avenida-paulista\/author\/encontraavenidapaulista\/\"}]}<\/script>\n<!-- \/ Yoast SEO plugin. -->","yoast_head_json":{"title":"Sob press\u00e3o no caso Master, TCU exibe propaganda em \u201ctel\u00e3o\u201d na Paulista - Encontra Avenida Paulista","robots":{"index":"index","follow":"follow","max-snippet":"max-snippet:-1","max-image-preview":"max-image-preview:large","max-video-preview":"max-video-preview:-1"},"canonical":"https:\/\/www.encontrabelavista.com.br\/avenida-paulista\/sob-pressao-no-caso-master-tcu-exibe-propaganda-em-telao-na-paulista\/","og_locale":"pt_BR","og_type":"article","og_title":"Sob press\u00e3o no caso Master, TCU exibe propaganda em \u201ctel\u00e3o\u201d na Paulista - Encontra Avenida Paulista","og_description":"TCU exibe propaganda na Paulista para explicar seu papel ao cidad\u00e3o.","og_url":"https:\/\/www.encontrabelavista.com.br\/avenida-paulista\/sob-pressao-no-caso-master-tcu-exibe-propaganda-em-telao-na-paulista\/","og_site_name":"Encontra Avenida Paulista","article_published_time":"2026-01-16T15:51:02+00:00","og_image":[{"url":"https:\/\/www.encontrabelavista.com.br\/avenida-paulista\/wp-content\/uploads\/2026\/01\/sob-pressao-no-caso-master-tcu-exibe-propaganda-em-telao-na-paulista.webp","type":"","width":"","height":""}],"author":"Encontra Avenida Paulista","twitter_card":"summary_large_image","twitter_misc":{"Escrito por":"Encontra Avenida Paulista","Est. tempo de leitura":"13 minutos"},"schema":{"@context":"https:\/\/schema.org","@graph":[{"@type":"WebPage","@id":"https:\/\/www.encontrabelavista.com.br\/avenida-paulista\/sob-pressao-no-caso-master-tcu-exibe-propaganda-em-telao-na-paulista\/","url":"https:\/\/www.encontrabelavista.com.br\/avenida-paulista\/sob-pressao-no-caso-master-tcu-exibe-propaganda-em-telao-na-paulista\/","name":"Sob press\u00e3o no caso Master, TCU exibe propaganda em \u201ctel\u00e3o\u201d na Paulista - Encontra Avenida Paulista","isPartOf":{"@id":"https:\/\/www.encontrabelavista.com.br\/avenida-paulista\/#website"},"primaryImageOfPage":{"@id":"https:\/\/www.encontrabelavista.com.br\/avenida-paulista\/sob-pressao-no-caso-master-tcu-exibe-propaganda-em-telao-na-paulista\/#primaryimage"},"image":{"@id":"https:\/\/www.encontrabelavista.com.br\/avenida-paulista\/sob-pressao-no-caso-master-tcu-exibe-propaganda-em-telao-na-paulista\/#primaryimage"},"thumbnailUrl":"https:\/\/www.encontrabelavista.com.br\/avenida-paulista\/wp-content\/uploads\/2026\/01\/sob-pressao-no-caso-master-tcu-exibe-propaganda-em-telao-na-paulista.webp","datePublished":"2026-01-16T15:51:02+00:00","author":{"@id":"https:\/\/www.encontrabelavista.com.br\/avenida-paulista\/#\/schema\/person\/63c71a69a5879155285aa7cf79ec3e40"},"breadcrumb":{"@id":"https:\/\/www.encontrabelavista.com.br\/avenida-paulista\/sob-pressao-no-caso-master-tcu-exibe-propaganda-em-telao-na-paulista\/#breadcrumb"},"inLanguage":"pt-BR","potentialAction":[{"@type":"ReadAction","target":["https:\/\/www.encontrabelavista.com.br\/avenida-paulista\/sob-pressao-no-caso-master-tcu-exibe-propaganda-em-telao-na-paulista\/"]}]},{"@type":"ImageObject","inLanguage":"pt-BR","@id":"https:\/\/www.encontrabelavista.com.br\/avenida-paulista\/sob-pressao-no-caso-master-tcu-exibe-propaganda-em-telao-na-paulista\/#primaryimage","url":"https:\/\/www.encontrabelavista.com.br\/avenida-paulista\/wp-content\/uploads\/2026\/01\/sob-pressao-no-caso-master-tcu-exibe-propaganda-em-telao-na-paulista.webp","contentUrl":"https:\/\/www.encontrabelavista.com.br\/avenida-paulista\/wp-content\/uploads\/2026\/01\/sob-pressao-no-caso-master-tcu-exibe-propaganda-em-telao-na-paulista.webp","width":280,"height":280,"caption":"TCU"},{"@type":"BreadcrumbList","@id":"https:\/\/www.encontrabelavista.com.br\/avenida-paulista\/sob-pressao-no-caso-master-tcu-exibe-propaganda-em-telao-na-paulista\/#breadcrumb","itemListElement":[{"@type":"ListItem","position":1,"name":"In\u00edcio","item":"https:\/\/www.encontrabelavista.com.br\/avenida-paulista\/"},{"@type":"ListItem","position":2,"name":"Sob press\u00e3o no caso Master, TCU exibe propaganda em \u201ctel\u00e3o\u201d na Paulista"}]},{"@type":"WebSite","@id":"https:\/\/www.encontrabelavista.com.br\/avenida-paulista\/#website","url":"https:\/\/www.encontrabelavista.com.br\/avenida-paulista\/","name":"Encontra Avenida Paulista","description":"ENCONTRA AVENIDA PAULISTA - O guia comercial de neg\u00f3cios e empresas, cultura e divers\u00e3o na Avenida Paulista. Feito 100% para voc\u00ea morador!","potentialAction":[{"@type":"SearchAction","target":{"@type":"EntryPoint","urlTemplate":"https:\/\/www.encontrabelavista.com.br\/avenida-paulista\/?s={search_term_string}"},"query-input":{"@type":"PropertyValueSpecification","valueRequired":true,"valueName":"search_term_string"}}],"inLanguage":"pt-BR"},{"@type":"Person","@id":"https:\/\/www.encontrabelavista.com.br\/avenida-paulista\/#\/schema\/person\/63c71a69a5879155285aa7cf79ec3e40","name":"Encontra Avenida Paulista","image":{"@type":"ImageObject","inLanguage":"pt-BR","@id":"https:\/\/www.encontrabelavista.com.br\/avenida-paulista\/#\/schema\/person\/image\/","url":"https:\/\/secure.gravatar.com\/avatar\/c50c17820bcf322f0a8fd6b110b8c0918141409dc69076470f6fca5fee70a5d4?s=96&d=mm&r=g","contentUrl":"https:\/\/secure.gravatar.com\/avatar\/c50c17820bcf322f0a8fd6b110b8c0918141409dc69076470f6fca5fee70a5d4?s=96&d=mm&r=g","caption":"Encontra Avenida Paulista"},"url":"https:\/\/www.encontrabelavista.com.br\/avenida-paulista\/author\/encontraavenidapaulista\/"}]}},"_links":{"self":[{"href":"https:\/\/www.encontrabelavista.com.br\/avenida-paulista\/wp-json\/wp\/v2\/posts\/5790","targetHints":{"allow":["GET"]}}],"collection":[{"href":"https:\/\/www.encontrabelavista.com.br\/avenida-paulista\/wp-json\/wp\/v2\/posts"}],"about":[{"href":"https:\/\/www.encontrabelavista.com.br\/avenida-paulista\/wp-json\/wp\/v2\/types\/post"}],"author":[{"embeddable":true,"href":"https:\/\/www.encontrabelavista.com.br\/avenida-paulista\/wp-json\/wp\/v2\/users\/1"}],"replies":[{"embeddable":true,"href":"https:\/\/www.encontrabelavista.com.br\/avenida-paulista\/wp-json\/wp\/v2\/comments?post=5790"}],"version-history":[{"count":0,"href":"https:\/\/www.encontrabelavista.com.br\/avenida-paulista\/wp-json\/wp\/v2\/posts\/5790\/revisions"}],"wp:featuredmedia":[{"embeddable":true,"href":"https:\/\/www.encontrabelavista.com.br\/avenida-paulista\/wp-json\/wp\/v2\/media\/5789"}],"wp:attachment":[{"href":"https:\/\/www.encontrabelavista.com.br\/avenida-paulista\/wp-json\/wp\/v2\/media?parent=5790"}],"wp:term":[{"taxonomy":"category","embeddable":true,"href":"https:\/\/www.encontrabelavista.com.br\/avenida-paulista\/wp-json\/wp\/v2\/categories?post=5790"},{"taxonomy":"post_tag","embeddable":true,"href":"https:\/\/www.encontrabelavista.com.br\/avenida-paulista\/wp-json\/wp\/v2\/tags?post=5790"}],"curies":[{"name":"wp","href":"https:\/\/api.w.org\/{rel}","templated":true}]}}