{"id":5798,"date":"2026-01-19T12:51:01","date_gmt":"2026-01-19T15:51:01","guid":{"rendered":"https:\/\/www.encontrabelavista.com.br\/avenida-paulista\/manifestantes-contrarios-ao-regime-do-ira-protestam-em-sp\/"},"modified":"2026-01-19T12:51:01","modified_gmt":"2026-01-19T15:51:01","slug":"manifestantes-contrarios-ao-regime-do-ira-protestam-em-sp","status":"publish","type":"post","link":"https:\/\/www.encontrabelavista.com.br\/avenida-paulista\/manifestantes-contrarios-ao-regime-do-ira-protestam-em-sp\/","title":{"rendered":"Manifestantes contr\u00e1rios ao regime do Ir\u00e3 protestam em SP"},"content":{"rendered":"<h2>O Que Motivou o Protesto em S\u00e3o Paulo<\/h2>\n<p>No dia 18 de janeiro de 2026, um grupo de 44 manifestantes se reuniu na Avenida Paulista, em S\u00e3o Paulo, para expressar sua oposi\u00e7\u00e3o ao regime do Ir\u00e3. O principal motivador deste protesto foi a cont\u00ednua repress\u00e3o pol\u00edtica e social que vem assolando o pa\u00eds sob a lideran\u00e7a do aiatol\u00e1 Ali Khamenei. Os manifestantes trouxeram \u00e0 tona quest\u00f5es como a crise econ\u00f4mica severa, a infla\u00e7\u00e3o que atinge \u00edndices alarmantes de 42,2%, e as constantes viola\u00e7\u00f5es de direitos humanos. A repress\u00e3o \u00e0 liberdade de express\u00e3o e a imposi\u00e7\u00e3o de regras rigorosas sobre a vestimenta das mulheres, que s\u00e3o obrigadas a usar o hijab, tamb\u00e9m foram pontos cr\u00edticos levantados durante o protesto.<\/p>\n<p>As manifesta\u00e7\u00f5es no Ir\u00e3 come\u00e7aram a ganhar for\u00e7a em dezembro de 2025, com o povo exigindo mudan\u00e7as e reformas. A situa\u00e7\u00e3o econ\u00f4mica se deteriorou a tal ponto que comerciantes e trabalhadores sentiram a necessidade de protestar por melhores condi\u00e7\u00f5es de vida. O governo iraniano, em vez de abordar as preocupa\u00e7\u00f5es da popula\u00e7\u00e3o, respondeu com uma forte repress\u00e3o, demonstrando a falta de abertura para o di\u00e1logo e a resolu\u00e7\u00e3o pac\u00edfica de conflitos.<\/p>\n<p>Um dos slogans mais not\u00e1veis do protesto em S\u00e3o Paulo foi \u201cFora Khamenei\u201d, que refletiu o desejo dos manifestantes de ver uma mudan\u00e7a de lideran\u00e7a no Ir\u00e3. A presen\u00e7a desse ato na Avenida Paulista simboliza n\u00e3o apenas a luta pela liberdade e direitos humanos no Ir\u00e3, mas tamb\u00e9m a solidariedade da comunidade iraniana no Brasil com aqueles que ainda est\u00e3o sob a opress\u00e3o do regime.<\/p>\n<p><img decoding=\"async\" src=\"https:\/\/www.encontrabelavista.com.br\/avenida-paulista\/wp-content\/uploads\/2026\/01\/manifestantes-contrarios-ao-regime-do-ira-protestam-em-sp.webp\" alt=\"Protesto contra o regime do Ir\u00e3\" loading=\"lazy\" \/><\/p>\n<h2>Significado das Bandeiras Imperiais<\/h2>\n<p>No evento, os manifestantes tamb\u00e9m exibiram bandeiras com o emblema do \u201cLe\u00e3o e do Sol\u201d, um s\u00edmbolo do antigo regime imperial iraniano. Essa bandeira remete ao per\u00edodo anterior \u00e0 Revolu\u00e7\u00e3o Isl\u00e2mica de 1979, quando o Ir\u00e3 era governado pelos x\u00e1s, a dinastia Pahlavi, que promoveu uma moderniza\u00e7\u00e3o do pa\u00eds no s\u00e9culo XX.<\/p>\n<p>A escolha de usar essa bandeira durante o protesto carrega um significado profundo. Representa um desejo por um retorno a um governo que possibilitou desenvolvimento e moderniza\u00e7\u00e3o. Para muitos manifestantes, o uso da bandeira imperial \u00e9 um chamado para reviver os valores de liberdade e progressismo que eles acreditam terem sido perdidos sob o regime teocr\u00e1tico atual. Al\u00e9m disso, essa refer\u00eancia imperial pode ser vista como um sinal de unidade entre os opositores do regime, n\u00e3o apenas no Ir\u00e3, mas tamb\u00e9m entre os exilados e suas comunidades ao redor do mundo.<\/p>\n<p>Estes s\u00edmbolos hist\u00f3ricos n\u00e3o s\u00e3o meramente decorativos; eles evocam um sentimento de nostalgia por um Ir\u00e3 que muitos acreditam ter sido economicamente e culturalmente mais vibrante. A utiliza\u00e7\u00e3o da bandeira do Le\u00e3o e do Sol sugere a esperan\u00e7a por uma mudan\u00e7a significativa e positiva, promovendo uma nova era de liberdade e democracia.<\/p>\n<h2>Ali Khamenei e a Revolu\u00e7\u00e3o Isl\u00e2mica<\/h2>\n<p>Ali Khamenei, o atual l\u00edder supremo do Ir\u00e3, tornou-se figura central no regime teocr\u00e1tico que se instaurou ap\u00f3s a Revolu\u00e7\u00e3o Isl\u00e2mica de 1979. Desde ent\u00e3o, ele exerceu um controle absoluto sobre o governo iraniano e as institui\u00e7\u00f5es eclesi\u00e1sticas, o que resultou em um sistema de governo que \u00e9 frequentemente criticado por sua falta de democraticidade. Khamenei se op\u00f5e a muitas das liberdades fundamentais que os manifestantes est\u00e3o pedindo atualmente, incluindo liberdade de express\u00e3o, liberdade de imprensa e direitos das mulheres.<\/p>\n<p>A Revolu\u00e7\u00e3o Isl\u00e2mica foi inicialmente vista por muitos como uma vit\u00f3ria contra a opress\u00e3o, mas, com o passar do tempo, o regime sob Khamenei transformou-se em uma autocracia que utiliza a religi\u00e3o como um escudo para justificar suas a\u00e7\u00f5es repressivas. O regime implementou a Sharia, a lei isl\u00e2mica, que inclui puni\u00e7\u00f5es severas e restri\u00e7\u00f5es ao comportamento social, especialmente em rela\u00e7\u00e3o \u00e0s mulheres.<\/p>\n<p>Este contexto hist\u00f3rico \u00e9 crucial para entender a natureza dos protestos atuais. Os manifestantes em S\u00e3o Paulo se inspiram nas mem\u00f3rias de um Ir\u00e3 democr\u00e1tico e se op\u00f5em \u00e0 imagem de um pa\u00eds sob regimes opressivos. Na vis\u00e3o deles, a luta contra Khamenei \u00e9 tamb\u00e9m uma luta para resgatar as liberdades perdidas e restaurar os direitos civis que foram usurpados.<\/p>\n<h2>O Papel dos Manifestantes na Luta por Liberdade<\/h2>\n<p>Os manifestantes desempenham um papel crucial na luta por liberdade e mudan\u00e7a. Em S\u00e3o Paulo, a pequena, mas significativa, comunidade de iranianos e seus apoiadores se uniu para expressar a sua indigna\u00e7\u00e3o diante das injusti\u00e7as cometidas pelo regime de Khamenei. Esses atos de protesto s\u00e3o importantes n\u00e3o apenas para dar voz a aqueles que est\u00e3o sendo oprimidos no Ir\u00e3, mas tamb\u00e9m para mobilizar a comunidade internacional em torno de quest\u00f5es que afetam milh\u00f5es de pessoas.<\/p>\n<p>Os manifestantes em S\u00e3o Paulo, ao erguerem suas vozes, buscam aumentar a conscientiza\u00e7\u00e3o sobre a grave situa\u00e7\u00e3o no Ir\u00e3. Cada cartaz, cada grito de \u201cFora Khamenei\u201d e cada bandeira levantada servem para iluminar as injusti\u00e7as sofridas por seus compatriotas. Atrav\u00e9s desses protestos, eles esperam inspirar uma mudan\u00e7a real e eficaz, tanto dentro como fora do Ir\u00e3.<\/p>\n<p>Al\u00e9m disso, essa comunidade ativista se conecta a uma rede global de protestos e iniciativas, incentivando a solidariedade internacional. Atrav\u00e9s de m\u00eddias sociais e outras plataformas, o apelo por direitos humanos e liberdade encontra resson\u00e2ncia em diferentes partes do mundo, mostrando que a luta por justi\u00e7a transcende fronteiras nacionais.<\/p>\n<h2>Impacto dos Protestos na Comunidade Iraniana<\/h2>\n<p>Os protestos em S\u00e3o Paulo e em outras partes do mundo t\u00eam um impacto profundo na comunidade iraniana local. Eles n\u00e3o apenas proporcionam um espa\u00e7o seguro para que os iranianos se unam e expressem suas preocupa\u00e7\u00f5es, mas tamb\u00e9m criam uma plataforma importante para a divulga\u00e7\u00e3o de informa\u00e7\u00f5es sobre a realidade do regime opressor no Ir\u00e3.<\/p>\n<p>A participa\u00e7\u00e3o em protestos pode ter um efeito terap\u00eautico e solid\u00e1rio para os iranianos que vivem no exterior, pois muitos deles podem se sentir isolados ou incapazes de ajudar seus compatriotas que ainda est\u00e3o no pa\u00eds. Esses encontros permitem que compartilhem suas hist\u00f3rias, criem la\u00e7os e ajudem a fomentar um senso de comunidade e resist\u00eancia.<\/p>\n<p>Ademais, a visibilidade gerada por esses atos pode pressionar as autoridades e organismos internacionais a tomar uma posi\u00e7\u00e3o em rela\u00e7\u00e3o ao Ir\u00e3. O aumento da conscientiza\u00e7\u00e3o sobre a opress\u00e3o vivida pela popula\u00e7\u00e3o iraniana pode resultar em apoio tang\u00edvel, tanto humanit\u00e1rio quanto pol\u00edtico, para a causa dos manifestantes.<\/p>\n<h2>Rea\u00e7\u00f5es do Governo Iraniano<\/h2>\n<p>O governo iraniano, reagindo \u00e0 press\u00e3o interna e externa, tem respondido \u00e0s manifesta\u00e7\u00f5es com forte repress\u00e3o. O aiatol\u00e1 Khamenei, durante seus discursos, desqualifica os manifestantes, chamando-os de &#8220;sabotadores&#8221; e deslegitimando suas demandas. A estrat\u00e9gia do governo \u00e9 desviar a aten\u00e7\u00e3o p\u00fablica, desmerecendo a fala da oposi\u00e7\u00e3o em um esfor\u00e7o para manter o controle.<\/p>\n<p>Al\u00e9m disso, a repress\u00e3o n\u00e3o se limita a palavras. Relatos indicam que for\u00e7as de seguran\u00e7a t\u00eam usado g\u00e1s lacrimog\u00eaneo e armas de fogo para dispersar protestos, levando a feridos e, em casos extremos, a mortes. Essa resposta violenta apenas exacerba as tens\u00f5es, demonstrando que o regime prefere a for\u00e7a \u00e0 negocia\u00e7\u00e3o ou ao di\u00e1logo.<\/p>\n<p>O bloqueio de acesso \u00e0 internet e a censura de informa\u00e7\u00f5es foram tamb\u00e9m estrat\u00e9gias utilizadas pelo regime iraniano para silenciar vozes dissonantes e evitar que a verdade sobre a repress\u00e3o chegasse ao p\u00fablico internacional. Essas t\u00e1ticas ajudam a criar um ambiente de medo e desinforma\u00e7\u00e3o, dificultando a luta democr\u00e1tica e os esfor\u00e7os por liberdade no Ir\u00e3.<\/p>\n<h2>Papel da M\u00eddia na Cobertura do Protesto<\/h2>\n<p>A m\u00eddia desempenha um papel vital na cobertura dos protestos, pois ajuda a moldar a percep\u00e7\u00e3o p\u00fablica, tanto nacional quanto internacional. No caso dos protestos contra o regime iraniano, a cobertura da m\u00eddia \u00e9 crucial para dar visibilidade \u00e0s vozes dissidentes e \u00e0s demandas da popula\u00e7\u00e3o. Reportagens bem elaboradas podem retratar a dor e a luta dos iranianos, ajudando a cativar a aten\u00e7\u00e3o do mundo.<\/p>\n<p>As empresas de m\u00eddia t\u00eam a responsabilidade de n\u00e3o apenas informar, mas tamb\u00e9m educar o p\u00fablico sobre a complexidade da situa\u00e7\u00e3o no Ir\u00e3. Isso inclui a cobertura dos fatores hist\u00f3ricos, sociais e econ\u00f4micos que contribu\u00edram para a crise atual, aspectos que muitas vezes s\u00e3o simplificados ou ignorados.<\/p>\n<p>No entanto, o acesso limitado \u00e0 informa\u00e7\u00e3o e a censura tornam o trabalho da m\u00eddia desafiador. Muitas vezes, os jornalistas enfrentam resist\u00eancia e riscos ao reportar sobre os eventos. Portanto, \u00e9 vital que haja apoio a jornalistas que arriscam suas vidas para relatar a verdade. O engajamento em campanhas de solidariedade pode ajudar a garantir que suas vozes n\u00e3o sejam silenciadas.<\/p>\n<h2>As Demandas dos Manifestantes<\/h2>\n<p>As demandas dos manifestantes em S\u00e3o Paulo e em todo o mundo incluem a liberdade de express\u00e3o, a abolui\u00e7\u00e3o de leis repressivas e a melhoria das condi\u00e7\u00f5es econ\u00f4micas no Ir\u00e3. Os protestos chamam a aten\u00e7\u00e3o para a necessidade de um regime que respeite os direitos humanos e ofere\u00e7a liberdade pol\u00edtica aos cidad\u00e3os. Os manifestantes tamb\u00e9m exigem justi\u00e7a para aqueles que foram perseguidos por suas opini\u00f5es e por suas vozes.<\/p>\n<p>Entre os pedidos frequentemente ouvidos est\u00e3o a revoga\u00e7\u00e3o das leis opressivas que restringem a liberdade das mulheres e a implementa\u00e7\u00e3o de medidas que garantam igualdade de direitos para todos os cidad\u00e3os, independentemente de sua etnia ou cren\u00e7a religiosa. Os manifestantes mostram que a luta por direitos \u00e9 uma luta por dignidade e respeito em um pa\u00eds onde seus direitos b\u00e1sicos t\u00eam sido frequentemente ignorados.<\/p>\n<p>Al\u00e9m disso, um maior di\u00e1logo e compromisso com o Ocidente t\u00eam sido pedidos, com a esperan\u00e7a de que uma press\u00e3o internacional possa ser exercida sobre o regime para mudar sua postura repressiva. A ideia \u00e9 que, ao pressionar por reformas internas, o governo iraniano possa, eventualmente, ser levado a reavaliar seu tratamento \u00e0 sua pr\u00f3pria popula\u00e7\u00e3o.<\/p>\n<h2>Hist\u00f3ria das Rela\u00e7\u00f5es Brasil-Ir\u00e3<\/h2>\n<p>As rela\u00e7\u00f5es Brasil-Ir\u00e3 t\u00eam uma hist\u00f3ria rica, marcada por ciclos de aproxima\u00e7\u00e3o e distanciamento. Durante a d\u00e9cada de 1970, o Brasil e o Ir\u00e3 eram parceiros importantes, com o Brasil exportando produtos agr\u00edcolas e importando petr\u00f3leo do Ir\u00e3. No entanto, a Revolu\u00e7\u00e3o Isl\u00e2mica de 1979 alterou significativamente esse cen\u00e1rio, gerando tens\u00f5es e incertezas.<\/p>\n<p>Nos anos recentes, as rela\u00e7\u00f5es buscaram um novo entendimento, com o Brasil defendendo a diplomacia enquanto tentava fortalecer la\u00e7os comerciais e pol\u00edticos. A presen\u00e7a da comunidade iraniana no Brasil tem sido um ponto de apoio para as rela\u00e7\u00f5es bilaterais, servindo como um canal de comunica\u00e7\u00e3o cultural e social.<\/p>\n<p>Atualmente, o Brasil busca um papel ativo na promo\u00e7\u00e3o dos direitos humanos, o que se reflete nas posic\u00f5es do governo em f\u00f3runs internacionais sobre a situa\u00e7\u00e3o no Ir\u00e3. As a\u00e7\u00f5es do governo brasileiro, que prioriza a diplomacia e o uso de canais dialogais para tratar quest\u00f5es de direitos humanos, s\u00e3o cruciais para a constru\u00e7\u00e3o de uma imagem de um pa\u00eds comprometido com a justi\u00e7a e a solidariedade internacional.<\/p>\n<h2>Import\u00e2ncia da Solidariedade Internacional<\/h2>\n<p>A solidariedade internacional \u00e9 um pilar importante na luta dos iranianos por liberdade e justi\u00e7a. O apoio global pode fazer com que a comunidade internacional preste aten\u00e7\u00e3o a abusos de direitos humanos e \u00e0 repress\u00e3o pol\u00edtica no Ir\u00e3, o que pode resultar em press\u00f5es sobre o regime para que ele mude suas pr\u00e1ticas.<\/p>\n<p>As manifesta\u00e7\u00f5es em S\u00e3o Paulo s\u00e3o apenas uma parte do movimento global por justi\u00e7a e liberdade. A solidariedade n\u00e3o deve se restringir a a\u00e7\u00f5es simb\u00f3licas; ela deve se traduzir em apoio pol\u00edtico, financeiro e social efetivo. Isso pode incluir o fomento a redes de apoiadores ao redor do mundo, criando um ambiente em que as vozes dos iranianos possam ser ouvidas e respeitadas.<\/p>\n<p>Em \u00faltima an\u00e1lise, a luta pela liberdade no Ir\u00e3 n\u00e3o \u00e9 apenas uma quest\u00e3o interna, mas uma responsabilidade global. A solidariedade internacional tem o potencial de alterar o curso da hist\u00f3ria, criando oportunidades para que os iranianos recuperem seus direitos e construam um futuro melhor para suas vidas e suas fam\u00edlias.<\/p>\n","protected":false},"excerpt":{"rendered":"<p>O protesto contra o regime do Ir\u00e3 em SP reuniu manifestantes e bandeiras imperiais.<\/p>\n","protected":false},"author":1,"featured_media":5797,"comment_status":"open","ping_status":"","sticky":false,"template":"","format":"standard","meta":{"footnotes":""},"categories":[5],"tags":[],"class_list":["post-5798","post","type-post","status-publish","format-standard","has-post-thumbnail","hentry","category-noticias","has_thumb"],"yoast_head":"<!-- This site is optimized with the Yoast SEO plugin v26.4 - https:\/\/yoast.com\/wordpress\/plugins\/seo\/ -->\n<title>Manifestantes contr\u00e1rios ao regime do Ir\u00e3 protestam em SP - Encontra Avenida Paulista<\/title>\n<meta name=\"robots\" content=\"index, follow, max-snippet:-1, max-image-preview:large, max-video-preview:-1\" \/>\n<link rel=\"canonical\" href=\"https:\/\/www.encontrabelavista.com.br\/avenida-paulista\/manifestantes-contrarios-ao-regime-do-ira-protestam-em-sp\/\" \/>\n<meta property=\"og:locale\" content=\"pt_BR\" \/>\n<meta property=\"og:type\" content=\"article\" \/>\n<meta property=\"og:title\" content=\"Manifestantes contr\u00e1rios ao regime do Ir\u00e3 protestam em SP - Encontra Avenida Paulista\" \/>\n<meta property=\"og:description\" content=\"O protesto contra o regime do Ir\u00e3 em SP reuniu manifestantes e bandeiras imperiais.\" \/>\n<meta property=\"og:url\" content=\"https:\/\/www.encontrabelavista.com.br\/avenida-paulista\/manifestantes-contrarios-ao-regime-do-ira-protestam-em-sp\/\" \/>\n<meta property=\"og:site_name\" content=\"Encontra Avenida Paulista\" \/>\n<meta property=\"article:published_time\" content=\"2026-01-19T15:51:01+00:00\" \/>\n<meta property=\"og:image\" content=\"https:\/\/www.encontrabelavista.com.br\/avenida-paulista\/wp-content\/uploads\/2026\/01\/manifestantes-contrarios-ao-regime-do-ira-protestam-em-sp.webp\" \/>\n<meta name=\"author\" content=\"Encontra Avenida Paulista\" \/>\n<meta name=\"twitter:card\" content=\"summary_large_image\" \/>\n<meta name=\"twitter:label1\" content=\"Escrito por\" \/>\n\t<meta name=\"twitter:data1\" content=\"Encontra Avenida Paulista\" \/>\n\t<meta name=\"twitter:label2\" content=\"Est. tempo de leitura\" \/>\n\t<meta name=\"twitter:data2\" content=\"11 minutos\" \/>\n<script type=\"application\/ld+json\" class=\"yoast-schema-graph\">{\"@context\":\"https:\/\/schema.org\",\"@graph\":[{\"@type\":\"WebPage\",\"@id\":\"https:\/\/www.encontrabelavista.com.br\/avenida-paulista\/manifestantes-contrarios-ao-regime-do-ira-protestam-em-sp\/\",\"url\":\"https:\/\/www.encontrabelavista.com.br\/avenida-paulista\/manifestantes-contrarios-ao-regime-do-ira-protestam-em-sp\/\",\"name\":\"Manifestantes contr\u00e1rios ao regime do Ir\u00e3 protestam em SP - Encontra Avenida Paulista\",\"isPartOf\":{\"@id\":\"https:\/\/www.encontrabelavista.com.br\/avenida-paulista\/#website\"},\"primaryImageOfPage\":{\"@id\":\"https:\/\/www.encontrabelavista.com.br\/avenida-paulista\/manifestantes-contrarios-ao-regime-do-ira-protestam-em-sp\/#primaryimage\"},\"image\":{\"@id\":\"https:\/\/www.encontrabelavista.com.br\/avenida-paulista\/manifestantes-contrarios-ao-regime-do-ira-protestam-em-sp\/#primaryimage\"},\"thumbnailUrl\":\"https:\/\/www.encontrabelavista.com.br\/avenida-paulista\/wp-content\/uploads\/2026\/01\/manifestantes-contrarios-ao-regime-do-ira-protestam-em-sp.webp\",\"datePublished\":\"2026-01-19T15:51:01+00:00\",\"author\":{\"@id\":\"https:\/\/www.encontrabelavista.com.br\/avenida-paulista\/#\/schema\/person\/63c71a69a5879155285aa7cf79ec3e40\"},\"breadcrumb\":{\"@id\":\"https:\/\/www.encontrabelavista.com.br\/avenida-paulista\/manifestantes-contrarios-ao-regime-do-ira-protestam-em-sp\/#breadcrumb\"},\"inLanguage\":\"pt-BR\",\"potentialAction\":[{\"@type\":\"ReadAction\",\"target\":[\"https:\/\/www.encontrabelavista.com.br\/avenida-paulista\/manifestantes-contrarios-ao-regime-do-ira-protestam-em-sp\/\"]}]},{\"@type\":\"ImageObject\",\"inLanguage\":\"pt-BR\",\"@id\":\"https:\/\/www.encontrabelavista.com.br\/avenida-paulista\/manifestantes-contrarios-ao-regime-do-ira-protestam-em-sp\/#primaryimage\",\"url\":\"https:\/\/www.encontrabelavista.com.br\/avenida-paulista\/wp-content\/uploads\/2026\/01\/manifestantes-contrarios-ao-regime-do-ira-protestam-em-sp.webp\",\"contentUrl\":\"https:\/\/www.encontrabelavista.com.br\/avenida-paulista\/wp-content\/uploads\/2026\/01\/manifestantes-contrarios-ao-regime-do-ira-protestam-em-sp.webp\",\"width\":280,\"height\":280,\"caption\":\"Protesto contra o regime do Ir\u00e3\"},{\"@type\":\"BreadcrumbList\",\"@id\":\"https:\/\/www.encontrabelavista.com.br\/avenida-paulista\/manifestantes-contrarios-ao-regime-do-ira-protestam-em-sp\/#breadcrumb\",\"itemListElement\":[{\"@type\":\"ListItem\",\"position\":1,\"name\":\"In\u00edcio\",\"item\":\"https:\/\/www.encontrabelavista.com.br\/avenida-paulista\/\"},{\"@type\":\"ListItem\",\"position\":2,\"name\":\"Manifestantes contr\u00e1rios ao regime do Ir\u00e3 protestam em SP\"}]},{\"@type\":\"WebSite\",\"@id\":\"https:\/\/www.encontrabelavista.com.br\/avenida-paulista\/#website\",\"url\":\"https:\/\/www.encontrabelavista.com.br\/avenida-paulista\/\",\"name\":\"Encontra Avenida Paulista\",\"description\":\"ENCONTRA AVENIDA PAULISTA - O guia comercial de neg\u00f3cios e empresas, cultura e divers\u00e3o na Avenida Paulista. Feito 100% para voc\u00ea morador!\",\"potentialAction\":[{\"@type\":\"SearchAction\",\"target\":{\"@type\":\"EntryPoint\",\"urlTemplate\":\"https:\/\/www.encontrabelavista.com.br\/avenida-paulista\/?s={search_term_string}\"},\"query-input\":{\"@type\":\"PropertyValueSpecification\",\"valueRequired\":true,\"valueName\":\"search_term_string\"}}],\"inLanguage\":\"pt-BR\"},{\"@type\":\"Person\",\"@id\":\"https:\/\/www.encontrabelavista.com.br\/avenida-paulista\/#\/schema\/person\/63c71a69a5879155285aa7cf79ec3e40\",\"name\":\"Encontra Avenida Paulista\",\"image\":{\"@type\":\"ImageObject\",\"inLanguage\":\"pt-BR\",\"@id\":\"https:\/\/www.encontrabelavista.com.br\/avenida-paulista\/#\/schema\/person\/image\/\",\"url\":\"https:\/\/secure.gravatar.com\/avatar\/c50c17820bcf322f0a8fd6b110b8c0918141409dc69076470f6fca5fee70a5d4?s=96&d=mm&r=g\",\"contentUrl\":\"https:\/\/secure.gravatar.com\/avatar\/c50c17820bcf322f0a8fd6b110b8c0918141409dc69076470f6fca5fee70a5d4?s=96&d=mm&r=g\",\"caption\":\"Encontra Avenida Paulista\"},\"url\":\"https:\/\/www.encontrabelavista.com.br\/avenida-paulista\/author\/encontraavenidapaulista\/\"}]}<\/script>\n<!-- \/ Yoast SEO plugin. -->","yoast_head_json":{"title":"Manifestantes contr\u00e1rios ao regime do Ir\u00e3 protestam em SP - Encontra Avenida Paulista","robots":{"index":"index","follow":"follow","max-snippet":"max-snippet:-1","max-image-preview":"max-image-preview:large","max-video-preview":"max-video-preview:-1"},"canonical":"https:\/\/www.encontrabelavista.com.br\/avenida-paulista\/manifestantes-contrarios-ao-regime-do-ira-protestam-em-sp\/","og_locale":"pt_BR","og_type":"article","og_title":"Manifestantes contr\u00e1rios ao regime do Ir\u00e3 protestam em SP - Encontra Avenida Paulista","og_description":"O protesto contra o regime do Ir\u00e3 em SP reuniu manifestantes e bandeiras imperiais.","og_url":"https:\/\/www.encontrabelavista.com.br\/avenida-paulista\/manifestantes-contrarios-ao-regime-do-ira-protestam-em-sp\/","og_site_name":"Encontra Avenida Paulista","article_published_time":"2026-01-19T15:51:01+00:00","og_image":[{"url":"https:\/\/www.encontrabelavista.com.br\/avenida-paulista\/wp-content\/uploads\/2026\/01\/manifestantes-contrarios-ao-regime-do-ira-protestam-em-sp.webp","type":"","width":"","height":""}],"author":"Encontra Avenida Paulista","twitter_card":"summary_large_image","twitter_misc":{"Escrito por":"Encontra Avenida Paulista","Est. tempo de leitura":"11 minutos"},"schema":{"@context":"https:\/\/schema.org","@graph":[{"@type":"WebPage","@id":"https:\/\/www.encontrabelavista.com.br\/avenida-paulista\/manifestantes-contrarios-ao-regime-do-ira-protestam-em-sp\/","url":"https:\/\/www.encontrabelavista.com.br\/avenida-paulista\/manifestantes-contrarios-ao-regime-do-ira-protestam-em-sp\/","name":"Manifestantes contr\u00e1rios ao regime do Ir\u00e3 protestam em SP - Encontra Avenida Paulista","isPartOf":{"@id":"https:\/\/www.encontrabelavista.com.br\/avenida-paulista\/#website"},"primaryImageOfPage":{"@id":"https:\/\/www.encontrabelavista.com.br\/avenida-paulista\/manifestantes-contrarios-ao-regime-do-ira-protestam-em-sp\/#primaryimage"},"image":{"@id":"https:\/\/www.encontrabelavista.com.br\/avenida-paulista\/manifestantes-contrarios-ao-regime-do-ira-protestam-em-sp\/#primaryimage"},"thumbnailUrl":"https:\/\/www.encontrabelavista.com.br\/avenida-paulista\/wp-content\/uploads\/2026\/01\/manifestantes-contrarios-ao-regime-do-ira-protestam-em-sp.webp","datePublished":"2026-01-19T15:51:01+00:00","author":{"@id":"https:\/\/www.encontrabelavista.com.br\/avenida-paulista\/#\/schema\/person\/63c71a69a5879155285aa7cf79ec3e40"},"breadcrumb":{"@id":"https:\/\/www.encontrabelavista.com.br\/avenida-paulista\/manifestantes-contrarios-ao-regime-do-ira-protestam-em-sp\/#breadcrumb"},"inLanguage":"pt-BR","potentialAction":[{"@type":"ReadAction","target":["https:\/\/www.encontrabelavista.com.br\/avenida-paulista\/manifestantes-contrarios-ao-regime-do-ira-protestam-em-sp\/"]}]},{"@type":"ImageObject","inLanguage":"pt-BR","@id":"https:\/\/www.encontrabelavista.com.br\/avenida-paulista\/manifestantes-contrarios-ao-regime-do-ira-protestam-em-sp\/#primaryimage","url":"https:\/\/www.encontrabelavista.com.br\/avenida-paulista\/wp-content\/uploads\/2026\/01\/manifestantes-contrarios-ao-regime-do-ira-protestam-em-sp.webp","contentUrl":"https:\/\/www.encontrabelavista.com.br\/avenida-paulista\/wp-content\/uploads\/2026\/01\/manifestantes-contrarios-ao-regime-do-ira-protestam-em-sp.webp","width":280,"height":280,"caption":"Protesto contra o regime do Ir\u00e3"},{"@type":"BreadcrumbList","@id":"https:\/\/www.encontrabelavista.com.br\/avenida-paulista\/manifestantes-contrarios-ao-regime-do-ira-protestam-em-sp\/#breadcrumb","itemListElement":[{"@type":"ListItem","position":1,"name":"In\u00edcio","item":"https:\/\/www.encontrabelavista.com.br\/avenida-paulista\/"},{"@type":"ListItem","position":2,"name":"Manifestantes contr\u00e1rios ao regime do Ir\u00e3 protestam em SP"}]},{"@type":"WebSite","@id":"https:\/\/www.encontrabelavista.com.br\/avenida-paulista\/#website","url":"https:\/\/www.encontrabelavista.com.br\/avenida-paulista\/","name":"Encontra Avenida Paulista","description":"ENCONTRA AVENIDA PAULISTA - O guia comercial de neg\u00f3cios e empresas, cultura e divers\u00e3o na Avenida Paulista. Feito 100% para voc\u00ea morador!","potentialAction":[{"@type":"SearchAction","target":{"@type":"EntryPoint","urlTemplate":"https:\/\/www.encontrabelavista.com.br\/avenida-paulista\/?s={search_term_string}"},"query-input":{"@type":"PropertyValueSpecification","valueRequired":true,"valueName":"search_term_string"}}],"inLanguage":"pt-BR"},{"@type":"Person","@id":"https:\/\/www.encontrabelavista.com.br\/avenida-paulista\/#\/schema\/person\/63c71a69a5879155285aa7cf79ec3e40","name":"Encontra Avenida Paulista","image":{"@type":"ImageObject","inLanguage":"pt-BR","@id":"https:\/\/www.encontrabelavista.com.br\/avenida-paulista\/#\/schema\/person\/image\/","url":"https:\/\/secure.gravatar.com\/avatar\/c50c17820bcf322f0a8fd6b110b8c0918141409dc69076470f6fca5fee70a5d4?s=96&d=mm&r=g","contentUrl":"https:\/\/secure.gravatar.com\/avatar\/c50c17820bcf322f0a8fd6b110b8c0918141409dc69076470f6fca5fee70a5d4?s=96&d=mm&r=g","caption":"Encontra Avenida Paulista"},"url":"https:\/\/www.encontrabelavista.com.br\/avenida-paulista\/author\/encontraavenidapaulista\/"}]}},"_links":{"self":[{"href":"https:\/\/www.encontrabelavista.com.br\/avenida-paulista\/wp-json\/wp\/v2\/posts\/5798","targetHints":{"allow":["GET"]}}],"collection":[{"href":"https:\/\/www.encontrabelavista.com.br\/avenida-paulista\/wp-json\/wp\/v2\/posts"}],"about":[{"href":"https:\/\/www.encontrabelavista.com.br\/avenida-paulista\/wp-json\/wp\/v2\/types\/post"}],"author":[{"embeddable":true,"href":"https:\/\/www.encontrabelavista.com.br\/avenida-paulista\/wp-json\/wp\/v2\/users\/1"}],"replies":[{"embeddable":true,"href":"https:\/\/www.encontrabelavista.com.br\/avenida-paulista\/wp-json\/wp\/v2\/comments?post=5798"}],"version-history":[{"count":0,"href":"https:\/\/www.encontrabelavista.com.br\/avenida-paulista\/wp-json\/wp\/v2\/posts\/5798\/revisions"}],"wp:featuredmedia":[{"embeddable":true,"href":"https:\/\/www.encontrabelavista.com.br\/avenida-paulista\/wp-json\/wp\/v2\/media\/5797"}],"wp:attachment":[{"href":"https:\/\/www.encontrabelavista.com.br\/avenida-paulista\/wp-json\/wp\/v2\/media?parent=5798"}],"wp:term":[{"taxonomy":"category","embeddable":true,"href":"https:\/\/www.encontrabelavista.com.br\/avenida-paulista\/wp-json\/wp\/v2\/categories?post=5798"},{"taxonomy":"post_tag","embeddable":true,"href":"https:\/\/www.encontrabelavista.com.br\/avenida-paulista\/wp-json\/wp\/v2\/tags?post=5798"}],"curies":[{"name":"wp","href":"https:\/\/api.w.org\/{rel}","templated":true}]}}