{"id":5920,"date":"2026-02-11T12:54:53","date_gmt":"2026-02-11T15:54:53","guid":{"rendered":"https:\/\/www.encontrabelavista.com.br\/avenida-paulista\/rio-pede-ao-stf-mais-20-dias-para-enviar-imagens-da-operacao-contencao\/"},"modified":"2026-02-11T12:54:53","modified_gmt":"2026-02-11T15:54:53","slug":"rio-pede-ao-stf-mais-20-dias-para-enviar-imagens-da-operacao-contencao","status":"publish","type":"post","link":"https:\/\/www.encontrabelavista.com.br\/avenida-paulista\/rio-pede-ao-stf-mais-20-dias-para-enviar-imagens-da-operacao-contencao\/","title":{"rendered":"Rio pede ao STF mais 20 dias para enviar imagens da Opera\u00e7\u00e3o Conten\u00e7\u00e3o"},"content":{"rendered":"<h2>Contexto da Opera\u00e7\u00e3o Conten\u00e7\u00e3o<\/h2>\n<p>A Opera\u00e7\u00e3o Conten\u00e7\u00e3o, realizada em Outubro de 2025, representa uma das interven\u00e7\u00f5es mais significativas em termos de seguran\u00e7a p\u00fablica na hist\u00f3ria do Estado do Rio de Janeiro. Envolvendo um grande efetivo de 2.500 policiais, a opera\u00e7\u00e3o foi direcionada principalmente para os complexos do Alem\u00e3o e da Penha, \u00e1reas reconhecidas por altos \u00edndices de criminalidade e viol\u00eancia. Este tipo de a\u00e7\u00e3o, embora tenha como objetivo ostensivo o combate ao tr\u00e1fico de drogas e \u00e0 criminalidade, suscitou intensos debates sobre a efic\u00e1cia das opera\u00e7\u00f5es policiais em \u00e1reas de vulnerabilidade social.<\/p>\n<p>De acordo com dados oficiais, a opera\u00e7\u00e3o resultou em um n\u00famero alarmante de mortes, que ultrapassou a marca de 120 indiv\u00edduos, incluindo tanto criminosos como civis. A natureza letal da opera\u00e7\u00e3o levantou quest\u00f5es cr\u00edticas sobre o uso da for\u00e7a policial, a carestia da vida nos bairros atingidos e a capacidade do Estado em proteger seus cidad\u00e3os. Dessa forma, a opera\u00e7\u00e3o n\u00e3o apenas destacou a complexidade da seguran\u00e7a p\u00fablica carioca, mas tamb\u00e9m as lacunas existentes em pol\u00edticas que buscam solucionar conflitos sociais de maneira mais justa e eficiente.<\/p>\n<h2>N\u00famero de V\u00edtimas da Opera\u00e7\u00e3o<\/h2>\n<p>Os n\u00fameros de v\u00edtimas da Opera\u00e7\u00e3o Conten\u00e7\u00e3o foram alarmantes, com relatos de mais de 120 mortes. Esse aspecto da opera\u00e7\u00e3o gerou grande repercuss\u00e3o na m\u00eddia e nas redes sociais, levando a uma onda de protestos e manifesta\u00e7\u00f5es por parte da popula\u00e7\u00e3o e de grupos defensores dos direitos humanos. A quantidade de vidas perdidas em um \u00fanico evento levanta preocupa\u00e7\u00f5es \u00e9ticas sobre a abordagem do Estado em rela\u00e7\u00e3o ao controle da criminalidade e o dever de proteger a popula\u00e7\u00e3o.<\/p>\n<p><img decoding=\"async\" src=\"https:\/\/www.encontrabelavista.com.br\/avenida-paulista\/wp-content\/uploads\/2026\/02\/rio-pede-ao-stf-mais-20-dias-para-enviar-imagens-da-operacao-contencao.webp\" alt=\"Rio de Janeiro\" loading=\"lazy\" \/><\/p>\n<p>Fica evidente que tais opera\u00e7\u00f5es, ao investirem em um modelo de confronto direto e agressivo, podem resultar em danos colaterais significativos, as chamadas &#8220;v\u00edtimas inocentes&#8221;. De fato, o efeito de tais opera\u00e7\u00f5es vai al\u00e9m do n\u00famero de mortes, afetando a comunidade como um todo, exacerbando o trauma psicol\u00f3gico e a desconfian\u00e7a em rela\u00e7\u00e3o \u00e0s autoridades. Este aspecto \u00e9 crucial para entender a magnitude e a gravidade da situa\u00e7\u00e3o vivida nas favelas durante e ap\u00f3s a opera\u00e7\u00e3o.<\/p>\n<h2>Solicita\u00e7\u00e3o de Prazo Adicional<\/h2>\n<p>Em linha com os desdobramentos da Opera\u00e7\u00e3o Conten\u00e7\u00e3o, o governo do Estado do Rio de Janeiro fez um pedido ao Supremo Tribunal Federal (STF) para prorrogar em mais 20 dias a entrega das imagens coletadas durante a opera\u00e7\u00e3o. O argumento se baseia na necessidade de organizar um volume consider\u00e1vel de dados audiovisuais e garantir a integridade das informa\u00e7\u00f5es que ser\u00e3o apresentadas. Este pedido reflete um reconhecimento da complexidade da situa\u00e7\u00e3o, mostrando a import\u00e2ncia atribu\u00edda \u00e0s evid\u00eancias que podem ser analisadas em um futuro processo judicial.<\/p>\n<p>O pedido de extens\u00e3o de prazo tamb\u00e9m pode ser visto como parte de uma estrat\u00e9gia mais ampla de defesa, onde o governo busca n\u00e3o apenas cumprir obriga\u00e7\u00f5es legais, mas tamb\u00e9m preparar uma narrativa que possa explicar e justificar as a\u00e7\u00f5es tomadas durante a opera\u00e7\u00e3o. Isso se torna ainda mais relevante diante da press\u00e3o da sociedade civil em busca de transpar\u00eancia e responsabilidade nas a\u00e7\u00f5es do governo.<\/p>\n<h2>Import\u00e2ncia das Imagens para a Investiga\u00e7\u00e3o<\/h2>\n<p>As imagens obtidas pelas c\u00e2meras durante a Opera\u00e7\u00e3o Conten\u00e7\u00e3o s\u00e3o consideradas fundamentais para as investiga\u00e7\u00f5es futuras. Elas n\u00e3o apenas documentam as a\u00e7\u00f5es policiais mas tamb\u00e9m podem servir como prova no \u00e2mbito judicial. A transpar\u00eancia exigida pela popula\u00e7\u00e3o e pelas organiza\u00e7\u00f5es envolvidas \u00e9 essencial para assegurar que as pr\u00e1ticas policiais sejam analisadas de forma justa e respons\u00e1vel.<\/p>\n<p>Al\u00e9m disso, as imagens t\u00eam o potencial de esclarecer a narrativa em torno dos eventos ocorridos, ajudando a determinar a legitimidade das a\u00e7\u00f5es policiais. Com isso, o exame das grava\u00e7\u00f5es pode proporcionar um olhar mais amplo sobre a efic\u00e1cia e as consequ\u00eancias das interven\u00e7\u00f5es de seguran\u00e7a p\u00fablica em comunidades com alta vulnerabilidade social.<\/p>\n<h2>Rea\u00e7\u00f5es da Sociedade Civil<\/h2>\n<p>A rea\u00e7\u00e3o da sociedade civil \u00e0 Opera\u00e7\u00e3o Conten\u00e7\u00e3o tem sido intensa e multifacetada. Movimentos sociais, ONGs e institui\u00e7\u00f5es que defendem os direitos humanos t\u00eam se manifestado contra a letalidade da opera\u00e7\u00e3o, exigindo maior fiscaliza\u00e7\u00e3o e responsabiliza\u00e7\u00e3o por parte das autoridades. Os protestos e manifesta\u00e7\u00f5es p\u00fablicas expressam a indigna\u00e7\u00e3o da popula\u00e7\u00e3o frente ao que \u00e9 visto como uma abordagem desproporcional por parte do Estado.<\/p>\n<p>Al\u00e9m disso, a mobiliza\u00e7\u00e3o social reflete uma crescente conscientiza\u00e7\u00e3o sobre a necessidade de reformar as pr\u00e1ticas policiais, promover a defesa dos direitos humanos e considerar solu\u00e7\u00f5es alternativas para a seguran\u00e7a p\u00fablica que n\u00e3o envolvam o uso da for\u00e7a. Muitas vozes t\u00eam clamado por um realinhamento nas pol\u00edticas p\u00fablicas, que deveriam priorizar o di\u00e1logo e a inclus\u00e3o social em detrimento de a\u00e7\u00f5es punitivas e reativas.<\/p>\n<h2>Implica\u00e7\u00f5es Legais para o Governador<\/h2>\n<p>A magnitude da Opera\u00e7\u00e3o Conten\u00e7\u00e3o e o subsequente pedido de prazos adicionais podem ter implica\u00e7\u00f5es legais significativas para o governador do Estado do Rio de Janeiro. As repercuss\u00f5es podem envolver investiga\u00e7\u00f5es sobre responsabiliza\u00e7\u00e3o pol\u00edtica e decis\u00f5es judiciais relacionadas aos direitos humanos e \u00e0 liberdade de a\u00e7\u00e3o da pol\u00edcia. Por tr\u00e1s das decis\u00f5es estrat\u00e9gicas, pode haver uma press\u00e3o crescente para que se responsabilizem aqueles que ordenaram e executaram a opera\u00e7\u00e3o.<\/p>\n<p>As poss\u00edveis implica\u00e7\u00f5es legais tamb\u00e9m se estendem a um escrut\u00ednio mais profundo sobre a forma como o governo lida com as opera\u00e7\u00f5es de seguran\u00e7a p\u00fablica. Se provadas a\u00e7\u00f5es irrespons\u00e1veis ou viola\u00e7\u00f5es de direitos humanos, isso pode resultar em a\u00e7\u00f5es legais contra servidores p\u00fablicos e uma revis\u00e3o cr\u00edtica das pol\u00edticas de seguran\u00e7a. Assim, o futuro pol\u00edtico do governador pode estar em jogo, dependendo da forma como os eventos se desenrolarem nos pr\u00f3ximos meses.<\/p>\n<h2>An\u00e1lise do Volume de Dados<\/h2>\n<p>O volume de dados audiovisuais gerados pela Opera\u00e7\u00e3o Conten\u00e7\u00e3o \u00e9 massivo, refletindo n\u00e3o apenas as filmagens das a\u00e7\u00f5es policiais, mas tamb\u00e9m o contexto das \u00e1reas afetadas. O processo de organiza\u00e7\u00e3o, verifica\u00e7\u00e3o e an\u00e1lise desses dados exige uma infraestrutura robusta e especialistas qualificados que possam garantir a integridade das informa\u00e7\u00f5es. Esse cen\u00e1rio torna evidente a complexidade das opera\u00e7\u00f5es de seguran\u00e7a p\u00fablica e os desafios associados ao tratamento e ao gerenciamento de dados em situa\u00e7\u00f5es de crise.<\/p>\n<p>Al\u00e9m disso, \u00e9 essencial que os dados sejam tratados com a m\u00e1xima cautela, considerando a natureza sens\u00edvel do material e as implica\u00e7\u00f5es legais que podem surgir de seu uso ou divulga\u00e7\u00e3o inadequada. Com uma an\u00e1lise aprofundada, as informa\u00e7\u00f5es podem fornecer insights cruciais sobre a opera\u00e7\u00e3o e suas consequ\u00eancias, podendo servir como ferramentas de aprendizado para futuras interven\u00e7\u00f5es de seguran\u00e7a p\u00fablica.<\/p>\n<h2>Desafios T\u00e9cnicos no Envio<\/h2>\n<p>O processo de envio das imagens ao STF n\u00e3o \u00e9 apenas uma quest\u00e3o administrativa, mas envolve uma s\u00e9rie de desafios t\u00e9cnicos. A necessidade de garantir a qualidade, seguran\u00e7a e integridade dos dados durante a transfer\u00eancia \u00e9 primordial, especialmente em um contexto em que a desconfian\u00e7a da popula\u00e7\u00e3o em rela\u00e7\u00e3o \u00e0s autoridades \u00e9 alta. Os \u00f3rg\u00e3os envolvidos em assegurar esse envio devem implementar protocolos rigorosos que minimizem os riscos de perdas ou adultera\u00e7\u00f5es nos dados.<\/p>\n<p>Al\u00e9m disso, o armazenamento e a preserva\u00e7\u00e3o dos arquivos devem ser realizados de forma que garantam a acessibilidade para futuras an\u00e1lises e consultas, evitando que as imagens sejam corrompidas ou inacess\u00edveis. Essa responsabilidade t\u00e9cnica torna-se ainda mais cr\u00edtica dada a relev\u00e2ncia das evid\u00eancias em um futuro processo judicial onde a verdade dos fatos pode ser contestada.<\/p>\n<h2>Demandas por Transpar\u00eancia<\/h2>\n<p>A press\u00e3o por transpar\u00eancia \u00e9 um dos pilares que sustenta a rea\u00e7\u00e3o da sociedade civil. A popula\u00e7\u00e3o exige n\u00e3o apenas a apresenta\u00e7\u00e3o das imagens, mas tamb\u00e9m um gerenciamento claro e honesto das consequ\u00eancias das a\u00e7\u00f5es policiais. Movimentos de direitos humanos e grupos sociais clamam por um compromisso do governo em revelar a verdade sobre o que ocorreu durante a opera\u00e7\u00e3o, investigando a fundo qualquer poss\u00edvel abuso ou excesso que tenha ocorrido.<\/p>\n<p>Essa demanda por transpar\u00eancia se torna um aspecto crucial para a reconstru\u00e7\u00e3o da confian\u00e7a da comunidade em rela\u00e7\u00e3o \u00e0s autoridades. \u00c9 fundamental que os processos de accountability sejam robustos e respeitem os direitos da popula\u00e7\u00e3o, assegurando que as pr\u00e1ticas de seguran\u00e7a possam ser responsabilizadas adequadamente. A transpar\u00eancia se torna assim um elemento-chave para que se evitem novos conflitos e se promova uma abordagem mais justa e integrada \u00e0 seguran\u00e7a p\u00fablica.<\/p>\n<h2>Pr\u00f3ximos Passos no Processo Judicial<\/h2>\n<p>Com o pedido de prazos adicionais e a import\u00e2ncia das imagens para futuras investiga\u00e7\u00f5es, os pr\u00f3ximos passos no processo judicial ser\u00e3o monitorados de perto. O STF e as partes envolvidas ter\u00e3o um papel significativo em determinar como ser\u00e1 a avalia\u00e7\u00e3o dos dados coletados e as consequ\u00eancias s\u00e9rias que poder\u00e3o advir, tanto em termos legais quanto sociais.<\/p>\n<p>Este processo n\u00e3o apenas orientar\u00e1 o futuro das pr\u00e1ticas de seguran\u00e7a p\u00fablica no Rio de Janeiro, mas tamb\u00e9m poder\u00e1 influenciar pol\u00edticas em outras cidades e estados que enfrentam desafios semelhantes. A efic\u00e1cia com que as autoridades lidarem com a situa\u00e7\u00e3o poder\u00e1 estabelecer precedentes que moldar\u00e3o as interven\u00e7\u00f5es policiais nos anos vindouros, sinalizando uma poss\u00edvel mudan\u00e7a na forma como o Estado interage com seus cidad\u00e3os em contextos de viol\u00eancia e conflito.<\/p>\n","protected":false},"excerpt":{"rendered":"<p>Rio pede ao STF um prazo extra de 20 dias para envio de imagens da opera\u00e7\u00e3o.<\/p>\n","protected":false},"author":1,"featured_media":5919,"comment_status":"open","ping_status":"","sticky":false,"template":"","format":"standard","meta":{"footnotes":""},"categories":[5],"tags":[],"class_list":["post-5920","post","type-post","status-publish","format-standard","has-post-thumbnail","hentry","category-noticias","has_thumb"],"yoast_head":"<!-- This site is optimized with the Yoast SEO plugin v26.4 - https:\/\/yoast.com\/wordpress\/plugins\/seo\/ -->\n<title>Rio pede ao STF mais 20 dias para enviar imagens da Opera\u00e7\u00e3o Conten\u00e7\u00e3o - Encontra Avenida Paulista<\/title>\n<meta name=\"robots\" content=\"index, follow, max-snippet:-1, max-image-preview:large, max-video-preview:-1\" \/>\n<link rel=\"canonical\" href=\"https:\/\/www.encontrabelavista.com.br\/avenida-paulista\/rio-pede-ao-stf-mais-20-dias-para-enviar-imagens-da-operacao-contencao\/\" \/>\n<meta property=\"og:locale\" content=\"pt_BR\" \/>\n<meta property=\"og:type\" content=\"article\" \/>\n<meta property=\"og:title\" content=\"Rio pede ao STF mais 20 dias para enviar imagens da Opera\u00e7\u00e3o Conten\u00e7\u00e3o - Encontra Avenida Paulista\" \/>\n<meta property=\"og:description\" content=\"Rio pede ao STF um prazo extra de 20 dias para envio de imagens da opera\u00e7\u00e3o.\" \/>\n<meta property=\"og:url\" content=\"https:\/\/www.encontrabelavista.com.br\/avenida-paulista\/rio-pede-ao-stf-mais-20-dias-para-enviar-imagens-da-operacao-contencao\/\" \/>\n<meta property=\"og:site_name\" content=\"Encontra Avenida Paulista\" \/>\n<meta property=\"article:published_time\" content=\"2026-02-11T15:54:53+00:00\" \/>\n<meta property=\"og:image\" content=\"https:\/\/www.encontrabelavista.com.br\/avenida-paulista\/wp-content\/uploads\/2026\/02\/rio-pede-ao-stf-mais-20-dias-para-enviar-imagens-da-operacao-contencao.webp\" \/>\n<meta name=\"author\" content=\"Encontra Avenida Paulista\" \/>\n<meta name=\"twitter:card\" content=\"summary_large_image\" \/>\n<meta name=\"twitter:label1\" content=\"Escrito por\" \/>\n\t<meta name=\"twitter:data1\" content=\"Encontra Avenida Paulista\" \/>\n\t<meta name=\"twitter:label2\" content=\"Est. tempo de leitura\" \/>\n\t<meta name=\"twitter:data2\" content=\"8 minutos\" \/>\n<script type=\"application\/ld+json\" class=\"yoast-schema-graph\">{\"@context\":\"https:\/\/schema.org\",\"@graph\":[{\"@type\":\"WebPage\",\"@id\":\"https:\/\/www.encontrabelavista.com.br\/avenida-paulista\/rio-pede-ao-stf-mais-20-dias-para-enviar-imagens-da-operacao-contencao\/\",\"url\":\"https:\/\/www.encontrabelavista.com.br\/avenida-paulista\/rio-pede-ao-stf-mais-20-dias-para-enviar-imagens-da-operacao-contencao\/\",\"name\":\"Rio pede ao STF mais 20 dias para enviar imagens da Opera\u00e7\u00e3o Conten\u00e7\u00e3o - Encontra Avenida Paulista\",\"isPartOf\":{\"@id\":\"https:\/\/www.encontrabelavista.com.br\/avenida-paulista\/#website\"},\"primaryImageOfPage\":{\"@id\":\"https:\/\/www.encontrabelavista.com.br\/avenida-paulista\/rio-pede-ao-stf-mais-20-dias-para-enviar-imagens-da-operacao-contencao\/#primaryimage\"},\"image\":{\"@id\":\"https:\/\/www.encontrabelavista.com.br\/avenida-paulista\/rio-pede-ao-stf-mais-20-dias-para-enviar-imagens-da-operacao-contencao\/#primaryimage\"},\"thumbnailUrl\":\"https:\/\/www.encontrabelavista.com.br\/avenida-paulista\/wp-content\/uploads\/2026\/02\/rio-pede-ao-stf-mais-20-dias-para-enviar-imagens-da-operacao-contencao.webp\",\"datePublished\":\"2026-02-11T15:54:53+00:00\",\"author\":{\"@id\":\"https:\/\/www.encontrabelavista.com.br\/avenida-paulista\/#\/schema\/person\/63c71a69a5879155285aa7cf79ec3e40\"},\"breadcrumb\":{\"@id\":\"https:\/\/www.encontrabelavista.com.br\/avenida-paulista\/rio-pede-ao-stf-mais-20-dias-para-enviar-imagens-da-operacao-contencao\/#breadcrumb\"},\"inLanguage\":\"pt-BR\",\"potentialAction\":[{\"@type\":\"ReadAction\",\"target\":[\"https:\/\/www.encontrabelavista.com.br\/avenida-paulista\/rio-pede-ao-stf-mais-20-dias-para-enviar-imagens-da-operacao-contencao\/\"]}]},{\"@type\":\"ImageObject\",\"inLanguage\":\"pt-BR\",\"@id\":\"https:\/\/www.encontrabelavista.com.br\/avenida-paulista\/rio-pede-ao-stf-mais-20-dias-para-enviar-imagens-da-operacao-contencao\/#primaryimage\",\"url\":\"https:\/\/www.encontrabelavista.com.br\/avenida-paulista\/wp-content\/uploads\/2026\/02\/rio-pede-ao-stf-mais-20-dias-para-enviar-imagens-da-operacao-contencao.webp\",\"contentUrl\":\"https:\/\/www.encontrabelavista.com.br\/avenida-paulista\/wp-content\/uploads\/2026\/02\/rio-pede-ao-stf-mais-20-dias-para-enviar-imagens-da-operacao-contencao.webp\",\"width\":280,\"height\":280,\"caption\":\"Rio de Janeiro\"},{\"@type\":\"BreadcrumbList\",\"@id\":\"https:\/\/www.encontrabelavista.com.br\/avenida-paulista\/rio-pede-ao-stf-mais-20-dias-para-enviar-imagens-da-operacao-contencao\/#breadcrumb\",\"itemListElement\":[{\"@type\":\"ListItem\",\"position\":1,\"name\":\"In\u00edcio\",\"item\":\"https:\/\/www.encontrabelavista.com.br\/avenida-paulista\/\"},{\"@type\":\"ListItem\",\"position\":2,\"name\":\"Rio pede ao STF mais 20 dias para enviar imagens da Opera\u00e7\u00e3o Conten\u00e7\u00e3o\"}]},{\"@type\":\"WebSite\",\"@id\":\"https:\/\/www.encontrabelavista.com.br\/avenida-paulista\/#website\",\"url\":\"https:\/\/www.encontrabelavista.com.br\/avenida-paulista\/\",\"name\":\"Encontra Avenida Paulista\",\"description\":\"ENCONTRA AVENIDA PAULISTA - O guia comercial de neg\u00f3cios e empresas, cultura e divers\u00e3o na Avenida Paulista. Feito 100% para voc\u00ea morador!\",\"potentialAction\":[{\"@type\":\"SearchAction\",\"target\":{\"@type\":\"EntryPoint\",\"urlTemplate\":\"https:\/\/www.encontrabelavista.com.br\/avenida-paulista\/?s={search_term_string}\"},\"query-input\":{\"@type\":\"PropertyValueSpecification\",\"valueRequired\":true,\"valueName\":\"search_term_string\"}}],\"inLanguage\":\"pt-BR\"},{\"@type\":\"Person\",\"@id\":\"https:\/\/www.encontrabelavista.com.br\/avenida-paulista\/#\/schema\/person\/63c71a69a5879155285aa7cf79ec3e40\",\"name\":\"Encontra Avenida Paulista\",\"image\":{\"@type\":\"ImageObject\",\"inLanguage\":\"pt-BR\",\"@id\":\"https:\/\/www.encontrabelavista.com.br\/avenida-paulista\/#\/schema\/person\/image\/\",\"url\":\"https:\/\/secure.gravatar.com\/avatar\/c50c17820bcf322f0a8fd6b110b8c0918141409dc69076470f6fca5fee70a5d4?s=96&d=mm&r=g\",\"contentUrl\":\"https:\/\/secure.gravatar.com\/avatar\/c50c17820bcf322f0a8fd6b110b8c0918141409dc69076470f6fca5fee70a5d4?s=96&d=mm&r=g\",\"caption\":\"Encontra Avenida Paulista\"},\"url\":\"https:\/\/www.encontrabelavista.com.br\/avenida-paulista\/author\/encontraavenidapaulista\/\"}]}<\/script>\n<!-- \/ Yoast SEO plugin. -->","yoast_head_json":{"title":"Rio pede ao STF mais 20 dias para enviar imagens da Opera\u00e7\u00e3o Conten\u00e7\u00e3o - Encontra Avenida Paulista","robots":{"index":"index","follow":"follow","max-snippet":"max-snippet:-1","max-image-preview":"max-image-preview:large","max-video-preview":"max-video-preview:-1"},"canonical":"https:\/\/www.encontrabelavista.com.br\/avenida-paulista\/rio-pede-ao-stf-mais-20-dias-para-enviar-imagens-da-operacao-contencao\/","og_locale":"pt_BR","og_type":"article","og_title":"Rio pede ao STF mais 20 dias para enviar imagens da Opera\u00e7\u00e3o Conten\u00e7\u00e3o - Encontra Avenida Paulista","og_description":"Rio pede ao STF um prazo extra de 20 dias para envio de imagens da opera\u00e7\u00e3o.","og_url":"https:\/\/www.encontrabelavista.com.br\/avenida-paulista\/rio-pede-ao-stf-mais-20-dias-para-enviar-imagens-da-operacao-contencao\/","og_site_name":"Encontra Avenida Paulista","article_published_time":"2026-02-11T15:54:53+00:00","og_image":[{"url":"https:\/\/www.encontrabelavista.com.br\/avenida-paulista\/wp-content\/uploads\/2026\/02\/rio-pede-ao-stf-mais-20-dias-para-enviar-imagens-da-operacao-contencao.webp","type":"","width":"","height":""}],"author":"Encontra Avenida Paulista","twitter_card":"summary_large_image","twitter_misc":{"Escrito por":"Encontra Avenida Paulista","Est. tempo de leitura":"8 minutos"},"schema":{"@context":"https:\/\/schema.org","@graph":[{"@type":"WebPage","@id":"https:\/\/www.encontrabelavista.com.br\/avenida-paulista\/rio-pede-ao-stf-mais-20-dias-para-enviar-imagens-da-operacao-contencao\/","url":"https:\/\/www.encontrabelavista.com.br\/avenida-paulista\/rio-pede-ao-stf-mais-20-dias-para-enviar-imagens-da-operacao-contencao\/","name":"Rio pede ao STF mais 20 dias para enviar imagens da Opera\u00e7\u00e3o Conten\u00e7\u00e3o - Encontra Avenida Paulista","isPartOf":{"@id":"https:\/\/www.encontrabelavista.com.br\/avenida-paulista\/#website"},"primaryImageOfPage":{"@id":"https:\/\/www.encontrabelavista.com.br\/avenida-paulista\/rio-pede-ao-stf-mais-20-dias-para-enviar-imagens-da-operacao-contencao\/#primaryimage"},"image":{"@id":"https:\/\/www.encontrabelavista.com.br\/avenida-paulista\/rio-pede-ao-stf-mais-20-dias-para-enviar-imagens-da-operacao-contencao\/#primaryimage"},"thumbnailUrl":"https:\/\/www.encontrabelavista.com.br\/avenida-paulista\/wp-content\/uploads\/2026\/02\/rio-pede-ao-stf-mais-20-dias-para-enviar-imagens-da-operacao-contencao.webp","datePublished":"2026-02-11T15:54:53+00:00","author":{"@id":"https:\/\/www.encontrabelavista.com.br\/avenida-paulista\/#\/schema\/person\/63c71a69a5879155285aa7cf79ec3e40"},"breadcrumb":{"@id":"https:\/\/www.encontrabelavista.com.br\/avenida-paulista\/rio-pede-ao-stf-mais-20-dias-para-enviar-imagens-da-operacao-contencao\/#breadcrumb"},"inLanguage":"pt-BR","potentialAction":[{"@type":"ReadAction","target":["https:\/\/www.encontrabelavista.com.br\/avenida-paulista\/rio-pede-ao-stf-mais-20-dias-para-enviar-imagens-da-operacao-contencao\/"]}]},{"@type":"ImageObject","inLanguage":"pt-BR","@id":"https:\/\/www.encontrabelavista.com.br\/avenida-paulista\/rio-pede-ao-stf-mais-20-dias-para-enviar-imagens-da-operacao-contencao\/#primaryimage","url":"https:\/\/www.encontrabelavista.com.br\/avenida-paulista\/wp-content\/uploads\/2026\/02\/rio-pede-ao-stf-mais-20-dias-para-enviar-imagens-da-operacao-contencao.webp","contentUrl":"https:\/\/www.encontrabelavista.com.br\/avenida-paulista\/wp-content\/uploads\/2026\/02\/rio-pede-ao-stf-mais-20-dias-para-enviar-imagens-da-operacao-contencao.webp","width":280,"height":280,"caption":"Rio de Janeiro"},{"@type":"BreadcrumbList","@id":"https:\/\/www.encontrabelavista.com.br\/avenida-paulista\/rio-pede-ao-stf-mais-20-dias-para-enviar-imagens-da-operacao-contencao\/#breadcrumb","itemListElement":[{"@type":"ListItem","position":1,"name":"In\u00edcio","item":"https:\/\/www.encontrabelavista.com.br\/avenida-paulista\/"},{"@type":"ListItem","position":2,"name":"Rio pede ao STF mais 20 dias para enviar imagens da Opera\u00e7\u00e3o Conten\u00e7\u00e3o"}]},{"@type":"WebSite","@id":"https:\/\/www.encontrabelavista.com.br\/avenida-paulista\/#website","url":"https:\/\/www.encontrabelavista.com.br\/avenida-paulista\/","name":"Encontra Avenida Paulista","description":"ENCONTRA AVENIDA PAULISTA - O guia comercial de neg\u00f3cios e empresas, cultura e divers\u00e3o na Avenida Paulista. Feito 100% para voc\u00ea morador!","potentialAction":[{"@type":"SearchAction","target":{"@type":"EntryPoint","urlTemplate":"https:\/\/www.encontrabelavista.com.br\/avenida-paulista\/?s={search_term_string}"},"query-input":{"@type":"PropertyValueSpecification","valueRequired":true,"valueName":"search_term_string"}}],"inLanguage":"pt-BR"},{"@type":"Person","@id":"https:\/\/www.encontrabelavista.com.br\/avenida-paulista\/#\/schema\/person\/63c71a69a5879155285aa7cf79ec3e40","name":"Encontra Avenida Paulista","image":{"@type":"ImageObject","inLanguage":"pt-BR","@id":"https:\/\/www.encontrabelavista.com.br\/avenida-paulista\/#\/schema\/person\/image\/","url":"https:\/\/secure.gravatar.com\/avatar\/c50c17820bcf322f0a8fd6b110b8c0918141409dc69076470f6fca5fee70a5d4?s=96&d=mm&r=g","contentUrl":"https:\/\/secure.gravatar.com\/avatar\/c50c17820bcf322f0a8fd6b110b8c0918141409dc69076470f6fca5fee70a5d4?s=96&d=mm&r=g","caption":"Encontra Avenida Paulista"},"url":"https:\/\/www.encontrabelavista.com.br\/avenida-paulista\/author\/encontraavenidapaulista\/"}]}},"_links":{"self":[{"href":"https:\/\/www.encontrabelavista.com.br\/avenida-paulista\/wp-json\/wp\/v2\/posts\/5920","targetHints":{"allow":["GET"]}}],"collection":[{"href":"https:\/\/www.encontrabelavista.com.br\/avenida-paulista\/wp-json\/wp\/v2\/posts"}],"about":[{"href":"https:\/\/www.encontrabelavista.com.br\/avenida-paulista\/wp-json\/wp\/v2\/types\/post"}],"author":[{"embeddable":true,"href":"https:\/\/www.encontrabelavista.com.br\/avenida-paulista\/wp-json\/wp\/v2\/users\/1"}],"replies":[{"embeddable":true,"href":"https:\/\/www.encontrabelavista.com.br\/avenida-paulista\/wp-json\/wp\/v2\/comments?post=5920"}],"version-history":[{"count":0,"href":"https:\/\/www.encontrabelavista.com.br\/avenida-paulista\/wp-json\/wp\/v2\/posts\/5920\/revisions"}],"wp:featuredmedia":[{"embeddable":true,"href":"https:\/\/www.encontrabelavista.com.br\/avenida-paulista\/wp-json\/wp\/v2\/media\/5919"}],"wp:attachment":[{"href":"https:\/\/www.encontrabelavista.com.br\/avenida-paulista\/wp-json\/wp\/v2\/media?parent=5920"}],"wp:term":[{"taxonomy":"category","embeddable":true,"href":"https:\/\/www.encontrabelavista.com.br\/avenida-paulista\/wp-json\/wp\/v2\/categories?post=5920"},{"taxonomy":"post_tag","embeddable":true,"href":"https:\/\/www.encontrabelavista.com.br\/avenida-paulista\/wp-json\/wp\/v2\/tags?post=5920"}],"curies":[{"name":"wp","href":"https:\/\/api.w.org\/{rel}","templated":true}]}}