{"id":5968,"date":"2026-02-22T12:44:43","date_gmt":"2026-02-22T15:44:43","guid":{"rendered":"https:\/\/www.encontrabelavista.com.br\/avenida-paulista\/ato-pela-anistia-em-sp-saiba-como-sera-a-mobilizacao\/"},"modified":"2026-02-22T12:44:43","modified_gmt":"2026-02-22T15:44:43","slug":"ato-pela-anistia-em-sp-saiba-como-sera-a-mobilizacao","status":"publish","type":"post","link":"https:\/\/www.encontrabelavista.com.br\/avenida-paulista\/ato-pela-anistia-em-sp-saiba-como-sera-a-mobilizacao\/","title":{"rendered":"Ato pela anistia em SP: saiba como ser\u00e1 a mobiliza\u00e7\u00e3o"},"content":{"rendered":"<h2>A chegada do movimento Acorda Brasil em SP<\/h2>\n<p>O movimento Acorda Brasil, ap\u00f3s completar um percurso significativo de 180 km no Paran\u00e1, agora se dirige para S\u00e3o Paulo. Essa nova etapa visa organizar atos di\u00e1rios na Avenida Paulista, potencializando a mobiliza\u00e7\u00e3o rumo \u00e0 manifesta\u00e7\u00e3o planejada para o dia 1\u00ba de mar\u00e7o. Este movimento \u00e9 uma tentativa de unir apoiadores e criar um ambiente prop\u00edcio para protestos efetivos contra as diretrizes do governo federal e a atua\u00e7\u00e3o do STF.<\/p>\n<h2>Objetivos da mobiliza\u00e7\u00e3o pela anistia<\/h2>\n<p>O principal objetivo do movimento Acorda Brasil \u00e9 a defesa da anistia para aqueles que foram condenados pelos eventos ocorridos no dia 8 de janeiro, incluindo figuras centrais como o ex-presidente Jair Bolsonaro. Al\u00e9m disso, o grupo constata cr\u00edticas a decis\u00f5es do STF e busca promover discuss\u00f5es sobre quest\u00f5es econ\u00f4micas profundamente sentidas pela popula\u00e7\u00e3o, como a carga tribut\u00e1ria considerada excessiva. Essa mobiliza\u00e7\u00e3o se coloca tamb\u00e9m como um preparativo para as elei\u00e7\u00f5es de 2026, propondo uma renova\u00e7\u00e3o conservadora no Senado Federal.<\/p>\n<h2>A import\u00e2ncia dos atos na Avenida Paulista<\/h2>\n<p>A Avenida Paulista, um dos principais pontos de concentra\u00e7\u00e3o e protesto em S\u00e3o Paulo, servir\u00e1 como palco fundamental para as atividades do movimento. Ao inv\u00e9s de marchas pelas rodovias, a estrat\u00e9gia se foca em concentrar os esfor\u00e7os em um local fixo, promovendo vig\u00edlias e diversas atividades que aumentam a visibilidade do movimento. Com eventos programados diariamente entre 10h e 20h, as atividades na Paulista s\u00e3o vistas como essenciais para manter a aten\u00e7\u00e3o nas pautas defendidas pelo movimento at\u00e9 culminar no ato de mar\u00e7o.<\/p>\n<p><img decoding=\"async\" src=\"https:\/\/www.encontrabelavista.com.br\/avenida-paulista\/wp-content\/uploads\/2026\/02\/ato-pela-anistia-em-sp-saiba-como-sera-a-mobilizacao.webp\" alt=\"mobiliza\u00e7\u00e3o pela anistia\" loading=\"lazy\" \/><\/p>\n<h2>Como a mobiliza\u00e7\u00e3o se diferencia de outras protestos<\/h2>\n<p>Diferentemente de outras manifesta\u00e7\u00f5es que ocorrem em S\u00e3o Paulo, o Acorda Brasil adota uma abordagem mais constante e concentrada. A mudan\u00e7a na estrat\u00e9gia, ao inv\u00e9s de realizar caminhadas extensas, foca em eventos fixos facilitando a participa\u00e7\u00e3o cont\u00ednua da comunidade. Isso contrasta com movimentos anteriores que podem ter enfrentado desafios log\u00edsticos e de engajamento cont\u00ednuo. Assim, a mobiliza\u00e7\u00e3o fortalece seu poder de atra\u00e7\u00e3o di\u00e1ria, incentivando novos adeptos a se juntar \u00e0 causa.<\/p>\n<h2>A agenda e estrat\u00e9gias do movimento em S\u00e3o Paulo<\/h2>\n<p>A organiza\u00e7\u00e3o do movimento delineou uma variedade de estrat\u00e9gias para manter o engajamento do p\u00fablico. O que antes era uma marcha, agora apresenta um formato que inclui vig\u00edlias, distribui\u00e7\u00e3o de materiais informativos e sinaliza\u00e7\u00f5es sonoras (buzina\u00e7os). Essas a\u00e7\u00f5es visam manter uma presen\u00e7a constante e vis\u00edvel na Paulista, criando assim uma repeti\u00e7\u00e3o que se espera criar um sentimento de unidade e urg\u00eancia entre os apoiadores. Essa cont\u00ednua presen\u00e7a refor\u00e7a a import\u00e2ncia das pautas em discuss\u00e3o e aumenta a press\u00e3o sobre as autoridades.<\/p>\n<h2>Percep\u00e7\u00f5es do p\u00fablico sobre a anistia<\/h2>\n<p>As percep\u00e7\u00f5es sobre a anistia dentro da sociedade s\u00e3o variadas. Para muitos, a anistia \u00e9 vista como uma via de reconcilia\u00e7\u00e3o e uma forma de reparar injusti\u00e7as percebidas. Por outro lado, h\u00e1 cr\u00edticas de que a anistia poderia encorajar a\u00e7\u00f5es similares no futuro. A complexidade do debate se reflete na diversidade de opini\u00f5es, gerando discuss\u00f5es acaloradas e, em muitos casos, polariza\u00e7\u00e3o entre os grupos sociais. O movimento procura dialogar com ambas as partes, enfatizando que suas inten\u00e7\u00f5es s\u00e3o de promover um ambiente de paz e estabilidade.<\/p>\n<h2>Lideran\u00e7as e figuras importantes na mobiliza\u00e7\u00e3o<\/h2>\n<p>A coordena\u00e7\u00e3o do movimento conta com a participa\u00e7\u00e3o de figuras not\u00e1veis, como o deputado Nikolas Ferreira, que inspirou a caminha, e outros l\u00edderes como Delegado Tito Barichello e Cristina Graeml. Em S\u00e3o Paulo, o deputado Tom\u00e9 Abduch e o palestrante Pedro Poncio est\u00e3o \u00e0 frente, fazendo a entrega simb\u00f3lica das bandeiras que representam seus objetivos. A presen\u00e7a destas lideran\u00e7as \u00e9 vista como fundamental para mobilizar apoiadores e trazer legitimidade ao movimento.<\/p>\n<h2>A manifesta\u00e7\u00e3o nacional de 1\u00ba de mar\u00e7o<\/h2>\n<p>O \u00e1pice das atividades programadas ocorrer\u00e1 no dia 1\u00ba de mar\u00e7o, com uma grande manifesta\u00e7\u00e3o marcada para acontecer na Avenida Paulista, \u00e0s 14h. Espera-se que esse evento re\u00fana uma quantidade significativa de manifestantes de diferentes estados do pa\u00eds, simbolizando a uni\u00e3o de v\u00e1rias mobiliza\u00e7\u00f5es que ocorreram anteriormente no Sul e Centro-Oeste. O foco estar\u00e1 em protestar contra os ministros do STF e o atual presidente, tornando a manifesta\u00e7\u00e3o um marco importante na luta pela anistia e contra a judicializa\u00e7\u00e3o da pol\u00edtica.<\/p>\n<h2>Conex\u00f5es entre a mobiliza\u00e7\u00e3o e as elei\u00e7\u00f5es de 2026<\/h2>\n<p>A mobiliza\u00e7\u00e3o pela anistia n\u00e3o se restringe apenas a uma luta imediata, mas tamb\u00e9m est\u00e1 inserida em um panorama mais amplo que conecta as pol\u00edticas atuais \u00e0s elei\u00e7\u00f5es de 2026. O movimento busca influenciar a forma\u00e7\u00e3o de um cen\u00e1rio pol\u00edtico que favore\u00e7a uma renova\u00e7\u00e3o conservadora no senado. Esse alinhamento de objetivos reflete uma estrat\u00e9gia de m\u00e9dio a longo prazo, onde os organizadores vislumbram criar um campo de apoio mais forte para seus candidatos nas pr\u00f3ximas elei\u00e7\u00f5es, estabelecendo assim um legado que ultrapassa a mobiliza\u00e7\u00e3o atual.<\/p>\n<h2>O impacto nas discuss\u00f5es pol\u00edticas atuais<\/h2>\n<p>A mobiliza\u00e7\u00e3o tem um impacto significativo nas discuss\u00f5es pol\u00edticas contempor\u00e2neas. Ao trazer \u00e0 tona demandas por anistia e criticar diretamente a atua\u00e7\u00e3o do Judici\u00e1rio, o movimento altera a din\u00e2mica dos debates pol\u00edticos convencionais. Essa press\u00e3o p\u00fablica pode influenciar a maneira como as decis\u00f5es judiciais s\u00e3o percebidas e abordadas por legisladores e outros atores pol\u00edticos. O movimento tamb\u00e9m promove um di\u00e1logo mais amplo sobre o papel da justi\u00e7a e da pol\u00edtica no Brasil, questionando as atuais estruturas de poder.<\/p>\n","protected":false},"excerpt":{"rendered":"<p>A mobiliza\u00e7\u00e3o pela anistia em SP promete ser impactante e tem ganhado for\u00e7a na Avenida Paulista.<\/p>\n","protected":false},"author":1,"featured_media":5967,"comment_status":"open","ping_status":"","sticky":false,"template":"","format":"standard","meta":{"footnotes":""},"categories":[5],"tags":[],"class_list":["post-5968","post","type-post","status-publish","format-standard","has-post-thumbnail","hentry","category-noticias","has_thumb"],"yoast_head":"<!-- This site is optimized with the Yoast SEO plugin v26.4 - https:\/\/yoast.com\/wordpress\/plugins\/seo\/ -->\n<title>Ato pela anistia em SP: saiba como ser\u00e1 a mobiliza\u00e7\u00e3o - Encontra Avenida Paulista<\/title>\n<meta name=\"robots\" content=\"index, follow, max-snippet:-1, max-image-preview:large, max-video-preview:-1\" \/>\n<link rel=\"canonical\" href=\"https:\/\/www.encontrabelavista.com.br\/avenida-paulista\/ato-pela-anistia-em-sp-saiba-como-sera-a-mobilizacao\/\" \/>\n<meta property=\"og:locale\" content=\"pt_BR\" \/>\n<meta property=\"og:type\" content=\"article\" \/>\n<meta property=\"og:title\" content=\"Ato pela anistia em SP: saiba como ser\u00e1 a mobiliza\u00e7\u00e3o - Encontra Avenida Paulista\" \/>\n<meta property=\"og:description\" content=\"A mobiliza\u00e7\u00e3o pela anistia em SP promete ser impactante e tem ganhado for\u00e7a na Avenida Paulista.\" \/>\n<meta property=\"og:url\" content=\"https:\/\/www.encontrabelavista.com.br\/avenida-paulista\/ato-pela-anistia-em-sp-saiba-como-sera-a-mobilizacao\/\" \/>\n<meta property=\"og:site_name\" content=\"Encontra Avenida Paulista\" \/>\n<meta property=\"article:published_time\" content=\"2026-02-22T15:44:43+00:00\" \/>\n<meta property=\"og:image\" content=\"https:\/\/www.encontrabelavista.com.br\/avenida-paulista\/wp-content\/uploads\/2026\/02\/ato-pela-anistia-em-sp-saiba-como-sera-a-mobilizacao.webp\" \/>\n<meta name=\"author\" content=\"Encontra Avenida Paulista\" \/>\n<meta name=\"twitter:card\" content=\"summary_large_image\" \/>\n<meta name=\"twitter:label1\" content=\"Escrito por\" \/>\n\t<meta name=\"twitter:data1\" content=\"Encontra Avenida Paulista\" \/>\n\t<meta name=\"twitter:label2\" content=\"Est. tempo de leitura\" \/>\n\t<meta name=\"twitter:data2\" content=\"5 minutos\" \/>\n<script type=\"application\/ld+json\" class=\"yoast-schema-graph\">{\"@context\":\"https:\/\/schema.org\",\"@graph\":[{\"@type\":\"WebPage\",\"@id\":\"https:\/\/www.encontrabelavista.com.br\/avenida-paulista\/ato-pela-anistia-em-sp-saiba-como-sera-a-mobilizacao\/\",\"url\":\"https:\/\/www.encontrabelavista.com.br\/avenida-paulista\/ato-pela-anistia-em-sp-saiba-como-sera-a-mobilizacao\/\",\"name\":\"Ato pela anistia em SP: saiba como ser\u00e1 a mobiliza\u00e7\u00e3o - Encontra Avenida Paulista\",\"isPartOf\":{\"@id\":\"https:\/\/www.encontrabelavista.com.br\/avenida-paulista\/#website\"},\"primaryImageOfPage\":{\"@id\":\"https:\/\/www.encontrabelavista.com.br\/avenida-paulista\/ato-pela-anistia-em-sp-saiba-como-sera-a-mobilizacao\/#primaryimage\"},\"image\":{\"@id\":\"https:\/\/www.encontrabelavista.com.br\/avenida-paulista\/ato-pela-anistia-em-sp-saiba-como-sera-a-mobilizacao\/#primaryimage\"},\"thumbnailUrl\":\"https:\/\/www.encontrabelavista.com.br\/avenida-paulista\/wp-content\/uploads\/2026\/02\/ato-pela-anistia-em-sp-saiba-como-sera-a-mobilizacao.webp\",\"datePublished\":\"2026-02-22T15:44:43+00:00\",\"author\":{\"@id\":\"https:\/\/www.encontrabelavista.com.br\/avenida-paulista\/#\/schema\/person\/63c71a69a5879155285aa7cf79ec3e40\"},\"breadcrumb\":{\"@id\":\"https:\/\/www.encontrabelavista.com.br\/avenida-paulista\/ato-pela-anistia-em-sp-saiba-como-sera-a-mobilizacao\/#breadcrumb\"},\"inLanguage\":\"pt-BR\",\"potentialAction\":[{\"@type\":\"ReadAction\",\"target\":[\"https:\/\/www.encontrabelavista.com.br\/avenida-paulista\/ato-pela-anistia-em-sp-saiba-como-sera-a-mobilizacao\/\"]}]},{\"@type\":\"ImageObject\",\"inLanguage\":\"pt-BR\",\"@id\":\"https:\/\/www.encontrabelavista.com.br\/avenida-paulista\/ato-pela-anistia-em-sp-saiba-como-sera-a-mobilizacao\/#primaryimage\",\"url\":\"https:\/\/www.encontrabelavista.com.br\/avenida-paulista\/wp-content\/uploads\/2026\/02\/ato-pela-anistia-em-sp-saiba-como-sera-a-mobilizacao.webp\",\"contentUrl\":\"https:\/\/www.encontrabelavista.com.br\/avenida-paulista\/wp-content\/uploads\/2026\/02\/ato-pela-anistia-em-sp-saiba-como-sera-a-mobilizacao.webp\",\"width\":280,\"height\":280,\"caption\":\"mobiliza\u00e7\u00e3o pela anistia\"},{\"@type\":\"BreadcrumbList\",\"@id\":\"https:\/\/www.encontrabelavista.com.br\/avenida-paulista\/ato-pela-anistia-em-sp-saiba-como-sera-a-mobilizacao\/#breadcrumb\",\"itemListElement\":[{\"@type\":\"ListItem\",\"position\":1,\"name\":\"In\u00edcio\",\"item\":\"https:\/\/www.encontrabelavista.com.br\/avenida-paulista\/\"},{\"@type\":\"ListItem\",\"position\":2,\"name\":\"Ato pela anistia em SP: saiba como ser\u00e1 a mobiliza\u00e7\u00e3o\"}]},{\"@type\":\"WebSite\",\"@id\":\"https:\/\/www.encontrabelavista.com.br\/avenida-paulista\/#website\",\"url\":\"https:\/\/www.encontrabelavista.com.br\/avenida-paulista\/\",\"name\":\"Encontra Avenida Paulista\",\"description\":\"ENCONTRA AVENIDA PAULISTA - O guia comercial de neg\u00f3cios e empresas, cultura e divers\u00e3o na Avenida Paulista. Feito 100% para voc\u00ea morador!\",\"potentialAction\":[{\"@type\":\"SearchAction\",\"target\":{\"@type\":\"EntryPoint\",\"urlTemplate\":\"https:\/\/www.encontrabelavista.com.br\/avenida-paulista\/?s={search_term_string}\"},\"query-input\":{\"@type\":\"PropertyValueSpecification\",\"valueRequired\":true,\"valueName\":\"search_term_string\"}}],\"inLanguage\":\"pt-BR\"},{\"@type\":\"Person\",\"@id\":\"https:\/\/www.encontrabelavista.com.br\/avenida-paulista\/#\/schema\/person\/63c71a69a5879155285aa7cf79ec3e40\",\"name\":\"Encontra Avenida Paulista\",\"image\":{\"@type\":\"ImageObject\",\"inLanguage\":\"pt-BR\",\"@id\":\"https:\/\/www.encontrabelavista.com.br\/avenida-paulista\/#\/schema\/person\/image\/\",\"url\":\"https:\/\/secure.gravatar.com\/avatar\/c50c17820bcf322f0a8fd6b110b8c0918141409dc69076470f6fca5fee70a5d4?s=96&d=mm&r=g\",\"contentUrl\":\"https:\/\/secure.gravatar.com\/avatar\/c50c17820bcf322f0a8fd6b110b8c0918141409dc69076470f6fca5fee70a5d4?s=96&d=mm&r=g\",\"caption\":\"Encontra Avenida Paulista\"},\"url\":\"https:\/\/www.encontrabelavista.com.br\/avenida-paulista\/author\/encontraavenidapaulista\/\"}]}<\/script>\n<!-- \/ Yoast SEO plugin. -->","yoast_head_json":{"title":"Ato pela anistia em SP: saiba como ser\u00e1 a mobiliza\u00e7\u00e3o - Encontra Avenida Paulista","robots":{"index":"index","follow":"follow","max-snippet":"max-snippet:-1","max-image-preview":"max-image-preview:large","max-video-preview":"max-video-preview:-1"},"canonical":"https:\/\/www.encontrabelavista.com.br\/avenida-paulista\/ato-pela-anistia-em-sp-saiba-como-sera-a-mobilizacao\/","og_locale":"pt_BR","og_type":"article","og_title":"Ato pela anistia em SP: saiba como ser\u00e1 a mobiliza\u00e7\u00e3o - Encontra Avenida Paulista","og_description":"A mobiliza\u00e7\u00e3o pela anistia em SP promete ser impactante e tem ganhado for\u00e7a na Avenida Paulista.","og_url":"https:\/\/www.encontrabelavista.com.br\/avenida-paulista\/ato-pela-anistia-em-sp-saiba-como-sera-a-mobilizacao\/","og_site_name":"Encontra Avenida Paulista","article_published_time":"2026-02-22T15:44:43+00:00","og_image":[{"url":"https:\/\/www.encontrabelavista.com.br\/avenida-paulista\/wp-content\/uploads\/2026\/02\/ato-pela-anistia-em-sp-saiba-como-sera-a-mobilizacao.webp","type":"","width":"","height":""}],"author":"Encontra Avenida Paulista","twitter_card":"summary_large_image","twitter_misc":{"Escrito por":"Encontra Avenida Paulista","Est. tempo de leitura":"5 minutos"},"schema":{"@context":"https:\/\/schema.org","@graph":[{"@type":"WebPage","@id":"https:\/\/www.encontrabelavista.com.br\/avenida-paulista\/ato-pela-anistia-em-sp-saiba-como-sera-a-mobilizacao\/","url":"https:\/\/www.encontrabelavista.com.br\/avenida-paulista\/ato-pela-anistia-em-sp-saiba-como-sera-a-mobilizacao\/","name":"Ato pela anistia em SP: saiba como ser\u00e1 a mobiliza\u00e7\u00e3o - Encontra Avenida Paulista","isPartOf":{"@id":"https:\/\/www.encontrabelavista.com.br\/avenida-paulista\/#website"},"primaryImageOfPage":{"@id":"https:\/\/www.encontrabelavista.com.br\/avenida-paulista\/ato-pela-anistia-em-sp-saiba-como-sera-a-mobilizacao\/#primaryimage"},"image":{"@id":"https:\/\/www.encontrabelavista.com.br\/avenida-paulista\/ato-pela-anistia-em-sp-saiba-como-sera-a-mobilizacao\/#primaryimage"},"thumbnailUrl":"https:\/\/www.encontrabelavista.com.br\/avenida-paulista\/wp-content\/uploads\/2026\/02\/ato-pela-anistia-em-sp-saiba-como-sera-a-mobilizacao.webp","datePublished":"2026-02-22T15:44:43+00:00","author":{"@id":"https:\/\/www.encontrabelavista.com.br\/avenida-paulista\/#\/schema\/person\/63c71a69a5879155285aa7cf79ec3e40"},"breadcrumb":{"@id":"https:\/\/www.encontrabelavista.com.br\/avenida-paulista\/ato-pela-anistia-em-sp-saiba-como-sera-a-mobilizacao\/#breadcrumb"},"inLanguage":"pt-BR","potentialAction":[{"@type":"ReadAction","target":["https:\/\/www.encontrabelavista.com.br\/avenida-paulista\/ato-pela-anistia-em-sp-saiba-como-sera-a-mobilizacao\/"]}]},{"@type":"ImageObject","inLanguage":"pt-BR","@id":"https:\/\/www.encontrabelavista.com.br\/avenida-paulista\/ato-pela-anistia-em-sp-saiba-como-sera-a-mobilizacao\/#primaryimage","url":"https:\/\/www.encontrabelavista.com.br\/avenida-paulista\/wp-content\/uploads\/2026\/02\/ato-pela-anistia-em-sp-saiba-como-sera-a-mobilizacao.webp","contentUrl":"https:\/\/www.encontrabelavista.com.br\/avenida-paulista\/wp-content\/uploads\/2026\/02\/ato-pela-anistia-em-sp-saiba-como-sera-a-mobilizacao.webp","width":280,"height":280,"caption":"mobiliza\u00e7\u00e3o pela anistia"},{"@type":"BreadcrumbList","@id":"https:\/\/www.encontrabelavista.com.br\/avenida-paulista\/ato-pela-anistia-em-sp-saiba-como-sera-a-mobilizacao\/#breadcrumb","itemListElement":[{"@type":"ListItem","position":1,"name":"In\u00edcio","item":"https:\/\/www.encontrabelavista.com.br\/avenida-paulista\/"},{"@type":"ListItem","position":2,"name":"Ato pela anistia em SP: saiba como ser\u00e1 a mobiliza\u00e7\u00e3o"}]},{"@type":"WebSite","@id":"https:\/\/www.encontrabelavista.com.br\/avenida-paulista\/#website","url":"https:\/\/www.encontrabelavista.com.br\/avenida-paulista\/","name":"Encontra Avenida Paulista","description":"ENCONTRA AVENIDA PAULISTA - O guia comercial de neg\u00f3cios e empresas, cultura e divers\u00e3o na Avenida Paulista. Feito 100% para voc\u00ea morador!","potentialAction":[{"@type":"SearchAction","target":{"@type":"EntryPoint","urlTemplate":"https:\/\/www.encontrabelavista.com.br\/avenida-paulista\/?s={search_term_string}"},"query-input":{"@type":"PropertyValueSpecification","valueRequired":true,"valueName":"search_term_string"}}],"inLanguage":"pt-BR"},{"@type":"Person","@id":"https:\/\/www.encontrabelavista.com.br\/avenida-paulista\/#\/schema\/person\/63c71a69a5879155285aa7cf79ec3e40","name":"Encontra Avenida Paulista","image":{"@type":"ImageObject","inLanguage":"pt-BR","@id":"https:\/\/www.encontrabelavista.com.br\/avenida-paulista\/#\/schema\/person\/image\/","url":"https:\/\/secure.gravatar.com\/avatar\/c50c17820bcf322f0a8fd6b110b8c0918141409dc69076470f6fca5fee70a5d4?s=96&d=mm&r=g","contentUrl":"https:\/\/secure.gravatar.com\/avatar\/c50c17820bcf322f0a8fd6b110b8c0918141409dc69076470f6fca5fee70a5d4?s=96&d=mm&r=g","caption":"Encontra Avenida Paulista"},"url":"https:\/\/www.encontrabelavista.com.br\/avenida-paulista\/author\/encontraavenidapaulista\/"}]}},"_links":{"self":[{"href":"https:\/\/www.encontrabelavista.com.br\/avenida-paulista\/wp-json\/wp\/v2\/posts\/5968","targetHints":{"allow":["GET"]}}],"collection":[{"href":"https:\/\/www.encontrabelavista.com.br\/avenida-paulista\/wp-json\/wp\/v2\/posts"}],"about":[{"href":"https:\/\/www.encontrabelavista.com.br\/avenida-paulista\/wp-json\/wp\/v2\/types\/post"}],"author":[{"embeddable":true,"href":"https:\/\/www.encontrabelavista.com.br\/avenida-paulista\/wp-json\/wp\/v2\/users\/1"}],"replies":[{"embeddable":true,"href":"https:\/\/www.encontrabelavista.com.br\/avenida-paulista\/wp-json\/wp\/v2\/comments?post=5968"}],"version-history":[{"count":0,"href":"https:\/\/www.encontrabelavista.com.br\/avenida-paulista\/wp-json\/wp\/v2\/posts\/5968\/revisions"}],"wp:featuredmedia":[{"embeddable":true,"href":"https:\/\/www.encontrabelavista.com.br\/avenida-paulista\/wp-json\/wp\/v2\/media\/5967"}],"wp:attachment":[{"href":"https:\/\/www.encontrabelavista.com.br\/avenida-paulista\/wp-json\/wp\/v2\/media?parent=5968"}],"wp:term":[{"taxonomy":"category","embeddable":true,"href":"https:\/\/www.encontrabelavista.com.br\/avenida-paulista\/wp-json\/wp\/v2\/categories?post=5968"},{"taxonomy":"post_tag","embeddable":true,"href":"https:\/\/www.encontrabelavista.com.br\/avenida-paulista\/wp-json\/wp\/v2\/tags?post=5968"}],"curies":[{"name":"wp","href":"https:\/\/api.w.org\/{rel}","templated":true}]}}