{"id":6166,"date":"2026-04-20T12:30:24","date_gmt":"2026-04-20T15:30:24","guid":{"rendered":"https:\/\/www.encontrabelavista.com.br\/avenida-paulista\/fim-da-escala-6x1-mobiliza-milhares-de-pessoas-em-sao-paulo\/"},"modified":"2026-04-20T12:30:24","modified_gmt":"2026-04-20T15:30:24","slug":"fim-da-escala-6x1-mobiliza-milhares-de-pessoas-em-sao-paulo","status":"publish","type":"post","link":"https:\/\/www.encontrabelavista.com.br\/avenida-paulista\/fim-da-escala-6x1-mobiliza-milhares-de-pessoas-em-sao-paulo\/","title":{"rendered":"Fim da escala 6\u00d71 mobiliza milhares de pessoas em S\u00e3o Paulo"},"content":{"rendered":"<h2>Contexto da Mobiliza\u00e7\u00e3o em S\u00e3o Paulo<\/h2>\n<p>No dia 15 de abril de 2026, milhares de pessoas se reuniram em S\u00e3o Paulo para protestar contra a escala de trabalho 6\u00d71, que requer que os trabalhadores atuem seis dias por semana em regime de um dia de folga. Este ato foi parte de um movimento maior que englobou tamb\u00e9m mobiliza\u00e7\u00f5es em Bras\u00edlia, refletindo uma crescente insatisfa\u00e7\u00e3o com as condi\u00e7\u00f5es de trabalho atuais. A Avenida Paulista foi o cen\u00e1rio escolhido para essa manifesta\u00e7\u00e3o, onde os participantes carregaram cartazes exigindo mudan\u00e7as significativas nas leis trabalhistas.<\/p>\n<h2>O Que \u00c9 a Escala 6\u00d71?<\/h2>\n<p>A escala 6\u00d71 implica que os trabalhadores atuam por seis dias consecutivos com apenas um dia de descanso. Esta forma de organiza\u00e7\u00e3o do trabalho \u00e9 criticada por muitos, que alegam que prejudica a qualidade de vida dos profissionais, limitando seu tempo livre e dificultando o equil\u00edbrio entre a vida pessoal e profissional. Os opositores dessa pr\u00e1tica apontam para a necessidade de uma jornada de trabalho mais humana e equilibrada, refor\u00e7ando o argumento de que a sa\u00fade e o bem-estar dos trabalhadores devem ser priorizados.<\/p>\n<h2>Reivindica\u00e7\u00f5es dos Manifestantes<\/h2>\n<p>Os participantes da manifesta\u00e7\u00e3o em S\u00e3o Paulo deixaram claro que suas demandas v\u00e3o al\u00e9m do simples cancelamento da escala 6\u00d71. Entre as principais reivindica\u00e7\u00f5es, destacam-se:<\/p>\n<p><img decoding=\"async\" src=\"https:\/\/www.encontrabelavista.com.br\/avenida-paulista\/wp-content\/uploads\/2026\/04\/fim-da-escala-6-1-mobiliza-milhares-de-pessoas-em-sao-paulo.webp\" alt=\"fim da escala 6\u00d71\" loading=\"lazy\" \/><\/p>\n<ul>\n<li><strong>Aprova\u00e7\u00e3o de Projetos de Lei:<\/strong> Exigiram a aprova\u00e7\u00e3o de propostas que buscam reduzir a jornada de trabalho, garantindo uma estrutura mais justa.<\/li>\n<li><strong>Melhoria nas Condi\u00e7\u00f5es de Trabalho:<\/strong> Pediram tamb\u00e9m condi\u00e7\u00f5es de trabalho mais justas e que priorizem a sa\u00fade e seguran\u00e7a dos trabalhadores.<\/li>\n<li><strong>Fortalecimento do Movimento Sindical:<\/strong> Refor\u00e7aram a import\u00e2ncia de uma organiza\u00e7\u00e3o sindical forte, capaz de proteger os direitos dos trabalhadores e negociar melhores condi\u00e7\u00f5es.<\/li>\n<\/ul>\n<h2>Impacto das Mobiliza\u00e7\u00f5es em Bras\u00edlia<\/h2>\n<p>Al\u00e9m da mobiliza\u00e7\u00e3o em S\u00e3o Paulo, houve tamb\u00e9m um grande ato em Bras\u00edlia, onde milhares de trabalhadores se uniram para expressar suas preocupa\u00e7\u00f5es e reivindica\u00e7\u00f5es. A visibilidade dessas manifesta\u00e7\u00f5es teve um impacto significativo nas discuss\u00f5es pol\u00edticas em andamento, especialmente nas comiss\u00f5es do Congresso Nacional que avaliam propostas de altera\u00e7\u00e3o na legisla\u00e7\u00e3o trabalhista.<\/p>\n<h2>An\u00e1lise das Propostas de Emenda \u00e0 Constitui\u00e7\u00e3o<\/h2>\n<p>Durante o protesto, foi mencionado que o deputado Paulo Azi (Uni\u00e3o-BA) apresentou um relat\u00f3rio favor\u00e1vel na Comiss\u00e3o de Constitui\u00e7\u00e3o e Justi\u00e7a (CCJ) da C\u00e2mara dos Deputados. Este relat\u00f3rio diz respeito \u00e0s Propostas de Emenda \u00e0 Constitui\u00e7\u00e3o (PECs) que visam \u00e0 redu\u00e7\u00e3o da jornada semanal de trabalho, com propostas variando de uma redu\u00e7\u00e3o para quatro dias de trabalho por semana at\u00e9 a diminui\u00e7\u00e3o da carga de 44 horas para 40 horas semanais.<\/p>\n<h2>A Resposta do Congresso Nacional<\/h2>\n<p>Enquanto debates sobre as PECs est\u00e3o em andamento, alguns deputados pediram mais tempo para analisar as propostas, resultando no adiamento da vota\u00e7\u00e3o da PEC 221 de 2019, que prop\u00f5e a extin\u00e7\u00e3o da escala 6\u00d71 e a redu\u00e7\u00e3o da carga hor\u00e1ria. Esta situa\u00e7\u00e3o gerou frustra\u00e7\u00e3o entre os manifestantes, que exigem agilidade nas decis\u00f5es que afetam diretamente suas vidas.<\/p>\n<h2>Posi\u00e7\u00e3o do Presidente Luiz In\u00e1cio Lula da Silva<\/h2>\n<p>O presidente Luiz In\u00e1cio Lula da Silva tamb\u00e9m demonstrou disposi\u00e7\u00e3o para apoiar a extin\u00e7\u00e3o da escala 6\u00d71, apresentando um projeto de lei que visa estabelecer uma jornada de trabalho de 40 horas semanais. Em uma declara\u00e7\u00e3o em suas redes sociais, Lula ressaltou a import\u00e2ncia de proporcionar mais qualidade de vida aos trabalhadores, permitindo que eles desfrutem de mais tempo com suas fam\u00edlias e se dediquem a atividades de lazer.<\/p>\n<h2>A Import\u00e2ncia do Movimento Sindical<\/h2>\n<p>O movimento sindical tem um papel central na luta por direitos trabalhistas mais justos. A mobiliza\u00e7\u00e3o na Avenida Paulista e em Bras\u00edlia demonstrou a for\u00e7a e a uni\u00e3o entre os trabalhadores, essencial para pressionar por mudan\u00e7as concretas nas leis trabalhistas. Os sindicatos n\u00e3o apenas representam a classe trabalhadora, mas tamb\u00e9m s\u00e3o fundamentais na articula\u00e7\u00e3o de propostas que visem garantir direitos e dignidade aos trabalhadores.<\/p>\n<h2>Perspectivas para o Futuro do Trabalho<\/h2>\n<p>Com as mobiliza\u00e7\u00f5es crescendo em intensidade, os trabalhadores brasileiros est\u00e3o mudando a narrativa sobre a jornada de trabalho. A perspectiva para o futuro do trabalho no Brasil parece se moldar em torno de uma busca por maior equil\u00edbrio entre vida pessoal e profissional, onde a valoriza\u00e7\u00e3o do ser humano ser\u00e1 colocada em primeiro plano. A luta pela revis\u00e3o da escala 6\u00d71 pode representar um ponto de virada nas rela\u00e7\u00f5es de trabalho no pa\u00eds.<\/p>\n<h2>Como a Sociedade Pode Apoiar<\/h2>\n<p>A sociedade tem um papel importante no suporte a essa causa. A solidariedade para com os trabalhadores \u00e9 essencial para fortalecer as demandas por mudan\u00e7as justas. Al\u00e9m disso, o engajamento em discuss\u00f5es sociais e pol\u00edticas, a participa\u00e7\u00e3o em mobiliza\u00e7\u00f5es, e a promo\u00e7\u00e3o do di\u00e1logo sobre os direitos trabalhistas s\u00e3o formas pr\u00e1ticas de ajudar na constru\u00e7\u00e3o de um futuro mais justo e equilibrado para todos os trabalhadores.<\/p>\n","protected":false},"excerpt":{"rendered":"<p>A mobiliza\u00e7\u00e3o pelo fim da escala 6\u00d71 levou milhares \u00e0s ruas em S\u00e3o Paulo.<\/p>\n","protected":false},"author":1,"featured_media":6165,"comment_status":"open","ping_status":"","sticky":false,"template":"","format":"standard","meta":{"footnotes":""},"categories":[5],"tags":[],"class_list":["post-6166","post","type-post","status-publish","format-standard","has-post-thumbnail","hentry","category-noticias","has_thumb"],"yoast_head":"<!-- This site is optimized with the Yoast SEO plugin v26.4 - https:\/\/yoast.com\/wordpress\/plugins\/seo\/ -->\n<title>Fim da escala 6\u00d71 mobiliza milhares de pessoas em S\u00e3o Paulo - Encontra Avenida Paulista<\/title>\n<meta name=\"robots\" content=\"index, follow, max-snippet:-1, max-image-preview:large, max-video-preview:-1\" \/>\n<link rel=\"canonical\" href=\"https:\/\/www.encontrabelavista.com.br\/avenida-paulista\/fim-da-escala-6x1-mobiliza-milhares-de-pessoas-em-sao-paulo\/\" \/>\n<meta property=\"og:locale\" content=\"pt_BR\" \/>\n<meta property=\"og:type\" content=\"article\" \/>\n<meta property=\"og:title\" content=\"Fim da escala 6\u00d71 mobiliza milhares de pessoas em S\u00e3o Paulo - Encontra Avenida Paulista\" \/>\n<meta property=\"og:description\" content=\"A mobiliza\u00e7\u00e3o pelo fim da escala 6\u00d71 levou milhares \u00e0s ruas em S\u00e3o Paulo.\" \/>\n<meta property=\"og:url\" content=\"https:\/\/www.encontrabelavista.com.br\/avenida-paulista\/fim-da-escala-6x1-mobiliza-milhares-de-pessoas-em-sao-paulo\/\" \/>\n<meta property=\"og:site_name\" content=\"Encontra Avenida Paulista\" \/>\n<meta property=\"article:published_time\" content=\"2026-04-20T15:30:24+00:00\" \/>\n<meta property=\"og:image\" content=\"https:\/\/www.encontrabelavista.com.br\/avenida-paulista\/wp-content\/uploads\/2026\/04\/fim-da-escala-6-1-mobiliza-milhares-de-pessoas-em-sao-paulo.webp\" \/>\n<meta name=\"author\" content=\"Encontra Avenida Paulista\" \/>\n<meta name=\"twitter:card\" content=\"summary_large_image\" \/>\n<meta name=\"twitter:label1\" content=\"Escrito por\" \/>\n\t<meta name=\"twitter:data1\" content=\"Encontra Avenida Paulista\" \/>\n\t<meta name=\"twitter:label2\" content=\"Est. tempo de leitura\" \/>\n\t<meta name=\"twitter:data2\" content=\"4 minutos\" \/>\n<script type=\"application\/ld+json\" class=\"yoast-schema-graph\">{\"@context\":\"https:\/\/schema.org\",\"@graph\":[{\"@type\":\"WebPage\",\"@id\":\"https:\/\/www.encontrabelavista.com.br\/avenida-paulista\/fim-da-escala-6x1-mobiliza-milhares-de-pessoas-em-sao-paulo\/\",\"url\":\"https:\/\/www.encontrabelavista.com.br\/avenida-paulista\/fim-da-escala-6x1-mobiliza-milhares-de-pessoas-em-sao-paulo\/\",\"name\":\"Fim da escala 6\u00d71 mobiliza milhares de pessoas em S\u00e3o Paulo - Encontra Avenida Paulista\",\"isPartOf\":{\"@id\":\"https:\/\/www.encontrabelavista.com.br\/avenida-paulista\/#website\"},\"primaryImageOfPage\":{\"@id\":\"https:\/\/www.encontrabelavista.com.br\/avenida-paulista\/fim-da-escala-6x1-mobiliza-milhares-de-pessoas-em-sao-paulo\/#primaryimage\"},\"image\":{\"@id\":\"https:\/\/www.encontrabelavista.com.br\/avenida-paulista\/fim-da-escala-6x1-mobiliza-milhares-de-pessoas-em-sao-paulo\/#primaryimage\"},\"thumbnailUrl\":\"https:\/\/www.encontrabelavista.com.br\/avenida-paulista\/wp-content\/uploads\/2026\/04\/fim-da-escala-6-1-mobiliza-milhares-de-pessoas-em-sao-paulo.webp\",\"datePublished\":\"2026-04-20T15:30:24+00:00\",\"author\":{\"@id\":\"https:\/\/www.encontrabelavista.com.br\/avenida-paulista\/#\/schema\/person\/63c71a69a5879155285aa7cf79ec3e40\"},\"breadcrumb\":{\"@id\":\"https:\/\/www.encontrabelavista.com.br\/avenida-paulista\/fim-da-escala-6x1-mobiliza-milhares-de-pessoas-em-sao-paulo\/#breadcrumb\"},\"inLanguage\":\"pt-BR\",\"potentialAction\":[{\"@type\":\"ReadAction\",\"target\":[\"https:\/\/www.encontrabelavista.com.br\/avenida-paulista\/fim-da-escala-6x1-mobiliza-milhares-de-pessoas-em-sao-paulo\/\"]}]},{\"@type\":\"ImageObject\",\"inLanguage\":\"pt-BR\",\"@id\":\"https:\/\/www.encontrabelavista.com.br\/avenida-paulista\/fim-da-escala-6x1-mobiliza-milhares-de-pessoas-em-sao-paulo\/#primaryimage\",\"url\":\"https:\/\/www.encontrabelavista.com.br\/avenida-paulista\/wp-content\/uploads\/2026\/04\/fim-da-escala-6-1-mobiliza-milhares-de-pessoas-em-sao-paulo.webp\",\"contentUrl\":\"https:\/\/www.encontrabelavista.com.br\/avenida-paulista\/wp-content\/uploads\/2026\/04\/fim-da-escala-6-1-mobiliza-milhares-de-pessoas-em-sao-paulo.webp\",\"width\":280,\"height\":280,\"caption\":\"fim da escala 6\u00d71\"},{\"@type\":\"BreadcrumbList\",\"@id\":\"https:\/\/www.encontrabelavista.com.br\/avenida-paulista\/fim-da-escala-6x1-mobiliza-milhares-de-pessoas-em-sao-paulo\/#breadcrumb\",\"itemListElement\":[{\"@type\":\"ListItem\",\"position\":1,\"name\":\"In\u00edcio\",\"item\":\"https:\/\/www.encontrabelavista.com.br\/avenida-paulista\/\"},{\"@type\":\"ListItem\",\"position\":2,\"name\":\"Fim da escala 6\u00d71 mobiliza milhares de pessoas em S\u00e3o Paulo\"}]},{\"@type\":\"WebSite\",\"@id\":\"https:\/\/www.encontrabelavista.com.br\/avenida-paulista\/#website\",\"url\":\"https:\/\/www.encontrabelavista.com.br\/avenida-paulista\/\",\"name\":\"Encontra Avenida Paulista\",\"description\":\"ENCONTRA AVENIDA PAULISTA - O guia comercial de neg\u00f3cios e empresas, cultura e divers\u00e3o na Avenida Paulista. Feito 100% para voc\u00ea morador!\",\"potentialAction\":[{\"@type\":\"SearchAction\",\"target\":{\"@type\":\"EntryPoint\",\"urlTemplate\":\"https:\/\/www.encontrabelavista.com.br\/avenida-paulista\/?s={search_term_string}\"},\"query-input\":{\"@type\":\"PropertyValueSpecification\",\"valueRequired\":true,\"valueName\":\"search_term_string\"}}],\"inLanguage\":\"pt-BR\"},{\"@type\":\"Person\",\"@id\":\"https:\/\/www.encontrabelavista.com.br\/avenida-paulista\/#\/schema\/person\/63c71a69a5879155285aa7cf79ec3e40\",\"name\":\"Encontra Avenida Paulista\",\"image\":{\"@type\":\"ImageObject\",\"inLanguage\":\"pt-BR\",\"@id\":\"https:\/\/www.encontrabelavista.com.br\/avenida-paulista\/#\/schema\/person\/image\/\",\"url\":\"https:\/\/secure.gravatar.com\/avatar\/c50c17820bcf322f0a8fd6b110b8c0918141409dc69076470f6fca5fee70a5d4?s=96&d=mm&r=g\",\"contentUrl\":\"https:\/\/secure.gravatar.com\/avatar\/c50c17820bcf322f0a8fd6b110b8c0918141409dc69076470f6fca5fee70a5d4?s=96&d=mm&r=g\",\"caption\":\"Encontra Avenida Paulista\"},\"url\":\"https:\/\/www.encontrabelavista.com.br\/avenida-paulista\/author\/encontraavenidapaulista\/\"}]}<\/script>\n<!-- \/ Yoast SEO plugin. -->","yoast_head_json":{"title":"Fim da escala 6\u00d71 mobiliza milhares de pessoas em S\u00e3o Paulo - Encontra Avenida Paulista","robots":{"index":"index","follow":"follow","max-snippet":"max-snippet:-1","max-image-preview":"max-image-preview:large","max-video-preview":"max-video-preview:-1"},"canonical":"https:\/\/www.encontrabelavista.com.br\/avenida-paulista\/fim-da-escala-6x1-mobiliza-milhares-de-pessoas-em-sao-paulo\/","og_locale":"pt_BR","og_type":"article","og_title":"Fim da escala 6\u00d71 mobiliza milhares de pessoas em S\u00e3o Paulo - Encontra Avenida Paulista","og_description":"A mobiliza\u00e7\u00e3o pelo fim da escala 6\u00d71 levou milhares \u00e0s ruas em S\u00e3o Paulo.","og_url":"https:\/\/www.encontrabelavista.com.br\/avenida-paulista\/fim-da-escala-6x1-mobiliza-milhares-de-pessoas-em-sao-paulo\/","og_site_name":"Encontra Avenida Paulista","article_published_time":"2026-04-20T15:30:24+00:00","og_image":[{"url":"https:\/\/www.encontrabelavista.com.br\/avenida-paulista\/wp-content\/uploads\/2026\/04\/fim-da-escala-6-1-mobiliza-milhares-de-pessoas-em-sao-paulo.webp","type":"","width":"","height":""}],"author":"Encontra Avenida Paulista","twitter_card":"summary_large_image","twitter_misc":{"Escrito por":"Encontra Avenida Paulista","Est. tempo de leitura":"4 minutos"},"schema":{"@context":"https:\/\/schema.org","@graph":[{"@type":"WebPage","@id":"https:\/\/www.encontrabelavista.com.br\/avenida-paulista\/fim-da-escala-6x1-mobiliza-milhares-de-pessoas-em-sao-paulo\/","url":"https:\/\/www.encontrabelavista.com.br\/avenida-paulista\/fim-da-escala-6x1-mobiliza-milhares-de-pessoas-em-sao-paulo\/","name":"Fim da escala 6\u00d71 mobiliza milhares de pessoas em S\u00e3o Paulo - Encontra Avenida Paulista","isPartOf":{"@id":"https:\/\/www.encontrabelavista.com.br\/avenida-paulista\/#website"},"primaryImageOfPage":{"@id":"https:\/\/www.encontrabelavista.com.br\/avenida-paulista\/fim-da-escala-6x1-mobiliza-milhares-de-pessoas-em-sao-paulo\/#primaryimage"},"image":{"@id":"https:\/\/www.encontrabelavista.com.br\/avenida-paulista\/fim-da-escala-6x1-mobiliza-milhares-de-pessoas-em-sao-paulo\/#primaryimage"},"thumbnailUrl":"https:\/\/www.encontrabelavista.com.br\/avenida-paulista\/wp-content\/uploads\/2026\/04\/fim-da-escala-6-1-mobiliza-milhares-de-pessoas-em-sao-paulo.webp","datePublished":"2026-04-20T15:30:24+00:00","author":{"@id":"https:\/\/www.encontrabelavista.com.br\/avenida-paulista\/#\/schema\/person\/63c71a69a5879155285aa7cf79ec3e40"},"breadcrumb":{"@id":"https:\/\/www.encontrabelavista.com.br\/avenida-paulista\/fim-da-escala-6x1-mobiliza-milhares-de-pessoas-em-sao-paulo\/#breadcrumb"},"inLanguage":"pt-BR","potentialAction":[{"@type":"ReadAction","target":["https:\/\/www.encontrabelavista.com.br\/avenida-paulista\/fim-da-escala-6x1-mobiliza-milhares-de-pessoas-em-sao-paulo\/"]}]},{"@type":"ImageObject","inLanguage":"pt-BR","@id":"https:\/\/www.encontrabelavista.com.br\/avenida-paulista\/fim-da-escala-6x1-mobiliza-milhares-de-pessoas-em-sao-paulo\/#primaryimage","url":"https:\/\/www.encontrabelavista.com.br\/avenida-paulista\/wp-content\/uploads\/2026\/04\/fim-da-escala-6-1-mobiliza-milhares-de-pessoas-em-sao-paulo.webp","contentUrl":"https:\/\/www.encontrabelavista.com.br\/avenida-paulista\/wp-content\/uploads\/2026\/04\/fim-da-escala-6-1-mobiliza-milhares-de-pessoas-em-sao-paulo.webp","width":280,"height":280,"caption":"fim da escala 6\u00d71"},{"@type":"BreadcrumbList","@id":"https:\/\/www.encontrabelavista.com.br\/avenida-paulista\/fim-da-escala-6x1-mobiliza-milhares-de-pessoas-em-sao-paulo\/#breadcrumb","itemListElement":[{"@type":"ListItem","position":1,"name":"In\u00edcio","item":"https:\/\/www.encontrabelavista.com.br\/avenida-paulista\/"},{"@type":"ListItem","position":2,"name":"Fim da escala 6\u00d71 mobiliza milhares de pessoas em S\u00e3o Paulo"}]},{"@type":"WebSite","@id":"https:\/\/www.encontrabelavista.com.br\/avenida-paulista\/#website","url":"https:\/\/www.encontrabelavista.com.br\/avenida-paulista\/","name":"Encontra Avenida Paulista","description":"ENCONTRA AVENIDA PAULISTA - O guia comercial de neg\u00f3cios e empresas, cultura e divers\u00e3o na Avenida Paulista. Feito 100% para voc\u00ea morador!","potentialAction":[{"@type":"SearchAction","target":{"@type":"EntryPoint","urlTemplate":"https:\/\/www.encontrabelavista.com.br\/avenida-paulista\/?s={search_term_string}"},"query-input":{"@type":"PropertyValueSpecification","valueRequired":true,"valueName":"search_term_string"}}],"inLanguage":"pt-BR"},{"@type":"Person","@id":"https:\/\/www.encontrabelavista.com.br\/avenida-paulista\/#\/schema\/person\/63c71a69a5879155285aa7cf79ec3e40","name":"Encontra Avenida Paulista","image":{"@type":"ImageObject","inLanguage":"pt-BR","@id":"https:\/\/www.encontrabelavista.com.br\/avenida-paulista\/#\/schema\/person\/image\/","url":"https:\/\/secure.gravatar.com\/avatar\/c50c17820bcf322f0a8fd6b110b8c0918141409dc69076470f6fca5fee70a5d4?s=96&d=mm&r=g","contentUrl":"https:\/\/secure.gravatar.com\/avatar\/c50c17820bcf322f0a8fd6b110b8c0918141409dc69076470f6fca5fee70a5d4?s=96&d=mm&r=g","caption":"Encontra Avenida Paulista"},"url":"https:\/\/www.encontrabelavista.com.br\/avenida-paulista\/author\/encontraavenidapaulista\/"}]}},"_links":{"self":[{"href":"https:\/\/www.encontrabelavista.com.br\/avenida-paulista\/wp-json\/wp\/v2\/posts\/6166","targetHints":{"allow":["GET"]}}],"collection":[{"href":"https:\/\/www.encontrabelavista.com.br\/avenida-paulista\/wp-json\/wp\/v2\/posts"}],"about":[{"href":"https:\/\/www.encontrabelavista.com.br\/avenida-paulista\/wp-json\/wp\/v2\/types\/post"}],"author":[{"embeddable":true,"href":"https:\/\/www.encontrabelavista.com.br\/avenida-paulista\/wp-json\/wp\/v2\/users\/1"}],"replies":[{"embeddable":true,"href":"https:\/\/www.encontrabelavista.com.br\/avenida-paulista\/wp-json\/wp\/v2\/comments?post=6166"}],"version-history":[{"count":0,"href":"https:\/\/www.encontrabelavista.com.br\/avenida-paulista\/wp-json\/wp\/v2\/posts\/6166\/revisions"}],"wp:featuredmedia":[{"embeddable":true,"href":"https:\/\/www.encontrabelavista.com.br\/avenida-paulista\/wp-json\/wp\/v2\/media\/6165"}],"wp:attachment":[{"href":"https:\/\/www.encontrabelavista.com.br\/avenida-paulista\/wp-json\/wp\/v2\/media?parent=6166"}],"wp:term":[{"taxonomy":"category","embeddable":true,"href":"https:\/\/www.encontrabelavista.com.br\/avenida-paulista\/wp-json\/wp\/v2\/categories?post=6166"},{"taxonomy":"post_tag","embeddable":true,"href":"https:\/\/www.encontrabelavista.com.br\/avenida-paulista\/wp-json\/wp\/v2\/tags?post=6166"}],"curies":[{"name":"wp","href":"https:\/\/api.w.org\/{rel}","templated":true}]}}