{"id":6168,"date":"2026-04-21T12:45:05","date_gmt":"2026-04-21T15:45:05","guid":{"rendered":"https:\/\/www.encontrabelavista.com.br\/avenida-paulista\/a-3a-parada-da-longevidade-na-avenida-paulista-promovida-pela-sbgg\/"},"modified":"2026-04-21T12:45:05","modified_gmt":"2026-04-21T15:45:05","slug":"a-3a-parada-da-longevidade-na-avenida-paulista-promovida-pela-sbgg","status":"publish","type":"post","link":"https:\/\/www.encontrabelavista.com.br\/avenida-paulista\/a-3a-parada-da-longevidade-na-avenida-paulista-promovida-pela-sbgg\/","title":{"rendered":"A 3\u00aa Parada da Longevidade, na Avenida Paulista, promovida pela SBGG"},"content":{"rendered":"<h2>O que \u00e9 a Parada da Longevidade?<\/h2>\n<p>A <strong>Parada da Longevidade<\/strong> \u00e9 um evento promovido pela Sociedade Brasileira de Geriatria e Gerontologia (SBGG) que visa celebrar e conscientizar sobre a import\u00e2ncia da longevidade saud\u00e1vel. Com foco na terceira idade, essa parada \u00e9 um convite \u00e0 sociedade para refletir sobre o papel dos mais velhos em nossa comunidade e promover uma vida ativa e saud\u00e1vel.<\/p>\n<h2>Programa\u00e7\u00e3o do Evento para 2026<\/h2>\n<p>Em 2026, a <strong>3\u00aa Parada da Longevidade<\/strong> est\u00e1 programada para ocorrer no dia 27 de setembro, durante o \u00faltimo domingo do m\u00eas. O evento acontecer\u00e1 na Avenida Paulista, um dos locais mais emblem\u00e1ticos de S\u00e3o Paulo. A programa\u00e7\u00e3o incluir\u00e1 diversas atividades, demonstra\u00e7\u00f5es culturais e apresenta\u00e7\u00f5es art\u00edsticas, todas com o objetivo de envolver, informar e entreter os participantes.<\/p>\n<h2>Como Participar da 3\u00aa Parada da Longevidade<\/h2>\n<p>Para participar da <strong>3\u00aa Parada da Longevidade<\/strong>, os interessados podem se inscrever atrav\u00e9s do site oficial da SBGG-SP ou nas redes sociais do evento. A participa\u00e7\u00e3o \u00e9 aberta a todos, sem custo, e \u00e9 uma excelente oportunidade para se conectar com outras pessoas e compartilhar experi\u00eancias. \u00c9 aconselh\u00e1vel seguir as orienta\u00e7\u00f5es de seguran\u00e7a e participar ativamente das atividades propostas.<\/p>\n<p><img decoding=\"async\" src=\"https:\/\/www.encontrabelavista.com.br\/avenida-paulista\/wp-content\/uploads\/2026\/04\/a-3-parada-da-longevidade-na-avenida-paulista-promovida-pela-sbgg.webp\" alt=\"3\u00aa Parada da Longevidade\" loading=\"lazy\" \/><\/p>\n<h2>Import\u00e2ncia da Longevidade na Sociedade Atual<\/h2>\n<p>O debate sobre a longevidade \u00e9 cada vez mais presente em nossa sociedade. Com o aumento da expectativa de vida, a quest\u00e3o da sa\u00fade e bem-estar dos idosos se torna uma prioridade. A <strong>Parada da Longevidade<\/strong> ajuda a promover a conscientiza\u00e7\u00e3o sobre as necessidades dessa faixa et\u00e1ria e como podemos todos contribuir para um envelhecimento mais saud\u00e1vel, ativo e respeitoso.<\/p>\n<h2>Expectativa de P\u00fablico e Como Contribuir<\/h2>\n<p>Para o evento de 2026, a expectativa \u00e9 reunir mais de 1500 participantes, superando o n\u00famero do ano anterior. Isso demonstra o crescente interesse e a valoriza\u00e7\u00e3o do tema. Contribuir pode ser t\u00e3o simples quanto se inscrever, participar das atividades ou at\u00e9 mesmo divulgar o evento em suas redes sociais. O envolvimento da comunidade \u00e9 fundamental para o sucesso da parada.<\/p>\n<h2>Hist\u00f3rico das Edi\u00e7\u00f5es Anteriores<\/h2>\n<p>A primeira edi\u00e7\u00e3o da Parada da Longevidade foi um marco, reunindo pessoas de todas as idades em uma celebra\u00e7\u00e3o significativa. Ao longo dos anos, o evento tem crescido, incluindo novas atividades e atraindo p\u00fablico diverso. As edi\u00e7\u00f5es anteriores trouxeram um enriquecimento cultural e educativo, mostrando a riqueza da experi\u00eancia dos mais velhos e a necessidade de uma conviv\u00eancia harmoniosa.<\/p>\n<h2>Depoimentos de Participantes<\/h2>\n<p>Os relatos de quem participou das edi\u00e7\u00f5es anteriores revelam experi\u00eancias emocionantes e transformadoras. Muitos compartilham como a participa\u00e7\u00e3o na parada os fez sentir-se valorizados e reconhecidos, al\u00e9m de fortalecer la\u00e7os sociais e familiares. Esses depoimentos s\u00e3o um testemunho poderoso da import\u00e2ncia do evento na vida de muitos indiv\u00edduos e na forma\u00e7\u00e3o de um espa\u00e7o de acolhimento.<\/p>\n<h2>Atividades e Palestras Programadas<\/h2>\n<p>No cronograma do evento de 2026, est\u00e3o previstas uma variedade de atividades e palestras. Algumas das categorias de atividades incluem:<\/p>\n<ul>\n<li><strong>Palestras educativas:<\/strong> Especialistas discutir\u00e3o temas relevantes sobre sa\u00fade, nutri\u00e7\u00e3o e bem-estar na terceira idade.<\/li>\n<li><strong>Workshops interativos:<\/strong> Atividades pr\u00e1ticas que incentivam o aprendizado e a socializa\u00e7\u00e3o.<\/li>\n<li><strong>Apresenta\u00e7\u00f5es culturais:<\/strong> Diversas performances que celebram a cultura e a express\u00e3o art\u00edstica dos participantes.<\/li>\n<li><strong>Atra\u00e7\u00f5es musicais:<\/strong> Shows ao vivo que animam o evento e promovem um ambiente festivo.<\/li>\n<\/ul>\n<h2>Conscientiza\u00e7\u00e3o sobre a Sa\u00fade na Terceira Idade<\/h2>\n<p>Um dos focos principais da Parada da Longevidade \u00e9 a sa\u00fade. Atrav\u00e9s de palestras e atividades interativas, o evento busca informar e educar sobre a import\u00e2ncia de h\u00e1bitos saud\u00e1veis, incluindo alimenta\u00e7\u00e3o balanceada e exerc\u00edcios f\u00edsicos. A conscientiza\u00e7\u00e3o sobre como cuidar da sa\u00fade mental e emocional tamb\u00e9m \u00e9 uma prioridade, promovendo o entendimento de que a sa\u00fade na terceira idade envolve uma abordagem multidimensional.<\/p>\n<h2>Como o Evento Ajuda a Comunidade<\/h2>\n<p>A Parada da Longevidade n\u00e3o s\u00f3 beneficia os participantes diretamente, mas tamb\u00e9m toda a comunidade. O evento promove a inclus\u00e3o social e estimula a intera\u00e7\u00e3o entre as gera\u00e7\u00f5es, ajudando a quebrar estigmas e preconceitos relacionados ao envelhecimento. Al\u00e9m disso, ao divulgar informa\u00e7\u00f5es importantes sobre a sa\u00fade e bem-estar, o evento contribui para uma sociedade mais informada e respeitosa com as suas diferentes faixas et\u00e1rias.<\/p>\n","protected":false},"excerpt":{"rendered":"<p>A 3\u00aa Parada da Longevidade \u00e9 um evento imperd\u00edvel no cora\u00e7\u00e3o de S\u00e3o Paulo.<\/p>\n","protected":false},"author":1,"featured_media":6167,"comment_status":"open","ping_status":"","sticky":false,"template":"","format":"standard","meta":{"footnotes":""},"categories":[5],"tags":[],"class_list":["post-6168","post","type-post","status-publish","format-standard","has-post-thumbnail","hentry","category-noticias","has_thumb"],"yoast_head":"<!-- This site is optimized with the Yoast SEO plugin v26.4 - https:\/\/yoast.com\/wordpress\/plugins\/seo\/ -->\n<title>A 3\u00aa Parada da Longevidade, na Avenida Paulista, promovida pela SBGG - Encontra Avenida Paulista<\/title>\n<meta name=\"robots\" content=\"index, follow, max-snippet:-1, max-image-preview:large, max-video-preview:-1\" \/>\n<link rel=\"canonical\" href=\"https:\/\/www.encontrabelavista.com.br\/avenida-paulista\/a-3a-parada-da-longevidade-na-avenida-paulista-promovida-pela-sbgg\/\" \/>\n<meta property=\"og:locale\" content=\"pt_BR\" \/>\n<meta property=\"og:type\" content=\"article\" \/>\n<meta property=\"og:title\" content=\"A 3\u00aa Parada da Longevidade, na Avenida Paulista, promovida pela SBGG - Encontra Avenida Paulista\" \/>\n<meta property=\"og:description\" content=\"A 3\u00aa Parada da Longevidade \u00e9 um evento imperd\u00edvel no cora\u00e7\u00e3o de S\u00e3o Paulo.\" \/>\n<meta property=\"og:url\" content=\"https:\/\/www.encontrabelavista.com.br\/avenida-paulista\/a-3a-parada-da-longevidade-na-avenida-paulista-promovida-pela-sbgg\/\" \/>\n<meta property=\"og:site_name\" content=\"Encontra Avenida Paulista\" \/>\n<meta property=\"article:published_time\" content=\"2026-04-21T15:45:05+00:00\" \/>\n<meta property=\"og:image\" content=\"https:\/\/www.encontrabelavista.com.br\/avenida-paulista\/wp-content\/uploads\/2026\/04\/a-3-parada-da-longevidade-na-avenida-paulista-promovida-pela-sbgg.webp\" \/>\n<meta name=\"author\" content=\"Encontra Avenida Paulista\" \/>\n<meta name=\"twitter:card\" content=\"summary_large_image\" \/>\n<meta name=\"twitter:label1\" content=\"Escrito por\" \/>\n\t<meta name=\"twitter:data1\" content=\"Encontra Avenida Paulista\" \/>\n\t<meta name=\"twitter:label2\" content=\"Est. tempo de leitura\" \/>\n\t<meta name=\"twitter:data2\" content=\"4 minutos\" \/>\n<script type=\"application\/ld+json\" class=\"yoast-schema-graph\">{\"@context\":\"https:\/\/schema.org\",\"@graph\":[{\"@type\":\"WebPage\",\"@id\":\"https:\/\/www.encontrabelavista.com.br\/avenida-paulista\/a-3a-parada-da-longevidade-na-avenida-paulista-promovida-pela-sbgg\/\",\"url\":\"https:\/\/www.encontrabelavista.com.br\/avenida-paulista\/a-3a-parada-da-longevidade-na-avenida-paulista-promovida-pela-sbgg\/\",\"name\":\"A 3\u00aa Parada da Longevidade, na Avenida Paulista, promovida pela SBGG - Encontra Avenida Paulista\",\"isPartOf\":{\"@id\":\"https:\/\/www.encontrabelavista.com.br\/avenida-paulista\/#website\"},\"primaryImageOfPage\":{\"@id\":\"https:\/\/www.encontrabelavista.com.br\/avenida-paulista\/a-3a-parada-da-longevidade-na-avenida-paulista-promovida-pela-sbgg\/#primaryimage\"},\"image\":{\"@id\":\"https:\/\/www.encontrabelavista.com.br\/avenida-paulista\/a-3a-parada-da-longevidade-na-avenida-paulista-promovida-pela-sbgg\/#primaryimage\"},\"thumbnailUrl\":\"https:\/\/www.encontrabelavista.com.br\/avenida-paulista\/wp-content\/uploads\/2026\/04\/a-3-parada-da-longevidade-na-avenida-paulista-promovida-pela-sbgg.webp\",\"datePublished\":\"2026-04-21T15:45:05+00:00\",\"author\":{\"@id\":\"https:\/\/www.encontrabelavista.com.br\/avenida-paulista\/#\/schema\/person\/63c71a69a5879155285aa7cf79ec3e40\"},\"breadcrumb\":{\"@id\":\"https:\/\/www.encontrabelavista.com.br\/avenida-paulista\/a-3a-parada-da-longevidade-na-avenida-paulista-promovida-pela-sbgg\/#breadcrumb\"},\"inLanguage\":\"pt-BR\",\"potentialAction\":[{\"@type\":\"ReadAction\",\"target\":[\"https:\/\/www.encontrabelavista.com.br\/avenida-paulista\/a-3a-parada-da-longevidade-na-avenida-paulista-promovida-pela-sbgg\/\"]}]},{\"@type\":\"ImageObject\",\"inLanguage\":\"pt-BR\",\"@id\":\"https:\/\/www.encontrabelavista.com.br\/avenida-paulista\/a-3a-parada-da-longevidade-na-avenida-paulista-promovida-pela-sbgg\/#primaryimage\",\"url\":\"https:\/\/www.encontrabelavista.com.br\/avenida-paulista\/wp-content\/uploads\/2026\/04\/a-3-parada-da-longevidade-na-avenida-paulista-promovida-pela-sbgg.webp\",\"contentUrl\":\"https:\/\/www.encontrabelavista.com.br\/avenida-paulista\/wp-content\/uploads\/2026\/04\/a-3-parada-da-longevidade-na-avenida-paulista-promovida-pela-sbgg.webp\",\"width\":280,\"height\":280,\"caption\":\"3\u00aa Parada da Longevidade\"},{\"@type\":\"BreadcrumbList\",\"@id\":\"https:\/\/www.encontrabelavista.com.br\/avenida-paulista\/a-3a-parada-da-longevidade-na-avenida-paulista-promovida-pela-sbgg\/#breadcrumb\",\"itemListElement\":[{\"@type\":\"ListItem\",\"position\":1,\"name\":\"In\u00edcio\",\"item\":\"https:\/\/www.encontrabelavista.com.br\/avenida-paulista\/\"},{\"@type\":\"ListItem\",\"position\":2,\"name\":\"A 3\u00aa Parada da Longevidade, na Avenida Paulista, promovida pela SBGG\"}]},{\"@type\":\"WebSite\",\"@id\":\"https:\/\/www.encontrabelavista.com.br\/avenida-paulista\/#website\",\"url\":\"https:\/\/www.encontrabelavista.com.br\/avenida-paulista\/\",\"name\":\"Encontra Avenida Paulista\",\"description\":\"ENCONTRA AVENIDA PAULISTA - O guia comercial de neg\u00f3cios e empresas, cultura e divers\u00e3o na Avenida Paulista. Feito 100% para voc\u00ea morador!\",\"potentialAction\":[{\"@type\":\"SearchAction\",\"target\":{\"@type\":\"EntryPoint\",\"urlTemplate\":\"https:\/\/www.encontrabelavista.com.br\/avenida-paulista\/?s={search_term_string}\"},\"query-input\":{\"@type\":\"PropertyValueSpecification\",\"valueRequired\":true,\"valueName\":\"search_term_string\"}}],\"inLanguage\":\"pt-BR\"},{\"@type\":\"Person\",\"@id\":\"https:\/\/www.encontrabelavista.com.br\/avenida-paulista\/#\/schema\/person\/63c71a69a5879155285aa7cf79ec3e40\",\"name\":\"Encontra Avenida Paulista\",\"image\":{\"@type\":\"ImageObject\",\"inLanguage\":\"pt-BR\",\"@id\":\"https:\/\/www.encontrabelavista.com.br\/avenida-paulista\/#\/schema\/person\/image\/\",\"url\":\"https:\/\/secure.gravatar.com\/avatar\/c50c17820bcf322f0a8fd6b110b8c0918141409dc69076470f6fca5fee70a5d4?s=96&d=mm&r=g\",\"contentUrl\":\"https:\/\/secure.gravatar.com\/avatar\/c50c17820bcf322f0a8fd6b110b8c0918141409dc69076470f6fca5fee70a5d4?s=96&d=mm&r=g\",\"caption\":\"Encontra Avenida Paulista\"},\"url\":\"https:\/\/www.encontrabelavista.com.br\/avenida-paulista\/author\/encontraavenidapaulista\/\"}]}<\/script>\n<!-- \/ Yoast SEO plugin. -->","yoast_head_json":{"title":"A 3\u00aa Parada da Longevidade, na Avenida Paulista, promovida pela SBGG - Encontra Avenida Paulista","robots":{"index":"index","follow":"follow","max-snippet":"max-snippet:-1","max-image-preview":"max-image-preview:large","max-video-preview":"max-video-preview:-1"},"canonical":"https:\/\/www.encontrabelavista.com.br\/avenida-paulista\/a-3a-parada-da-longevidade-na-avenida-paulista-promovida-pela-sbgg\/","og_locale":"pt_BR","og_type":"article","og_title":"A 3\u00aa Parada da Longevidade, na Avenida Paulista, promovida pela SBGG - Encontra Avenida Paulista","og_description":"A 3\u00aa Parada da Longevidade \u00e9 um evento imperd\u00edvel no cora\u00e7\u00e3o de S\u00e3o Paulo.","og_url":"https:\/\/www.encontrabelavista.com.br\/avenida-paulista\/a-3a-parada-da-longevidade-na-avenida-paulista-promovida-pela-sbgg\/","og_site_name":"Encontra Avenida Paulista","article_published_time":"2026-04-21T15:45:05+00:00","og_image":[{"url":"https:\/\/www.encontrabelavista.com.br\/avenida-paulista\/wp-content\/uploads\/2026\/04\/a-3-parada-da-longevidade-na-avenida-paulista-promovida-pela-sbgg.webp","type":"","width":"","height":""}],"author":"Encontra Avenida Paulista","twitter_card":"summary_large_image","twitter_misc":{"Escrito por":"Encontra Avenida Paulista","Est. tempo de leitura":"4 minutos"},"schema":{"@context":"https:\/\/schema.org","@graph":[{"@type":"WebPage","@id":"https:\/\/www.encontrabelavista.com.br\/avenida-paulista\/a-3a-parada-da-longevidade-na-avenida-paulista-promovida-pela-sbgg\/","url":"https:\/\/www.encontrabelavista.com.br\/avenida-paulista\/a-3a-parada-da-longevidade-na-avenida-paulista-promovida-pela-sbgg\/","name":"A 3\u00aa Parada da Longevidade, na Avenida Paulista, promovida pela SBGG - Encontra Avenida Paulista","isPartOf":{"@id":"https:\/\/www.encontrabelavista.com.br\/avenida-paulista\/#website"},"primaryImageOfPage":{"@id":"https:\/\/www.encontrabelavista.com.br\/avenida-paulista\/a-3a-parada-da-longevidade-na-avenida-paulista-promovida-pela-sbgg\/#primaryimage"},"image":{"@id":"https:\/\/www.encontrabelavista.com.br\/avenida-paulista\/a-3a-parada-da-longevidade-na-avenida-paulista-promovida-pela-sbgg\/#primaryimage"},"thumbnailUrl":"https:\/\/www.encontrabelavista.com.br\/avenida-paulista\/wp-content\/uploads\/2026\/04\/a-3-parada-da-longevidade-na-avenida-paulista-promovida-pela-sbgg.webp","datePublished":"2026-04-21T15:45:05+00:00","author":{"@id":"https:\/\/www.encontrabelavista.com.br\/avenida-paulista\/#\/schema\/person\/63c71a69a5879155285aa7cf79ec3e40"},"breadcrumb":{"@id":"https:\/\/www.encontrabelavista.com.br\/avenida-paulista\/a-3a-parada-da-longevidade-na-avenida-paulista-promovida-pela-sbgg\/#breadcrumb"},"inLanguage":"pt-BR","potentialAction":[{"@type":"ReadAction","target":["https:\/\/www.encontrabelavista.com.br\/avenida-paulista\/a-3a-parada-da-longevidade-na-avenida-paulista-promovida-pela-sbgg\/"]}]},{"@type":"ImageObject","inLanguage":"pt-BR","@id":"https:\/\/www.encontrabelavista.com.br\/avenida-paulista\/a-3a-parada-da-longevidade-na-avenida-paulista-promovida-pela-sbgg\/#primaryimage","url":"https:\/\/www.encontrabelavista.com.br\/avenida-paulista\/wp-content\/uploads\/2026\/04\/a-3-parada-da-longevidade-na-avenida-paulista-promovida-pela-sbgg.webp","contentUrl":"https:\/\/www.encontrabelavista.com.br\/avenida-paulista\/wp-content\/uploads\/2026\/04\/a-3-parada-da-longevidade-na-avenida-paulista-promovida-pela-sbgg.webp","width":280,"height":280,"caption":"3\u00aa Parada da Longevidade"},{"@type":"BreadcrumbList","@id":"https:\/\/www.encontrabelavista.com.br\/avenida-paulista\/a-3a-parada-da-longevidade-na-avenida-paulista-promovida-pela-sbgg\/#breadcrumb","itemListElement":[{"@type":"ListItem","position":1,"name":"In\u00edcio","item":"https:\/\/www.encontrabelavista.com.br\/avenida-paulista\/"},{"@type":"ListItem","position":2,"name":"A 3\u00aa Parada da Longevidade, na Avenida Paulista, promovida pela SBGG"}]},{"@type":"WebSite","@id":"https:\/\/www.encontrabelavista.com.br\/avenida-paulista\/#website","url":"https:\/\/www.encontrabelavista.com.br\/avenida-paulista\/","name":"Encontra Avenida Paulista","description":"ENCONTRA AVENIDA PAULISTA - O guia comercial de neg\u00f3cios e empresas, cultura e divers\u00e3o na Avenida Paulista. Feito 100% para voc\u00ea morador!","potentialAction":[{"@type":"SearchAction","target":{"@type":"EntryPoint","urlTemplate":"https:\/\/www.encontrabelavista.com.br\/avenida-paulista\/?s={search_term_string}"},"query-input":{"@type":"PropertyValueSpecification","valueRequired":true,"valueName":"search_term_string"}}],"inLanguage":"pt-BR"},{"@type":"Person","@id":"https:\/\/www.encontrabelavista.com.br\/avenida-paulista\/#\/schema\/person\/63c71a69a5879155285aa7cf79ec3e40","name":"Encontra Avenida Paulista","image":{"@type":"ImageObject","inLanguage":"pt-BR","@id":"https:\/\/www.encontrabelavista.com.br\/avenida-paulista\/#\/schema\/person\/image\/","url":"https:\/\/secure.gravatar.com\/avatar\/c50c17820bcf322f0a8fd6b110b8c0918141409dc69076470f6fca5fee70a5d4?s=96&d=mm&r=g","contentUrl":"https:\/\/secure.gravatar.com\/avatar\/c50c17820bcf322f0a8fd6b110b8c0918141409dc69076470f6fca5fee70a5d4?s=96&d=mm&r=g","caption":"Encontra Avenida Paulista"},"url":"https:\/\/www.encontrabelavista.com.br\/avenida-paulista\/author\/encontraavenidapaulista\/"}]}},"_links":{"self":[{"href":"https:\/\/www.encontrabelavista.com.br\/avenida-paulista\/wp-json\/wp\/v2\/posts\/6168","targetHints":{"allow":["GET"]}}],"collection":[{"href":"https:\/\/www.encontrabelavista.com.br\/avenida-paulista\/wp-json\/wp\/v2\/posts"}],"about":[{"href":"https:\/\/www.encontrabelavista.com.br\/avenida-paulista\/wp-json\/wp\/v2\/types\/post"}],"author":[{"embeddable":true,"href":"https:\/\/www.encontrabelavista.com.br\/avenida-paulista\/wp-json\/wp\/v2\/users\/1"}],"replies":[{"embeddable":true,"href":"https:\/\/www.encontrabelavista.com.br\/avenida-paulista\/wp-json\/wp\/v2\/comments?post=6168"}],"version-history":[{"count":0,"href":"https:\/\/www.encontrabelavista.com.br\/avenida-paulista\/wp-json\/wp\/v2\/posts\/6168\/revisions"}],"wp:featuredmedia":[{"embeddable":true,"href":"https:\/\/www.encontrabelavista.com.br\/avenida-paulista\/wp-json\/wp\/v2\/media\/6167"}],"wp:attachment":[{"href":"https:\/\/www.encontrabelavista.com.br\/avenida-paulista\/wp-json\/wp\/v2\/media?parent=6168"}],"wp:term":[{"taxonomy":"category","embeddable":true,"href":"https:\/\/www.encontrabelavista.com.br\/avenida-paulista\/wp-json\/wp\/v2\/categories?post=6168"},{"taxonomy":"post_tag","embeddable":true,"href":"https:\/\/www.encontrabelavista.com.br\/avenida-paulista\/wp-json\/wp\/v2\/tags?post=6168"}],"curies":[{"name":"wp","href":"https:\/\/api.w.org\/{rel}","templated":true}]}}