{"id":6174,"date":"2026-04-22T12:07:52","date_gmt":"2026-04-22T15:07:52","guid":{"rendered":"https:\/\/www.encontrabelavista.com.br\/avenida-paulista\/grupo-pavilhao-da-magnolia-ce-estreia-dois-espetaculos-no-sesc-avenida-paulista\/"},"modified":"2026-04-22T12:07:52","modified_gmt":"2026-04-22T15:07:52","slug":"grupo-pavilhao-da-magnolia-ce-estreia-dois-espetaculos-no-sesc-avenida-paulista","status":"publish","type":"post","link":"https:\/\/www.encontrabelavista.com.br\/avenida-paulista\/grupo-pavilhao-da-magnolia-ce-estreia-dois-espetaculos-no-sesc-avenida-paulista\/","title":{"rendered":"Grupo Pavilh\u00e3o da Magn\u00f3lia (CE) estreia dois espet\u00e1culos no Sesc Avenida Paulista"},"content":{"rendered":"<h2>Grupo Pavilh\u00e3o da Magn\u00f3lia: Estreia de Dois Novos Espet\u00e1culos no Sesc Avenida Paulista<\/h2>\n<p>O <strong>Grupo Pavilh\u00e3o da Magn\u00f3lia<\/strong>, que h\u00e1 mais de 20 anos desenvolve seu trabalho na cidade de Fortaleza (CE), est\u00e1 prestes a causar impacto na cena teatral de S\u00e3o Paulo com a apresenta\u00e7\u00e3o de dois espet\u00e1culos. De 30 de abril a 3 de maio, a companhia traz <em>A For\u00e7a da \u00c1gua<\/em>, obra que conquistou o <strong>Pr\u00eamio Shell de Teatro 2025<\/strong> na categoria Destaque Nacional. Al\u00e9m disso, entre os dias 5 e 7 de maio, o grupo apresenta <em>H\u00e1 Uma Festa Sem Come\u00e7o Que N\u00e3o Termina Com o Fim<\/em>, uma montagem em formato de site specific.<\/p>\n<h2>A For\u00e7a da \u00c1gua: Um Mergulho na Hist\u00f3ria do Cear\u00e1<\/h2>\n<p><em>A For\u00e7a da \u00c1gua<\/em> oferece uma reflex\u00e3o po\u00e9tica e cr\u00edtica sobre a hist\u00f3ria da seca no Cear\u00e1. A pe\u00e7a, escrita e dirigida por <strong>Henrique Fontes<\/strong>, aborda temas como a desigualdade no acesso \u00e0 \u00e1gua e a nega\u00e7\u00e3o do direito a esse recurso essencial. Atrav\u00e9s de documentos e relatos, o espet\u00e1culo revisita promessas hist\u00f3ricas, campos de concentra\u00e7\u00e3o e a realidade contempor\u00e2nea enfrentada por muitos brasileiros.<\/p>\n<p>A narrativa provoca questionamentos relevantes, como: at\u00e9 quando a seca ser\u00e1 vista apenas como uma fatalidade? Como superar a indiferen\u00e7a diante da priva\u00e7\u00e3o de \u00e1gua pot\u00e1vel? O espet\u00e1culo n\u00e3o \u00e9 apenas uma dramatiza\u00e7\u00e3o, mas sim um convite \u00e0 conscientiza\u00e7\u00e3o sobre a luta por direitos, especialmente para popula\u00e7\u00f5es que sofrem as consequ\u00eancias da escassez de \u00e1gua.<\/p>\n<p><img decoding=\"async\" src=\"https:\/\/www.encontrabelavista.com.br\/avenida-paulista\/wp-content\/uploads\/2026\/04\/grupo-pavilhao-da-magnolia-ce-estreia-dois-espetaculos-no-sesc-avenida-paulista.webp\" alt=\"Grupo Pavilh\u00e3o da Magn\u00f3lia\" loading=\"lazy\" \/><\/p>\n<h2>H\u00e1 Uma Festa Sem Come\u00e7o Que N\u00e3o Termina Com o Fim<\/h2>\n<p>O segundo espet\u00e1culo da temporada, <em>H\u00e1 Uma Festa Sem Come\u00e7o Que N\u00e3o Termina Com o Fim<\/em>, foi criado durante a pandemia e \u00e9 uma obra itinerante que incorpora elementos de celebra\u00e7\u00e3o e teatro documental. Nesta pe\u00e7a, os atores exploram suas mem\u00f3rias e experi\u00eancias, transformando o espa\u00e7o c\u00eanico em um local de reencontro e reflex\u00e3o coletiva.<\/p>\n<p>Os quatro artistas em cena compartilham suas hist\u00f3rias pessoais, incluindo suas descobertas sobre suas heran\u00e7as negras e ind\u00edgenas. A cada apresenta\u00e7\u00e3o, novas informa\u00e7\u00f5es sobre o lugar e o contexto do p\u00fablico s\u00e3o adicionadas, criando uma dramaturgia din\u00e2mica e sempre em evolu\u00e7\u00e3o.<\/p>\n<h2>O Processo Criativo do Grupo Pavilh\u00e3o da Magn\u00f3lia<\/h2>\n<p>Com uma trajet\u00f3ria repleta de pesquisa e inova\u00e7\u00e3o, o Grupo Pavilh\u00e3o da Magn\u00f3lia se destaca no cen\u00e1rio teatral brasileiro. Fundado h\u00e1 21 anos, o grupo j\u00e1 realizou mais de 900 apresenta\u00e7\u00f5es em mais de 50 cidades do Brasil e possui um repert\u00f3rio diversificado, que inclui 18 espet\u00e1culos e 12 esquetes.<\/p>\n<p>A companhia investe na experimenta\u00e7\u00e3o de diferentes linguagens art\u00edsticas, buscando sempre ampliar os limites do que entendemos como teatro. Atrav\u00e9s de parcerias com diversos criadores e artistas, eles est\u00e3o constantemente explorando novos caminhos de cria\u00e7\u00e3o e inova\u00e7\u00e3o.<\/p>\n<h2>Sobre a Relev\u00e2ncia do Teatro na Sociedade Atual<\/h2>\n<p>O teatro desempenha um papel crucial na sociedade contempor\u00e2nea, servindo como uma forma de protesto e reflex\u00e3o. O trabalho do Grupo Pavilh\u00e3o da Magn\u00f3lia exemplifica como a arte pode ser um ve\u00edculo poderoso para discutir quest\u00f5es sociais e pol\u00edticas. Atrav\u00e9s de suas dramaturgias, os artistas provocam o p\u00fablico a pensar criticamente sobre realidades muitas vezes negligenciadas.<\/p>\n<p>Al\u00e9m de entreter, as pe\u00e7as t\u00eam o potencial de gerar di\u00e1logos em torno de temas como preconceito, desigualdade e resist\u00eancia. O teatro, assim, se torna uma plataforma para a conscientiza\u00e7\u00e3o e a transforma\u00e7\u00e3o social.<\/p>\n<h2>Oficina de Dramaturgia e Encena\u00e7\u00e3o no Sesc<\/h2>\n<p>O Grupo Pavilh\u00e3o da Magn\u00f3lia tamb\u00e9m se preocupa com a forma\u00e7\u00e3o do p\u00fablico e de novos artistas. No dia 10 de maio, a companhia realizar\u00e1 uma oficina intitulada <strong>&#8220;Tr\u00e2nsitos e Fronteiras: encena\u00e7\u00e3o, dramaturgia e dramaturgismo&#8221;<\/strong>. A atividade ser\u00e1 conduzida pelos artistas <strong>Francis Wilker<\/strong> e <strong>Thereza Rocha<\/strong> e visa explorar as intersec\u00e7\u00f5es entre dramaturgia e encena\u00e7\u00e3o.<\/p>\n<p>Os participantes ter\u00e3o a oportunidade de interagir diretamente com os facilitadores e discutir conceitos que podem enriquecer sua pr\u00e1tica art\u00edstica. A oficina representa uma excelente oportunidade para aqueles que desejam se aprofundar no universo teatral e nas t\u00e9cnicas de cria\u00e7\u00e3o.<\/p>\n<h2>A Conex\u00e3o entre Teatro e Pol\u00edtica<\/h2>\n<p>A conex\u00e3o entre teatro e pol\u00edtica \u00e9 uma marca registrada do trabalho do Grupo Pavilh\u00e3o da Magn\u00f3lia. Seus espet\u00e1culos frequentemente abordam temas sociais e quest\u00f5es pol\u00edticas urgentes, com o intuito de gerar conscientiza\u00e7\u00e3o e provocar reflex\u00f5es profundas no p\u00fablico.<\/p>\n<p>Atrav\u00e9s de narrativas envolventes, as produ\u00e7\u00f5es do grupo questionam as estruturas de poder e a injusti\u00e7a social, encorajando a audi\u00eancia a reconsiderar seu papel na sociedade. Com isso, o teatro se torna um espa\u00e7o de resist\u00eancia e um catalisador para mudan\u00e7as sociais.<\/p>\n<h2>Hist\u00f3rias de Secas e Resist\u00eancia no Brasil<\/h2>\n<p>As hist\u00f3rias de secas, como aquelas abordadas em <em>A For\u00e7a da \u00c1gua<\/em>, refletem um aspecto fundamental da cultura brasileira, especialmente no Nordeste. A seca n\u00e3o \u00e9 apenas um fen\u00f4meno natural, mas um problema social complexo que envolve quest\u00f5es de pol\u00edticas p\u00fablicas, direitos humanos e desigualdade.<\/p>\n<p>Com um olhar atento e cr\u00edtico, o grupo investiga as narrativas que cercam a seca e a luta pela \u00e1gua, trazendo \u00e0 luz as vozes daqueles que sofrem as consequ\u00eancias desse cen\u00e1rio. A busca pela justi\u00e7a no acesso \u00e0 \u00e1gua \u00e9 um tema que ressoa com o povo brasileiro e que continua a ser relevante nos dias de hoje.<\/p>\n<h2>Descubra os Bastidores dos Espet\u00e1culos<\/h2>\n<p>Visitar as apresenta\u00e7\u00f5es do Grupo Pavilh\u00e3o da Magn\u00f3lia \u00e9 tamb\u00e9m uma chance de conhecer os bastidores do processo criativo e as hist\u00f3rias que cercam cada projeto. O envolvimento com o p\u00fablico e a troca de experi\u00eancias enriquecem tanto artistas quanto espectadores, criando uma atmosfera especial em cada performance.<\/p>\n<p>Os bastidores revelam o comprometimento do grupo com a excel\u00eancia art\u00edstica, al\u00e9m de mostrar as dificuldades e conquistas no caminho. A intera\u00e7\u00e3o entre atores e audi\u00eancia \u00e9 uma experi\u00eancia \u00fanica que aproxima todos envolvidos na arte.<\/p>\n<h2>A Arte como Forma de Protesto e Reflex\u00e3o<\/h2>\n<p>A produ\u00e7\u00e3o teatral pode ser uma poderosa forma de protesto. O Grupo Pavilh\u00e3o da Magn\u00f3lia usa sua voz e criatividade para abordar problemas sociais, convidando os espectadores a refletirem sobre suas pr\u00f3prias vidas e a sociedade em que vivem. Essa intera\u00e7\u00e3o fortalece o papel do teatro como um meio de ativismo e conscientiza\u00e7\u00e3o.<\/p>\n<p>O uso do teatro para dar visibilidade a quest\u00f5es muitas vezes ignoradas \u00e9 um dos grandes legados da companhia. Eles mostram que a arte \u00e9 um instrumento essencial na luta por direitos e igualdade, tornando-se um farol de esperan\u00e7a em tempos de adversidade.<\/p>\n<h2>Participa\u00e7\u00e3o e Interatividade nas Apresenta\u00e7\u00f5es<\/h2>\n<p>A participa\u00e7\u00e3o ativa do p\u00fablico \u00e9 uma caracter\u00edstica marcante nas apresenta\u00e7\u00f5es do grupo. Por meio de din\u00e2micas e intera\u00e7\u00f5es, os espectadores s\u00e3o convidados a se envolver no processo, tornando a experi\u00eancia teatral mais rica e impactante.<\/p>\n<p>Essas estrat\u00e9gias de engajamento criam um espa\u00e7o onde o p\u00fablico n\u00e3o \u00e9 apenas um espectador passivo, mas um participante ativo que contribui para a narrativa. Isso transforma o teatro em um espa\u00e7o comunit\u00e1rio, onde a troca de ideias e express\u00f5es \u00e9 incentivada, e os limites entre artista e p\u00fablico s\u00e3o ampliados.<\/p>\n","protected":false},"excerpt":{"rendered":"<p>Grupo Pavilh\u00e3o da Magn\u00f3lia traz dois espet\u00e1culos imperd\u00edveis ao Sesc Avenida Paulista.<\/p>\n","protected":false},"author":1,"featured_media":6173,"comment_status":"open","ping_status":"","sticky":false,"template":"","format":"standard","meta":{"footnotes":""},"categories":[5],"tags":[],"class_list":["post-6174","post","type-post","status-publish","format-standard","has-post-thumbnail","hentry","category-noticias","has_thumb"],"yoast_head":"<!-- This site is optimized with the Yoast SEO plugin v26.4 - https:\/\/yoast.com\/wordpress\/plugins\/seo\/ -->\n<title>Grupo Pavilh\u00e3o da Magn\u00f3lia (CE) estreia dois espet\u00e1culos no Sesc Avenida Paulista - Encontra Avenida Paulista<\/title>\n<meta name=\"robots\" content=\"index, follow, max-snippet:-1, max-image-preview:large, max-video-preview:-1\" \/>\n<link rel=\"canonical\" href=\"https:\/\/www.encontrabelavista.com.br\/avenida-paulista\/grupo-pavilhao-da-magnolia-ce-estreia-dois-espetaculos-no-sesc-avenida-paulista\/\" \/>\n<meta property=\"og:locale\" content=\"pt_BR\" \/>\n<meta property=\"og:type\" content=\"article\" \/>\n<meta property=\"og:title\" content=\"Grupo Pavilh\u00e3o da Magn\u00f3lia (CE) estreia dois espet\u00e1culos no Sesc Avenida Paulista - Encontra Avenida Paulista\" \/>\n<meta property=\"og:description\" content=\"Grupo Pavilh\u00e3o da Magn\u00f3lia traz dois espet\u00e1culos imperd\u00edveis ao Sesc Avenida Paulista.\" \/>\n<meta property=\"og:url\" content=\"https:\/\/www.encontrabelavista.com.br\/avenida-paulista\/grupo-pavilhao-da-magnolia-ce-estreia-dois-espetaculos-no-sesc-avenida-paulista\/\" \/>\n<meta property=\"og:site_name\" content=\"Encontra Avenida Paulista\" \/>\n<meta property=\"article:published_time\" content=\"2026-04-22T15:07:52+00:00\" \/>\n<meta property=\"og:image\" content=\"https:\/\/www.encontrabelavista.com.br\/avenida-paulista\/wp-content\/uploads\/2026\/04\/grupo-pavilhao-da-magnolia-ce-estreia-dois-espetaculos-no-sesc-avenida-paulista.webp\" \/>\n<meta name=\"author\" content=\"Encontra Avenida Paulista\" \/>\n<meta name=\"twitter:card\" content=\"summary_large_image\" \/>\n<meta name=\"twitter:label1\" content=\"Escrito por\" \/>\n\t<meta name=\"twitter:data1\" content=\"Encontra Avenida Paulista\" \/>\n\t<meta name=\"twitter:label2\" content=\"Est. tempo de leitura\" \/>\n\t<meta name=\"twitter:data2\" content=\"6 minutos\" \/>\n<script type=\"application\/ld+json\" class=\"yoast-schema-graph\">{\"@context\":\"https:\/\/schema.org\",\"@graph\":[{\"@type\":\"WebPage\",\"@id\":\"https:\/\/www.encontrabelavista.com.br\/avenida-paulista\/grupo-pavilhao-da-magnolia-ce-estreia-dois-espetaculos-no-sesc-avenida-paulista\/\",\"url\":\"https:\/\/www.encontrabelavista.com.br\/avenida-paulista\/grupo-pavilhao-da-magnolia-ce-estreia-dois-espetaculos-no-sesc-avenida-paulista\/\",\"name\":\"Grupo Pavilh\u00e3o da Magn\u00f3lia (CE) estreia dois espet\u00e1culos no Sesc Avenida Paulista - Encontra Avenida Paulista\",\"isPartOf\":{\"@id\":\"https:\/\/www.encontrabelavista.com.br\/avenida-paulista\/#website\"},\"primaryImageOfPage\":{\"@id\":\"https:\/\/www.encontrabelavista.com.br\/avenida-paulista\/grupo-pavilhao-da-magnolia-ce-estreia-dois-espetaculos-no-sesc-avenida-paulista\/#primaryimage\"},\"image\":{\"@id\":\"https:\/\/www.encontrabelavista.com.br\/avenida-paulista\/grupo-pavilhao-da-magnolia-ce-estreia-dois-espetaculos-no-sesc-avenida-paulista\/#primaryimage\"},\"thumbnailUrl\":\"https:\/\/www.encontrabelavista.com.br\/avenida-paulista\/wp-content\/uploads\/2026\/04\/grupo-pavilhao-da-magnolia-ce-estreia-dois-espetaculos-no-sesc-avenida-paulista.webp\",\"datePublished\":\"2026-04-22T15:07:52+00:00\",\"author\":{\"@id\":\"https:\/\/www.encontrabelavista.com.br\/avenida-paulista\/#\/schema\/person\/63c71a69a5879155285aa7cf79ec3e40\"},\"breadcrumb\":{\"@id\":\"https:\/\/www.encontrabelavista.com.br\/avenida-paulista\/grupo-pavilhao-da-magnolia-ce-estreia-dois-espetaculos-no-sesc-avenida-paulista\/#breadcrumb\"},\"inLanguage\":\"pt-BR\",\"potentialAction\":[{\"@type\":\"ReadAction\",\"target\":[\"https:\/\/www.encontrabelavista.com.br\/avenida-paulista\/grupo-pavilhao-da-magnolia-ce-estreia-dois-espetaculos-no-sesc-avenida-paulista\/\"]}]},{\"@type\":\"ImageObject\",\"inLanguage\":\"pt-BR\",\"@id\":\"https:\/\/www.encontrabelavista.com.br\/avenida-paulista\/grupo-pavilhao-da-magnolia-ce-estreia-dois-espetaculos-no-sesc-avenida-paulista\/#primaryimage\",\"url\":\"https:\/\/www.encontrabelavista.com.br\/avenida-paulista\/wp-content\/uploads\/2026\/04\/grupo-pavilhao-da-magnolia-ce-estreia-dois-espetaculos-no-sesc-avenida-paulista.webp\",\"contentUrl\":\"https:\/\/www.encontrabelavista.com.br\/avenida-paulista\/wp-content\/uploads\/2026\/04\/grupo-pavilhao-da-magnolia-ce-estreia-dois-espetaculos-no-sesc-avenida-paulista.webp\",\"width\":280,\"height\":280,\"caption\":\"Grupo Pavilh\u00e3o da Magn\u00f3lia\"},{\"@type\":\"BreadcrumbList\",\"@id\":\"https:\/\/www.encontrabelavista.com.br\/avenida-paulista\/grupo-pavilhao-da-magnolia-ce-estreia-dois-espetaculos-no-sesc-avenida-paulista\/#breadcrumb\",\"itemListElement\":[{\"@type\":\"ListItem\",\"position\":1,\"name\":\"In\u00edcio\",\"item\":\"https:\/\/www.encontrabelavista.com.br\/avenida-paulista\/\"},{\"@type\":\"ListItem\",\"position\":2,\"name\":\"Grupo Pavilh\u00e3o da Magn\u00f3lia (CE) estreia dois espet\u00e1culos no Sesc Avenida Paulista\"}]},{\"@type\":\"WebSite\",\"@id\":\"https:\/\/www.encontrabelavista.com.br\/avenida-paulista\/#website\",\"url\":\"https:\/\/www.encontrabelavista.com.br\/avenida-paulista\/\",\"name\":\"Encontra Avenida Paulista\",\"description\":\"ENCONTRA AVENIDA PAULISTA - O guia comercial de neg\u00f3cios e empresas, cultura e divers\u00e3o na Avenida Paulista. Feito 100% para voc\u00ea morador!\",\"potentialAction\":[{\"@type\":\"SearchAction\",\"target\":{\"@type\":\"EntryPoint\",\"urlTemplate\":\"https:\/\/www.encontrabelavista.com.br\/avenida-paulista\/?s={search_term_string}\"},\"query-input\":{\"@type\":\"PropertyValueSpecification\",\"valueRequired\":true,\"valueName\":\"search_term_string\"}}],\"inLanguage\":\"pt-BR\"},{\"@type\":\"Person\",\"@id\":\"https:\/\/www.encontrabelavista.com.br\/avenida-paulista\/#\/schema\/person\/63c71a69a5879155285aa7cf79ec3e40\",\"name\":\"Encontra Avenida Paulista\",\"image\":{\"@type\":\"ImageObject\",\"inLanguage\":\"pt-BR\",\"@id\":\"https:\/\/www.encontrabelavista.com.br\/avenida-paulista\/#\/schema\/person\/image\/\",\"url\":\"https:\/\/secure.gravatar.com\/avatar\/c50c17820bcf322f0a8fd6b110b8c0918141409dc69076470f6fca5fee70a5d4?s=96&d=mm&r=g\",\"contentUrl\":\"https:\/\/secure.gravatar.com\/avatar\/c50c17820bcf322f0a8fd6b110b8c0918141409dc69076470f6fca5fee70a5d4?s=96&d=mm&r=g\",\"caption\":\"Encontra Avenida Paulista\"},\"url\":\"https:\/\/www.encontrabelavista.com.br\/avenida-paulista\/author\/encontraavenidapaulista\/\"}]}<\/script>\n<!-- \/ Yoast SEO plugin. -->","yoast_head_json":{"title":"Grupo Pavilh\u00e3o da Magn\u00f3lia (CE) estreia dois espet\u00e1culos no Sesc Avenida Paulista - Encontra Avenida Paulista","robots":{"index":"index","follow":"follow","max-snippet":"max-snippet:-1","max-image-preview":"max-image-preview:large","max-video-preview":"max-video-preview:-1"},"canonical":"https:\/\/www.encontrabelavista.com.br\/avenida-paulista\/grupo-pavilhao-da-magnolia-ce-estreia-dois-espetaculos-no-sesc-avenida-paulista\/","og_locale":"pt_BR","og_type":"article","og_title":"Grupo Pavilh\u00e3o da Magn\u00f3lia (CE) estreia dois espet\u00e1culos no Sesc Avenida Paulista - Encontra Avenida Paulista","og_description":"Grupo Pavilh\u00e3o da Magn\u00f3lia traz dois espet\u00e1culos imperd\u00edveis ao Sesc Avenida Paulista.","og_url":"https:\/\/www.encontrabelavista.com.br\/avenida-paulista\/grupo-pavilhao-da-magnolia-ce-estreia-dois-espetaculos-no-sesc-avenida-paulista\/","og_site_name":"Encontra Avenida Paulista","article_published_time":"2026-04-22T15:07:52+00:00","og_image":[{"url":"https:\/\/www.encontrabelavista.com.br\/avenida-paulista\/wp-content\/uploads\/2026\/04\/grupo-pavilhao-da-magnolia-ce-estreia-dois-espetaculos-no-sesc-avenida-paulista.webp","type":"","width":"","height":""}],"author":"Encontra Avenida Paulista","twitter_card":"summary_large_image","twitter_misc":{"Escrito por":"Encontra Avenida Paulista","Est. tempo de leitura":"6 minutos"},"schema":{"@context":"https:\/\/schema.org","@graph":[{"@type":"WebPage","@id":"https:\/\/www.encontrabelavista.com.br\/avenida-paulista\/grupo-pavilhao-da-magnolia-ce-estreia-dois-espetaculos-no-sesc-avenida-paulista\/","url":"https:\/\/www.encontrabelavista.com.br\/avenida-paulista\/grupo-pavilhao-da-magnolia-ce-estreia-dois-espetaculos-no-sesc-avenida-paulista\/","name":"Grupo Pavilh\u00e3o da Magn\u00f3lia (CE) estreia dois espet\u00e1culos no Sesc Avenida Paulista - Encontra Avenida Paulista","isPartOf":{"@id":"https:\/\/www.encontrabelavista.com.br\/avenida-paulista\/#website"},"primaryImageOfPage":{"@id":"https:\/\/www.encontrabelavista.com.br\/avenida-paulista\/grupo-pavilhao-da-magnolia-ce-estreia-dois-espetaculos-no-sesc-avenida-paulista\/#primaryimage"},"image":{"@id":"https:\/\/www.encontrabelavista.com.br\/avenida-paulista\/grupo-pavilhao-da-magnolia-ce-estreia-dois-espetaculos-no-sesc-avenida-paulista\/#primaryimage"},"thumbnailUrl":"https:\/\/www.encontrabelavista.com.br\/avenida-paulista\/wp-content\/uploads\/2026\/04\/grupo-pavilhao-da-magnolia-ce-estreia-dois-espetaculos-no-sesc-avenida-paulista.webp","datePublished":"2026-04-22T15:07:52+00:00","author":{"@id":"https:\/\/www.encontrabelavista.com.br\/avenida-paulista\/#\/schema\/person\/63c71a69a5879155285aa7cf79ec3e40"},"breadcrumb":{"@id":"https:\/\/www.encontrabelavista.com.br\/avenida-paulista\/grupo-pavilhao-da-magnolia-ce-estreia-dois-espetaculos-no-sesc-avenida-paulista\/#breadcrumb"},"inLanguage":"pt-BR","potentialAction":[{"@type":"ReadAction","target":["https:\/\/www.encontrabelavista.com.br\/avenida-paulista\/grupo-pavilhao-da-magnolia-ce-estreia-dois-espetaculos-no-sesc-avenida-paulista\/"]}]},{"@type":"ImageObject","inLanguage":"pt-BR","@id":"https:\/\/www.encontrabelavista.com.br\/avenida-paulista\/grupo-pavilhao-da-magnolia-ce-estreia-dois-espetaculos-no-sesc-avenida-paulista\/#primaryimage","url":"https:\/\/www.encontrabelavista.com.br\/avenida-paulista\/wp-content\/uploads\/2026\/04\/grupo-pavilhao-da-magnolia-ce-estreia-dois-espetaculos-no-sesc-avenida-paulista.webp","contentUrl":"https:\/\/www.encontrabelavista.com.br\/avenida-paulista\/wp-content\/uploads\/2026\/04\/grupo-pavilhao-da-magnolia-ce-estreia-dois-espetaculos-no-sesc-avenida-paulista.webp","width":280,"height":280,"caption":"Grupo Pavilh\u00e3o da Magn\u00f3lia"},{"@type":"BreadcrumbList","@id":"https:\/\/www.encontrabelavista.com.br\/avenida-paulista\/grupo-pavilhao-da-magnolia-ce-estreia-dois-espetaculos-no-sesc-avenida-paulista\/#breadcrumb","itemListElement":[{"@type":"ListItem","position":1,"name":"In\u00edcio","item":"https:\/\/www.encontrabelavista.com.br\/avenida-paulista\/"},{"@type":"ListItem","position":2,"name":"Grupo Pavilh\u00e3o da Magn\u00f3lia (CE) estreia dois espet\u00e1culos no Sesc Avenida Paulista"}]},{"@type":"WebSite","@id":"https:\/\/www.encontrabelavista.com.br\/avenida-paulista\/#website","url":"https:\/\/www.encontrabelavista.com.br\/avenida-paulista\/","name":"Encontra Avenida Paulista","description":"ENCONTRA AVENIDA PAULISTA - O guia comercial de neg\u00f3cios e empresas, cultura e divers\u00e3o na Avenida Paulista. Feito 100% para voc\u00ea morador!","potentialAction":[{"@type":"SearchAction","target":{"@type":"EntryPoint","urlTemplate":"https:\/\/www.encontrabelavista.com.br\/avenida-paulista\/?s={search_term_string}"},"query-input":{"@type":"PropertyValueSpecification","valueRequired":true,"valueName":"search_term_string"}}],"inLanguage":"pt-BR"},{"@type":"Person","@id":"https:\/\/www.encontrabelavista.com.br\/avenida-paulista\/#\/schema\/person\/63c71a69a5879155285aa7cf79ec3e40","name":"Encontra Avenida Paulista","image":{"@type":"ImageObject","inLanguage":"pt-BR","@id":"https:\/\/www.encontrabelavista.com.br\/avenida-paulista\/#\/schema\/person\/image\/","url":"https:\/\/secure.gravatar.com\/avatar\/c50c17820bcf322f0a8fd6b110b8c0918141409dc69076470f6fca5fee70a5d4?s=96&d=mm&r=g","contentUrl":"https:\/\/secure.gravatar.com\/avatar\/c50c17820bcf322f0a8fd6b110b8c0918141409dc69076470f6fca5fee70a5d4?s=96&d=mm&r=g","caption":"Encontra Avenida Paulista"},"url":"https:\/\/www.encontrabelavista.com.br\/avenida-paulista\/author\/encontraavenidapaulista\/"}]}},"_links":{"self":[{"href":"https:\/\/www.encontrabelavista.com.br\/avenida-paulista\/wp-json\/wp\/v2\/posts\/6174","targetHints":{"allow":["GET"]}}],"collection":[{"href":"https:\/\/www.encontrabelavista.com.br\/avenida-paulista\/wp-json\/wp\/v2\/posts"}],"about":[{"href":"https:\/\/www.encontrabelavista.com.br\/avenida-paulista\/wp-json\/wp\/v2\/types\/post"}],"author":[{"embeddable":true,"href":"https:\/\/www.encontrabelavista.com.br\/avenida-paulista\/wp-json\/wp\/v2\/users\/1"}],"replies":[{"embeddable":true,"href":"https:\/\/www.encontrabelavista.com.br\/avenida-paulista\/wp-json\/wp\/v2\/comments?post=6174"}],"version-history":[{"count":0,"href":"https:\/\/www.encontrabelavista.com.br\/avenida-paulista\/wp-json\/wp\/v2\/posts\/6174\/revisions"}],"wp:featuredmedia":[{"embeddable":true,"href":"https:\/\/www.encontrabelavista.com.br\/avenida-paulista\/wp-json\/wp\/v2\/media\/6173"}],"wp:attachment":[{"href":"https:\/\/www.encontrabelavista.com.br\/avenida-paulista\/wp-json\/wp\/v2\/media?parent=6174"}],"wp:term":[{"taxonomy":"category","embeddable":true,"href":"https:\/\/www.encontrabelavista.com.br\/avenida-paulista\/wp-json\/wp\/v2\/categories?post=6174"},{"taxonomy":"post_tag","embeddable":true,"href":"https:\/\/www.encontrabelavista.com.br\/avenida-paulista\/wp-json\/wp\/v2\/tags?post=6174"}],"curies":[{"name":"wp","href":"https:\/\/api.w.org\/{rel}","templated":true}]}}