{"id":6178,"date":"2026-04-22T12:12:22","date_gmt":"2026-04-22T15:12:22","guid":{"rendered":"https:\/\/www.encontrabelavista.com.br\/avenida-paulista\/u2-e-rolling-stones-estao-cotados-para-megashow-na-avenida-paulista-diz-nunes\/"},"modified":"2026-04-22T12:12:22","modified_gmt":"2026-04-22T15:12:22","slug":"u2-e-rolling-stones-estao-cotados-para-megashow-na-avenida-paulista-diz-nunes","status":"publish","type":"post","link":"https:\/\/www.encontrabelavista.com.br\/avenida-paulista\/u2-e-rolling-stones-estao-cotados-para-megashow-na-avenida-paulista-diz-nunes\/","title":{"rendered":"U2 e Rolling Stones est\u00e3o cotados para megashow na Avenida Paulista, diz Nunes"},"content":{"rendered":"<h2>O que \u00e9 o Megashow na Avenida Paulista?<\/h2>\n<p>Um <strong>megashow<\/strong> anunciado pela prefeitura de S\u00e3o Paulo promete ser um evento gratuito que ocorrer\u00e1 na famosa Avenida Paulista. Programado para o dia <strong>05 de setembro<\/strong>, a proposta tem como refer\u00eancia o sucesso de grandes concertos realizados em outras cidades, como os shows de <strong>Madonna<\/strong> e <strong>Lady Gaga<\/strong> no Rio de Janeiro. Esta iniciativa visa atrair um grande p\u00fablico, tanto local quanto tur\u00edstico, para a ic\u00f4nica avenida.<\/p>\n<h2>Data do Evento e Import\u00e2ncia para S\u00e3o Paulo<\/h2>\n<p>A escolha da data, o feriado de <strong>07 de setembro<\/strong>, \u00e9 estrat\u00e9gica, j\u00e1 que muitos moradores da cidade estar\u00e3o dispon\u00edveis para participar. O evento n\u00e3o apenas celebra a m\u00fasica, mas tamb\u00e9m visa unir a comunidade e promover a cultura, refor\u00e7ando a import\u00e2ncia da Avenida Paulista como um espa\u00e7o de conviv\u00eancia e lazer aos cidad\u00e3os.<\/p>\n<h2>Artistas em Negocia\u00e7\u00e3o: U2 e Rolling Stones<\/h2>\n<p>Os nomes em destaque durante as negocia\u00e7\u00f5es incluem <strong>U2<\/strong>, <strong>Rolling Stones<\/strong> e <strong>Bruno Mars<\/strong>. O prefeito <strong>Ricardo Nunes<\/strong> revelou em entrevistas que as discuss\u00f5es est\u00e3o em andamento, e que esses artistas de renome mundial poderiam trazer ainda mais brilho ao evento. A expectativa \u00e9 que esses \u00edcones atra\u00edssem uma multid\u00e3o, contribuindo para um espet\u00e1culo inesquec\u00edvel.<\/p>\n<p><img decoding=\"async\" src=\"https:\/\/www.encontrabelavista.com.br\/avenida-paulista\/wp-content\/uploads\/2026\/04\/u2-e-rolling-stones-estao-cotados-para-megashow-na-avenida-paulista-diz-nunes.webp\" alt=\"megashow na Avenida Paulista\" loading=\"lazy\" \/><\/p>\n<h2>A Hist\u00f3ria da Avenida Paulista e Eventos<\/h2>\n<p>A Avenida Paulista \u00e9 um dos principais s\u00edmbolos de S\u00e3o Paulo e frequentemente serve como cen\u00e1rio para eventos culturais. No entanto, houve uma restri\u00e7\u00e3o no n\u00famero de shows permitidos na \u00e1rea devido a problemas de seguran\u00e7a no passado. O <strong>TAC<\/strong> (Termo de Ajustamento de Conduta) com o Minist\u00e9rio P\u00fablico limitou eventos, o que torna este an\u00fancio ainda mais significativo, j\u00e1 que a realiza\u00e7\u00e3o de um megashow depende de aprova\u00e7\u00f5es espec\u00edficas.<\/p>\n<h2>Desafios Legais e Autoriza\u00e7\u00f5es Necess\u00e1rias<\/h2>\n<p>A execu\u00e7\u00e3o do megashow est\u00e1 condicionada a mudan\u00e7as nas regula\u00e7\u00f5es atuais. O prefeito Nunes mencionou que qualquer plano necessitar\u00e1 de ajustes no <strong>TAC<\/strong> existente, que atualmente limita a realiza\u00e7\u00e3o de grandes shows ao longo do ano. O sucesso do evento pode depender da colabora\u00e7\u00e3o entre a prefeitura e o Minist\u00e9rio P\u00fablico para assegurar que todas as normas sejam seguidas.<\/p>\n<h2>Impacto na Cidade e na Cultura Local<\/h2>\n<p>A realiza\u00e7\u00e3o do megashow pode ter um impacto significativo na cultura paulistana. Espera-se que o evento n\u00e3o s\u00f3 realce a riqueza musical de S\u00e3o Paulo mas tamb\u00e9m atraia turismo e fomente a economia local. Os principais beneficiados incluem com\u00e9rcio local, hot\u00e9is e transportes, que poder\u00e3o experimentar um aumento na demanda durante o feriado.<\/p>\n<h2>Como a Prefeitura Est\u00e1 Se Preparando<\/h2>\n<p>A prefeitura vem trabalhando em conjunto com diversas produtoras e artistas para garantir que tudo seja realizado de acordo com as normas de seguran\u00e7a e infraestrutura. A ideia \u00e9 que o evento seja uma grande celebra\u00e7\u00e3o da m\u00fasica e da cultura, preservando a seguran\u00e7a de todos os envolvidos e do p\u00fablico presente.<\/p>\n<h2>O Papel das Produtoras Internacionais<\/h2>\n<p>As produtoras internacionais desempenham um papel crucial na organiza\u00e7\u00e3o da log\u00edstica do evento. Elas trazem experi\u00eancia e conhecimento necess\u00e1rios para lidar com artistas de grande escala e suas exig\u00eancias. \u00c9 atrav\u00e9s desse trabalho conjunto que a prefeitura espera garantir um espet\u00e1culo de alta qualidade.<\/p>\n<h2>Expectativas do P\u00fablico para o Evento<\/h2>\n<p>O p\u00fablico aguarda ansiosamente a confirma\u00e7\u00e3o dos artistas e a libera\u00e7\u00e3o do evento. Com grandes nomes em negocia\u00e7\u00e3o e a possibilidade de um show gratuito na avenida, as redes sociais j\u00e1 est\u00e3o fervilhando com coment\u00e1rios, expectativas e sugest\u00f5es de como o evento deve ser. A intera\u00e7\u00e3o nas plataformas est\u00e1 criando um clima de antecipa\u00e7\u00e3o que poder\u00e1 se transformar em um dos maiores eventos da cidade nos \u00faltimos anos.<\/p>\n<h2>Contribui\u00e7\u00f5es para o Turismo em S\u00e3o Paulo<\/h2>\n<p>Eventos de grande porte como esse s\u00e3o uma oportunidade \u00fanica para promover a cidade como um destina\u00e7\u00e3o de turismo na m\u00fasica. Espera-se que visitantes de outros estados e at\u00e9 de outros pa\u00edses compare\u00e7am, contribuindo para a promo\u00e7\u00e3o da cultura local e aumentando a visibilidade de S\u00e3o Paulo no cen\u00e1rio internacional. Um evento bem-sucedido poder\u00e1 servir como modelo para futuras iniciativas na cidade.<\/p>\n","protected":false},"excerpt":{"rendered":"<p>U2 e Rolling Stones podem se apresentar em um megashow gratuito na Avenida Paulista.<\/p>\n","protected":false},"author":1,"featured_media":6177,"comment_status":"open","ping_status":"","sticky":false,"template":"","format":"standard","meta":{"footnotes":""},"categories":[5],"tags":[],"class_list":["post-6178","post","type-post","status-publish","format-standard","has-post-thumbnail","hentry","category-noticias","has_thumb"],"yoast_head":"<!-- This site is optimized with the Yoast SEO plugin v26.4 - https:\/\/yoast.com\/wordpress\/plugins\/seo\/ -->\n<title>U2 e Rolling Stones est\u00e3o cotados para megashow na Avenida Paulista, diz Nunes - Encontra Avenida Paulista<\/title>\n<meta name=\"robots\" content=\"index, follow, max-snippet:-1, max-image-preview:large, max-video-preview:-1\" \/>\n<link rel=\"canonical\" href=\"https:\/\/www.encontrabelavista.com.br\/avenida-paulista\/u2-e-rolling-stones-estao-cotados-para-megashow-na-avenida-paulista-diz-nunes\/\" \/>\n<meta property=\"og:locale\" content=\"pt_BR\" \/>\n<meta property=\"og:type\" content=\"article\" \/>\n<meta property=\"og:title\" content=\"U2 e Rolling Stones est\u00e3o cotados para megashow na Avenida Paulista, diz Nunes - Encontra Avenida Paulista\" \/>\n<meta property=\"og:description\" content=\"U2 e Rolling Stones podem se apresentar em um megashow gratuito na Avenida Paulista.\" \/>\n<meta property=\"og:url\" content=\"https:\/\/www.encontrabelavista.com.br\/avenida-paulista\/u2-e-rolling-stones-estao-cotados-para-megashow-na-avenida-paulista-diz-nunes\/\" \/>\n<meta property=\"og:site_name\" content=\"Encontra Avenida Paulista\" \/>\n<meta property=\"article:published_time\" content=\"2026-04-22T15:12:22+00:00\" \/>\n<meta property=\"og:image\" content=\"https:\/\/www.encontrabelavista.com.br\/avenida-paulista\/wp-content\/uploads\/2026\/04\/u2-e-rolling-stones-estao-cotados-para-megashow-na-avenida-paulista-diz-nunes.webp\" \/>\n<meta name=\"author\" content=\"Encontra Avenida Paulista\" \/>\n<meta name=\"twitter:card\" content=\"summary_large_image\" \/>\n<meta name=\"twitter:label1\" content=\"Escrito por\" \/>\n\t<meta name=\"twitter:data1\" content=\"Encontra Avenida Paulista\" \/>\n\t<meta name=\"twitter:label2\" content=\"Est. tempo de leitura\" \/>\n\t<meta name=\"twitter:data2\" content=\"4 minutos\" \/>\n<script type=\"application\/ld+json\" class=\"yoast-schema-graph\">{\"@context\":\"https:\/\/schema.org\",\"@graph\":[{\"@type\":\"WebPage\",\"@id\":\"https:\/\/www.encontrabelavista.com.br\/avenida-paulista\/u2-e-rolling-stones-estao-cotados-para-megashow-na-avenida-paulista-diz-nunes\/\",\"url\":\"https:\/\/www.encontrabelavista.com.br\/avenida-paulista\/u2-e-rolling-stones-estao-cotados-para-megashow-na-avenida-paulista-diz-nunes\/\",\"name\":\"U2 e Rolling Stones est\u00e3o cotados para megashow na Avenida Paulista, diz Nunes - Encontra Avenida Paulista\",\"isPartOf\":{\"@id\":\"https:\/\/www.encontrabelavista.com.br\/avenida-paulista\/#website\"},\"primaryImageOfPage\":{\"@id\":\"https:\/\/www.encontrabelavista.com.br\/avenida-paulista\/u2-e-rolling-stones-estao-cotados-para-megashow-na-avenida-paulista-diz-nunes\/#primaryimage\"},\"image\":{\"@id\":\"https:\/\/www.encontrabelavista.com.br\/avenida-paulista\/u2-e-rolling-stones-estao-cotados-para-megashow-na-avenida-paulista-diz-nunes\/#primaryimage\"},\"thumbnailUrl\":\"https:\/\/www.encontrabelavista.com.br\/avenida-paulista\/wp-content\/uploads\/2026\/04\/u2-e-rolling-stones-estao-cotados-para-megashow-na-avenida-paulista-diz-nunes.webp\",\"datePublished\":\"2026-04-22T15:12:22+00:00\",\"author\":{\"@id\":\"https:\/\/www.encontrabelavista.com.br\/avenida-paulista\/#\/schema\/person\/63c71a69a5879155285aa7cf79ec3e40\"},\"breadcrumb\":{\"@id\":\"https:\/\/www.encontrabelavista.com.br\/avenida-paulista\/u2-e-rolling-stones-estao-cotados-para-megashow-na-avenida-paulista-diz-nunes\/#breadcrumb\"},\"inLanguage\":\"pt-BR\",\"potentialAction\":[{\"@type\":\"ReadAction\",\"target\":[\"https:\/\/www.encontrabelavista.com.br\/avenida-paulista\/u2-e-rolling-stones-estao-cotados-para-megashow-na-avenida-paulista-diz-nunes\/\"]}]},{\"@type\":\"ImageObject\",\"inLanguage\":\"pt-BR\",\"@id\":\"https:\/\/www.encontrabelavista.com.br\/avenida-paulista\/u2-e-rolling-stones-estao-cotados-para-megashow-na-avenida-paulista-diz-nunes\/#primaryimage\",\"url\":\"https:\/\/www.encontrabelavista.com.br\/avenida-paulista\/wp-content\/uploads\/2026\/04\/u2-e-rolling-stones-estao-cotados-para-megashow-na-avenida-paulista-diz-nunes.webp\",\"contentUrl\":\"https:\/\/www.encontrabelavista.com.br\/avenida-paulista\/wp-content\/uploads\/2026\/04\/u2-e-rolling-stones-estao-cotados-para-megashow-na-avenida-paulista-diz-nunes.webp\",\"width\":280,\"height\":280,\"caption\":\"megashow na Avenida Paulista\"},{\"@type\":\"BreadcrumbList\",\"@id\":\"https:\/\/www.encontrabelavista.com.br\/avenida-paulista\/u2-e-rolling-stones-estao-cotados-para-megashow-na-avenida-paulista-diz-nunes\/#breadcrumb\",\"itemListElement\":[{\"@type\":\"ListItem\",\"position\":1,\"name\":\"In\u00edcio\",\"item\":\"https:\/\/www.encontrabelavista.com.br\/avenida-paulista\/\"},{\"@type\":\"ListItem\",\"position\":2,\"name\":\"U2 e Rolling Stones est\u00e3o cotados para megashow na Avenida Paulista, diz Nunes\"}]},{\"@type\":\"WebSite\",\"@id\":\"https:\/\/www.encontrabelavista.com.br\/avenida-paulista\/#website\",\"url\":\"https:\/\/www.encontrabelavista.com.br\/avenida-paulista\/\",\"name\":\"Encontra Avenida Paulista\",\"description\":\"ENCONTRA AVENIDA PAULISTA - O guia comercial de neg\u00f3cios e empresas, cultura e divers\u00e3o na Avenida Paulista. Feito 100% para voc\u00ea morador!\",\"potentialAction\":[{\"@type\":\"SearchAction\",\"target\":{\"@type\":\"EntryPoint\",\"urlTemplate\":\"https:\/\/www.encontrabelavista.com.br\/avenida-paulista\/?s={search_term_string}\"},\"query-input\":{\"@type\":\"PropertyValueSpecification\",\"valueRequired\":true,\"valueName\":\"search_term_string\"}}],\"inLanguage\":\"pt-BR\"},{\"@type\":\"Person\",\"@id\":\"https:\/\/www.encontrabelavista.com.br\/avenida-paulista\/#\/schema\/person\/63c71a69a5879155285aa7cf79ec3e40\",\"name\":\"Encontra Avenida Paulista\",\"image\":{\"@type\":\"ImageObject\",\"inLanguage\":\"pt-BR\",\"@id\":\"https:\/\/www.encontrabelavista.com.br\/avenida-paulista\/#\/schema\/person\/image\/\",\"url\":\"https:\/\/secure.gravatar.com\/avatar\/c50c17820bcf322f0a8fd6b110b8c0918141409dc69076470f6fca5fee70a5d4?s=96&d=mm&r=g\",\"contentUrl\":\"https:\/\/secure.gravatar.com\/avatar\/c50c17820bcf322f0a8fd6b110b8c0918141409dc69076470f6fca5fee70a5d4?s=96&d=mm&r=g\",\"caption\":\"Encontra Avenida Paulista\"},\"url\":\"https:\/\/www.encontrabelavista.com.br\/avenida-paulista\/author\/encontraavenidapaulista\/\"}]}<\/script>\n<!-- \/ Yoast SEO plugin. -->","yoast_head_json":{"title":"U2 e Rolling Stones est\u00e3o cotados para megashow na Avenida Paulista, diz Nunes - Encontra Avenida Paulista","robots":{"index":"index","follow":"follow","max-snippet":"max-snippet:-1","max-image-preview":"max-image-preview:large","max-video-preview":"max-video-preview:-1"},"canonical":"https:\/\/www.encontrabelavista.com.br\/avenida-paulista\/u2-e-rolling-stones-estao-cotados-para-megashow-na-avenida-paulista-diz-nunes\/","og_locale":"pt_BR","og_type":"article","og_title":"U2 e Rolling Stones est\u00e3o cotados para megashow na Avenida Paulista, diz Nunes - Encontra Avenida Paulista","og_description":"U2 e Rolling Stones podem se apresentar em um megashow gratuito na Avenida Paulista.","og_url":"https:\/\/www.encontrabelavista.com.br\/avenida-paulista\/u2-e-rolling-stones-estao-cotados-para-megashow-na-avenida-paulista-diz-nunes\/","og_site_name":"Encontra Avenida Paulista","article_published_time":"2026-04-22T15:12:22+00:00","og_image":[{"url":"https:\/\/www.encontrabelavista.com.br\/avenida-paulista\/wp-content\/uploads\/2026\/04\/u2-e-rolling-stones-estao-cotados-para-megashow-na-avenida-paulista-diz-nunes.webp","type":"","width":"","height":""}],"author":"Encontra Avenida Paulista","twitter_card":"summary_large_image","twitter_misc":{"Escrito por":"Encontra Avenida Paulista","Est. tempo de leitura":"4 minutos"},"schema":{"@context":"https:\/\/schema.org","@graph":[{"@type":"WebPage","@id":"https:\/\/www.encontrabelavista.com.br\/avenida-paulista\/u2-e-rolling-stones-estao-cotados-para-megashow-na-avenida-paulista-diz-nunes\/","url":"https:\/\/www.encontrabelavista.com.br\/avenida-paulista\/u2-e-rolling-stones-estao-cotados-para-megashow-na-avenida-paulista-diz-nunes\/","name":"U2 e Rolling Stones est\u00e3o cotados para megashow na Avenida Paulista, diz Nunes - Encontra Avenida Paulista","isPartOf":{"@id":"https:\/\/www.encontrabelavista.com.br\/avenida-paulista\/#website"},"primaryImageOfPage":{"@id":"https:\/\/www.encontrabelavista.com.br\/avenida-paulista\/u2-e-rolling-stones-estao-cotados-para-megashow-na-avenida-paulista-diz-nunes\/#primaryimage"},"image":{"@id":"https:\/\/www.encontrabelavista.com.br\/avenida-paulista\/u2-e-rolling-stones-estao-cotados-para-megashow-na-avenida-paulista-diz-nunes\/#primaryimage"},"thumbnailUrl":"https:\/\/www.encontrabelavista.com.br\/avenida-paulista\/wp-content\/uploads\/2026\/04\/u2-e-rolling-stones-estao-cotados-para-megashow-na-avenida-paulista-diz-nunes.webp","datePublished":"2026-04-22T15:12:22+00:00","author":{"@id":"https:\/\/www.encontrabelavista.com.br\/avenida-paulista\/#\/schema\/person\/63c71a69a5879155285aa7cf79ec3e40"},"breadcrumb":{"@id":"https:\/\/www.encontrabelavista.com.br\/avenida-paulista\/u2-e-rolling-stones-estao-cotados-para-megashow-na-avenida-paulista-diz-nunes\/#breadcrumb"},"inLanguage":"pt-BR","potentialAction":[{"@type":"ReadAction","target":["https:\/\/www.encontrabelavista.com.br\/avenida-paulista\/u2-e-rolling-stones-estao-cotados-para-megashow-na-avenida-paulista-diz-nunes\/"]}]},{"@type":"ImageObject","inLanguage":"pt-BR","@id":"https:\/\/www.encontrabelavista.com.br\/avenida-paulista\/u2-e-rolling-stones-estao-cotados-para-megashow-na-avenida-paulista-diz-nunes\/#primaryimage","url":"https:\/\/www.encontrabelavista.com.br\/avenida-paulista\/wp-content\/uploads\/2026\/04\/u2-e-rolling-stones-estao-cotados-para-megashow-na-avenida-paulista-diz-nunes.webp","contentUrl":"https:\/\/www.encontrabelavista.com.br\/avenida-paulista\/wp-content\/uploads\/2026\/04\/u2-e-rolling-stones-estao-cotados-para-megashow-na-avenida-paulista-diz-nunes.webp","width":280,"height":280,"caption":"megashow na Avenida Paulista"},{"@type":"BreadcrumbList","@id":"https:\/\/www.encontrabelavista.com.br\/avenida-paulista\/u2-e-rolling-stones-estao-cotados-para-megashow-na-avenida-paulista-diz-nunes\/#breadcrumb","itemListElement":[{"@type":"ListItem","position":1,"name":"In\u00edcio","item":"https:\/\/www.encontrabelavista.com.br\/avenida-paulista\/"},{"@type":"ListItem","position":2,"name":"U2 e Rolling Stones est\u00e3o cotados para megashow na Avenida Paulista, diz Nunes"}]},{"@type":"WebSite","@id":"https:\/\/www.encontrabelavista.com.br\/avenida-paulista\/#website","url":"https:\/\/www.encontrabelavista.com.br\/avenida-paulista\/","name":"Encontra Avenida Paulista","description":"ENCONTRA AVENIDA PAULISTA - O guia comercial de neg\u00f3cios e empresas, cultura e divers\u00e3o na Avenida Paulista. Feito 100% para voc\u00ea morador!","potentialAction":[{"@type":"SearchAction","target":{"@type":"EntryPoint","urlTemplate":"https:\/\/www.encontrabelavista.com.br\/avenida-paulista\/?s={search_term_string}"},"query-input":{"@type":"PropertyValueSpecification","valueRequired":true,"valueName":"search_term_string"}}],"inLanguage":"pt-BR"},{"@type":"Person","@id":"https:\/\/www.encontrabelavista.com.br\/avenida-paulista\/#\/schema\/person\/63c71a69a5879155285aa7cf79ec3e40","name":"Encontra Avenida Paulista","image":{"@type":"ImageObject","inLanguage":"pt-BR","@id":"https:\/\/www.encontrabelavista.com.br\/avenida-paulista\/#\/schema\/person\/image\/","url":"https:\/\/secure.gravatar.com\/avatar\/c50c17820bcf322f0a8fd6b110b8c0918141409dc69076470f6fca5fee70a5d4?s=96&d=mm&r=g","contentUrl":"https:\/\/secure.gravatar.com\/avatar\/c50c17820bcf322f0a8fd6b110b8c0918141409dc69076470f6fca5fee70a5d4?s=96&d=mm&r=g","caption":"Encontra Avenida Paulista"},"url":"https:\/\/www.encontrabelavista.com.br\/avenida-paulista\/author\/encontraavenidapaulista\/"}]}},"_links":{"self":[{"href":"https:\/\/www.encontrabelavista.com.br\/avenida-paulista\/wp-json\/wp\/v2\/posts\/6178","targetHints":{"allow":["GET"]}}],"collection":[{"href":"https:\/\/www.encontrabelavista.com.br\/avenida-paulista\/wp-json\/wp\/v2\/posts"}],"about":[{"href":"https:\/\/www.encontrabelavista.com.br\/avenida-paulista\/wp-json\/wp\/v2\/types\/post"}],"author":[{"embeddable":true,"href":"https:\/\/www.encontrabelavista.com.br\/avenida-paulista\/wp-json\/wp\/v2\/users\/1"}],"replies":[{"embeddable":true,"href":"https:\/\/www.encontrabelavista.com.br\/avenida-paulista\/wp-json\/wp\/v2\/comments?post=6178"}],"version-history":[{"count":0,"href":"https:\/\/www.encontrabelavista.com.br\/avenida-paulista\/wp-json\/wp\/v2\/posts\/6178\/revisions"}],"wp:featuredmedia":[{"embeddable":true,"href":"https:\/\/www.encontrabelavista.com.br\/avenida-paulista\/wp-json\/wp\/v2\/media\/6177"}],"wp:attachment":[{"href":"https:\/\/www.encontrabelavista.com.br\/avenida-paulista\/wp-json\/wp\/v2\/media?parent=6178"}],"wp:term":[{"taxonomy":"category","embeddable":true,"href":"https:\/\/www.encontrabelavista.com.br\/avenida-paulista\/wp-json\/wp\/v2\/categories?post=6178"},{"taxonomy":"post_tag","embeddable":true,"href":"https:\/\/www.encontrabelavista.com.br\/avenida-paulista\/wp-json\/wp\/v2\/tags?post=6178"}],"curies":[{"name":"wp","href":"https:\/\/api.w.org\/{rel}","templated":true}]}}