{"id":6180,"date":"2026-04-23T12:34:23","date_gmt":"2026-04-23T15:34:23","guid":{"rendered":"https:\/\/www.encontrabelavista.com.br\/avenida-paulista\/entidades-convocam-1o-de-maio-na-avenida-paulista\/"},"modified":"2026-04-23T12:34:23","modified_gmt":"2026-04-23T15:34:23","slug":"entidades-convocam-1o-de-maio-na-avenida-paulista","status":"publish","type":"post","link":"https:\/\/www.encontrabelavista.com.br\/avenida-paulista\/entidades-convocam-1o-de-maio-na-avenida-paulista\/","title":{"rendered":"Entidades convocam 1\u00ba de Maio na Avenida Paulista"},"content":{"rendered":"<h2>A Hist\u00f3ria do 1\u00ba de Maio e sua Relev\u00e2ncia Atual<\/h2>\n<p>O Dia Internacional dos Trabalhadores, celebrado em 1\u00ba de Maio, remonta a uma luta significativa por melhores condi\u00e7\u00f5es de trabalho e direitos sociais. Originado nos Estados Unidos, na d\u00e9cada de 1880, este dia foi marcado por manifesta\u00e7\u00f5es que reivindicavam a redu\u00e7\u00e3o da jornada de trabalho para oito horas. Com o passar do tempo, essa data tornou-se um s\u00edmbolo global de solidariedade e luta dos trabalhadores por direitos e dignidade no trabalho.<\/p>\n<p>Hoje, o 1\u00ba de Maio continua sendo uma data de grande relev\u00e2ncia, servindo como um lembrete das conquistas obtidas pela classe trabalhadora e das lutas que ainda precisamos enfrentar. Reflete as frentes de a\u00e7\u00e3o necess\u00e1rias para garantir direitos laborais em um mundo onde a luta por justi\u00e7a social \u00e9 t\u00e3o urgente quanto no passado.<\/p>\n<h2>O Papel da CTB na Mobiliza\u00e7\u00e3o dos Trabalhadores<\/h2>\n<p>A Central dos Trabalhadores e Trabalhadoras do Brasil (CTB) desempenha um papel crucial na mobiliza\u00e7\u00e3o da classe trabalhadora do pa\u00eds. Desde sua funda\u00e7\u00e3o, a CTB tem se destacado como uma voz ativa na defesa dos direitos dos trabalhadores, buscando unir diferentes segmentos sindicais e movimentos sociais em torno de uma agenda comum.<\/p>\n<p><img decoding=\"async\" src=\"https:\/\/www.encontrabelavista.com.br\/avenida-paulista\/wp-content\/uploads\/2026\/04\/entidades-convocam-1-de-maio-na-avenida-paulista.webp\" alt=\"1\u00ba de Maio\" loading=\"lazy\" \/><\/p>\n<p>Por meio de campanhas, mobiliza\u00e7\u00f5es e eventos como a celebra\u00e7\u00e3o do 1\u00ba de Maio, a CTB busca fortalecer o sentido de coletividade entre os trabalhadores, promovendo a uni\u00e3o de for\u00e7as na busca por melhores condi\u00e7\u00f5es de trabalho e por direitos sociais. A central tamb\u00e9m tem sido um elo importante entre trabalhadores e pol\u00edticas p\u00fablicas, atuando na press\u00e3o por legisla\u00e7\u00f5es que beneficiem a classe trabalhadora.<\/p>\n<h2>Intersindical: Uma Voz para a Classe Trabalhadora<\/h2>\n<p>A Intersindical, que se apresenta como uma central representativa da classe trabalhadora, \u00e9 outro ator relevante na mobiliza\u00e7\u00e3o para o 1\u00ba de Maio. Essa central defende a articula\u00e7\u00e3o entre sindicatos e movimentos sociais com o prop\u00f3sito de reivindicar direitos e dignidade para todos trabalhadores.<\/p>\n<p>O papel da Intersindical \u00e9 fundamental em um contexto pol\u00edtico e econ\u00f4mico onde os trabalhadores enfrentam constantes desafios, incluindo a precariza\u00e7\u00e3o do trabalho e a retirada de direitos. Essa uni\u00e3o de for\u00e7as \u00e9 vital para consolidar o poder da classe trabalhadora e promover mudan\u00e7as significativas.<\/p>\n<h2>Agenda do Evento: O Que Esperar do Dia<\/h2>\n<p>O evento do 1\u00ba de Maio, programado para ocorrer na Avenida Paulista, ter\u00e1 in\u00edcio com a concentra\u00e7\u00e3o marcada para 8 horas da manh\u00e3, seguida de atividades que se estender\u00e3o at\u00e9 o meio-dia. Durante esse per\u00edodo, ser\u00e3o promovidos discursos, apresenta\u00e7\u00f5es culturais e diversas atividades que visam engajar os participantes nas pautas de interesse da classe trabalhadora.<\/p>\n<p>Os organizadores esperam reunir milhares de pessoas em um ato de celebra\u00e7\u00e3o e reivindica\u00e7\u00e3o, onde os trabalhadores poder\u00e3o expressar suas demandas e a import\u00e2ncia da luta coletiva. A diversidade de atividades planejadas reflete a riqueza e a pluralidade dos movimentos sociais que comp\u00f5em essa mobiliza\u00e7\u00e3o.<\/p>\n<h2>Principais Pautas de Discuss\u00e3o na Manifesta\u00e7\u00e3o<\/h2>\n<p>As pautas que ser\u00e3o discutidas durante o 1\u00ba de Maio inclui temas essenciais para a classe trabalhadora. Entre os t\u00f3picos em destaque est\u00e3o:<\/p>\n<ul>\n<li><strong>Redu\u00e7\u00e3o da jornada de trabalho:<\/strong> a luta pela diminui\u00e7\u00e3o da carga hor\u00e1ria semanal sem a redu\u00e7\u00e3o salarial.<\/li>\n<li><strong>Fim da escala 6\u00d71:<\/strong> reivindica\u00e7\u00e3o pela melhoria das condi\u00e7\u00f5es de trabalho para setores sujeitos a essa jornada desgastante.<\/li>\n<li><strong>Queda na taxa de juros:<\/strong> demanda por pol\u00edticas monet\u00e1rias que beneficie a classe trabalhadora.<\/li>\n<li><strong>Aumento de investimentos p\u00fablicos:<\/strong> busca pela amplia\u00e7\u00e3o de investimentos em infraestrutura e servi\u00e7os p\u00fablicos.<\/li>\n<li><strong>Defesa da soberania nacional e da democracia:<\/strong> fortalecimento das institui\u00e7\u00f5es democr\u00e1ticas e resist\u00eancia ao retrocesso social.<\/li>\n<li><strong>Regulamenta\u00e7\u00e3o do trabalho mediado por plataformas:<\/strong> exigindo direitos e prote\u00e7\u00e3o para trabalhadores da economia gig.<\/li>\n<li><strong>Valoriza\u00e7\u00e3o do sal\u00e1rio m\u00ednimo:<\/strong> recupera\u00e7\u00e3o do poder aquisitivo e melhorias nas condi\u00e7\u00f5es de vida.<\/li>\n<\/ul>\n<h2>A Import\u00e2ncia da Mobiliza\u00e7\u00e3o Sindical em Tempos de Crise<\/h2>\n<p>A mobiliza\u00e7\u00e3o sindical \u00e9 ainda mais crucial em tempos de crise, como os enfrentados atualmente. A fragiliza\u00e7\u00e3o dos direitos trabalhistas e a precariza\u00e7\u00e3o do trabalho exigem uma resposta unificada e organizada da classe trabalhadora.<\/p>\n<p>As centrais sindicais, como a CTB e a Intersindical, atuam como frentes de resist\u00eancia e mobiliza\u00e7\u00e3o, buscando garantir que os interesses dos trabalhadores sejam ouvidos e respeitados. A participa\u00e7\u00e3o em eventos como o 1\u00ba de Maio serve para refor\u00e7ar a voz dos trabalhadores e reivindicar melhorias diante das adversidades.\u201d<\/p>\n<h2>Como Participar do 1\u00ba de Maio na Avenida Paulista<\/h2>\n<p>A participa\u00e7\u00e3o no 1\u00ba de Maio na Avenida Paulista \u00e9 aberta a todos que desejam fortalecer sua voz em defesa dos direitos trabalhistas. As pessoas interessadas podem se unir \u00e0 concentra\u00e7\u00e3o que come\u00e7a \u00e0s 8 horas, levando faixas, cartazes e outras formas de manifesta\u00e7\u00e3o art\u00edstica que reflitam suas reivindica\u00e7\u00f5es e apoio \u00e0 causa trabalhista.<\/p>\n<p>Al\u00e9m disso, \u00e9 fundamental que os participantes sigam as orienta\u00e7\u00f5es dos organizadores para garantir a seguran\u00e7a de todos e promover um ambiente de respeito e solidariedade entre os presentes.<\/p>\n<h2>Apoio de Partidos e Movimentos Sociais<\/h2>\n<p>Al\u00e9m da participa\u00e7\u00e3o das centrais sindicais, v\u00e1rios partidos pol\u00edticos e movimentos sociais est\u00e3o se unindo ao evento do 1\u00ba de Maio na Avenida Paulista. O apoio de partidos como o PCdoB ressalta a import\u00e2ncia da alian\u00e7a entre a luta pol\u00edtica e a luta sindical para a conquista de direitos para trabalhadores.<\/p>\n<p>O envolvimento de movimentos sociais, como a Federa\u00e7\u00e3o das Mulheres Paulista (FMP), tamb\u00e9m \u00e9 um indicativo de que a luta por direitos trabalhistas caminha junto \u00e0 luta por igualdade e justi\u00e7a social, fortalecendo ainda mais a mobiliza\u00e7\u00e3o.<\/p>\n<h2>Os Efeitos da Redu\u00e7\u00e3o da Jornada de Trabalho<\/h2>\n<p>A discuss\u00e3o sobre a redu\u00e7\u00e3o da jornada de trabalho \u00e9 uma das pautas mais urgentes entre os trabalhadores, uma vez que pesquisas mostram que jornadas mais curtas podem aumentar a produtividade e melhorar a qualidade de vida dos trabalhadores. Dessa forma, o 1\u00ba de Maio se torna um espa\u00e7o vital para debater essa e outras quest\u00f5es t\u00e3o pertinentes ao cotidiano da classe trabalhadora.<\/p>\n<p>Uma jornada de trabalho reduzida pode contribuir para a redu\u00e7\u00e3o do estresse, melhorando assim a sa\u00fade mental dos trabalhadores, al\u00e9m de possibilitar um maior tempo livre para a conviv\u00eancia familiar e o desenvolvimento de outras atividades que promovam o bem-estar.<\/p>\n<h2>Futuro do Movimento Sindical e Seus Desafios<\/h2>\n<p>O futuro do movimento sindical depende da capacidade de adapta\u00e7\u00e3o \u00e0s novas realidades do mercado de trabalho. O advento da automa\u00e7\u00e3o, das novas formas de trabalho que emergem com as plataformas digitais e a precariza\u00e7\u00e3o das rela\u00e7\u00f5es trabalhistas imp\u00f5em desafios consider\u00e1veis. \u00c9 necess\u00e1rio que os sindicatos se reinventem e busquem novas formas de mobiliza\u00e7\u00e3o e atua\u00e7\u00e3o.<\/p>\n<p>A evolu\u00e7\u00e3o do movimento sindical pode se dar atrav\u00e9s da incorpora\u00e7\u00e3o de novas tecnologias e da forma\u00e7\u00e3o de alian\u00e7as com outros movimentos que lutam por justi\u00e7a social. Somente com uma atua\u00e7\u00e3o inovadora e integrada ser\u00e1 poss\u00edvel enfrentar os pr\u00f3ximos desafios e continuar a luta por direitos e dignidade na sociedade contempor\u00e2nea.<\/p>\n","protected":false},"excerpt":{"rendered":"<p>1\u00ba de Maio na Avenida Paulista: evento promovido por CTB e Intersindical ser\u00e1 imperd\u00edvel.<\/p>\n","protected":false},"author":1,"featured_media":6179,"comment_status":"open","ping_status":"","sticky":false,"template":"","format":"standard","meta":{"footnotes":""},"categories":[5],"tags":[],"class_list":["post-6180","post","type-post","status-publish","format-standard","has-post-thumbnail","hentry","category-noticias","has_thumb"],"yoast_head":"<!-- This site is optimized with the Yoast SEO plugin v26.4 - https:\/\/yoast.com\/wordpress\/plugins\/seo\/ -->\n<title>Entidades convocam 1\u00ba de Maio na Avenida Paulista - Encontra Avenida Paulista<\/title>\n<meta name=\"robots\" content=\"index, follow, max-snippet:-1, max-image-preview:large, max-video-preview:-1\" \/>\n<link rel=\"canonical\" href=\"https:\/\/www.encontrabelavista.com.br\/avenida-paulista\/entidades-convocam-1o-de-maio-na-avenida-paulista\/\" \/>\n<meta property=\"og:locale\" content=\"pt_BR\" \/>\n<meta property=\"og:type\" content=\"article\" \/>\n<meta property=\"og:title\" content=\"Entidades convocam 1\u00ba de Maio na Avenida Paulista - Encontra Avenida Paulista\" \/>\n<meta property=\"og:description\" content=\"1\u00ba de Maio na Avenida Paulista: evento promovido por CTB e Intersindical ser\u00e1 imperd\u00edvel.\" \/>\n<meta property=\"og:url\" content=\"https:\/\/www.encontrabelavista.com.br\/avenida-paulista\/entidades-convocam-1o-de-maio-na-avenida-paulista\/\" \/>\n<meta property=\"og:site_name\" content=\"Encontra Avenida Paulista\" \/>\n<meta property=\"article:published_time\" content=\"2026-04-23T15:34:23+00:00\" \/>\n<meta property=\"og:image\" content=\"https:\/\/www.encontrabelavista.com.br\/avenida-paulista\/wp-content\/uploads\/2026\/04\/entidades-convocam-1-de-maio-na-avenida-paulista.webp\" \/>\n<meta name=\"author\" content=\"Encontra Avenida Paulista\" \/>\n<meta name=\"twitter:card\" content=\"summary_large_image\" \/>\n<meta name=\"twitter:label1\" content=\"Escrito por\" \/>\n\t<meta name=\"twitter:data1\" content=\"Encontra Avenida Paulista\" \/>\n\t<meta name=\"twitter:label2\" content=\"Est. tempo de leitura\" \/>\n\t<meta name=\"twitter:data2\" content=\"6 minutos\" \/>\n<script type=\"application\/ld+json\" class=\"yoast-schema-graph\">{\"@context\":\"https:\/\/schema.org\",\"@graph\":[{\"@type\":\"WebPage\",\"@id\":\"https:\/\/www.encontrabelavista.com.br\/avenida-paulista\/entidades-convocam-1o-de-maio-na-avenida-paulista\/\",\"url\":\"https:\/\/www.encontrabelavista.com.br\/avenida-paulista\/entidades-convocam-1o-de-maio-na-avenida-paulista\/\",\"name\":\"Entidades convocam 1\u00ba de Maio na Avenida Paulista - Encontra Avenida Paulista\",\"isPartOf\":{\"@id\":\"https:\/\/www.encontrabelavista.com.br\/avenida-paulista\/#website\"},\"primaryImageOfPage\":{\"@id\":\"https:\/\/www.encontrabelavista.com.br\/avenida-paulista\/entidades-convocam-1o-de-maio-na-avenida-paulista\/#primaryimage\"},\"image\":{\"@id\":\"https:\/\/www.encontrabelavista.com.br\/avenida-paulista\/entidades-convocam-1o-de-maio-na-avenida-paulista\/#primaryimage\"},\"thumbnailUrl\":\"https:\/\/www.encontrabelavista.com.br\/avenida-paulista\/wp-content\/uploads\/2026\/04\/entidades-convocam-1-de-maio-na-avenida-paulista.webp\",\"datePublished\":\"2026-04-23T15:34:23+00:00\",\"author\":{\"@id\":\"https:\/\/www.encontrabelavista.com.br\/avenida-paulista\/#\/schema\/person\/63c71a69a5879155285aa7cf79ec3e40\"},\"breadcrumb\":{\"@id\":\"https:\/\/www.encontrabelavista.com.br\/avenida-paulista\/entidades-convocam-1o-de-maio-na-avenida-paulista\/#breadcrumb\"},\"inLanguage\":\"pt-BR\",\"potentialAction\":[{\"@type\":\"ReadAction\",\"target\":[\"https:\/\/www.encontrabelavista.com.br\/avenida-paulista\/entidades-convocam-1o-de-maio-na-avenida-paulista\/\"]}]},{\"@type\":\"ImageObject\",\"inLanguage\":\"pt-BR\",\"@id\":\"https:\/\/www.encontrabelavista.com.br\/avenida-paulista\/entidades-convocam-1o-de-maio-na-avenida-paulista\/#primaryimage\",\"url\":\"https:\/\/www.encontrabelavista.com.br\/avenida-paulista\/wp-content\/uploads\/2026\/04\/entidades-convocam-1-de-maio-na-avenida-paulista.webp\",\"contentUrl\":\"https:\/\/www.encontrabelavista.com.br\/avenida-paulista\/wp-content\/uploads\/2026\/04\/entidades-convocam-1-de-maio-na-avenida-paulista.webp\",\"width\":280,\"height\":280,\"caption\":\"1\u00ba de Maio\"},{\"@type\":\"BreadcrumbList\",\"@id\":\"https:\/\/www.encontrabelavista.com.br\/avenida-paulista\/entidades-convocam-1o-de-maio-na-avenida-paulista\/#breadcrumb\",\"itemListElement\":[{\"@type\":\"ListItem\",\"position\":1,\"name\":\"In\u00edcio\",\"item\":\"https:\/\/www.encontrabelavista.com.br\/avenida-paulista\/\"},{\"@type\":\"ListItem\",\"position\":2,\"name\":\"Entidades convocam 1\u00ba de Maio na Avenida Paulista\"}]},{\"@type\":\"WebSite\",\"@id\":\"https:\/\/www.encontrabelavista.com.br\/avenida-paulista\/#website\",\"url\":\"https:\/\/www.encontrabelavista.com.br\/avenida-paulista\/\",\"name\":\"Encontra Avenida Paulista\",\"description\":\"ENCONTRA AVENIDA PAULISTA - O guia comercial de neg\u00f3cios e empresas, cultura e divers\u00e3o na Avenida Paulista. Feito 100% para voc\u00ea morador!\",\"potentialAction\":[{\"@type\":\"SearchAction\",\"target\":{\"@type\":\"EntryPoint\",\"urlTemplate\":\"https:\/\/www.encontrabelavista.com.br\/avenida-paulista\/?s={search_term_string}\"},\"query-input\":{\"@type\":\"PropertyValueSpecification\",\"valueRequired\":true,\"valueName\":\"search_term_string\"}}],\"inLanguage\":\"pt-BR\"},{\"@type\":\"Person\",\"@id\":\"https:\/\/www.encontrabelavista.com.br\/avenida-paulista\/#\/schema\/person\/63c71a69a5879155285aa7cf79ec3e40\",\"name\":\"Encontra Avenida Paulista\",\"image\":{\"@type\":\"ImageObject\",\"inLanguage\":\"pt-BR\",\"@id\":\"https:\/\/www.encontrabelavista.com.br\/avenida-paulista\/#\/schema\/person\/image\/\",\"url\":\"https:\/\/secure.gravatar.com\/avatar\/c50c17820bcf322f0a8fd6b110b8c0918141409dc69076470f6fca5fee70a5d4?s=96&d=mm&r=g\",\"contentUrl\":\"https:\/\/secure.gravatar.com\/avatar\/c50c17820bcf322f0a8fd6b110b8c0918141409dc69076470f6fca5fee70a5d4?s=96&d=mm&r=g\",\"caption\":\"Encontra Avenida Paulista\"},\"url\":\"https:\/\/www.encontrabelavista.com.br\/avenida-paulista\/author\/encontraavenidapaulista\/\"}]}<\/script>\n<!-- \/ Yoast SEO plugin. -->","yoast_head_json":{"title":"Entidades convocam 1\u00ba de Maio na Avenida Paulista - Encontra Avenida Paulista","robots":{"index":"index","follow":"follow","max-snippet":"max-snippet:-1","max-image-preview":"max-image-preview:large","max-video-preview":"max-video-preview:-1"},"canonical":"https:\/\/www.encontrabelavista.com.br\/avenida-paulista\/entidades-convocam-1o-de-maio-na-avenida-paulista\/","og_locale":"pt_BR","og_type":"article","og_title":"Entidades convocam 1\u00ba de Maio na Avenida Paulista - Encontra Avenida Paulista","og_description":"1\u00ba de Maio na Avenida Paulista: evento promovido por CTB e Intersindical ser\u00e1 imperd\u00edvel.","og_url":"https:\/\/www.encontrabelavista.com.br\/avenida-paulista\/entidades-convocam-1o-de-maio-na-avenida-paulista\/","og_site_name":"Encontra Avenida Paulista","article_published_time":"2026-04-23T15:34:23+00:00","og_image":[{"url":"https:\/\/www.encontrabelavista.com.br\/avenida-paulista\/wp-content\/uploads\/2026\/04\/entidades-convocam-1-de-maio-na-avenida-paulista.webp","type":"","width":"","height":""}],"author":"Encontra Avenida Paulista","twitter_card":"summary_large_image","twitter_misc":{"Escrito por":"Encontra Avenida Paulista","Est. tempo de leitura":"6 minutos"},"schema":{"@context":"https:\/\/schema.org","@graph":[{"@type":"WebPage","@id":"https:\/\/www.encontrabelavista.com.br\/avenida-paulista\/entidades-convocam-1o-de-maio-na-avenida-paulista\/","url":"https:\/\/www.encontrabelavista.com.br\/avenida-paulista\/entidades-convocam-1o-de-maio-na-avenida-paulista\/","name":"Entidades convocam 1\u00ba de Maio na Avenida Paulista - Encontra Avenida Paulista","isPartOf":{"@id":"https:\/\/www.encontrabelavista.com.br\/avenida-paulista\/#website"},"primaryImageOfPage":{"@id":"https:\/\/www.encontrabelavista.com.br\/avenida-paulista\/entidades-convocam-1o-de-maio-na-avenida-paulista\/#primaryimage"},"image":{"@id":"https:\/\/www.encontrabelavista.com.br\/avenida-paulista\/entidades-convocam-1o-de-maio-na-avenida-paulista\/#primaryimage"},"thumbnailUrl":"https:\/\/www.encontrabelavista.com.br\/avenida-paulista\/wp-content\/uploads\/2026\/04\/entidades-convocam-1-de-maio-na-avenida-paulista.webp","datePublished":"2026-04-23T15:34:23+00:00","author":{"@id":"https:\/\/www.encontrabelavista.com.br\/avenida-paulista\/#\/schema\/person\/63c71a69a5879155285aa7cf79ec3e40"},"breadcrumb":{"@id":"https:\/\/www.encontrabelavista.com.br\/avenida-paulista\/entidades-convocam-1o-de-maio-na-avenida-paulista\/#breadcrumb"},"inLanguage":"pt-BR","potentialAction":[{"@type":"ReadAction","target":["https:\/\/www.encontrabelavista.com.br\/avenida-paulista\/entidades-convocam-1o-de-maio-na-avenida-paulista\/"]}]},{"@type":"ImageObject","inLanguage":"pt-BR","@id":"https:\/\/www.encontrabelavista.com.br\/avenida-paulista\/entidades-convocam-1o-de-maio-na-avenida-paulista\/#primaryimage","url":"https:\/\/www.encontrabelavista.com.br\/avenida-paulista\/wp-content\/uploads\/2026\/04\/entidades-convocam-1-de-maio-na-avenida-paulista.webp","contentUrl":"https:\/\/www.encontrabelavista.com.br\/avenida-paulista\/wp-content\/uploads\/2026\/04\/entidades-convocam-1-de-maio-na-avenida-paulista.webp","width":280,"height":280,"caption":"1\u00ba de Maio"},{"@type":"BreadcrumbList","@id":"https:\/\/www.encontrabelavista.com.br\/avenida-paulista\/entidades-convocam-1o-de-maio-na-avenida-paulista\/#breadcrumb","itemListElement":[{"@type":"ListItem","position":1,"name":"In\u00edcio","item":"https:\/\/www.encontrabelavista.com.br\/avenida-paulista\/"},{"@type":"ListItem","position":2,"name":"Entidades convocam 1\u00ba de Maio na Avenida Paulista"}]},{"@type":"WebSite","@id":"https:\/\/www.encontrabelavista.com.br\/avenida-paulista\/#website","url":"https:\/\/www.encontrabelavista.com.br\/avenida-paulista\/","name":"Encontra Avenida Paulista","description":"ENCONTRA AVENIDA PAULISTA - O guia comercial de neg\u00f3cios e empresas, cultura e divers\u00e3o na Avenida Paulista. Feito 100% para voc\u00ea morador!","potentialAction":[{"@type":"SearchAction","target":{"@type":"EntryPoint","urlTemplate":"https:\/\/www.encontrabelavista.com.br\/avenida-paulista\/?s={search_term_string}"},"query-input":{"@type":"PropertyValueSpecification","valueRequired":true,"valueName":"search_term_string"}}],"inLanguage":"pt-BR"},{"@type":"Person","@id":"https:\/\/www.encontrabelavista.com.br\/avenida-paulista\/#\/schema\/person\/63c71a69a5879155285aa7cf79ec3e40","name":"Encontra Avenida Paulista","image":{"@type":"ImageObject","inLanguage":"pt-BR","@id":"https:\/\/www.encontrabelavista.com.br\/avenida-paulista\/#\/schema\/person\/image\/","url":"https:\/\/secure.gravatar.com\/avatar\/c50c17820bcf322f0a8fd6b110b8c0918141409dc69076470f6fca5fee70a5d4?s=96&d=mm&r=g","contentUrl":"https:\/\/secure.gravatar.com\/avatar\/c50c17820bcf322f0a8fd6b110b8c0918141409dc69076470f6fca5fee70a5d4?s=96&d=mm&r=g","caption":"Encontra Avenida Paulista"},"url":"https:\/\/www.encontrabelavista.com.br\/avenida-paulista\/author\/encontraavenidapaulista\/"}]}},"_links":{"self":[{"href":"https:\/\/www.encontrabelavista.com.br\/avenida-paulista\/wp-json\/wp\/v2\/posts\/6180","targetHints":{"allow":["GET"]}}],"collection":[{"href":"https:\/\/www.encontrabelavista.com.br\/avenida-paulista\/wp-json\/wp\/v2\/posts"}],"about":[{"href":"https:\/\/www.encontrabelavista.com.br\/avenida-paulista\/wp-json\/wp\/v2\/types\/post"}],"author":[{"embeddable":true,"href":"https:\/\/www.encontrabelavista.com.br\/avenida-paulista\/wp-json\/wp\/v2\/users\/1"}],"replies":[{"embeddable":true,"href":"https:\/\/www.encontrabelavista.com.br\/avenida-paulista\/wp-json\/wp\/v2\/comments?post=6180"}],"version-history":[{"count":0,"href":"https:\/\/www.encontrabelavista.com.br\/avenida-paulista\/wp-json\/wp\/v2\/posts\/6180\/revisions"}],"wp:featuredmedia":[{"embeddable":true,"href":"https:\/\/www.encontrabelavista.com.br\/avenida-paulista\/wp-json\/wp\/v2\/media\/6179"}],"wp:attachment":[{"href":"https:\/\/www.encontrabelavista.com.br\/avenida-paulista\/wp-json\/wp\/v2\/media?parent=6180"}],"wp:term":[{"taxonomy":"category","embeddable":true,"href":"https:\/\/www.encontrabelavista.com.br\/avenida-paulista\/wp-json\/wp\/v2\/categories?post=6180"},{"taxonomy":"post_tag","embeddable":true,"href":"https:\/\/www.encontrabelavista.com.br\/avenida-paulista\/wp-json\/wp\/v2\/tags?post=6180"}],"curies":[{"name":"wp","href":"https:\/\/api.w.org\/{rel}","templated":true}]}}