{"id":6186,"date":"2026-04-24T12:20:38","date_gmt":"2026-04-24T15:20:38","guid":{"rendered":"https:\/\/www.encontrabelavista.com.br\/avenida-paulista\/sao-paulo-pode-liberar-mais-eventos-na-paulista-e-planeja-megashow\/"},"modified":"2026-04-24T12:20:38","modified_gmt":"2026-04-24T15:20:38","slug":"sao-paulo-pode-liberar-mais-eventos-na-paulista-e-planeja-megashow","status":"publish","type":"post","link":"https:\/\/www.encontrabelavista.com.br\/avenida-paulista\/sao-paulo-pode-liberar-mais-eventos-na-paulista-e-planeja-megashow\/","title":{"rendered":"S\u00e3o Paulo pode liberar mais eventos na Paulista e planeja megashow"},"content":{"rendered":"<h2>O Futuro dos Eventos na Avenida Paulista<\/h2>\n<p>A Avenida Paulista, um dos \u00edcones culturais de S\u00e3o Paulo, est\u00e1 prestes a passar por mudan\u00e7as significativas no que diz respeito a eventos. A decis\u00e3o que determinar\u00e1 a amplia\u00e7\u00e3o do limite de eventos no local est\u00e1 em an\u00e1lise no Conselho Superior do Minist\u00e9rio P\u00fablico. A expectativa \u00e9 que essa altera\u00e7\u00e3o leve a um megashow internacional, previsto para ocorrer em setembro de 2026, tornando a famosa avenida ainda mais vibrante e atrativa para o p\u00fablico.<\/p>\n<h2>Mudan\u00e7as no Termo de Ajustamento de Conduta<\/h2>\n<p>Recentemente, um Termo de Ajustamento de Conduta (TAC) foi assinado, que prev\u00ea a possibilidade de realiza\u00e7\u00e3o de at\u00e9 seis grandes eventos anuais na Avenida Paulista. Essa medida pode ser crucial para revitalizar o calend\u00e1rio cultural da cidade, especialmente em um momento em que se busca retomar atividades em larga escala ap\u00f3s um per\u00edodo de restri\u00e7\u00f5es sanit\u00e1rias. A reuni\u00e3o marcada pelo Conselho do MP ser\u00e1 o momento decisivo para a valida\u00e7\u00e3o das novas diretrizes.<\/p>\n<h2>Ainda Existe Esperan\u00e7a para o Megashow?<\/h2>\n<p>Considerado um evento potencialmente marcante, o megashow pode se tornar uma realidade para o segundo semestre de 2026. Al\u00e9m deste evento, a programa\u00e7\u00e3o j\u00e1 contempla outras datas tradicionais, como a Parada do Orgulho LGBT e a Corrida de S\u00e3o Silvestre. Portanto, a viabiliza\u00e7\u00e3o desse evento seria uma maneira n\u00e3o apenas de entreter, mas de reafirmar o papel da Avenida Paulista como um espa\u00e7o cultural de destaque.<\/p>\n<p><img decoding=\"async\" src=\"https:\/\/www.encontrabelavista.com.br\/avenida-paulista\/wp-content\/uploads\/2026\/04\/sao-paulo-pode-liberar-mais-eventos-na-paulista-e-planeja-megashow.webp\" alt=\"eventos na Paulista\" loading=\"lazy\" \/><\/p>\n<h2>A Import\u00e2ncia da Cultura na Cidade<\/h2>\n<p>A cultura desempenha um papel essencial na vida urbana, funcionando como um elemento de uni\u00e3o e identidade coletiva. A possibilidade de realizar eventos de grande porte na Avenida Paulista \u00e9 um passo significativo para promover a diversidade cultural e atingir p\u00fablicos variados. Al\u00e9m disso, esses eventos t\u00eam o potencial de engajar a popula\u00e7\u00e3o local e fortalecer la\u00e7os comunit\u00e1rios.<\/p>\n<h2>Artistas Internacionais em Foco<\/h2>\n<p>A onda de rumores quanto \u00e0 participa\u00e7\u00e3o de artistas renomados, como U2, Rolling Stones e Bruno Mars, atrai a aten\u00e7\u00e3o e aumenta as expectativas para o megashow. A inclus\u00e3o de tais atra\u00e7\u00f5es seria um trunfo para elevar o evento a um patamar internacional, atraindo n\u00e3o apenas o p\u00fablico paulista, mas tamb\u00e9m turistas de diversas partes do Brasil e do mundo.<\/p>\n<h2>Impactos na Economia Local<\/h2>\n<p>A realiza\u00e7\u00e3o de eventos na Avenida Paulista pode trazer benef\u00edcios econ\u00f4micos significativos para a regi\u00e3o. A movimenta\u00e7\u00e3o de pessoas gera demanda para neg\u00f3cios locais, aumentando as vendas em restaurantes, lojas e hot\u00e9is. Al\u00e9m disso, a visibilidade que um megashow pode proporcionar coloca a cidade em destaque em cen\u00e1rios nacionais, podendo tamb\u00e9m influenciar futuros investimentos e parcerias.<\/p>\n<h2>Aulas do Passado: Eventos Culturais em SP<\/h2>\n<p>S\u00e3o Paulo possui uma rica hist\u00f3ria de eventos culturais que transformaram a cidade em um centro de refer\u00eancia. Festivais, shows e exposi\u00e7\u00f5es t\u00eam feito parte da trajet\u00f3ria paulistana, e a possibilidade de aumentar a frequ\u00eancia e a escala desses eventos representa um retorno \u00e0s origens culturais vibrantes que marcaram a cidade. O aprendizado com eventos anteriores pode guiar a organiza\u00e7\u00e3o e a gest\u00e3o dessas novas iniciativas.<\/p>\n<h2>A Mobiliza\u00e7\u00e3o da Comunidade para os Eventos<\/h2>\n<p>A participa\u00e7\u00e3o da comunidade \u00e9 vital para o sucesso de eventos na Avenida Paulista. Envolver os moradores e diferentes grupos sociais na elabora\u00e7\u00e3o da programa\u00e7\u00e3o pode contribuir para que os eventos atendam \u00e0s expectativas e anseios do p\u00fablico. A colabora\u00e7\u00e3o gera um sentimento de pertencimento e engajamento, essencial para construir uma agenda cultural inclusiva.<\/p>\n<h2>Poss\u00edveis Datas para o Megashow<\/h2>\n<p>Pelo que \u00e9 esperado, o megashow pode acontecer no dia 7 de setembro de 2026. Essa data proporcionalmente concede um simbolismo importante, j\u00e1 que celebra a Independ\u00eancia do Brasil. A escolha desse dia pode potencializar a participa\u00e7\u00e3o da popula\u00e7\u00e3o, que se reunir\u00e1 para celebrar n\u00e3o apenas a data c\u00edvica, mas tamb\u00e9m o resgate das atividades culturais.<\/p>\n<h2>Expectativas da Popula\u00e7\u00e3o<\/h2>\n<p>A expectativa da popula\u00e7\u00e3o em rela\u00e7\u00e3o ao megashow e a amplia\u00e7\u00e3o dos eventos na Avenida Paulista \u00e9 alta. A cidade demonstra um anseio por mais cultura, festa e inclus\u00e3o, e a possibilidade de ver grandes nomes da m\u00fasica se apresentam em um espa\u00e7o ic\u00f4nico como a Paulista \u00e9 algo que anima e motiva a comunidade. Sem d\u00favida, essa iniciativa poder\u00e1 ser um marco na programa\u00e7\u00e3o cultural de S\u00e3o Paulo, promovendo um novo ciclo de eventos na cidade.<\/p>\n","protected":false},"excerpt":{"rendered":"<p>S\u00e3o Paulo pode liberar mais eventos na Paulista, incluindo um megashow internacional em breve.<\/p>\n","protected":false},"author":1,"featured_media":6185,"comment_status":"open","ping_status":"","sticky":false,"template":"","format":"standard","meta":{"footnotes":""},"categories":[5],"tags":[],"class_list":["post-6186","post","type-post","status-publish","format-standard","has-post-thumbnail","hentry","category-noticias","has_thumb"],"yoast_head":"<!-- This site is optimized with the Yoast SEO plugin v26.4 - https:\/\/yoast.com\/wordpress\/plugins\/seo\/ -->\n<title>S\u00e3o Paulo pode liberar mais eventos na Paulista e planeja megashow - Encontra Avenida Paulista<\/title>\n<meta name=\"robots\" content=\"index, follow, max-snippet:-1, max-image-preview:large, max-video-preview:-1\" \/>\n<link rel=\"canonical\" href=\"https:\/\/www.encontrabelavista.com.br\/avenida-paulista\/sao-paulo-pode-liberar-mais-eventos-na-paulista-e-planeja-megashow\/\" \/>\n<meta property=\"og:locale\" content=\"pt_BR\" \/>\n<meta property=\"og:type\" content=\"article\" \/>\n<meta property=\"og:title\" content=\"S\u00e3o Paulo pode liberar mais eventos na Paulista e planeja megashow - Encontra Avenida Paulista\" \/>\n<meta property=\"og:description\" content=\"S\u00e3o Paulo pode liberar mais eventos na Paulista, incluindo um megashow internacional em breve.\" \/>\n<meta property=\"og:url\" content=\"https:\/\/www.encontrabelavista.com.br\/avenida-paulista\/sao-paulo-pode-liberar-mais-eventos-na-paulista-e-planeja-megashow\/\" \/>\n<meta property=\"og:site_name\" content=\"Encontra Avenida Paulista\" \/>\n<meta property=\"article:published_time\" content=\"2026-04-24T15:20:38+00:00\" \/>\n<meta property=\"og:image\" content=\"https:\/\/www.encontrabelavista.com.br\/avenida-paulista\/wp-content\/uploads\/2026\/04\/sao-paulo-pode-liberar-mais-eventos-na-paulista-e-planeja-megashow.webp\" \/>\n<meta name=\"author\" content=\"Encontra Avenida Paulista\" \/>\n<meta name=\"twitter:card\" content=\"summary_large_image\" \/>\n<meta name=\"twitter:label1\" content=\"Escrito por\" \/>\n\t<meta name=\"twitter:data1\" content=\"Encontra Avenida Paulista\" \/>\n\t<meta name=\"twitter:label2\" content=\"Est. tempo de leitura\" \/>\n\t<meta name=\"twitter:data2\" content=\"4 minutos\" \/>\n<script type=\"application\/ld+json\" class=\"yoast-schema-graph\">{\"@context\":\"https:\/\/schema.org\",\"@graph\":[{\"@type\":\"WebPage\",\"@id\":\"https:\/\/www.encontrabelavista.com.br\/avenida-paulista\/sao-paulo-pode-liberar-mais-eventos-na-paulista-e-planeja-megashow\/\",\"url\":\"https:\/\/www.encontrabelavista.com.br\/avenida-paulista\/sao-paulo-pode-liberar-mais-eventos-na-paulista-e-planeja-megashow\/\",\"name\":\"S\u00e3o Paulo pode liberar mais eventos na Paulista e planeja megashow - Encontra Avenida Paulista\",\"isPartOf\":{\"@id\":\"https:\/\/www.encontrabelavista.com.br\/avenida-paulista\/#website\"},\"primaryImageOfPage\":{\"@id\":\"https:\/\/www.encontrabelavista.com.br\/avenida-paulista\/sao-paulo-pode-liberar-mais-eventos-na-paulista-e-planeja-megashow\/#primaryimage\"},\"image\":{\"@id\":\"https:\/\/www.encontrabelavista.com.br\/avenida-paulista\/sao-paulo-pode-liberar-mais-eventos-na-paulista-e-planeja-megashow\/#primaryimage\"},\"thumbnailUrl\":\"https:\/\/www.encontrabelavista.com.br\/avenida-paulista\/wp-content\/uploads\/2026\/04\/sao-paulo-pode-liberar-mais-eventos-na-paulista-e-planeja-megashow.webp\",\"datePublished\":\"2026-04-24T15:20:38+00:00\",\"author\":{\"@id\":\"https:\/\/www.encontrabelavista.com.br\/avenida-paulista\/#\/schema\/person\/63c71a69a5879155285aa7cf79ec3e40\"},\"breadcrumb\":{\"@id\":\"https:\/\/www.encontrabelavista.com.br\/avenida-paulista\/sao-paulo-pode-liberar-mais-eventos-na-paulista-e-planeja-megashow\/#breadcrumb\"},\"inLanguage\":\"pt-BR\",\"potentialAction\":[{\"@type\":\"ReadAction\",\"target\":[\"https:\/\/www.encontrabelavista.com.br\/avenida-paulista\/sao-paulo-pode-liberar-mais-eventos-na-paulista-e-planeja-megashow\/\"]}]},{\"@type\":\"ImageObject\",\"inLanguage\":\"pt-BR\",\"@id\":\"https:\/\/www.encontrabelavista.com.br\/avenida-paulista\/sao-paulo-pode-liberar-mais-eventos-na-paulista-e-planeja-megashow\/#primaryimage\",\"url\":\"https:\/\/www.encontrabelavista.com.br\/avenida-paulista\/wp-content\/uploads\/2026\/04\/sao-paulo-pode-liberar-mais-eventos-na-paulista-e-planeja-megashow.webp\",\"contentUrl\":\"https:\/\/www.encontrabelavista.com.br\/avenida-paulista\/wp-content\/uploads\/2026\/04\/sao-paulo-pode-liberar-mais-eventos-na-paulista-e-planeja-megashow.webp\",\"width\":280,\"height\":280,\"caption\":\"eventos na Paulista\"},{\"@type\":\"BreadcrumbList\",\"@id\":\"https:\/\/www.encontrabelavista.com.br\/avenida-paulista\/sao-paulo-pode-liberar-mais-eventos-na-paulista-e-planeja-megashow\/#breadcrumb\",\"itemListElement\":[{\"@type\":\"ListItem\",\"position\":1,\"name\":\"In\u00edcio\",\"item\":\"https:\/\/www.encontrabelavista.com.br\/avenida-paulista\/\"},{\"@type\":\"ListItem\",\"position\":2,\"name\":\"S\u00e3o Paulo pode liberar mais eventos na Paulista e planeja megashow\"}]},{\"@type\":\"WebSite\",\"@id\":\"https:\/\/www.encontrabelavista.com.br\/avenida-paulista\/#website\",\"url\":\"https:\/\/www.encontrabelavista.com.br\/avenida-paulista\/\",\"name\":\"Encontra Avenida Paulista\",\"description\":\"ENCONTRA AVENIDA PAULISTA - O guia comercial de neg\u00f3cios e empresas, cultura e divers\u00e3o na Avenida Paulista. Feito 100% para voc\u00ea morador!\",\"potentialAction\":[{\"@type\":\"SearchAction\",\"target\":{\"@type\":\"EntryPoint\",\"urlTemplate\":\"https:\/\/www.encontrabelavista.com.br\/avenida-paulista\/?s={search_term_string}\"},\"query-input\":{\"@type\":\"PropertyValueSpecification\",\"valueRequired\":true,\"valueName\":\"search_term_string\"}}],\"inLanguage\":\"pt-BR\"},{\"@type\":\"Person\",\"@id\":\"https:\/\/www.encontrabelavista.com.br\/avenida-paulista\/#\/schema\/person\/63c71a69a5879155285aa7cf79ec3e40\",\"name\":\"Encontra Avenida Paulista\",\"image\":{\"@type\":\"ImageObject\",\"inLanguage\":\"pt-BR\",\"@id\":\"https:\/\/www.encontrabelavista.com.br\/avenida-paulista\/#\/schema\/person\/image\/\",\"url\":\"https:\/\/secure.gravatar.com\/avatar\/c50c17820bcf322f0a8fd6b110b8c0918141409dc69076470f6fca5fee70a5d4?s=96&d=mm&r=g\",\"contentUrl\":\"https:\/\/secure.gravatar.com\/avatar\/c50c17820bcf322f0a8fd6b110b8c0918141409dc69076470f6fca5fee70a5d4?s=96&d=mm&r=g\",\"caption\":\"Encontra Avenida Paulista\"},\"url\":\"https:\/\/www.encontrabelavista.com.br\/avenida-paulista\/author\/encontraavenidapaulista\/\"}]}<\/script>\n<!-- \/ Yoast SEO plugin. -->","yoast_head_json":{"title":"S\u00e3o Paulo pode liberar mais eventos na Paulista e planeja megashow - Encontra Avenida Paulista","robots":{"index":"index","follow":"follow","max-snippet":"max-snippet:-1","max-image-preview":"max-image-preview:large","max-video-preview":"max-video-preview:-1"},"canonical":"https:\/\/www.encontrabelavista.com.br\/avenida-paulista\/sao-paulo-pode-liberar-mais-eventos-na-paulista-e-planeja-megashow\/","og_locale":"pt_BR","og_type":"article","og_title":"S\u00e3o Paulo pode liberar mais eventos na Paulista e planeja megashow - Encontra Avenida Paulista","og_description":"S\u00e3o Paulo pode liberar mais eventos na Paulista, incluindo um megashow internacional em breve.","og_url":"https:\/\/www.encontrabelavista.com.br\/avenida-paulista\/sao-paulo-pode-liberar-mais-eventos-na-paulista-e-planeja-megashow\/","og_site_name":"Encontra Avenida Paulista","article_published_time":"2026-04-24T15:20:38+00:00","og_image":[{"url":"https:\/\/www.encontrabelavista.com.br\/avenida-paulista\/wp-content\/uploads\/2026\/04\/sao-paulo-pode-liberar-mais-eventos-na-paulista-e-planeja-megashow.webp","type":"","width":"","height":""}],"author":"Encontra Avenida Paulista","twitter_card":"summary_large_image","twitter_misc":{"Escrito por":"Encontra Avenida Paulista","Est. tempo de leitura":"4 minutos"},"schema":{"@context":"https:\/\/schema.org","@graph":[{"@type":"WebPage","@id":"https:\/\/www.encontrabelavista.com.br\/avenida-paulista\/sao-paulo-pode-liberar-mais-eventos-na-paulista-e-planeja-megashow\/","url":"https:\/\/www.encontrabelavista.com.br\/avenida-paulista\/sao-paulo-pode-liberar-mais-eventos-na-paulista-e-planeja-megashow\/","name":"S\u00e3o Paulo pode liberar mais eventos na Paulista e planeja megashow - Encontra Avenida Paulista","isPartOf":{"@id":"https:\/\/www.encontrabelavista.com.br\/avenida-paulista\/#website"},"primaryImageOfPage":{"@id":"https:\/\/www.encontrabelavista.com.br\/avenida-paulista\/sao-paulo-pode-liberar-mais-eventos-na-paulista-e-planeja-megashow\/#primaryimage"},"image":{"@id":"https:\/\/www.encontrabelavista.com.br\/avenida-paulista\/sao-paulo-pode-liberar-mais-eventos-na-paulista-e-planeja-megashow\/#primaryimage"},"thumbnailUrl":"https:\/\/www.encontrabelavista.com.br\/avenida-paulista\/wp-content\/uploads\/2026\/04\/sao-paulo-pode-liberar-mais-eventos-na-paulista-e-planeja-megashow.webp","datePublished":"2026-04-24T15:20:38+00:00","author":{"@id":"https:\/\/www.encontrabelavista.com.br\/avenida-paulista\/#\/schema\/person\/63c71a69a5879155285aa7cf79ec3e40"},"breadcrumb":{"@id":"https:\/\/www.encontrabelavista.com.br\/avenida-paulista\/sao-paulo-pode-liberar-mais-eventos-na-paulista-e-planeja-megashow\/#breadcrumb"},"inLanguage":"pt-BR","potentialAction":[{"@type":"ReadAction","target":["https:\/\/www.encontrabelavista.com.br\/avenida-paulista\/sao-paulo-pode-liberar-mais-eventos-na-paulista-e-planeja-megashow\/"]}]},{"@type":"ImageObject","inLanguage":"pt-BR","@id":"https:\/\/www.encontrabelavista.com.br\/avenida-paulista\/sao-paulo-pode-liberar-mais-eventos-na-paulista-e-planeja-megashow\/#primaryimage","url":"https:\/\/www.encontrabelavista.com.br\/avenida-paulista\/wp-content\/uploads\/2026\/04\/sao-paulo-pode-liberar-mais-eventos-na-paulista-e-planeja-megashow.webp","contentUrl":"https:\/\/www.encontrabelavista.com.br\/avenida-paulista\/wp-content\/uploads\/2026\/04\/sao-paulo-pode-liberar-mais-eventos-na-paulista-e-planeja-megashow.webp","width":280,"height":280,"caption":"eventos na Paulista"},{"@type":"BreadcrumbList","@id":"https:\/\/www.encontrabelavista.com.br\/avenida-paulista\/sao-paulo-pode-liberar-mais-eventos-na-paulista-e-planeja-megashow\/#breadcrumb","itemListElement":[{"@type":"ListItem","position":1,"name":"In\u00edcio","item":"https:\/\/www.encontrabelavista.com.br\/avenida-paulista\/"},{"@type":"ListItem","position":2,"name":"S\u00e3o Paulo pode liberar mais eventos na Paulista e planeja megashow"}]},{"@type":"WebSite","@id":"https:\/\/www.encontrabelavista.com.br\/avenida-paulista\/#website","url":"https:\/\/www.encontrabelavista.com.br\/avenida-paulista\/","name":"Encontra Avenida Paulista","description":"ENCONTRA AVENIDA PAULISTA - O guia comercial de neg\u00f3cios e empresas, cultura e divers\u00e3o na Avenida Paulista. Feito 100% para voc\u00ea morador!","potentialAction":[{"@type":"SearchAction","target":{"@type":"EntryPoint","urlTemplate":"https:\/\/www.encontrabelavista.com.br\/avenida-paulista\/?s={search_term_string}"},"query-input":{"@type":"PropertyValueSpecification","valueRequired":true,"valueName":"search_term_string"}}],"inLanguage":"pt-BR"},{"@type":"Person","@id":"https:\/\/www.encontrabelavista.com.br\/avenida-paulista\/#\/schema\/person\/63c71a69a5879155285aa7cf79ec3e40","name":"Encontra Avenida Paulista","image":{"@type":"ImageObject","inLanguage":"pt-BR","@id":"https:\/\/www.encontrabelavista.com.br\/avenida-paulista\/#\/schema\/person\/image\/","url":"https:\/\/secure.gravatar.com\/avatar\/c50c17820bcf322f0a8fd6b110b8c0918141409dc69076470f6fca5fee70a5d4?s=96&d=mm&r=g","contentUrl":"https:\/\/secure.gravatar.com\/avatar\/c50c17820bcf322f0a8fd6b110b8c0918141409dc69076470f6fca5fee70a5d4?s=96&d=mm&r=g","caption":"Encontra Avenida Paulista"},"url":"https:\/\/www.encontrabelavista.com.br\/avenida-paulista\/author\/encontraavenidapaulista\/"}]}},"_links":{"self":[{"href":"https:\/\/www.encontrabelavista.com.br\/avenida-paulista\/wp-json\/wp\/v2\/posts\/6186","targetHints":{"allow":["GET"]}}],"collection":[{"href":"https:\/\/www.encontrabelavista.com.br\/avenida-paulista\/wp-json\/wp\/v2\/posts"}],"about":[{"href":"https:\/\/www.encontrabelavista.com.br\/avenida-paulista\/wp-json\/wp\/v2\/types\/post"}],"author":[{"embeddable":true,"href":"https:\/\/www.encontrabelavista.com.br\/avenida-paulista\/wp-json\/wp\/v2\/users\/1"}],"replies":[{"embeddable":true,"href":"https:\/\/www.encontrabelavista.com.br\/avenida-paulista\/wp-json\/wp\/v2\/comments?post=6186"}],"version-history":[{"count":0,"href":"https:\/\/www.encontrabelavista.com.br\/avenida-paulista\/wp-json\/wp\/v2\/posts\/6186\/revisions"}],"wp:featuredmedia":[{"embeddable":true,"href":"https:\/\/www.encontrabelavista.com.br\/avenida-paulista\/wp-json\/wp\/v2\/media\/6185"}],"wp:attachment":[{"href":"https:\/\/www.encontrabelavista.com.br\/avenida-paulista\/wp-json\/wp\/v2\/media?parent=6186"}],"wp:term":[{"taxonomy":"category","embeddable":true,"href":"https:\/\/www.encontrabelavista.com.br\/avenida-paulista\/wp-json\/wp\/v2\/categories?post=6186"},{"taxonomy":"post_tag","embeddable":true,"href":"https:\/\/www.encontrabelavista.com.br\/avenida-paulista\/wp-json\/wp\/v2\/tags?post=6186"}],"curies":[{"name":"wp","href":"https:\/\/api.w.org\/{rel}","templated":true}]}}