{"id":6190,"date":"2026-04-25T12:37:28","date_gmt":"2026-04-25T15:37:28","guid":{"rendered":"https:\/\/www.encontrabelavista.com.br\/avenida-paulista\/8-2\/"},"modified":"2026-04-25T12:37:28","modified_gmt":"2026-04-25T15:37:28","slug":"8-2","status":"publish","type":"post","link":"https:\/\/www.encontrabelavista.com.br\/avenida-paulista\/8-2\/","title":{"rendered":"8"},"content":{"rendered":"<h2>O que representa o 8 de Mar\u00e7o<\/h2>\n<p>O dia 8 de mar\u00e7o \u00e9 reconhecido como o Dia Internacional da Mulher, uma data que simboliza a luta das mulheres por direitos iguais e pelo fim da opress\u00e3o em diversas esferas sociais. Este dia serve para refletir sobre conquistas e desafios ainda enfrentados por mulheres em todo o mundo, sendo essencial na promo\u00e7\u00e3o da igualdade de g\u00eanero e dos direitos das mulheres.<\/p>\n<h2>A Avenida Paulista como Palco de Luta<\/h2>\n<p>A Avenida Paulista se tornou um \u00edcone de manifesta\u00e7\u00f5es e lutas sociais no Brasil, representando um espa\u00e7o de resist\u00eancia e visibilidade das causas sociais, em especial as que dizem respeito \u00e0s mulheres. Neste contexto, a via abriga anualmente diversas atividades e eventos que visam promover a reflex\u00e3o sobre os direitos femininos e a igualdade de g\u00eanero, reunindo milhares de pessoas comprometidas com a causa, transformando-a numa verdadeira celebra\u00e7\u00e3o de empoderamento.<\/p>\n<h2>Construindo um Futuro Igualit\u00e1rio<\/h2>\n<p>O sonho de um futuro igualit\u00e1rio passa pela conscientiza\u00e7\u00e3o e mobiliza\u00e7\u00e3o de todos os setores da sociedade. Isso envolve uma educa\u00e7\u00e3o que valorize a igualdade de g\u00eaneros, pol\u00edticas p\u00fablicas eficazes e a\u00e7\u00f5es coletivas que promovam justi\u00e7a social. O 8 de mar\u00e7o refor\u00e7a a ideia de que \u00e9 necess\u00e1rio derrubar as barreiras que ainda existem e construir um mundo onde todas as pessoas tenham as mesmas oportunidades, independentemente do g\u00eanero.<\/p>\n<p><img decoding=\"async\" src=\"https:\/\/www.encontrabelavista.com.br\/avenida-paulista\/wp-content\/uploads\/2026\/04\/8.webp\" alt=\"8 de Mar\u00e7o na Avenida Paulista\" loading=\"lazy\" \/><\/p>\n<h2>Fortalecendo Vozes Femininas<\/h2>\n<p>A voz das mulheres \u00e9 fundamental para a constru\u00e7\u00e3o de uma sociedade mais justa. No dia 8 de mar\u00e7o, \u00e9 imprescind\u00edvel que essa voz seja ouvida em todos os espa\u00e7os, desde as escolas at\u00e9 os ambientes de trabalho. As mulheres precisam ocupar positivamente os lugares de decis\u00e3o, e o di\u00e1logo acerca de suas necessidades e expectativas deve ser cont\u00ednuo e respeitado com aten\u00e7\u00e3o. Promover a\u00e7\u00f5es que fortale\u00e7am a presen\u00e7a feminina \u00e9 um passo importante nessa luta.<\/p>\n<h2>Hist\u00f3ria do Movimento Feminista no Brasil<\/h2>\n<p>O movimento feminista no Brasil tem uma rica hist\u00f3ria que remonta ao s\u00e9culo XX, quando mulheres come\u00e7aram a se organizar para conquistar direitos civis e pol\u00edticos. Desde o direito ao voto at\u00e9 a luta por igualdade salarial, as conquistas foram resultado de um esfor\u00e7o coletivo e cont\u00ednuo. As marchas de 8 de mar\u00e7o s\u00e3o uma extens\u00e3o dessa luta, simbolizando a persist\u00eancia das mulheres em suas reivindica\u00e7\u00f5es e a import\u00e2ncia de manter viva a mem\u00f3ria das batalhas j\u00e1 vencidas.<\/p>\n<h2>A Import\u00e2ncia da Mobiliza\u00e7\u00e3o Coletiva<\/h2>\n<p>A mobiliza\u00e7\u00e3o coletiva \u00e9 vital para impulsionar as mudan\u00e7as sociais. A uni\u00e3o de mulheres e homens em prol de um objetivo comum fortalece a luta pelos direitos iguais. No Dia Internacional da Mulher, a presen\u00e7a em massa nas manifesta\u00e7\u00f5es e eventos \u00e9 um sinal poderoso de que a sociedade est\u00e1 comprometida com a causa. A mobiliza\u00e7\u00e3o n\u00e3o apenas d\u00e1 visibilidade, mas tamb\u00e9m pressiona os governantes a implementarem pol\u00edticas que beneficiem a todos, independentemente do g\u00eanero.<\/p>\n<h2>Perspectivas para os Direitos das Mulheres<\/h2>\n<p>As perspectivas para os direitos das mulheres s\u00e3o promissoras, mas ainda h\u00e1 um longo caminho a percorrer. Enquanto algumas leis t\u00eam sido implementadas para proteger os direitos femininos, a efetividade destas ainda \u00e9 um desafio. As mulheres devem continuar a buscar espa\u00e7os em ambientes onde s\u00e3o sub-representadas e lutar contra as viol\u00eancias que ainda persistem na sociedade. \u00c9 fundamental que as conquistas sejam preservadas e ampliadas, garantindo que futuras gera\u00e7\u00f5es possam usufruir de um mundo mais igualit\u00e1rio.<\/p>\n<h2>A Contribui\u00e7\u00e3o do Partido dos Trabalhadores<\/h2>\n<p>O Partido dos Trabalhadores (PT) tem desempenhado um papel significativo na luta por direitos sociais e igualdade de g\u00eanero no Brasil. Atrav\u00e9s de pol\u00edticas p\u00fablicas e programas voltados para mulheres, o PT busca promover uma sociedade mais justa. No contexto das mobiliza\u00e7\u00f5es do 8 de mar\u00e7o, o partido reafirma seu compromisso com a luta feminista, apoiando iniciativas que promovem a equidade entre g\u00eaneros e garantindo que as vozes das mulheres sejam sempre ouvidas.<\/p>\n<h2>Reflex\u00f5es sobre a Luta Feminina<\/h2>\n<p>A luta feminina \u00e9 um reflexo das diversas realidades enfrentadas por mulheres ao redor do mundo. \u00c9 uma luta que n\u00e3o se limita a um \u00fanico dia, mas que deve ser constante e multifacetada. \u00c9 preciso refletir sobre as conquistas, mas tamb\u00e9m sobre os retrocessos que ainda ocorrem. Um dos maiores desafios \u00e9 unir diferentes vozes e experi\u00eancias, de modo que a luta pela igualdade de g\u00eanero seja inclusiva e represente todas as mulheres, independentemente de sua classe, ra\u00e7a ou orienta\u00e7\u00e3o sexual.<\/p>\n<h2>Apoio e Solidariedade entre Mulheres<\/h2>\n<p>Apoiar umas \u00e0s outras \u00e9 fundamental para que as mulheres fortale\u00e7am sua luta. A solidariedade entre mulheres cria uma rede de apoio que pode ser crucial em momentos de dificuldade. Em eventos como o Dia Internacional da Mulher, \u00e9 essencial promover a\u00e7\u00f5es que incentivem a uni\u00e3o e o suporte m\u00fatuo. Essa rede pode ser uma poderosa ferramenta contra a opress\u00e3o e a discrimina\u00e7\u00e3o, mostrando que juntas as mulheres podem enfrentar qualquer desafio.<\/p>\n","protected":false},"excerpt":{"rendered":"<p>8 de Mar\u00e7o na Avenida Paulista destaca a luta das mulheres por seus direitos.<\/p>\n","protected":false},"author":1,"featured_media":6189,"comment_status":"open","ping_status":"","sticky":false,"template":"","format":"standard","meta":{"footnotes":""},"categories":[5],"tags":[],"class_list":["post-6190","post","type-post","status-publish","format-standard","has-post-thumbnail","hentry","category-noticias","has_thumb"],"yoast_head":"<!-- This site is optimized with the Yoast SEO plugin v26.4 - https:\/\/yoast.com\/wordpress\/plugins\/seo\/ -->\n<title>8 - Encontra Avenida Paulista<\/title>\n<meta name=\"robots\" content=\"index, follow, max-snippet:-1, max-image-preview:large, max-video-preview:-1\" \/>\n<link rel=\"canonical\" href=\"https:\/\/www.encontrabelavista.com.br\/avenida-paulista\/8-2\/\" \/>\n<meta property=\"og:locale\" content=\"pt_BR\" \/>\n<meta property=\"og:type\" content=\"article\" \/>\n<meta property=\"og:title\" content=\"8 - Encontra Avenida Paulista\" \/>\n<meta property=\"og:description\" content=\"8 de Mar\u00e7o na Avenida Paulista destaca a luta das mulheres por seus direitos.\" \/>\n<meta property=\"og:url\" content=\"https:\/\/www.encontrabelavista.com.br\/avenida-paulista\/8-2\/\" \/>\n<meta property=\"og:site_name\" content=\"Encontra Avenida Paulista\" \/>\n<meta property=\"article:published_time\" content=\"2026-04-25T15:37:28+00:00\" \/>\n<meta property=\"og:image\" content=\"https:\/\/www.encontrabelavista.com.br\/avenida-paulista\/wp-content\/uploads\/2026\/04\/8.webp\" \/>\n<meta name=\"author\" content=\"Encontra Avenida Paulista\" \/>\n<meta name=\"twitter:card\" content=\"summary_large_image\" \/>\n<meta name=\"twitter:label1\" content=\"Escrito por\" \/>\n\t<meta name=\"twitter:data1\" content=\"Encontra Avenida Paulista\" \/>\n\t<meta name=\"twitter:label2\" content=\"Est. tempo de leitura\" \/>\n\t<meta name=\"twitter:data2\" content=\"4 minutos\" \/>\n<script type=\"application\/ld+json\" class=\"yoast-schema-graph\">{\"@context\":\"https:\/\/schema.org\",\"@graph\":[{\"@type\":\"WebPage\",\"@id\":\"https:\/\/www.encontrabelavista.com.br\/avenida-paulista\/8-2\/\",\"url\":\"https:\/\/www.encontrabelavista.com.br\/avenida-paulista\/8-2\/\",\"name\":\"8 - Encontra Avenida Paulista\",\"isPartOf\":{\"@id\":\"https:\/\/www.encontrabelavista.com.br\/avenida-paulista\/#website\"},\"primaryImageOfPage\":{\"@id\":\"https:\/\/www.encontrabelavista.com.br\/avenida-paulista\/8-2\/#primaryimage\"},\"image\":{\"@id\":\"https:\/\/www.encontrabelavista.com.br\/avenida-paulista\/8-2\/#primaryimage\"},\"thumbnailUrl\":\"https:\/\/www.encontrabelavista.com.br\/avenida-paulista\/wp-content\/uploads\/2026\/04\/8.webp\",\"datePublished\":\"2026-04-25T15:37:28+00:00\",\"author\":{\"@id\":\"https:\/\/www.encontrabelavista.com.br\/avenida-paulista\/#\/schema\/person\/63c71a69a5879155285aa7cf79ec3e40\"},\"breadcrumb\":{\"@id\":\"https:\/\/www.encontrabelavista.com.br\/avenida-paulista\/8-2\/#breadcrumb\"},\"inLanguage\":\"pt-BR\",\"potentialAction\":[{\"@type\":\"ReadAction\",\"target\":[\"https:\/\/www.encontrabelavista.com.br\/avenida-paulista\/8-2\/\"]}]},{\"@type\":\"ImageObject\",\"inLanguage\":\"pt-BR\",\"@id\":\"https:\/\/www.encontrabelavista.com.br\/avenida-paulista\/8-2\/#primaryimage\",\"url\":\"https:\/\/www.encontrabelavista.com.br\/avenida-paulista\/wp-content\/uploads\/2026\/04\/8.webp\",\"contentUrl\":\"https:\/\/www.encontrabelavista.com.br\/avenida-paulista\/wp-content\/uploads\/2026\/04\/8.webp\",\"width\":280,\"height\":280,\"caption\":\"8 de Mar\u00e7o na Avenida Paulista\"},{\"@type\":\"BreadcrumbList\",\"@id\":\"https:\/\/www.encontrabelavista.com.br\/avenida-paulista\/8-2\/#breadcrumb\",\"itemListElement\":[{\"@type\":\"ListItem\",\"position\":1,\"name\":\"In\u00edcio\",\"item\":\"https:\/\/www.encontrabelavista.com.br\/avenida-paulista\/\"},{\"@type\":\"ListItem\",\"position\":2,\"name\":\"8\"}]},{\"@type\":\"WebSite\",\"@id\":\"https:\/\/www.encontrabelavista.com.br\/avenida-paulista\/#website\",\"url\":\"https:\/\/www.encontrabelavista.com.br\/avenida-paulista\/\",\"name\":\"Encontra Avenida Paulista\",\"description\":\"ENCONTRA AVENIDA PAULISTA - O guia comercial de neg\u00f3cios e empresas, cultura e divers\u00e3o na Avenida Paulista. Feito 100% para voc\u00ea morador!\",\"potentialAction\":[{\"@type\":\"SearchAction\",\"target\":{\"@type\":\"EntryPoint\",\"urlTemplate\":\"https:\/\/www.encontrabelavista.com.br\/avenida-paulista\/?s={search_term_string}\"},\"query-input\":{\"@type\":\"PropertyValueSpecification\",\"valueRequired\":true,\"valueName\":\"search_term_string\"}}],\"inLanguage\":\"pt-BR\"},{\"@type\":\"Person\",\"@id\":\"https:\/\/www.encontrabelavista.com.br\/avenida-paulista\/#\/schema\/person\/63c71a69a5879155285aa7cf79ec3e40\",\"name\":\"Encontra Avenida Paulista\",\"image\":{\"@type\":\"ImageObject\",\"inLanguage\":\"pt-BR\",\"@id\":\"https:\/\/www.encontrabelavista.com.br\/avenida-paulista\/#\/schema\/person\/image\/\",\"url\":\"https:\/\/secure.gravatar.com\/avatar\/c50c17820bcf322f0a8fd6b110b8c0918141409dc69076470f6fca5fee70a5d4?s=96&d=mm&r=g\",\"contentUrl\":\"https:\/\/secure.gravatar.com\/avatar\/c50c17820bcf322f0a8fd6b110b8c0918141409dc69076470f6fca5fee70a5d4?s=96&d=mm&r=g\",\"caption\":\"Encontra Avenida Paulista\"},\"url\":\"https:\/\/www.encontrabelavista.com.br\/avenida-paulista\/author\/encontraavenidapaulista\/\"}]}<\/script>\n<!-- \/ Yoast SEO plugin. -->","yoast_head_json":{"title":"8 - Encontra Avenida Paulista","robots":{"index":"index","follow":"follow","max-snippet":"max-snippet:-1","max-image-preview":"max-image-preview:large","max-video-preview":"max-video-preview:-1"},"canonical":"https:\/\/www.encontrabelavista.com.br\/avenida-paulista\/8-2\/","og_locale":"pt_BR","og_type":"article","og_title":"8 - Encontra Avenida Paulista","og_description":"8 de Mar\u00e7o na Avenida Paulista destaca a luta das mulheres por seus direitos.","og_url":"https:\/\/www.encontrabelavista.com.br\/avenida-paulista\/8-2\/","og_site_name":"Encontra Avenida Paulista","article_published_time":"2026-04-25T15:37:28+00:00","og_image":[{"url":"https:\/\/www.encontrabelavista.com.br\/avenida-paulista\/wp-content\/uploads\/2026\/04\/8.webp","type":"","width":"","height":""}],"author":"Encontra Avenida Paulista","twitter_card":"summary_large_image","twitter_misc":{"Escrito por":"Encontra Avenida Paulista","Est. tempo de leitura":"4 minutos"},"schema":{"@context":"https:\/\/schema.org","@graph":[{"@type":"WebPage","@id":"https:\/\/www.encontrabelavista.com.br\/avenida-paulista\/8-2\/","url":"https:\/\/www.encontrabelavista.com.br\/avenida-paulista\/8-2\/","name":"8 - Encontra Avenida Paulista","isPartOf":{"@id":"https:\/\/www.encontrabelavista.com.br\/avenida-paulista\/#website"},"primaryImageOfPage":{"@id":"https:\/\/www.encontrabelavista.com.br\/avenida-paulista\/8-2\/#primaryimage"},"image":{"@id":"https:\/\/www.encontrabelavista.com.br\/avenida-paulista\/8-2\/#primaryimage"},"thumbnailUrl":"https:\/\/www.encontrabelavista.com.br\/avenida-paulista\/wp-content\/uploads\/2026\/04\/8.webp","datePublished":"2026-04-25T15:37:28+00:00","author":{"@id":"https:\/\/www.encontrabelavista.com.br\/avenida-paulista\/#\/schema\/person\/63c71a69a5879155285aa7cf79ec3e40"},"breadcrumb":{"@id":"https:\/\/www.encontrabelavista.com.br\/avenida-paulista\/8-2\/#breadcrumb"},"inLanguage":"pt-BR","potentialAction":[{"@type":"ReadAction","target":["https:\/\/www.encontrabelavista.com.br\/avenida-paulista\/8-2\/"]}]},{"@type":"ImageObject","inLanguage":"pt-BR","@id":"https:\/\/www.encontrabelavista.com.br\/avenida-paulista\/8-2\/#primaryimage","url":"https:\/\/www.encontrabelavista.com.br\/avenida-paulista\/wp-content\/uploads\/2026\/04\/8.webp","contentUrl":"https:\/\/www.encontrabelavista.com.br\/avenida-paulista\/wp-content\/uploads\/2026\/04\/8.webp","width":280,"height":280,"caption":"8 de Mar\u00e7o na Avenida Paulista"},{"@type":"BreadcrumbList","@id":"https:\/\/www.encontrabelavista.com.br\/avenida-paulista\/8-2\/#breadcrumb","itemListElement":[{"@type":"ListItem","position":1,"name":"In\u00edcio","item":"https:\/\/www.encontrabelavista.com.br\/avenida-paulista\/"},{"@type":"ListItem","position":2,"name":"8"}]},{"@type":"WebSite","@id":"https:\/\/www.encontrabelavista.com.br\/avenida-paulista\/#website","url":"https:\/\/www.encontrabelavista.com.br\/avenida-paulista\/","name":"Encontra Avenida Paulista","description":"ENCONTRA AVENIDA PAULISTA - O guia comercial de neg\u00f3cios e empresas, cultura e divers\u00e3o na Avenida Paulista. Feito 100% para voc\u00ea morador!","potentialAction":[{"@type":"SearchAction","target":{"@type":"EntryPoint","urlTemplate":"https:\/\/www.encontrabelavista.com.br\/avenida-paulista\/?s={search_term_string}"},"query-input":{"@type":"PropertyValueSpecification","valueRequired":true,"valueName":"search_term_string"}}],"inLanguage":"pt-BR"},{"@type":"Person","@id":"https:\/\/www.encontrabelavista.com.br\/avenida-paulista\/#\/schema\/person\/63c71a69a5879155285aa7cf79ec3e40","name":"Encontra Avenida Paulista","image":{"@type":"ImageObject","inLanguage":"pt-BR","@id":"https:\/\/www.encontrabelavista.com.br\/avenida-paulista\/#\/schema\/person\/image\/","url":"https:\/\/secure.gravatar.com\/avatar\/c50c17820bcf322f0a8fd6b110b8c0918141409dc69076470f6fca5fee70a5d4?s=96&d=mm&r=g","contentUrl":"https:\/\/secure.gravatar.com\/avatar\/c50c17820bcf322f0a8fd6b110b8c0918141409dc69076470f6fca5fee70a5d4?s=96&d=mm&r=g","caption":"Encontra Avenida Paulista"},"url":"https:\/\/www.encontrabelavista.com.br\/avenida-paulista\/author\/encontraavenidapaulista\/"}]}},"_links":{"self":[{"href":"https:\/\/www.encontrabelavista.com.br\/avenida-paulista\/wp-json\/wp\/v2\/posts\/6190","targetHints":{"allow":["GET"]}}],"collection":[{"href":"https:\/\/www.encontrabelavista.com.br\/avenida-paulista\/wp-json\/wp\/v2\/posts"}],"about":[{"href":"https:\/\/www.encontrabelavista.com.br\/avenida-paulista\/wp-json\/wp\/v2\/types\/post"}],"author":[{"embeddable":true,"href":"https:\/\/www.encontrabelavista.com.br\/avenida-paulista\/wp-json\/wp\/v2\/users\/1"}],"replies":[{"embeddable":true,"href":"https:\/\/www.encontrabelavista.com.br\/avenida-paulista\/wp-json\/wp\/v2\/comments?post=6190"}],"version-history":[{"count":0,"href":"https:\/\/www.encontrabelavista.com.br\/avenida-paulista\/wp-json\/wp\/v2\/posts\/6190\/revisions"}],"wp:featuredmedia":[{"embeddable":true,"href":"https:\/\/www.encontrabelavista.com.br\/avenida-paulista\/wp-json\/wp\/v2\/media\/6189"}],"wp:attachment":[{"href":"https:\/\/www.encontrabelavista.com.br\/avenida-paulista\/wp-json\/wp\/v2\/media?parent=6190"}],"wp:term":[{"taxonomy":"category","embeddable":true,"href":"https:\/\/www.encontrabelavista.com.br\/avenida-paulista\/wp-json\/wp\/v2\/categories?post=6190"},{"taxonomy":"post_tag","embeddable":true,"href":"https:\/\/www.encontrabelavista.com.br\/avenida-paulista\/wp-json\/wp\/v2\/tags?post=6190"}],"curies":[{"name":"wp","href":"https:\/\/api.w.org\/{rel}","templated":true}]}}