{"id":6194,"date":"2026-04-25T12:41:42","date_gmt":"2026-04-25T15:41:42","guid":{"rendered":"https:\/\/www.encontrabelavista.com.br\/avenida-paulista\/absurdo-ssp\/"},"modified":"2026-04-25T12:41:42","modified_gmt":"2026-04-25T15:41:42","slug":"absurdo-ssp","status":"publish","type":"post","link":"https:\/\/www.encontrabelavista.com.br\/avenida-paulista\/absurdo-ssp\/","title":{"rendered":"Absurdo: SSP"},"content":{"rendered":"<h2>A decis\u00e3o da SSP-SP e seus impactos<\/h2>\n<p>A Secretaria de Seguran\u00e7a P\u00fablica de S\u00e3o Paulo (SSP-SP) tomou uma decis\u00e3o que causou grande repercuss\u00e3o: a negativa \u00e0 autoriza\u00e7\u00e3o do ato de 1\u00ba de Maio organizado pela CSP-Conlutas na famosa Avenida Paulista. Essa escolha, comunicada de forma tardia em 24 de abril de 2026, levanta s\u00e9rios questionamentos sobre a liberdade de manifesta\u00e7\u00e3o e a prioridade da seguran\u00e7a p\u00fablica em rela\u00e7\u00e3o aos direitos democr\u00e1ticos. O ato marcado pela Central deveria acontecer em um momento emblem\u00e1tico para a classe trabalhadora, mas a proibi\u00e7\u00e3o sinaliza uma postura de cerceamento da voz dos trabalhadores.<\/p>\n<h2>O ato do 1\u00ba de Maio: tradi\u00e7\u00f5es e lutas<\/h2>\n<p>A data de 1\u00ba de Maio carrega um significado profundo, representando a luta hist\u00f3rica dos trabalhadores por direitos, igualdade e justi\u00e7a social. Tradicionalmente, esse dia \u00e9 um momento em que diversas organiza\u00e7\u00f5es, sindicatos e movimentos sociais se re\u00fanem para reivindicar melhores condi\u00e7\u00f5es de trabalho, sal\u00e1rios justos e direitos fundamentais. A negativa da SSP-SP para que a CSP-Conlutas realizasse seu ato de protesto \u00e9 um desrespeito n\u00e3o apenas \u00e0 programa\u00e7\u00e3o da Central, mas tamb\u00e9m \u00e0s tradi\u00e7\u00f5es que cercam essa data. Para muitos, o 1\u00ba de Maio \u00e9 sin\u00f4nimo de resist\u00eancia e uni\u00e3o dos trabalhadores, um dia que deveria ser profundamente respeitado e celebrado.<\/p>\n<h2>Direito de manifesta\u00e7\u00e3o em risco<\/h2>\n<p>O direito \u00e0 manifesta\u00e7\u00e3o \u00e9 um pilar das democracias saud\u00e1veis, assegurando que vozes dissonantes possam ser ouvidas e que a sociedade civil tenha um espa\u00e7o para expressar suas reivindica\u00e7\u00f5es. A recusa da SSP-SP em permitir o ato da CSP-Conlutas levanta preocupa\u00e7\u00f5es alarmantes sobre a eros\u00e3o desse direito fundamental no Brasil. Em um contexto onde a repress\u00e3o a manifesta\u00e7\u00f5es \u00e9 crescente, a decis\u00e3o pode ser vista como um sinal de alerta sobre a fragilidade das conquistas democr\u00e1ticas, onde o espa\u00e7o p\u00fablico \u00e9 frequentemente contestado por for\u00e7as que buscam silenciar a voz dos trabalhadores.<\/p>\n<p><img decoding=\"async\" src=\"https:\/\/www.encontrabelavista.com.br\/avenida-paulista\/wp-content\/uploads\/2026\/04\/absurdo-ssp.webp\" alt=\"SSP-SP\" loading=\"lazy\" \/><\/p>\n<h2>Grupos ultraconservadores e a Avenida Paulista<\/h2>\n<p>Curiosamente, enquanto a CSP-Conlutas teve sua solicita\u00e7\u00e3o negada, grupos ultraconservadores que n\u00e3o t\u00eam conex\u00e3o com a luta trabalhista est\u00e3o ganhando espa\u00e7o na Avenida Paulista. Esses grupos costumam pautar temas que n\u00e3o representam a maioria da popula\u00e7\u00e3o, como anistia a atos antidemocr\u00e1ticos e contesta\u00e7\u00f5es \u00e0s liberdades civis. A presen\u00e7a deles nessa emblem\u00e1tica avenida, uma das mais importantes de S\u00e3o Paulo, destaca uma contradi\u00e7\u00e3o na pol\u00edtica de seguran\u00e7a p\u00fablica e no gerenciamento do espa\u00e7o urbano, favorecendo movimentos que muitas vezes amea\u00e7am os direitos adquiridos pelos trabalhadores.<\/p>\n<h2>Demandas urgentes da classe trabalhadora<\/h2>\n<p>Num cen\u00e1rio de crescente desigualdade social, as demandas da classe trabalhadora tornam-se cada vez mais urgentes. A CSP-Conlutas planejava levar \u00e0s ruas reivindica\u00e7\u00f5es cr\u00edticas, incluindo:<\/p>\n<ul>\n<li><strong>Fim da escala 6&#215;1:<\/strong> Uma jornada de trabalho que se mostra exaustiva para muitos trabalhadores, especialmente no setor de servi\u00e7os.<\/li>\n<li><strong>Redu\u00e7\u00e3o da jornada de trabalho sem diminui\u00e7\u00e3o salarial:<\/strong> Uma medida que visa garantir mais qualidade de vida e tempo livre para a classe trabalhadora.<\/li>\n<li><strong>Combate \u00e0 viol\u00eancia contra as mulheres:<\/strong> Lutando n\u00e3o apenas pela prote\u00e7\u00e3o, mas tamb\u00e9m pela cria\u00e7\u00e3o e fortalecimento de mecanismos de puni\u00e7\u00e3o aos agressores.<\/li>\n<li><strong>Demarca\u00e7\u00e3o de terras ind\u00edgenas e reforma agr\u00e1ria:<\/strong> Reconhecimento dos direitos dos povos tradicionais e garantia da justi\u00e7a social no campo.<\/li>\n<li><strong>Oposi\u00e7\u00e3o \u00e0s privatiza\u00e7\u00f5es:<\/strong> Defendendo a soberania nacional e os interesses da popula\u00e7\u00e3o frente a poss\u00edveis perdas decorrentes da venda de bens p\u00fablicos.<\/li>\n<li><strong>Cria\u00e7\u00e3o de uma estatal para explora\u00e7\u00e3o de terras raras:<\/strong> A proposta Terrabr\u00e1s visa garantir que tais recursos sejam utilizados em prol da sociedade.<\/li>\n<li><strong>Cr\u00edtica ao arcabou\u00e7o fiscal e \u00e0 reforma administrativa:<\/strong> Um apelo para que as mudan\u00e7as propostas pelo governo Lula n\u00e3o sacrifiquem os direitos dos trabalhadores.<\/li>\n<\/ul>\n<p>Essas reivindica\u00e7\u00f5es s\u00e3o fundamentais para garantir que o 1\u00ba de Maio continue sendo um dia de luta e reivindica\u00e7\u00f5es. A CSP-Conlutas reafirma seu compromisso em manter a mobiliza\u00e7\u00e3o por direitos e justi\u00e7a.<\/p>\n<h2>Protesto em defesa dos direitos sociais<\/h2>\n<p>A luta de classes nunca foi t\u00e3o evidente. Com a negativa da SSP-SP e a crescente polariza\u00e7\u00e3o pol\u00edtica no Brasil, os protestos em defesa dos direitos sociais se tornam n\u00e3o apenas um ato de resist\u00eancia, mas tamb\u00e9m uma necessidade urgente. O 1\u00ba de Maio tem o potencial de unir diversas vozes ao redor de pautas comuns, refor\u00e7ando a ideia de que a solidariedade entre os trabalhadores \u00e9 essencial para enfrentar os desafios impostos pela extrema direita e pelo neoliberalismo.<\/p>\n<h2>O papel da CSP-Conlutas na mobiliza\u00e7\u00e3o<\/h2>\n<p>A CSP-Conlutas, ao se posicionar contra a decis\u00e3o da SSP-SP, desempenha um papel crucial na luta por democracia e justi\u00e7a social. A Central n\u00e3o apenas denuncia a\u00e7\u00f5es que visam cercear a liberdade de manifesta\u00e7\u00e3o, mas tamb\u00e9m mobiliza suas bases para que as vozes dos trabalhadores sejam ouvidas e respeitadas. Atrav\u00e9s da organiza\u00e7\u00e3o de atos e assembleias, a CSP-Conlutas busca fortalecer a conscientiza\u00e7\u00e3o de classe e a unidade entre os trabalhadores, promovendo uma luta que se mantenha firme e inabal\u00e1vel diante das adversidades.<\/p>\n<h2>Consequ\u00eancias para a democracia e cidadania<\/h2>\n<p>As consequ\u00eancias da decis\u00e3o da SSP-SP v\u00e3o al\u00e9m do ato marcado para o 1\u00ba de Maio. Ao restringir o direito \u00e0 manifesta\u00e7\u00e3o, abre-se um precedente perigoso para futuras a\u00e7\u00f5es de censura e repress\u00e3o. Quando as vozes dissidentes s\u00e3o silenciadas, a democracia se torna fragilizada e a cidadania se v\u00ea amea\u00e7ada. Esse movimento de cerceamento dos direitos n\u00e3o apenas prejudica a classe trabalhadora, mas impacta a sociedade como um todo, pois enfraquece a participa\u00e7\u00e3o cidad\u00e3 e a busca por justi\u00e7a social.<\/p>\n<h2>A luta contra a repress\u00e3o<\/h2>\n<p>Enfrentar a repress\u00e3o \u00e9 um desafio fundamental para os movimentos sociais e para a CSP-Conlutas. A resist\u00eancia a a\u00e7\u00f5es que buscam silenciar as vozes dos cidad\u00e3os \u00e9 uma quest\u00e3o de sobreviv\u00eancia para as for\u00e7as progressistas. O 1\u00ba de Maio deve ser um s\u00edmbolo de luta contra essa repress\u00e3o, afirmando que os trabalhadores n\u00e3o se calar\u00e3o diante das injusti\u00e7as. Portanto, tais mobiliza\u00e7\u00f5es s\u00e3o n\u00e3o apenas sobre reivindicar direitos, mas tamb\u00e9m sobre reafirmar que a luta pela democracia e a promo\u00e7\u00e3o da cidadania s\u00e3o inalien\u00e1veis.<\/p>\n<h2>O futuro da organiza\u00e7\u00e3o trabalhista no Brasil<\/h2>\n<p>O futuro da organiza\u00e7\u00e3o trabalhista no Brasil depende da capacidade dos movimentos sociais de se unirem e enfrentarem os desafios que est\u00e3o por vir. A negativa da SSP-SP se torna um ponto de inflex\u00e3o, um chamado para que os trabalhadores e seus aliados se unam em torno de objetivos comuns. O fortalecimento das bases e a constru\u00e7\u00e3o de um movimento unificado e articulado s\u00e3o essenciais para garantir que a luta por direitos continue a ser uma prioridade no pa\u00eds.<\/p>\n<p>O cen\u00e1rio atual exige uma resposta forte e coordenada, unindo esfor\u00e7os de diferentes setores e movimentos. Enquanto a CSP-Conlutas continuar comprometida com a luta dos trabalhadores e o respeito \u00e0s liberdades democr\u00e1ticas, a possibilidade de um futuro mais justo e igualit\u00e1rio se torna uma realidade palp\u00e1vel. Assim, o ato de 1\u00ba de Maio deve ser celebrado como um s\u00edmbolo dessa resist\u00eancia e uni\u00e3o.<\/p>\n","protected":false},"excerpt":{"rendered":"<p>A SSP-SP nega autoriza\u00e7\u00e3o para ato da CSP-Conlutas na Avenida Paulista.<\/p>\n","protected":false},"author":1,"featured_media":6193,"comment_status":"open","ping_status":"","sticky":false,"template":"","format":"standard","meta":{"footnotes":""},"categories":[5],"tags":[],"class_list":["post-6194","post","type-post","status-publish","format-standard","has-post-thumbnail","hentry","category-noticias","has_thumb"],"yoast_head":"<!-- This site is optimized with the Yoast SEO plugin v26.4 - https:\/\/yoast.com\/wordpress\/plugins\/seo\/ -->\n<title>Absurdo: SSP - Encontra Avenida Paulista<\/title>\n<meta name=\"robots\" content=\"index, follow, max-snippet:-1, max-image-preview:large, max-video-preview:-1\" \/>\n<link rel=\"canonical\" href=\"https:\/\/www.encontrabelavista.com.br\/avenida-paulista\/absurdo-ssp\/\" \/>\n<meta property=\"og:locale\" content=\"pt_BR\" \/>\n<meta property=\"og:type\" content=\"article\" \/>\n<meta property=\"og:title\" content=\"Absurdo: SSP - Encontra Avenida Paulista\" \/>\n<meta property=\"og:description\" content=\"A SSP-SP nega autoriza\u00e7\u00e3o para ato da CSP-Conlutas na Avenida Paulista.\" \/>\n<meta property=\"og:url\" content=\"https:\/\/www.encontrabelavista.com.br\/avenida-paulista\/absurdo-ssp\/\" \/>\n<meta property=\"og:site_name\" content=\"Encontra Avenida Paulista\" \/>\n<meta property=\"article:published_time\" content=\"2026-04-25T15:41:42+00:00\" \/>\n<meta property=\"og:image\" content=\"https:\/\/www.encontrabelavista.com.br\/avenida-paulista\/wp-content\/uploads\/2026\/04\/absurdo-ssp.webp\" \/>\n<meta name=\"author\" content=\"Encontra Avenida Paulista\" \/>\n<meta name=\"twitter:card\" content=\"summary_large_image\" \/>\n<meta name=\"twitter:label1\" content=\"Escrito por\" \/>\n\t<meta name=\"twitter:data1\" content=\"Encontra Avenida Paulista\" \/>\n\t<meta name=\"twitter:label2\" content=\"Est. tempo de leitura\" \/>\n\t<meta name=\"twitter:data2\" content=\"6 minutos\" \/>\n<script type=\"application\/ld+json\" class=\"yoast-schema-graph\">{\"@context\":\"https:\/\/schema.org\",\"@graph\":[{\"@type\":\"WebPage\",\"@id\":\"https:\/\/www.encontrabelavista.com.br\/avenida-paulista\/absurdo-ssp\/\",\"url\":\"https:\/\/www.encontrabelavista.com.br\/avenida-paulista\/absurdo-ssp\/\",\"name\":\"Absurdo: SSP - Encontra Avenida Paulista\",\"isPartOf\":{\"@id\":\"https:\/\/www.encontrabelavista.com.br\/avenida-paulista\/#website\"},\"primaryImageOfPage\":{\"@id\":\"https:\/\/www.encontrabelavista.com.br\/avenida-paulista\/absurdo-ssp\/#primaryimage\"},\"image\":{\"@id\":\"https:\/\/www.encontrabelavista.com.br\/avenida-paulista\/absurdo-ssp\/#primaryimage\"},\"thumbnailUrl\":\"https:\/\/www.encontrabelavista.com.br\/avenida-paulista\/wp-content\/uploads\/2026\/04\/absurdo-ssp.webp\",\"datePublished\":\"2026-04-25T15:41:42+00:00\",\"author\":{\"@id\":\"https:\/\/www.encontrabelavista.com.br\/avenida-paulista\/#\/schema\/person\/63c71a69a5879155285aa7cf79ec3e40\"},\"breadcrumb\":{\"@id\":\"https:\/\/www.encontrabelavista.com.br\/avenida-paulista\/absurdo-ssp\/#breadcrumb\"},\"inLanguage\":\"pt-BR\",\"potentialAction\":[{\"@type\":\"ReadAction\",\"target\":[\"https:\/\/www.encontrabelavista.com.br\/avenida-paulista\/absurdo-ssp\/\"]}]},{\"@type\":\"ImageObject\",\"inLanguage\":\"pt-BR\",\"@id\":\"https:\/\/www.encontrabelavista.com.br\/avenida-paulista\/absurdo-ssp\/#primaryimage\",\"url\":\"https:\/\/www.encontrabelavista.com.br\/avenida-paulista\/wp-content\/uploads\/2026\/04\/absurdo-ssp.webp\",\"contentUrl\":\"https:\/\/www.encontrabelavista.com.br\/avenida-paulista\/wp-content\/uploads\/2026\/04\/absurdo-ssp.webp\",\"width\":280,\"height\":280,\"caption\":\"SSP-SP\"},{\"@type\":\"BreadcrumbList\",\"@id\":\"https:\/\/www.encontrabelavista.com.br\/avenida-paulista\/absurdo-ssp\/#breadcrumb\",\"itemListElement\":[{\"@type\":\"ListItem\",\"position\":1,\"name\":\"In\u00edcio\",\"item\":\"https:\/\/www.encontrabelavista.com.br\/avenida-paulista\/\"},{\"@type\":\"ListItem\",\"position\":2,\"name\":\"Absurdo: SSP\"}]},{\"@type\":\"WebSite\",\"@id\":\"https:\/\/www.encontrabelavista.com.br\/avenida-paulista\/#website\",\"url\":\"https:\/\/www.encontrabelavista.com.br\/avenida-paulista\/\",\"name\":\"Encontra Avenida Paulista\",\"description\":\"ENCONTRA AVENIDA PAULISTA - O guia comercial de neg\u00f3cios e empresas, cultura e divers\u00e3o na Avenida Paulista. Feito 100% para voc\u00ea morador!\",\"potentialAction\":[{\"@type\":\"SearchAction\",\"target\":{\"@type\":\"EntryPoint\",\"urlTemplate\":\"https:\/\/www.encontrabelavista.com.br\/avenida-paulista\/?s={search_term_string}\"},\"query-input\":{\"@type\":\"PropertyValueSpecification\",\"valueRequired\":true,\"valueName\":\"search_term_string\"}}],\"inLanguage\":\"pt-BR\"},{\"@type\":\"Person\",\"@id\":\"https:\/\/www.encontrabelavista.com.br\/avenida-paulista\/#\/schema\/person\/63c71a69a5879155285aa7cf79ec3e40\",\"name\":\"Encontra Avenida Paulista\",\"image\":{\"@type\":\"ImageObject\",\"inLanguage\":\"pt-BR\",\"@id\":\"https:\/\/www.encontrabelavista.com.br\/avenida-paulista\/#\/schema\/person\/image\/\",\"url\":\"https:\/\/secure.gravatar.com\/avatar\/c50c17820bcf322f0a8fd6b110b8c0918141409dc69076470f6fca5fee70a5d4?s=96&d=mm&r=g\",\"contentUrl\":\"https:\/\/secure.gravatar.com\/avatar\/c50c17820bcf322f0a8fd6b110b8c0918141409dc69076470f6fca5fee70a5d4?s=96&d=mm&r=g\",\"caption\":\"Encontra Avenida Paulista\"},\"url\":\"https:\/\/www.encontrabelavista.com.br\/avenida-paulista\/author\/encontraavenidapaulista\/\"}]}<\/script>\n<!-- \/ Yoast SEO plugin. -->","yoast_head_json":{"title":"Absurdo: SSP - Encontra Avenida Paulista","robots":{"index":"index","follow":"follow","max-snippet":"max-snippet:-1","max-image-preview":"max-image-preview:large","max-video-preview":"max-video-preview:-1"},"canonical":"https:\/\/www.encontrabelavista.com.br\/avenida-paulista\/absurdo-ssp\/","og_locale":"pt_BR","og_type":"article","og_title":"Absurdo: SSP - Encontra Avenida Paulista","og_description":"A SSP-SP nega autoriza\u00e7\u00e3o para ato da CSP-Conlutas na Avenida Paulista.","og_url":"https:\/\/www.encontrabelavista.com.br\/avenida-paulista\/absurdo-ssp\/","og_site_name":"Encontra Avenida Paulista","article_published_time":"2026-04-25T15:41:42+00:00","og_image":[{"url":"https:\/\/www.encontrabelavista.com.br\/avenida-paulista\/wp-content\/uploads\/2026\/04\/absurdo-ssp.webp","type":"","width":"","height":""}],"author":"Encontra Avenida Paulista","twitter_card":"summary_large_image","twitter_misc":{"Escrito por":"Encontra Avenida Paulista","Est. tempo de leitura":"6 minutos"},"schema":{"@context":"https:\/\/schema.org","@graph":[{"@type":"WebPage","@id":"https:\/\/www.encontrabelavista.com.br\/avenida-paulista\/absurdo-ssp\/","url":"https:\/\/www.encontrabelavista.com.br\/avenida-paulista\/absurdo-ssp\/","name":"Absurdo: SSP - Encontra Avenida Paulista","isPartOf":{"@id":"https:\/\/www.encontrabelavista.com.br\/avenida-paulista\/#website"},"primaryImageOfPage":{"@id":"https:\/\/www.encontrabelavista.com.br\/avenida-paulista\/absurdo-ssp\/#primaryimage"},"image":{"@id":"https:\/\/www.encontrabelavista.com.br\/avenida-paulista\/absurdo-ssp\/#primaryimage"},"thumbnailUrl":"https:\/\/www.encontrabelavista.com.br\/avenida-paulista\/wp-content\/uploads\/2026\/04\/absurdo-ssp.webp","datePublished":"2026-04-25T15:41:42+00:00","author":{"@id":"https:\/\/www.encontrabelavista.com.br\/avenida-paulista\/#\/schema\/person\/63c71a69a5879155285aa7cf79ec3e40"},"breadcrumb":{"@id":"https:\/\/www.encontrabelavista.com.br\/avenida-paulista\/absurdo-ssp\/#breadcrumb"},"inLanguage":"pt-BR","potentialAction":[{"@type":"ReadAction","target":["https:\/\/www.encontrabelavista.com.br\/avenida-paulista\/absurdo-ssp\/"]}]},{"@type":"ImageObject","inLanguage":"pt-BR","@id":"https:\/\/www.encontrabelavista.com.br\/avenida-paulista\/absurdo-ssp\/#primaryimage","url":"https:\/\/www.encontrabelavista.com.br\/avenida-paulista\/wp-content\/uploads\/2026\/04\/absurdo-ssp.webp","contentUrl":"https:\/\/www.encontrabelavista.com.br\/avenida-paulista\/wp-content\/uploads\/2026\/04\/absurdo-ssp.webp","width":280,"height":280,"caption":"SSP-SP"},{"@type":"BreadcrumbList","@id":"https:\/\/www.encontrabelavista.com.br\/avenida-paulista\/absurdo-ssp\/#breadcrumb","itemListElement":[{"@type":"ListItem","position":1,"name":"In\u00edcio","item":"https:\/\/www.encontrabelavista.com.br\/avenida-paulista\/"},{"@type":"ListItem","position":2,"name":"Absurdo: SSP"}]},{"@type":"WebSite","@id":"https:\/\/www.encontrabelavista.com.br\/avenida-paulista\/#website","url":"https:\/\/www.encontrabelavista.com.br\/avenida-paulista\/","name":"Encontra Avenida Paulista","description":"ENCONTRA AVENIDA PAULISTA - O guia comercial de neg\u00f3cios e empresas, cultura e divers\u00e3o na Avenida Paulista. Feito 100% para voc\u00ea morador!","potentialAction":[{"@type":"SearchAction","target":{"@type":"EntryPoint","urlTemplate":"https:\/\/www.encontrabelavista.com.br\/avenida-paulista\/?s={search_term_string}"},"query-input":{"@type":"PropertyValueSpecification","valueRequired":true,"valueName":"search_term_string"}}],"inLanguage":"pt-BR"},{"@type":"Person","@id":"https:\/\/www.encontrabelavista.com.br\/avenida-paulista\/#\/schema\/person\/63c71a69a5879155285aa7cf79ec3e40","name":"Encontra Avenida Paulista","image":{"@type":"ImageObject","inLanguage":"pt-BR","@id":"https:\/\/www.encontrabelavista.com.br\/avenida-paulista\/#\/schema\/person\/image\/","url":"https:\/\/secure.gravatar.com\/avatar\/c50c17820bcf322f0a8fd6b110b8c0918141409dc69076470f6fca5fee70a5d4?s=96&d=mm&r=g","contentUrl":"https:\/\/secure.gravatar.com\/avatar\/c50c17820bcf322f0a8fd6b110b8c0918141409dc69076470f6fca5fee70a5d4?s=96&d=mm&r=g","caption":"Encontra Avenida Paulista"},"url":"https:\/\/www.encontrabelavista.com.br\/avenida-paulista\/author\/encontraavenidapaulista\/"}]}},"_links":{"self":[{"href":"https:\/\/www.encontrabelavista.com.br\/avenida-paulista\/wp-json\/wp\/v2\/posts\/6194","targetHints":{"allow":["GET"]}}],"collection":[{"href":"https:\/\/www.encontrabelavista.com.br\/avenida-paulista\/wp-json\/wp\/v2\/posts"}],"about":[{"href":"https:\/\/www.encontrabelavista.com.br\/avenida-paulista\/wp-json\/wp\/v2\/types\/post"}],"author":[{"embeddable":true,"href":"https:\/\/www.encontrabelavista.com.br\/avenida-paulista\/wp-json\/wp\/v2\/users\/1"}],"replies":[{"embeddable":true,"href":"https:\/\/www.encontrabelavista.com.br\/avenida-paulista\/wp-json\/wp\/v2\/comments?post=6194"}],"version-history":[{"count":0,"href":"https:\/\/www.encontrabelavista.com.br\/avenida-paulista\/wp-json\/wp\/v2\/posts\/6194\/revisions"}],"wp:featuredmedia":[{"embeddable":true,"href":"https:\/\/www.encontrabelavista.com.br\/avenida-paulista\/wp-json\/wp\/v2\/media\/6193"}],"wp:attachment":[{"href":"https:\/\/www.encontrabelavista.com.br\/avenida-paulista\/wp-json\/wp\/v2\/media?parent=6194"}],"wp:term":[{"taxonomy":"category","embeddable":true,"href":"https:\/\/www.encontrabelavista.com.br\/avenida-paulista\/wp-json\/wp\/v2\/categories?post=6194"},{"taxonomy":"post_tag","embeddable":true,"href":"https:\/\/www.encontrabelavista.com.br\/avenida-paulista\/wp-json\/wp\/v2\/tags?post=6194"}],"curies":[{"name":"wp","href":"https:\/\/api.w.org\/{rel}","templated":true}]}}