{"id":6196,"date":"2026-04-26T12:43:32","date_gmt":"2026-04-26T15:43:32","guid":{"rendered":"https:\/\/www.encontrabelavista.com.br\/avenida-paulista\/mulheres-ocupam-a-avenida-paulista-em-sp-e-pressionam-motta-por-votacao-de-projeto-de-lei-que-criminaliza-a-misoginia\/"},"modified":"2026-04-26T12:43:32","modified_gmt":"2026-04-26T15:43:32","slug":"mulheres-ocupam-a-avenida-paulista-em-sp-e-pressionam-motta-por-votacao-de-projeto-de-lei-que-criminaliza-a-misoginia","status":"publish","type":"post","link":"https:\/\/www.encontrabelavista.com.br\/avenida-paulista\/mulheres-ocupam-a-avenida-paulista-em-sp-e-pressionam-motta-por-votacao-de-projeto-de-lei-que-criminaliza-a-misoginia\/","title":{"rendered":"Mulheres ocupam a avenida Paulista, em SP, e pressionam Motta por vota\u00e7\u00e3o de projeto de lei que criminaliza a misoginia"},"content":{"rendered":"<h2>O Que \u00e9 a Criminaliza\u00e7\u00e3o da Misoginia?<\/h2>\n<p>A criminaliza\u00e7\u00e3o da misoginia \u00e9 o processo de incluir o \u00f3dio e a discrimina\u00e7\u00e3o contra mulheres no \u00e2mbito do direito penal. Essa proposta busca reconhecer comportamentos prejudiciais e preconceituosos, equiparando-os a crimes de \u00f3dio, como os cometidos com base em ra\u00e7a ou etnia. O objetivo \u00e9 estabelecer um marco legal que puna condutas que expressem desprezo ou discrimina\u00e7\u00e3o contra o sexo feminino.<\/p>\n<h2>Import\u00e2ncia da Mobiliza\u00e7\u00e3o Feminina<\/h2>\n<p>A mobiliza\u00e7\u00e3o feminina \u00e9 fundamental para exigir o reconhecimento de direitos e garantir que pol\u00edticas p\u00fablicas atendam \u00e0s necessidades das mulheres. Movimentos, como o \u201cLevante Mulheres Vivas\u201d, s\u00e3o cruciais, pois criam um espa\u00e7o de visibilidade para as demandas femininas. Atrav\u00e9s da unidade e da for\u00e7a coletiva, esses grupos conseguem pressionar por mudan\u00e7as legislativas e desafiar estruturas de poder que perpetuam a desigualdade.<\/p>\n<h2>Impacto do Projeto de Lei nas Vidas das Mulheres<\/h2>\n<p>O Projeto de Lei (PL) 896\/2023, que visa criminalizar a misoginia, tem um potencial impacto transformador nas vidas das mulheres. A proposta prev\u00ea penas que variam de 2 a 5 anos de pris\u00e3o, al\u00e9m de multas, e considera esses crimes como imprescrit\u00edveis e inafian\u00e7\u00e1veis. Isso fortalece o combate \u00e0 viol\u00eancia simb\u00f3lica e ao \u00f3dio direcionados aos g\u00eaneros, criando um ambiente social mais seguro e respeitoso para todas as mulheres.<\/p>\n<p><img decoding=\"async\" src=\"https:\/\/www.encontrabelavista.com.br\/avenida-paulista\/wp-content\/uploads\/2026\/04\/mulheres-ocupam-a-avenida-paulista-em-sp-e-pressionam-motta-por-votacao-de-projeto-de-lei-que-crimin.webp\" alt=\"\" loading=\"lazy\" \/><\/p>\n<h2>Momentos Marcantes do Protesto<\/h2>\n<p>As manifesta\u00e7\u00f5es ocorrem em diversos pontos do Brasil, sendo que a avenida Paulista, em S\u00e3o Paulo, foi um dos locais onde a press\u00e3o se intensificou. Na mobiliza\u00e7\u00e3o, destacaram-se discursos emocionantes que abordavam a import\u00e2ncia da participa\u00e7\u00e3o pol\u00edtica das mulheres e a necessidade urgente de mudan\u00e7a legislativa. O ato simboliza n\u00e3o apenas uma luta contra a misoginia, mas tamb\u00e9m pela constru\u00e7\u00e3o de um espa\u00e7o democr\u00e1tico em que as vozes femininas s\u00e3o ouvidas e respeitadas.<\/p>\n<h2>Exig\u00eancias dos Manifestantes<\/h2>\n<p>Os manifestantes t\u00eam claras exig\u00eancias direcionadas ao presidente da C\u00e2mara dos Deputados, Hugo Motta. A principal demanda \u00e9 pela vota\u00e7\u00e3o imediata do PL que criminaliza a misoginia. Al\u00e9m disso, os grupos pedem a inclus\u00e3o de mecanismos legais que abordem a viol\u00eancia digital e simb\u00f3lica, ressaltando a import\u00e2ncia de um C\u00f3digo Penal que reflita a realidade das viol\u00eancias sofridas por mulheres em sua diversidade.<\/p>\n<h2>Como a Misoginia \u00e9 Definida na Proposta<\/h2>\n<p>No PL antimisoginia, a misoginia \u00e9 definida como toda manifesta\u00e7\u00e3o de \u00f3dio ou desprezo direcionada a mulheres. Essa defini\u00e7\u00e3o ampla abrange n\u00e3o apenas ataques f\u00edsicos, mas tamb\u00e9m situa\u00e7\u00f5es de discrimina\u00e7\u00e3o, coment\u00e1rios depreciativos e pr\u00e1ticas que promovem desigualdade de g\u00eanero. A inclus\u00e3o de tais defini\u00e7\u00f5es no texto legal \u00e9 um passo significativo para desnaturalizar a viol\u00eancia contra as mulheres na sociedade.<\/p>\n<h2>Rea\u00e7\u00f5es da Sociedade e da M\u00eddia<\/h2>\n<p>A rea\u00e7\u00e3o da sociedade civil e da m\u00eddia ao movimento pela criminaliza\u00e7\u00e3o da misoginia \u00e9 de apoio em muitas frentes, mas tamb\u00e9m polarizada. Enquanto muitos veem a proposta como um avan\u00e7o necess\u00e1rio para os direitos das mulheres, outros expressam preocupa\u00e7\u00f5es sobre limites \u00e0 liberdade de express\u00e3o. Essa discuss\u00e3o indica a necessidade de um debate p\u00fablico abrangente para que direitos e liberdades sejam ponderados de maneira equilibrada.<\/p>\n<h2>Pr\u00f3ximos Passos para a Aprova\u00e7\u00e3o da Lei<\/h2>\n<p>Os pr\u00f3ximos passos para a aprova\u00e7\u00e3o do Projeto de Lei incluem um intenso trabalho de mobiliza\u00e7\u00e3o social e press\u00e3o sobre os legisladores. Grupos de defesa dos direitos das mulheres e organiza\u00e7\u00f5es n\u00e3o governamentais devem continuar a lan\u00e7ar campanhas de conscientiza\u00e7\u00e3o, mobilizando a popula\u00e7\u00e3o para que junto a elas cobrem a\u00e7\u00e3o efetiva dos representantes eleitos. O envolvimento comunit\u00e1rio \u00e9 essencial para garantir que a proposta n\u00e3o seja apenas discutida, mas efetivamente aprovada.<\/p>\n<h2>A Luta Permanente pelos Direitos das Mulheres<\/h2>\n<p>A luta pela igualdade de g\u00eanero e pelo reconhecimento dos direitos das mulheres \u00e9 uma batalha cont\u00ednua. A criminaliza\u00e7\u00e3o da misoginia \u00e9 uma das muitas frentes onde esse combate se manifesta. Al\u00e9m da legisla\u00e7\u00e3o, \u00e9 preciso fortalecer a educa\u00e7\u00e3o e a conscientiza\u00e7\u00e3o para transformar mentalidades e comportamentos que perpetuam a desigualdade. A mobiliza\u00e7\u00e3o constante deve buscar n\u00e3o apenas legisla\u00e7\u00f5es, mas tamb\u00e9m uma mudan\u00e7a cultural enraizada.<\/p>\n<h2>Reflex\u00e3o sobre o Feminismo e a Viol\u00eancia<\/h2>\n<p>A discuss\u00e3o sobre a criminaliza\u00e7\u00e3o da misoginia evoca uma an\u00e1lise mais profunda sobre feminismo e viol\u00eancia. O feminismo busca combater n\u00e3o apenas a viol\u00eancia f\u00edsica, mas tamb\u00e9m a simb\u00f3lica, que \u00e9 invis\u00edvel, mas igualmente devastadora. \u00c9 essencial que a sociedade reconhe\u00e7a essas intersec\u00e7\u00f5es, promovendo um ambiente que valorize a dignidade e os direitos de todas as pessoas, independentemente de seu g\u00eanero.<\/p>\n","protected":false},"excerpt":{"rendered":"<p>A criminaliza\u00e7\u00e3o da misoginia \u00e9 urgente; mulheres se mobilizam em S\u00e3o Paulo.<\/p>\n","protected":false},"author":1,"featured_media":6195,"comment_status":"open","ping_status":"","sticky":false,"template":"","format":"standard","meta":{"footnotes":""},"categories":[5],"tags":[],"class_list":["post-6196","post","type-post","status-publish","format-standard","has-post-thumbnail","hentry","category-noticias","has_thumb"],"yoast_head":"<!-- This site is optimized with the Yoast SEO plugin v26.4 - https:\/\/yoast.com\/wordpress\/plugins\/seo\/ -->\n<title>Mulheres ocupam a avenida Paulista, em SP, e pressionam Motta por vota\u00e7\u00e3o de projeto de lei que criminaliza a misoginia - Encontra Avenida Paulista<\/title>\n<meta name=\"robots\" content=\"index, follow, max-snippet:-1, max-image-preview:large, max-video-preview:-1\" \/>\n<link rel=\"canonical\" href=\"https:\/\/www.encontrabelavista.com.br\/avenida-paulista\/mulheres-ocupam-a-avenida-paulista-em-sp-e-pressionam-motta-por-votacao-de-projeto-de-lei-que-criminaliza-a-misoginia\/\" \/>\n<meta property=\"og:locale\" content=\"pt_BR\" \/>\n<meta property=\"og:type\" content=\"article\" \/>\n<meta property=\"og:title\" content=\"Mulheres ocupam a avenida Paulista, em SP, e pressionam Motta por vota\u00e7\u00e3o de projeto de lei que criminaliza a misoginia - Encontra Avenida Paulista\" \/>\n<meta property=\"og:description\" content=\"A criminaliza\u00e7\u00e3o da misoginia \u00e9 urgente; mulheres se mobilizam em S\u00e3o Paulo.\" \/>\n<meta property=\"og:url\" content=\"https:\/\/www.encontrabelavista.com.br\/avenida-paulista\/mulheres-ocupam-a-avenida-paulista-em-sp-e-pressionam-motta-por-votacao-de-projeto-de-lei-que-criminaliza-a-misoginia\/\" \/>\n<meta property=\"og:site_name\" content=\"Encontra Avenida Paulista\" \/>\n<meta property=\"article:published_time\" content=\"2026-04-26T15:43:32+00:00\" \/>\n<meta property=\"og:image\" content=\"https:\/\/www.encontrabelavista.com.br\/avenida-paulista\/wp-content\/uploads\/2026\/04\/mulheres-ocupam-a-avenida-paulista-em-sp-e-pressionam-motta-por-votacao-de-projeto-de-lei-que-crimin.webp\" \/>\n<meta name=\"author\" content=\"Encontra Avenida Paulista\" \/>\n<meta name=\"twitter:card\" content=\"summary_large_image\" \/>\n<meta name=\"twitter:label1\" content=\"Escrito por\" \/>\n\t<meta name=\"twitter:data1\" content=\"Encontra Avenida Paulista\" \/>\n\t<meta name=\"twitter:label2\" content=\"Est. tempo de leitura\" \/>\n\t<meta name=\"twitter:data2\" content=\"4 minutos\" \/>\n<script type=\"application\/ld+json\" class=\"yoast-schema-graph\">{\"@context\":\"https:\/\/schema.org\",\"@graph\":[{\"@type\":\"WebPage\",\"@id\":\"https:\/\/www.encontrabelavista.com.br\/avenida-paulista\/mulheres-ocupam-a-avenida-paulista-em-sp-e-pressionam-motta-por-votacao-de-projeto-de-lei-que-criminaliza-a-misoginia\/\",\"url\":\"https:\/\/www.encontrabelavista.com.br\/avenida-paulista\/mulheres-ocupam-a-avenida-paulista-em-sp-e-pressionam-motta-por-votacao-de-projeto-de-lei-que-criminaliza-a-misoginia\/\",\"name\":\"Mulheres ocupam a avenida Paulista, em SP, e pressionam Motta por vota\u00e7\u00e3o de projeto de lei que criminaliza a misoginia - Encontra Avenida Paulista\",\"isPartOf\":{\"@id\":\"https:\/\/www.encontrabelavista.com.br\/avenida-paulista\/#website\"},\"primaryImageOfPage\":{\"@id\":\"https:\/\/www.encontrabelavista.com.br\/avenida-paulista\/mulheres-ocupam-a-avenida-paulista-em-sp-e-pressionam-motta-por-votacao-de-projeto-de-lei-que-criminaliza-a-misoginia\/#primaryimage\"},\"image\":{\"@id\":\"https:\/\/www.encontrabelavista.com.br\/avenida-paulista\/mulheres-ocupam-a-avenida-paulista-em-sp-e-pressionam-motta-por-votacao-de-projeto-de-lei-que-criminaliza-a-misoginia\/#primaryimage\"},\"thumbnailUrl\":\"https:\/\/www.encontrabelavista.com.br\/avenida-paulista\/wp-content\/uploads\/2026\/04\/mulheres-ocupam-a-avenida-paulista-em-sp-e-pressionam-motta-por-votacao-de-projeto-de-lei-que-crimin.webp\",\"datePublished\":\"2026-04-26T15:43:32+00:00\",\"author\":{\"@id\":\"https:\/\/www.encontrabelavista.com.br\/avenida-paulista\/#\/schema\/person\/63c71a69a5879155285aa7cf79ec3e40\"},\"breadcrumb\":{\"@id\":\"https:\/\/www.encontrabelavista.com.br\/avenida-paulista\/mulheres-ocupam-a-avenida-paulista-em-sp-e-pressionam-motta-por-votacao-de-projeto-de-lei-que-criminaliza-a-misoginia\/#breadcrumb\"},\"inLanguage\":\"pt-BR\",\"potentialAction\":[{\"@type\":\"ReadAction\",\"target\":[\"https:\/\/www.encontrabelavista.com.br\/avenida-paulista\/mulheres-ocupam-a-avenida-paulista-em-sp-e-pressionam-motta-por-votacao-de-projeto-de-lei-que-criminaliza-a-misoginia\/\"]}]},{\"@type\":\"ImageObject\",\"inLanguage\":\"pt-BR\",\"@id\":\"https:\/\/www.encontrabelavista.com.br\/avenida-paulista\/mulheres-ocupam-a-avenida-paulista-em-sp-e-pressionam-motta-por-votacao-de-projeto-de-lei-que-criminaliza-a-misoginia\/#primaryimage\",\"url\":\"https:\/\/www.encontrabelavista.com.br\/avenida-paulista\/wp-content\/uploads\/2026\/04\/mulheres-ocupam-a-avenida-paulista-em-sp-e-pressionam-motta-por-votacao-de-projeto-de-lei-que-crimin.webp\",\"contentUrl\":\"https:\/\/www.encontrabelavista.com.br\/avenida-paulista\/wp-content\/uploads\/2026\/04\/mulheres-ocupam-a-avenida-paulista-em-sp-e-pressionam-motta-por-votacao-de-projeto-de-lei-que-crimin.webp\",\"width\":280,\"height\":280},{\"@type\":\"BreadcrumbList\",\"@id\":\"https:\/\/www.encontrabelavista.com.br\/avenida-paulista\/mulheres-ocupam-a-avenida-paulista-em-sp-e-pressionam-motta-por-votacao-de-projeto-de-lei-que-criminaliza-a-misoginia\/#breadcrumb\",\"itemListElement\":[{\"@type\":\"ListItem\",\"position\":1,\"name\":\"In\u00edcio\",\"item\":\"https:\/\/www.encontrabelavista.com.br\/avenida-paulista\/\"},{\"@type\":\"ListItem\",\"position\":2,\"name\":\"Mulheres ocupam a avenida Paulista, em SP, e pressionam Motta por vota\u00e7\u00e3o de projeto de lei que criminaliza a misoginia\"}]},{\"@type\":\"WebSite\",\"@id\":\"https:\/\/www.encontrabelavista.com.br\/avenida-paulista\/#website\",\"url\":\"https:\/\/www.encontrabelavista.com.br\/avenida-paulista\/\",\"name\":\"Encontra Avenida Paulista\",\"description\":\"ENCONTRA AVENIDA PAULISTA - O guia comercial de neg\u00f3cios e empresas, cultura e divers\u00e3o na Avenida Paulista. Feito 100% para voc\u00ea morador!\",\"potentialAction\":[{\"@type\":\"SearchAction\",\"target\":{\"@type\":\"EntryPoint\",\"urlTemplate\":\"https:\/\/www.encontrabelavista.com.br\/avenida-paulista\/?s={search_term_string}\"},\"query-input\":{\"@type\":\"PropertyValueSpecification\",\"valueRequired\":true,\"valueName\":\"search_term_string\"}}],\"inLanguage\":\"pt-BR\"},{\"@type\":\"Person\",\"@id\":\"https:\/\/www.encontrabelavista.com.br\/avenida-paulista\/#\/schema\/person\/63c71a69a5879155285aa7cf79ec3e40\",\"name\":\"Encontra Avenida Paulista\",\"image\":{\"@type\":\"ImageObject\",\"inLanguage\":\"pt-BR\",\"@id\":\"https:\/\/www.encontrabelavista.com.br\/avenida-paulista\/#\/schema\/person\/image\/\",\"url\":\"https:\/\/secure.gravatar.com\/avatar\/c50c17820bcf322f0a8fd6b110b8c0918141409dc69076470f6fca5fee70a5d4?s=96&d=mm&r=g\",\"contentUrl\":\"https:\/\/secure.gravatar.com\/avatar\/c50c17820bcf322f0a8fd6b110b8c0918141409dc69076470f6fca5fee70a5d4?s=96&d=mm&r=g\",\"caption\":\"Encontra Avenida Paulista\"},\"url\":\"https:\/\/www.encontrabelavista.com.br\/avenida-paulista\/author\/encontraavenidapaulista\/\"}]}<\/script>\n<!-- \/ Yoast SEO plugin. -->","yoast_head_json":{"title":"Mulheres ocupam a avenida Paulista, em SP, e pressionam Motta por vota\u00e7\u00e3o de projeto de lei que criminaliza a misoginia - Encontra Avenida Paulista","robots":{"index":"index","follow":"follow","max-snippet":"max-snippet:-1","max-image-preview":"max-image-preview:large","max-video-preview":"max-video-preview:-1"},"canonical":"https:\/\/www.encontrabelavista.com.br\/avenida-paulista\/mulheres-ocupam-a-avenida-paulista-em-sp-e-pressionam-motta-por-votacao-de-projeto-de-lei-que-criminaliza-a-misoginia\/","og_locale":"pt_BR","og_type":"article","og_title":"Mulheres ocupam a avenida Paulista, em SP, e pressionam Motta por vota\u00e7\u00e3o de projeto de lei que criminaliza a misoginia - Encontra Avenida Paulista","og_description":"A criminaliza\u00e7\u00e3o da misoginia \u00e9 urgente; mulheres se mobilizam em S\u00e3o Paulo.","og_url":"https:\/\/www.encontrabelavista.com.br\/avenida-paulista\/mulheres-ocupam-a-avenida-paulista-em-sp-e-pressionam-motta-por-votacao-de-projeto-de-lei-que-criminaliza-a-misoginia\/","og_site_name":"Encontra Avenida Paulista","article_published_time":"2026-04-26T15:43:32+00:00","og_image":[{"url":"https:\/\/www.encontrabelavista.com.br\/avenida-paulista\/wp-content\/uploads\/2026\/04\/mulheres-ocupam-a-avenida-paulista-em-sp-e-pressionam-motta-por-votacao-de-projeto-de-lei-que-crimin.webp","type":"","width":"","height":""}],"author":"Encontra Avenida Paulista","twitter_card":"summary_large_image","twitter_misc":{"Escrito por":"Encontra Avenida Paulista","Est. tempo de leitura":"4 minutos"},"schema":{"@context":"https:\/\/schema.org","@graph":[{"@type":"WebPage","@id":"https:\/\/www.encontrabelavista.com.br\/avenida-paulista\/mulheres-ocupam-a-avenida-paulista-em-sp-e-pressionam-motta-por-votacao-de-projeto-de-lei-que-criminaliza-a-misoginia\/","url":"https:\/\/www.encontrabelavista.com.br\/avenida-paulista\/mulheres-ocupam-a-avenida-paulista-em-sp-e-pressionam-motta-por-votacao-de-projeto-de-lei-que-criminaliza-a-misoginia\/","name":"Mulheres ocupam a avenida Paulista, em SP, e pressionam Motta por vota\u00e7\u00e3o de projeto de lei que criminaliza a misoginia - Encontra Avenida Paulista","isPartOf":{"@id":"https:\/\/www.encontrabelavista.com.br\/avenida-paulista\/#website"},"primaryImageOfPage":{"@id":"https:\/\/www.encontrabelavista.com.br\/avenida-paulista\/mulheres-ocupam-a-avenida-paulista-em-sp-e-pressionam-motta-por-votacao-de-projeto-de-lei-que-criminaliza-a-misoginia\/#primaryimage"},"image":{"@id":"https:\/\/www.encontrabelavista.com.br\/avenida-paulista\/mulheres-ocupam-a-avenida-paulista-em-sp-e-pressionam-motta-por-votacao-de-projeto-de-lei-que-criminaliza-a-misoginia\/#primaryimage"},"thumbnailUrl":"https:\/\/www.encontrabelavista.com.br\/avenida-paulista\/wp-content\/uploads\/2026\/04\/mulheres-ocupam-a-avenida-paulista-em-sp-e-pressionam-motta-por-votacao-de-projeto-de-lei-que-crimin.webp","datePublished":"2026-04-26T15:43:32+00:00","author":{"@id":"https:\/\/www.encontrabelavista.com.br\/avenida-paulista\/#\/schema\/person\/63c71a69a5879155285aa7cf79ec3e40"},"breadcrumb":{"@id":"https:\/\/www.encontrabelavista.com.br\/avenida-paulista\/mulheres-ocupam-a-avenida-paulista-em-sp-e-pressionam-motta-por-votacao-de-projeto-de-lei-que-criminaliza-a-misoginia\/#breadcrumb"},"inLanguage":"pt-BR","potentialAction":[{"@type":"ReadAction","target":["https:\/\/www.encontrabelavista.com.br\/avenida-paulista\/mulheres-ocupam-a-avenida-paulista-em-sp-e-pressionam-motta-por-votacao-de-projeto-de-lei-que-criminaliza-a-misoginia\/"]}]},{"@type":"ImageObject","inLanguage":"pt-BR","@id":"https:\/\/www.encontrabelavista.com.br\/avenida-paulista\/mulheres-ocupam-a-avenida-paulista-em-sp-e-pressionam-motta-por-votacao-de-projeto-de-lei-que-criminaliza-a-misoginia\/#primaryimage","url":"https:\/\/www.encontrabelavista.com.br\/avenida-paulista\/wp-content\/uploads\/2026\/04\/mulheres-ocupam-a-avenida-paulista-em-sp-e-pressionam-motta-por-votacao-de-projeto-de-lei-que-crimin.webp","contentUrl":"https:\/\/www.encontrabelavista.com.br\/avenida-paulista\/wp-content\/uploads\/2026\/04\/mulheres-ocupam-a-avenida-paulista-em-sp-e-pressionam-motta-por-votacao-de-projeto-de-lei-que-crimin.webp","width":280,"height":280},{"@type":"BreadcrumbList","@id":"https:\/\/www.encontrabelavista.com.br\/avenida-paulista\/mulheres-ocupam-a-avenida-paulista-em-sp-e-pressionam-motta-por-votacao-de-projeto-de-lei-que-criminaliza-a-misoginia\/#breadcrumb","itemListElement":[{"@type":"ListItem","position":1,"name":"In\u00edcio","item":"https:\/\/www.encontrabelavista.com.br\/avenida-paulista\/"},{"@type":"ListItem","position":2,"name":"Mulheres ocupam a avenida Paulista, em SP, e pressionam Motta por vota\u00e7\u00e3o de projeto de lei que criminaliza a misoginia"}]},{"@type":"WebSite","@id":"https:\/\/www.encontrabelavista.com.br\/avenida-paulista\/#website","url":"https:\/\/www.encontrabelavista.com.br\/avenida-paulista\/","name":"Encontra Avenida Paulista","description":"ENCONTRA AVENIDA PAULISTA - O guia comercial de neg\u00f3cios e empresas, cultura e divers\u00e3o na Avenida Paulista. Feito 100% para voc\u00ea morador!","potentialAction":[{"@type":"SearchAction","target":{"@type":"EntryPoint","urlTemplate":"https:\/\/www.encontrabelavista.com.br\/avenida-paulista\/?s={search_term_string}"},"query-input":{"@type":"PropertyValueSpecification","valueRequired":true,"valueName":"search_term_string"}}],"inLanguage":"pt-BR"},{"@type":"Person","@id":"https:\/\/www.encontrabelavista.com.br\/avenida-paulista\/#\/schema\/person\/63c71a69a5879155285aa7cf79ec3e40","name":"Encontra Avenida Paulista","image":{"@type":"ImageObject","inLanguage":"pt-BR","@id":"https:\/\/www.encontrabelavista.com.br\/avenida-paulista\/#\/schema\/person\/image\/","url":"https:\/\/secure.gravatar.com\/avatar\/c50c17820bcf322f0a8fd6b110b8c0918141409dc69076470f6fca5fee70a5d4?s=96&d=mm&r=g","contentUrl":"https:\/\/secure.gravatar.com\/avatar\/c50c17820bcf322f0a8fd6b110b8c0918141409dc69076470f6fca5fee70a5d4?s=96&d=mm&r=g","caption":"Encontra Avenida Paulista"},"url":"https:\/\/www.encontrabelavista.com.br\/avenida-paulista\/author\/encontraavenidapaulista\/"}]}},"_links":{"self":[{"href":"https:\/\/www.encontrabelavista.com.br\/avenida-paulista\/wp-json\/wp\/v2\/posts\/6196","targetHints":{"allow":["GET"]}}],"collection":[{"href":"https:\/\/www.encontrabelavista.com.br\/avenida-paulista\/wp-json\/wp\/v2\/posts"}],"about":[{"href":"https:\/\/www.encontrabelavista.com.br\/avenida-paulista\/wp-json\/wp\/v2\/types\/post"}],"author":[{"embeddable":true,"href":"https:\/\/www.encontrabelavista.com.br\/avenida-paulista\/wp-json\/wp\/v2\/users\/1"}],"replies":[{"embeddable":true,"href":"https:\/\/www.encontrabelavista.com.br\/avenida-paulista\/wp-json\/wp\/v2\/comments?post=6196"}],"version-history":[{"count":0,"href":"https:\/\/www.encontrabelavista.com.br\/avenida-paulista\/wp-json\/wp\/v2\/posts\/6196\/revisions"}],"wp:featuredmedia":[{"embeddable":true,"href":"https:\/\/www.encontrabelavista.com.br\/avenida-paulista\/wp-json\/wp\/v2\/media\/6195"}],"wp:attachment":[{"href":"https:\/\/www.encontrabelavista.com.br\/avenida-paulista\/wp-json\/wp\/v2\/media?parent=6196"}],"wp:term":[{"taxonomy":"category","embeddable":true,"href":"https:\/\/www.encontrabelavista.com.br\/avenida-paulista\/wp-json\/wp\/v2\/categories?post=6196"},{"taxonomy":"post_tag","embeddable":true,"href":"https:\/\/www.encontrabelavista.com.br\/avenida-paulista\/wp-json\/wp\/v2\/tags?post=6196"}],"curies":[{"name":"wp","href":"https:\/\/api.w.org\/{rel}","templated":true}]}}