{"id":6200,"date":"2026-04-26T12:47:29","date_gmt":"2026-04-26T15:47:29","guid":{"rendered":"https:\/\/www.encontrabelavista.com.br\/avenida-paulista\/ato-na-avenida-paulista-cobra-aprovacao-do-pl-da-misoginia\/"},"modified":"2026-04-26T12:47:29","modified_gmt":"2026-04-26T15:47:29","slug":"ato-na-avenida-paulista-cobra-aprovacao-do-pl-da-misoginia","status":"publish","type":"post","link":"https:\/\/www.encontrabelavista.com.br\/avenida-paulista\/ato-na-avenida-paulista-cobra-aprovacao-do-pl-da-misoginia\/","title":{"rendered":"Ato na Avenida Paulista cobra aprova\u00e7\u00e3o do PL da Misoginia"},"content":{"rendered":"<h2>A Mobiliza\u00e7\u00e3o na Avenida Paulista<\/h2>\n<p>No dia 25 de abril de 2026, a Avenida Paulista, um dos principais cart\u00f5es-postais de S\u00e3o Paulo, foi tomada por manifestantes que exigiam a acelera\u00e7\u00e3o do processo de aprova\u00e7\u00e3o do <strong>projeto de lei que equipara a misoginia ao crime de racismo<\/strong>. Este evento contou com a presen\u00e7a de mais de 10 mil pessoas, conforme relatos dos organizadores. Iniciando a concentra\u00e7\u00e3o por volta das 14h em frente ao Masp, os participantes seguiram pela avenida, al\u00e7ando cartazes e entoando palavras de ordem, predominantemente liderados por mulheres. A manifesta\u00e7\u00e3o n\u00e3o interrompeu o tr\u00e2nsito da regi\u00e3o, permitindo que a mobiliza\u00e7\u00e3o ocorresse de maneira fluida.<\/p>\n<h2>O que \u00e9 o PL da Misoginia?<\/h2>\n<p>O projeto de lei em quest\u00e3o j\u00e1 partiu do Senado e agora espera an\u00e1lise na C\u00e2mara dos Deputados. A proposta visa reconhecer a misoginia, entendida como a avers\u00e3o, desprezo ou hostilidade direcionada \u00e0s mulheres, como um crime an\u00e1logo ao racismo. O objetivo \u00e9 inserir no ordenamento jur\u00eddico uma prote\u00e7\u00e3o efetiva contra esse tipo de discrimina\u00e7\u00e3o, que afeta milh\u00f5es de mulheres no pa\u00eds, promovendo um ambiente mais seguro e justo.<\/p>\n<h2>Import\u00e2ncia da Criminaliza\u00e7\u00e3o da Misoginia<\/h2>\n<p>Criminalizar a misoginia \u00e9 um passo significativo na luta pelos direitos das mulheres. Este tipo de legisla\u00e7\u00e3o n\u00e3o s\u00f3 valida as experi\u00eancias das mulheres que enfrentam discrimina\u00e7\u00e3o e preconceito, mas tamb\u00e9m fortalece a mensagem de que a sociedade n\u00e3o aceita qualquer forma de discrimina\u00e7\u00e3o. Cada ato de misoginia deve ser reconhecido e coibido, criando um ambiente onde todas as pessoas possam viver sem medo de viol\u00eancia ou discrimina\u00e7\u00e3o. Essa legisla\u00e7\u00e3o \u00e9 fundamental para a constru\u00e7\u00e3o de uma sociedade mais igualit\u00e1ria e respeitosa.<\/p>\n<p><img decoding=\"async\" src=\"https:\/\/www.encontrabelavista.com.br\/avenida-paulista\/wp-content\/uploads\/2026\/04\/ato-na-avenida-paulista-cobra-aprovacao-do-pl-da-misoginia.webp\" alt=\"PL da Misoginia\" loading=\"lazy\" \/><\/p>\n<h2>Quem Participou da Manifesta\u00e7\u00f5es?<\/h2>\n<p>Entre os rostos que marcaram a manifesta\u00e7\u00e3o estavam mulheres de todas as idades e origens, unidas por um mesmo objetivo: a implementa\u00e7\u00e3o do PL da Misoginia. Parlamentares como <strong>\u00c9rika Hilton<\/strong> e <strong>S\u00e2mia Bomfim<\/strong>, ambas do PSOL, se fizeram presentes, demonstrando seu apoio \u00e0 causa. Al\u00e9m disso, o coletivo Levante Mulheres Vivas foi um dos principais organizadores do ato, incentivando uma participa\u00e7\u00e3o ampla e diversificada da sociedade.<\/p>\n<h2>Expectativas sobre a Tramita\u00e7\u00e3o do PL<\/h2>\n<p>A cria\u00e7\u00e3o de um grupo de trabalho pela presid\u00eancia da C\u00e2mara, liderado pela deputada <strong>Tabata Amaral<\/strong>, trazendo representantes de diversos partidos e a possibilidade de promover audi\u00eancias p\u00fablicas com especialistas, gera expectativas positivas entre os apoiadores da proposta. Este grupo tem o intuito de construir um consenso em torno do texto e acelerar sua tramita\u00e7\u00e3o, visando que em breve a proposta possa ser discutida no plen\u00e1rio.<\/p>\n<h2>Rea\u00e7\u00f5es de Parlamentares ao Movimento<\/h2>\n<p>A resposta dos parlamentares ao movimento foi variada. Muitos expressaram apoio \u00e0 iniciativa, reconhecendo a relev\u00e2ncia do tema, enquanto outros adotaram uma postura mais c\u00e9tica em rela\u00e7\u00e3o \u00e0 urg\u00eancia da proposta. O importante, no entanto, \u00e9 que a press\u00e3o popular gerada pela manifesta\u00e7\u00e3o \u00e9 um fator que pode influenciar a pauta pol\u00edtica do Congresso e for\u00e7ar uma discuss\u00e3o mais significativa sobre o tema.<\/p>\n<h2>A Voz das Mulheres nas Mobiliza\u00e7\u00f5es<\/h2>\n<p>A for\u00e7a e a presen\u00e7a das mulheres nesta mobiliza\u00e7\u00e3o s\u00e3o representativas do desejo por mudan\u00e7as significativas em uma sociedade que ainda carrega estigmas e preconceitos arraigados. O ato n\u00e3o apenas deu voz \u00e0s mulheres, mas tamb\u00e9m destacou a necessidade de uma participa\u00e7\u00e3o ativa na pol\u00edtica e na defesa de seus direitos. Essa uni\u00e3o em torno de um objetivo comum \u00e9 um indicativo poderoso das mobiliza\u00e7\u00f5es sociais que podem ocorrer em resposta a injusti\u00e7as.<\/p>\n<h2>Impacto das Redes Sociais no Protesto<\/h2>\n<p>As redes sociais desempenham um papel crucial na organiza\u00e7\u00e3o e divulga\u00e7\u00e3o de movimentos sociais como o que ocorreu na Avenida Paulista. Elas permitiram que os organizadores ampliassem a mensagem da manifesta\u00e7\u00e3o, chamando a aten\u00e7\u00e3o para a import\u00e2ncia do PL da Misoginia e mobilizando pessoas a se articulares. A hashtag #PLdaMisoginia se tornou uma trending topic nas redes, facilitando a constru\u00e7\u00e3o de uma rede de apoio e engajamento.<\/p>\n<h2>O Papel da Sociedade Civil na Luta<\/h2>\n<p>A sociedade civil tem uma fun\u00e7\u00e3o fundamental na luta pela aprova\u00e7\u00e3o do PL. Organiza\u00e7\u00f5es n\u00e3o governamentais, coletivos e ativistas t\u00eam sido essenciais na promo\u00e7\u00e3o da conscientiza\u00e7\u00e3o e na mobiliza\u00e7\u00e3o da popula\u00e7\u00e3o em torno da quest\u00e3o da misoginia. Essas entidades trabalham n\u00e3o apenas para pressionar os legisladores, mas tamb\u00e9m para educar a sociedade sobre os problemas enfrentados pelas mulheres e a import\u00e2ncia de medidas legislativas eficazes.<\/p>\n<h2>Pr\u00f3ximos Passos para o PL da Misoginia<\/h2>\n<p>Com a forma\u00e7\u00e3o do grupo de trabalho na C\u00e2mara e o apoio crescente da popula\u00e7\u00e3o, os pr\u00f3ximos passos para o PL da Misoginia incluem a elabora\u00e7\u00e3o de um texto de consenso que possa ser aceito por diferentes correntes pol\u00edticas. \u00c9 imperativo que os ativos da sociedade civil continuem a pressionar por audi\u00eancia e discuss\u00f5es que mantenham a misoginia em pauta, at\u00e9 que o projeto se transforme em lei. A luta ainda est\u00e1 longe de terminar, e a mobiliza\u00e7\u00e3o cont\u00ednua ser\u00e1 vital para garantir que o progresso seja alcan\u00e7ado.<\/p>\n","protected":false},"excerpt":{"rendered":"<p>O PL da Misoginia precisa de apoio urgente para avan\u00e7ar no Congresso!<\/p>\n","protected":false},"author":1,"featured_media":6199,"comment_status":"open","ping_status":"","sticky":false,"template":"","format":"standard","meta":{"footnotes":""},"categories":[5],"tags":[],"class_list":["post-6200","post","type-post","status-publish","format-standard","has-post-thumbnail","hentry","category-noticias","has_thumb"],"yoast_head":"<!-- This site is optimized with the Yoast SEO plugin v26.4 - https:\/\/yoast.com\/wordpress\/plugins\/seo\/ -->\n<title>Ato na Avenida Paulista cobra aprova\u00e7\u00e3o do PL da Misoginia - Encontra Avenida Paulista<\/title>\n<meta name=\"robots\" content=\"index, follow, max-snippet:-1, max-image-preview:large, max-video-preview:-1\" \/>\n<link rel=\"canonical\" href=\"https:\/\/www.encontrabelavista.com.br\/avenida-paulista\/ato-na-avenida-paulista-cobra-aprovacao-do-pl-da-misoginia\/\" \/>\n<meta property=\"og:locale\" content=\"pt_BR\" \/>\n<meta property=\"og:type\" content=\"article\" \/>\n<meta property=\"og:title\" content=\"Ato na Avenida Paulista cobra aprova\u00e7\u00e3o do PL da Misoginia - Encontra Avenida Paulista\" \/>\n<meta property=\"og:description\" content=\"O PL da Misoginia precisa de apoio urgente para avan\u00e7ar no Congresso!\" \/>\n<meta property=\"og:url\" content=\"https:\/\/www.encontrabelavista.com.br\/avenida-paulista\/ato-na-avenida-paulista-cobra-aprovacao-do-pl-da-misoginia\/\" \/>\n<meta property=\"og:site_name\" content=\"Encontra Avenida Paulista\" \/>\n<meta property=\"article:published_time\" content=\"2026-04-26T15:47:29+00:00\" \/>\n<meta property=\"og:image\" content=\"https:\/\/www.encontrabelavista.com.br\/avenida-paulista\/wp-content\/uploads\/2026\/04\/ato-na-avenida-paulista-cobra-aprovacao-do-pl-da-misoginia.webp\" \/>\n<meta name=\"author\" content=\"Encontra Avenida Paulista\" \/>\n<meta name=\"twitter:card\" content=\"summary_large_image\" \/>\n<meta name=\"twitter:label1\" content=\"Escrito por\" \/>\n\t<meta name=\"twitter:data1\" content=\"Encontra Avenida Paulista\" \/>\n\t<meta name=\"twitter:label2\" content=\"Est. tempo de leitura\" \/>\n\t<meta name=\"twitter:data2\" content=\"4 minutos\" \/>\n<script type=\"application\/ld+json\" class=\"yoast-schema-graph\">{\"@context\":\"https:\/\/schema.org\",\"@graph\":[{\"@type\":\"WebPage\",\"@id\":\"https:\/\/www.encontrabelavista.com.br\/avenida-paulista\/ato-na-avenida-paulista-cobra-aprovacao-do-pl-da-misoginia\/\",\"url\":\"https:\/\/www.encontrabelavista.com.br\/avenida-paulista\/ato-na-avenida-paulista-cobra-aprovacao-do-pl-da-misoginia\/\",\"name\":\"Ato na Avenida Paulista cobra aprova\u00e7\u00e3o do PL da Misoginia - Encontra Avenida Paulista\",\"isPartOf\":{\"@id\":\"https:\/\/www.encontrabelavista.com.br\/avenida-paulista\/#website\"},\"primaryImageOfPage\":{\"@id\":\"https:\/\/www.encontrabelavista.com.br\/avenida-paulista\/ato-na-avenida-paulista-cobra-aprovacao-do-pl-da-misoginia\/#primaryimage\"},\"image\":{\"@id\":\"https:\/\/www.encontrabelavista.com.br\/avenida-paulista\/ato-na-avenida-paulista-cobra-aprovacao-do-pl-da-misoginia\/#primaryimage\"},\"thumbnailUrl\":\"https:\/\/www.encontrabelavista.com.br\/avenida-paulista\/wp-content\/uploads\/2026\/04\/ato-na-avenida-paulista-cobra-aprovacao-do-pl-da-misoginia.webp\",\"datePublished\":\"2026-04-26T15:47:29+00:00\",\"author\":{\"@id\":\"https:\/\/www.encontrabelavista.com.br\/avenida-paulista\/#\/schema\/person\/63c71a69a5879155285aa7cf79ec3e40\"},\"breadcrumb\":{\"@id\":\"https:\/\/www.encontrabelavista.com.br\/avenida-paulista\/ato-na-avenida-paulista-cobra-aprovacao-do-pl-da-misoginia\/#breadcrumb\"},\"inLanguage\":\"pt-BR\",\"potentialAction\":[{\"@type\":\"ReadAction\",\"target\":[\"https:\/\/www.encontrabelavista.com.br\/avenida-paulista\/ato-na-avenida-paulista-cobra-aprovacao-do-pl-da-misoginia\/\"]}]},{\"@type\":\"ImageObject\",\"inLanguage\":\"pt-BR\",\"@id\":\"https:\/\/www.encontrabelavista.com.br\/avenida-paulista\/ato-na-avenida-paulista-cobra-aprovacao-do-pl-da-misoginia\/#primaryimage\",\"url\":\"https:\/\/www.encontrabelavista.com.br\/avenida-paulista\/wp-content\/uploads\/2026\/04\/ato-na-avenida-paulista-cobra-aprovacao-do-pl-da-misoginia.webp\",\"contentUrl\":\"https:\/\/www.encontrabelavista.com.br\/avenida-paulista\/wp-content\/uploads\/2026\/04\/ato-na-avenida-paulista-cobra-aprovacao-do-pl-da-misoginia.webp\",\"width\":280,\"height\":280,\"caption\":\"PL da Misoginia\"},{\"@type\":\"BreadcrumbList\",\"@id\":\"https:\/\/www.encontrabelavista.com.br\/avenida-paulista\/ato-na-avenida-paulista-cobra-aprovacao-do-pl-da-misoginia\/#breadcrumb\",\"itemListElement\":[{\"@type\":\"ListItem\",\"position\":1,\"name\":\"In\u00edcio\",\"item\":\"https:\/\/www.encontrabelavista.com.br\/avenida-paulista\/\"},{\"@type\":\"ListItem\",\"position\":2,\"name\":\"Ato na Avenida Paulista cobra aprova\u00e7\u00e3o do PL da Misoginia\"}]},{\"@type\":\"WebSite\",\"@id\":\"https:\/\/www.encontrabelavista.com.br\/avenida-paulista\/#website\",\"url\":\"https:\/\/www.encontrabelavista.com.br\/avenida-paulista\/\",\"name\":\"Encontra Avenida Paulista\",\"description\":\"ENCONTRA AVENIDA PAULISTA - O guia comercial de neg\u00f3cios e empresas, cultura e divers\u00e3o na Avenida Paulista. Feito 100% para voc\u00ea morador!\",\"potentialAction\":[{\"@type\":\"SearchAction\",\"target\":{\"@type\":\"EntryPoint\",\"urlTemplate\":\"https:\/\/www.encontrabelavista.com.br\/avenida-paulista\/?s={search_term_string}\"},\"query-input\":{\"@type\":\"PropertyValueSpecification\",\"valueRequired\":true,\"valueName\":\"search_term_string\"}}],\"inLanguage\":\"pt-BR\"},{\"@type\":\"Person\",\"@id\":\"https:\/\/www.encontrabelavista.com.br\/avenida-paulista\/#\/schema\/person\/63c71a69a5879155285aa7cf79ec3e40\",\"name\":\"Encontra Avenida Paulista\",\"image\":{\"@type\":\"ImageObject\",\"inLanguage\":\"pt-BR\",\"@id\":\"https:\/\/www.encontrabelavista.com.br\/avenida-paulista\/#\/schema\/person\/image\/\",\"url\":\"https:\/\/secure.gravatar.com\/avatar\/c50c17820bcf322f0a8fd6b110b8c0918141409dc69076470f6fca5fee70a5d4?s=96&d=mm&r=g\",\"contentUrl\":\"https:\/\/secure.gravatar.com\/avatar\/c50c17820bcf322f0a8fd6b110b8c0918141409dc69076470f6fca5fee70a5d4?s=96&d=mm&r=g\",\"caption\":\"Encontra Avenida Paulista\"},\"url\":\"https:\/\/www.encontrabelavista.com.br\/avenida-paulista\/author\/encontraavenidapaulista\/\"}]}<\/script>\n<!-- \/ Yoast SEO plugin. -->","yoast_head_json":{"title":"Ato na Avenida Paulista cobra aprova\u00e7\u00e3o do PL da Misoginia - Encontra Avenida Paulista","robots":{"index":"index","follow":"follow","max-snippet":"max-snippet:-1","max-image-preview":"max-image-preview:large","max-video-preview":"max-video-preview:-1"},"canonical":"https:\/\/www.encontrabelavista.com.br\/avenida-paulista\/ato-na-avenida-paulista-cobra-aprovacao-do-pl-da-misoginia\/","og_locale":"pt_BR","og_type":"article","og_title":"Ato na Avenida Paulista cobra aprova\u00e7\u00e3o do PL da Misoginia - Encontra Avenida Paulista","og_description":"O PL da Misoginia precisa de apoio urgente para avan\u00e7ar no Congresso!","og_url":"https:\/\/www.encontrabelavista.com.br\/avenida-paulista\/ato-na-avenida-paulista-cobra-aprovacao-do-pl-da-misoginia\/","og_site_name":"Encontra Avenida Paulista","article_published_time":"2026-04-26T15:47:29+00:00","og_image":[{"url":"https:\/\/www.encontrabelavista.com.br\/avenida-paulista\/wp-content\/uploads\/2026\/04\/ato-na-avenida-paulista-cobra-aprovacao-do-pl-da-misoginia.webp","type":"","width":"","height":""}],"author":"Encontra Avenida Paulista","twitter_card":"summary_large_image","twitter_misc":{"Escrito por":"Encontra Avenida Paulista","Est. tempo de leitura":"4 minutos"},"schema":{"@context":"https:\/\/schema.org","@graph":[{"@type":"WebPage","@id":"https:\/\/www.encontrabelavista.com.br\/avenida-paulista\/ato-na-avenida-paulista-cobra-aprovacao-do-pl-da-misoginia\/","url":"https:\/\/www.encontrabelavista.com.br\/avenida-paulista\/ato-na-avenida-paulista-cobra-aprovacao-do-pl-da-misoginia\/","name":"Ato na Avenida Paulista cobra aprova\u00e7\u00e3o do PL da Misoginia - Encontra Avenida Paulista","isPartOf":{"@id":"https:\/\/www.encontrabelavista.com.br\/avenida-paulista\/#website"},"primaryImageOfPage":{"@id":"https:\/\/www.encontrabelavista.com.br\/avenida-paulista\/ato-na-avenida-paulista-cobra-aprovacao-do-pl-da-misoginia\/#primaryimage"},"image":{"@id":"https:\/\/www.encontrabelavista.com.br\/avenida-paulista\/ato-na-avenida-paulista-cobra-aprovacao-do-pl-da-misoginia\/#primaryimage"},"thumbnailUrl":"https:\/\/www.encontrabelavista.com.br\/avenida-paulista\/wp-content\/uploads\/2026\/04\/ato-na-avenida-paulista-cobra-aprovacao-do-pl-da-misoginia.webp","datePublished":"2026-04-26T15:47:29+00:00","author":{"@id":"https:\/\/www.encontrabelavista.com.br\/avenida-paulista\/#\/schema\/person\/63c71a69a5879155285aa7cf79ec3e40"},"breadcrumb":{"@id":"https:\/\/www.encontrabelavista.com.br\/avenida-paulista\/ato-na-avenida-paulista-cobra-aprovacao-do-pl-da-misoginia\/#breadcrumb"},"inLanguage":"pt-BR","potentialAction":[{"@type":"ReadAction","target":["https:\/\/www.encontrabelavista.com.br\/avenida-paulista\/ato-na-avenida-paulista-cobra-aprovacao-do-pl-da-misoginia\/"]}]},{"@type":"ImageObject","inLanguage":"pt-BR","@id":"https:\/\/www.encontrabelavista.com.br\/avenida-paulista\/ato-na-avenida-paulista-cobra-aprovacao-do-pl-da-misoginia\/#primaryimage","url":"https:\/\/www.encontrabelavista.com.br\/avenida-paulista\/wp-content\/uploads\/2026\/04\/ato-na-avenida-paulista-cobra-aprovacao-do-pl-da-misoginia.webp","contentUrl":"https:\/\/www.encontrabelavista.com.br\/avenida-paulista\/wp-content\/uploads\/2026\/04\/ato-na-avenida-paulista-cobra-aprovacao-do-pl-da-misoginia.webp","width":280,"height":280,"caption":"PL da Misoginia"},{"@type":"BreadcrumbList","@id":"https:\/\/www.encontrabelavista.com.br\/avenida-paulista\/ato-na-avenida-paulista-cobra-aprovacao-do-pl-da-misoginia\/#breadcrumb","itemListElement":[{"@type":"ListItem","position":1,"name":"In\u00edcio","item":"https:\/\/www.encontrabelavista.com.br\/avenida-paulista\/"},{"@type":"ListItem","position":2,"name":"Ato na Avenida Paulista cobra aprova\u00e7\u00e3o do PL da Misoginia"}]},{"@type":"WebSite","@id":"https:\/\/www.encontrabelavista.com.br\/avenida-paulista\/#website","url":"https:\/\/www.encontrabelavista.com.br\/avenida-paulista\/","name":"Encontra Avenida Paulista","description":"ENCONTRA AVENIDA PAULISTA - O guia comercial de neg\u00f3cios e empresas, cultura e divers\u00e3o na Avenida Paulista. Feito 100% para voc\u00ea morador!","potentialAction":[{"@type":"SearchAction","target":{"@type":"EntryPoint","urlTemplate":"https:\/\/www.encontrabelavista.com.br\/avenida-paulista\/?s={search_term_string}"},"query-input":{"@type":"PropertyValueSpecification","valueRequired":true,"valueName":"search_term_string"}}],"inLanguage":"pt-BR"},{"@type":"Person","@id":"https:\/\/www.encontrabelavista.com.br\/avenida-paulista\/#\/schema\/person\/63c71a69a5879155285aa7cf79ec3e40","name":"Encontra Avenida Paulista","image":{"@type":"ImageObject","inLanguage":"pt-BR","@id":"https:\/\/www.encontrabelavista.com.br\/avenida-paulista\/#\/schema\/person\/image\/","url":"https:\/\/secure.gravatar.com\/avatar\/c50c17820bcf322f0a8fd6b110b8c0918141409dc69076470f6fca5fee70a5d4?s=96&d=mm&r=g","contentUrl":"https:\/\/secure.gravatar.com\/avatar\/c50c17820bcf322f0a8fd6b110b8c0918141409dc69076470f6fca5fee70a5d4?s=96&d=mm&r=g","caption":"Encontra Avenida Paulista"},"url":"https:\/\/www.encontrabelavista.com.br\/avenida-paulista\/author\/encontraavenidapaulista\/"}]}},"_links":{"self":[{"href":"https:\/\/www.encontrabelavista.com.br\/avenida-paulista\/wp-json\/wp\/v2\/posts\/6200","targetHints":{"allow":["GET"]}}],"collection":[{"href":"https:\/\/www.encontrabelavista.com.br\/avenida-paulista\/wp-json\/wp\/v2\/posts"}],"about":[{"href":"https:\/\/www.encontrabelavista.com.br\/avenida-paulista\/wp-json\/wp\/v2\/types\/post"}],"author":[{"embeddable":true,"href":"https:\/\/www.encontrabelavista.com.br\/avenida-paulista\/wp-json\/wp\/v2\/users\/1"}],"replies":[{"embeddable":true,"href":"https:\/\/www.encontrabelavista.com.br\/avenida-paulista\/wp-json\/wp\/v2\/comments?post=6200"}],"version-history":[{"count":0,"href":"https:\/\/www.encontrabelavista.com.br\/avenida-paulista\/wp-json\/wp\/v2\/posts\/6200\/revisions"}],"wp:featuredmedia":[{"embeddable":true,"href":"https:\/\/www.encontrabelavista.com.br\/avenida-paulista\/wp-json\/wp\/v2\/media\/6199"}],"wp:attachment":[{"href":"https:\/\/www.encontrabelavista.com.br\/avenida-paulista\/wp-json\/wp\/v2\/media?parent=6200"}],"wp:term":[{"taxonomy":"category","embeddable":true,"href":"https:\/\/www.encontrabelavista.com.br\/avenida-paulista\/wp-json\/wp\/v2\/categories?post=6200"},{"taxonomy":"post_tag","embeddable":true,"href":"https:\/\/www.encontrabelavista.com.br\/avenida-paulista\/wp-json\/wp\/v2\/tags?post=6200"}],"curies":[{"name":"wp","href":"https:\/\/api.w.org\/{rel}","templated":true}]}}