{"id":6202,"date":"2026-04-27T12:15:03","date_gmt":"2026-04-27T15:15:03","guid":{"rendered":"https:\/\/www.encontrabelavista.com.br\/avenida-paulista\/sindicatos-reagem-a-proibicao-de-ato-de-1o-de-maio-na-paulista-e-acusam-decisao-arbitraria\/"},"modified":"2026-04-27T12:15:03","modified_gmt":"2026-04-27T15:15:03","slug":"sindicatos-reagem-a-proibicao-de-ato-de-1o-de-maio-na-paulista-e-acusam-decisao-arbitraria","status":"publish","type":"post","link":"https:\/\/www.encontrabelavista.com.br\/avenida-paulista\/sindicatos-reagem-a-proibicao-de-ato-de-1o-de-maio-na-paulista-e-acusam-decisao-arbitraria\/","title":{"rendered":"Sindicatos reagem \u00e0 proibi\u00e7\u00e3o de ato de 1\u00ba de Maio na Paulista e acusam decis\u00e3o arbitr\u00e1ria"},"content":{"rendered":"<h2>Rea\u00e7\u00e3o dos Sindicatos \u00e0 Proibi\u00e7\u00e3o<\/h2>\n<p>No contexto da proibi\u00e7\u00e3o de um ato na Avenida Paulista no Dia do Trabalhador, a central sindical CSP-Conlutas, juntamente com outras entidades representativas de trabalhadores, se manifestou fortemente contra a decis\u00e3o da Pol\u00edcia Militar. A proibi\u00e7\u00e3o foi comunicada em uma reuni\u00e3o t\u00e9cnica no dia 24 de abril, gerando uma rea\u00e7\u00e3o imediata e negativa dos sindicatos, que se sentiram injustamente tratados pela a\u00e7\u00e3o das autoridades.<\/p>\n<h2>Ato de 1\u00ba de Maio: Hist\u00f3ria e Significado<\/h2>\n<p>O 1\u00ba de Maio, celebrado em diversos pa\u00edses, \u00e9 uma data que remete \u00e0s lutas trabalhistas e \u00e0 busca por direitos. \u00c9 um dia em que as classes trabalhadoras tradicionalmente se re\u00fanem para reivindicar melhores condi\u00e7\u00f5es laborais. Os sindicatos contestam que a proibi\u00e7\u00e3o do ato na Avenida Paulista desrespeita essa tradi\u00e7\u00e3o e o esp\u00edrito do Dia do Trabalho, que deve ser dedicado aos interesses da classe trabalhadora.<\/p>\n<h2>Liberdade de Manifesta\u00e7\u00e3o em Xeque<\/h2>\n<p>A proibi\u00e7\u00e3o levantou quest\u00f5es relevantes sobre a liberdade de express\u00e3o e manifesta\u00e7\u00e3o no Brasil. Para os sindicatos, a decis\u00e3o de impedir o ato demonstra uma falta de comprometimento com os direitos democr\u00e1ticos. Professores, trabalhadores e diversas categorias t\u00eam um hist\u00f3rico de manifesta\u00e7\u00f5es pac\u00edficas nesse dia, e a negativa da Pol\u00edcia Militar \u00e9 vista como uma viola\u00e7\u00e3o desses direitos.<\/p>\n<p><img decoding=\"async\" src=\"https:\/\/www.encontrabelavista.com.br\/avenida-paulista\/wp-content\/uploads\/2026\/04\/sindicatos-reagem-a-proibicao-de-ato-de-1-de-maio-na-paulista-e-acusam-decisao-arbitraria.webp\" alt=\"proibi\u00e7\u00e3o ato 1\u00ba de Maio Paulista\" loading=\"lazy\" \/><\/p>\n<h2>A Import\u00e2ncia do Dia do Trabalho<\/h2>\n<p>O Dia do Trabalho \u00e9 mais do que uma data simb\u00f3lica; ele representa a luta por melhores condi\u00e7\u00f5es de vida para todos os trabalhadores. Os sindicatos que se op\u00f5em \u00e0 proibi\u00e7\u00e3o argumentam que eventos desse tipo s\u00e3o essenciais para mobilizar e unir a classe trabalhadora em busca de melhorias cont\u00ednuas nos direitos laborais. Essa uni\u00e3o tem um impacto significativo nas pol\u00edticas p\u00fablicas e na defesa do trabalho digno.<\/p>\n<h2>Cr\u00edticas aos Grupos Favor\u00e1veis \u00e0 Proibi\u00e7\u00e3o<\/h2>\n<p>Os sindicatos criticam a decis\u00e3o por considerar que a Avenida Paulista foi reservada para manifesta\u00e7\u00f5es de grupos que n\u00e3o representam a ess\u00eancia do 1\u00ba de Maio. Entidades de orienta\u00e7\u00e3o conservadora, que j\u00e1 haviam solicitado autoriza\u00e7\u00e3o para se manifestar na mesma data, foram priorizadas, levando os sindicatos a acusarem o governo e a prefeitura de favorecer certos grupos em detrimento das reivindica\u00e7\u00f5es dos trabalhadores.<\/p>\n<h2>Acesso \u00e0 Avenida Paulista e Direitos<\/h2>\n<p>A Avenida Paulista, sendo um dos principais espa\u00e7os de manifesta\u00e7\u00e3o em S\u00e3o Paulo, \u00e9 vista como um s\u00edmbolo do direito \u00e0 protesto. A negativa da pol\u00edcia em permitir o ato dos trabalhadores, enquanto grupos de outras naturezas obtiveram permiss\u00e3o, suscita preocupa\u00e7\u00f5es sobre a equidade no tratamento das manifesta\u00e7\u00f5es e o acesso igualit\u00e1rio aos espa\u00e7os p\u00fablicos.<\/p>\n<h2>Protestos em Defesa dos Trabalhadores<\/h2>\n<p>A mobiliza\u00e7\u00e3o dos sindicatos se destina n\u00e3o apenas a protestar contra a proibi\u00e7\u00e3o, mas tamb\u00e9m a defender os direitos dos trabalhadores, que historicamente enfrentam desafios em sua luta por melhores condi\u00e7\u00f5es de trabalho. As manifesta\u00e7\u00f5es programadas t\u00eam como objetivo ressaltar a import\u00e2ncia de se ouvir a voz da classe trabalhadora em diversas esferas governamentais e sociais.<\/p>\n<h2>Rela\u00e7\u00e3o entre Sindicatos e Pol\u00edtica<\/h2>\n<p>Os sindicatos t\u00eam um papel fundamental na rela\u00e7\u00e3o entre a classe trabalhadora e o governo. A proibi\u00e7\u00e3o do ato de 1\u00ba de Maio \u00e9 vista como uma tentativa de silenciar as vozes que reivindicam mudan\u00e7as e melhorias. A rela\u00e7\u00e3o entre sindicatos e autoridades deve ser baseada no respeito e na coopera\u00e7\u00e3o, e n\u00e3o em enfrentamentos que resultam em restri\u00e7\u00f5es \u00e0 liberdade de express\u00e3o.<\/p>\n<h2>Mobiliza\u00e7\u00f5es de Trabalhadores no Brasil<\/h2>\n<p>No Brasil, as mobiliza\u00e7\u00f5es dos trabalhadores s\u00e3o parte de uma longa hist\u00f3ria de luta por direitos. As manifesta\u00e7\u00f5es do 1\u00ba de Maio s\u00e3o um elemento central nesse contexto, reunindo diversas categorias em torno de temas comuns, como sal\u00e1rio justo, melhores condi\u00e7\u00f5es de trabalho e direitos sociais. A manuten\u00e7\u00e3o dessa tradi\u00e7\u00e3o \u00e9 vista como vital para a manuten\u00e7\u00e3o da for\u00e7a coletiva da classe trabalhadora.<\/p>\n<h2>O Futuro das Manifesta\u00e7\u00f5es no Pa\u00eds<\/h2>\n<p>A proibi\u00e7\u00e3o do ato na Avenida Paulista levanta um alerta sobre o futuro das mobiliza\u00e7\u00f5es no Brasil. Os sindicatos pretendem continuar lutando pelos direitos trabalhistas e resistir a qualquer tentativa de limitar a liberdade de manifesta\u00e7\u00e3o. O que se prev\u00ea \u00e9 um fortalecimento das a\u00e7\u00f5es coletivas em face da opress\u00e3o e um chamado \u00e0 uni\u00e3o entre os trabalhadores, independentemente das circunst\u00e2ncias pol\u00edticas.<\/p>\n","protected":false},"excerpt":{"rendered":"<p>Sindicatos criticam proibi\u00e7\u00e3o de ato na Paulista e acusam arbitrariedade.<\/p>\n","protected":false},"author":1,"featured_media":6201,"comment_status":"open","ping_status":"","sticky":false,"template":"","format":"standard","meta":{"footnotes":""},"categories":[5],"tags":[],"class_list":["post-6202","post","type-post","status-publish","format-standard","has-post-thumbnail","hentry","category-noticias","has_thumb"],"yoast_head":"<!-- This site is optimized with the Yoast SEO plugin v26.4 - https:\/\/yoast.com\/wordpress\/plugins\/seo\/ -->\n<title>Sindicatos reagem \u00e0 proibi\u00e7\u00e3o de ato de 1\u00ba de Maio na Paulista e acusam decis\u00e3o arbitr\u00e1ria - Encontra Avenida Paulista<\/title>\n<meta name=\"robots\" content=\"index, follow, max-snippet:-1, max-image-preview:large, max-video-preview:-1\" \/>\n<link rel=\"canonical\" href=\"https:\/\/www.encontrabelavista.com.br\/avenida-paulista\/sindicatos-reagem-a-proibicao-de-ato-de-1o-de-maio-na-paulista-e-acusam-decisao-arbitraria\/\" \/>\n<meta property=\"og:locale\" content=\"pt_BR\" \/>\n<meta property=\"og:type\" content=\"article\" \/>\n<meta property=\"og:title\" content=\"Sindicatos reagem \u00e0 proibi\u00e7\u00e3o de ato de 1\u00ba de Maio na Paulista e acusam decis\u00e3o arbitr\u00e1ria - Encontra Avenida Paulista\" \/>\n<meta property=\"og:description\" content=\"Sindicatos criticam proibi\u00e7\u00e3o de ato na Paulista e acusam arbitrariedade.\" \/>\n<meta property=\"og:url\" content=\"https:\/\/www.encontrabelavista.com.br\/avenida-paulista\/sindicatos-reagem-a-proibicao-de-ato-de-1o-de-maio-na-paulista-e-acusam-decisao-arbitraria\/\" \/>\n<meta property=\"og:site_name\" content=\"Encontra Avenida Paulista\" \/>\n<meta property=\"article:published_time\" content=\"2026-04-27T15:15:03+00:00\" \/>\n<meta property=\"og:image\" content=\"https:\/\/www.encontrabelavista.com.br\/avenida-paulista\/wp-content\/uploads\/2026\/04\/sindicatos-reagem-a-proibicao-de-ato-de-1-de-maio-na-paulista-e-acusam-decisao-arbitraria.webp\" \/>\n<meta name=\"author\" content=\"Encontra Avenida Paulista\" \/>\n<meta name=\"twitter:card\" content=\"summary_large_image\" \/>\n<meta name=\"twitter:label1\" content=\"Escrito por\" \/>\n\t<meta name=\"twitter:data1\" content=\"Encontra Avenida Paulista\" \/>\n\t<meta name=\"twitter:label2\" content=\"Est. tempo de leitura\" \/>\n\t<meta name=\"twitter:data2\" content=\"4 minutos\" \/>\n<script type=\"application\/ld+json\" class=\"yoast-schema-graph\">{\"@context\":\"https:\/\/schema.org\",\"@graph\":[{\"@type\":\"WebPage\",\"@id\":\"https:\/\/www.encontrabelavista.com.br\/avenida-paulista\/sindicatos-reagem-a-proibicao-de-ato-de-1o-de-maio-na-paulista-e-acusam-decisao-arbitraria\/\",\"url\":\"https:\/\/www.encontrabelavista.com.br\/avenida-paulista\/sindicatos-reagem-a-proibicao-de-ato-de-1o-de-maio-na-paulista-e-acusam-decisao-arbitraria\/\",\"name\":\"Sindicatos reagem \u00e0 proibi\u00e7\u00e3o de ato de 1\u00ba de Maio na Paulista e acusam decis\u00e3o arbitr\u00e1ria - Encontra Avenida Paulista\",\"isPartOf\":{\"@id\":\"https:\/\/www.encontrabelavista.com.br\/avenida-paulista\/#website\"},\"primaryImageOfPage\":{\"@id\":\"https:\/\/www.encontrabelavista.com.br\/avenida-paulista\/sindicatos-reagem-a-proibicao-de-ato-de-1o-de-maio-na-paulista-e-acusam-decisao-arbitraria\/#primaryimage\"},\"image\":{\"@id\":\"https:\/\/www.encontrabelavista.com.br\/avenida-paulista\/sindicatos-reagem-a-proibicao-de-ato-de-1o-de-maio-na-paulista-e-acusam-decisao-arbitraria\/#primaryimage\"},\"thumbnailUrl\":\"https:\/\/www.encontrabelavista.com.br\/avenida-paulista\/wp-content\/uploads\/2026\/04\/sindicatos-reagem-a-proibicao-de-ato-de-1-de-maio-na-paulista-e-acusam-decisao-arbitraria.webp\",\"datePublished\":\"2026-04-27T15:15:03+00:00\",\"author\":{\"@id\":\"https:\/\/www.encontrabelavista.com.br\/avenida-paulista\/#\/schema\/person\/63c71a69a5879155285aa7cf79ec3e40\"},\"breadcrumb\":{\"@id\":\"https:\/\/www.encontrabelavista.com.br\/avenida-paulista\/sindicatos-reagem-a-proibicao-de-ato-de-1o-de-maio-na-paulista-e-acusam-decisao-arbitraria\/#breadcrumb\"},\"inLanguage\":\"pt-BR\",\"potentialAction\":[{\"@type\":\"ReadAction\",\"target\":[\"https:\/\/www.encontrabelavista.com.br\/avenida-paulista\/sindicatos-reagem-a-proibicao-de-ato-de-1o-de-maio-na-paulista-e-acusam-decisao-arbitraria\/\"]}]},{\"@type\":\"ImageObject\",\"inLanguage\":\"pt-BR\",\"@id\":\"https:\/\/www.encontrabelavista.com.br\/avenida-paulista\/sindicatos-reagem-a-proibicao-de-ato-de-1o-de-maio-na-paulista-e-acusam-decisao-arbitraria\/#primaryimage\",\"url\":\"https:\/\/www.encontrabelavista.com.br\/avenida-paulista\/wp-content\/uploads\/2026\/04\/sindicatos-reagem-a-proibicao-de-ato-de-1-de-maio-na-paulista-e-acusam-decisao-arbitraria.webp\",\"contentUrl\":\"https:\/\/www.encontrabelavista.com.br\/avenida-paulista\/wp-content\/uploads\/2026\/04\/sindicatos-reagem-a-proibicao-de-ato-de-1-de-maio-na-paulista-e-acusam-decisao-arbitraria.webp\",\"width\":280,\"height\":280,\"caption\":\"proibi\u00e7\u00e3o ato 1\u00ba de Maio Paulista\"},{\"@type\":\"BreadcrumbList\",\"@id\":\"https:\/\/www.encontrabelavista.com.br\/avenida-paulista\/sindicatos-reagem-a-proibicao-de-ato-de-1o-de-maio-na-paulista-e-acusam-decisao-arbitraria\/#breadcrumb\",\"itemListElement\":[{\"@type\":\"ListItem\",\"position\":1,\"name\":\"In\u00edcio\",\"item\":\"https:\/\/www.encontrabelavista.com.br\/avenida-paulista\/\"},{\"@type\":\"ListItem\",\"position\":2,\"name\":\"Sindicatos reagem \u00e0 proibi\u00e7\u00e3o de ato de 1\u00ba de Maio na Paulista e acusam decis\u00e3o arbitr\u00e1ria\"}]},{\"@type\":\"WebSite\",\"@id\":\"https:\/\/www.encontrabelavista.com.br\/avenida-paulista\/#website\",\"url\":\"https:\/\/www.encontrabelavista.com.br\/avenida-paulista\/\",\"name\":\"Encontra Avenida Paulista\",\"description\":\"ENCONTRA AVENIDA PAULISTA - O guia comercial de neg\u00f3cios e empresas, cultura e divers\u00e3o na Avenida Paulista. Feito 100% para voc\u00ea morador!\",\"potentialAction\":[{\"@type\":\"SearchAction\",\"target\":{\"@type\":\"EntryPoint\",\"urlTemplate\":\"https:\/\/www.encontrabelavista.com.br\/avenida-paulista\/?s={search_term_string}\"},\"query-input\":{\"@type\":\"PropertyValueSpecification\",\"valueRequired\":true,\"valueName\":\"search_term_string\"}}],\"inLanguage\":\"pt-BR\"},{\"@type\":\"Person\",\"@id\":\"https:\/\/www.encontrabelavista.com.br\/avenida-paulista\/#\/schema\/person\/63c71a69a5879155285aa7cf79ec3e40\",\"name\":\"Encontra Avenida Paulista\",\"image\":{\"@type\":\"ImageObject\",\"inLanguage\":\"pt-BR\",\"@id\":\"https:\/\/www.encontrabelavista.com.br\/avenida-paulista\/#\/schema\/person\/image\/\",\"url\":\"https:\/\/secure.gravatar.com\/avatar\/c50c17820bcf322f0a8fd6b110b8c0918141409dc69076470f6fca5fee70a5d4?s=96&d=mm&r=g\",\"contentUrl\":\"https:\/\/secure.gravatar.com\/avatar\/c50c17820bcf322f0a8fd6b110b8c0918141409dc69076470f6fca5fee70a5d4?s=96&d=mm&r=g\",\"caption\":\"Encontra Avenida Paulista\"},\"url\":\"https:\/\/www.encontrabelavista.com.br\/avenida-paulista\/author\/encontraavenidapaulista\/\"}]}<\/script>\n<!-- \/ Yoast SEO plugin. -->","yoast_head_json":{"title":"Sindicatos reagem \u00e0 proibi\u00e7\u00e3o de ato de 1\u00ba de Maio na Paulista e acusam decis\u00e3o arbitr\u00e1ria - Encontra Avenida Paulista","robots":{"index":"index","follow":"follow","max-snippet":"max-snippet:-1","max-image-preview":"max-image-preview:large","max-video-preview":"max-video-preview:-1"},"canonical":"https:\/\/www.encontrabelavista.com.br\/avenida-paulista\/sindicatos-reagem-a-proibicao-de-ato-de-1o-de-maio-na-paulista-e-acusam-decisao-arbitraria\/","og_locale":"pt_BR","og_type":"article","og_title":"Sindicatos reagem \u00e0 proibi\u00e7\u00e3o de ato de 1\u00ba de Maio na Paulista e acusam decis\u00e3o arbitr\u00e1ria - Encontra Avenida Paulista","og_description":"Sindicatos criticam proibi\u00e7\u00e3o de ato na Paulista e acusam arbitrariedade.","og_url":"https:\/\/www.encontrabelavista.com.br\/avenida-paulista\/sindicatos-reagem-a-proibicao-de-ato-de-1o-de-maio-na-paulista-e-acusam-decisao-arbitraria\/","og_site_name":"Encontra Avenida Paulista","article_published_time":"2026-04-27T15:15:03+00:00","og_image":[{"url":"https:\/\/www.encontrabelavista.com.br\/avenida-paulista\/wp-content\/uploads\/2026\/04\/sindicatos-reagem-a-proibicao-de-ato-de-1-de-maio-na-paulista-e-acusam-decisao-arbitraria.webp","type":"","width":"","height":""}],"author":"Encontra Avenida Paulista","twitter_card":"summary_large_image","twitter_misc":{"Escrito por":"Encontra Avenida Paulista","Est. tempo de leitura":"4 minutos"},"schema":{"@context":"https:\/\/schema.org","@graph":[{"@type":"WebPage","@id":"https:\/\/www.encontrabelavista.com.br\/avenida-paulista\/sindicatos-reagem-a-proibicao-de-ato-de-1o-de-maio-na-paulista-e-acusam-decisao-arbitraria\/","url":"https:\/\/www.encontrabelavista.com.br\/avenida-paulista\/sindicatos-reagem-a-proibicao-de-ato-de-1o-de-maio-na-paulista-e-acusam-decisao-arbitraria\/","name":"Sindicatos reagem \u00e0 proibi\u00e7\u00e3o de ato de 1\u00ba de Maio na Paulista e acusam decis\u00e3o arbitr\u00e1ria - Encontra Avenida Paulista","isPartOf":{"@id":"https:\/\/www.encontrabelavista.com.br\/avenida-paulista\/#website"},"primaryImageOfPage":{"@id":"https:\/\/www.encontrabelavista.com.br\/avenida-paulista\/sindicatos-reagem-a-proibicao-de-ato-de-1o-de-maio-na-paulista-e-acusam-decisao-arbitraria\/#primaryimage"},"image":{"@id":"https:\/\/www.encontrabelavista.com.br\/avenida-paulista\/sindicatos-reagem-a-proibicao-de-ato-de-1o-de-maio-na-paulista-e-acusam-decisao-arbitraria\/#primaryimage"},"thumbnailUrl":"https:\/\/www.encontrabelavista.com.br\/avenida-paulista\/wp-content\/uploads\/2026\/04\/sindicatos-reagem-a-proibicao-de-ato-de-1-de-maio-na-paulista-e-acusam-decisao-arbitraria.webp","datePublished":"2026-04-27T15:15:03+00:00","author":{"@id":"https:\/\/www.encontrabelavista.com.br\/avenida-paulista\/#\/schema\/person\/63c71a69a5879155285aa7cf79ec3e40"},"breadcrumb":{"@id":"https:\/\/www.encontrabelavista.com.br\/avenida-paulista\/sindicatos-reagem-a-proibicao-de-ato-de-1o-de-maio-na-paulista-e-acusam-decisao-arbitraria\/#breadcrumb"},"inLanguage":"pt-BR","potentialAction":[{"@type":"ReadAction","target":["https:\/\/www.encontrabelavista.com.br\/avenida-paulista\/sindicatos-reagem-a-proibicao-de-ato-de-1o-de-maio-na-paulista-e-acusam-decisao-arbitraria\/"]}]},{"@type":"ImageObject","inLanguage":"pt-BR","@id":"https:\/\/www.encontrabelavista.com.br\/avenida-paulista\/sindicatos-reagem-a-proibicao-de-ato-de-1o-de-maio-na-paulista-e-acusam-decisao-arbitraria\/#primaryimage","url":"https:\/\/www.encontrabelavista.com.br\/avenida-paulista\/wp-content\/uploads\/2026\/04\/sindicatos-reagem-a-proibicao-de-ato-de-1-de-maio-na-paulista-e-acusam-decisao-arbitraria.webp","contentUrl":"https:\/\/www.encontrabelavista.com.br\/avenida-paulista\/wp-content\/uploads\/2026\/04\/sindicatos-reagem-a-proibicao-de-ato-de-1-de-maio-na-paulista-e-acusam-decisao-arbitraria.webp","width":280,"height":280,"caption":"proibi\u00e7\u00e3o ato 1\u00ba de Maio Paulista"},{"@type":"BreadcrumbList","@id":"https:\/\/www.encontrabelavista.com.br\/avenida-paulista\/sindicatos-reagem-a-proibicao-de-ato-de-1o-de-maio-na-paulista-e-acusam-decisao-arbitraria\/#breadcrumb","itemListElement":[{"@type":"ListItem","position":1,"name":"In\u00edcio","item":"https:\/\/www.encontrabelavista.com.br\/avenida-paulista\/"},{"@type":"ListItem","position":2,"name":"Sindicatos reagem \u00e0 proibi\u00e7\u00e3o de ato de 1\u00ba de Maio na Paulista e acusam decis\u00e3o arbitr\u00e1ria"}]},{"@type":"WebSite","@id":"https:\/\/www.encontrabelavista.com.br\/avenida-paulista\/#website","url":"https:\/\/www.encontrabelavista.com.br\/avenida-paulista\/","name":"Encontra Avenida Paulista","description":"ENCONTRA AVENIDA PAULISTA - O guia comercial de neg\u00f3cios e empresas, cultura e divers\u00e3o na Avenida Paulista. Feito 100% para voc\u00ea morador!","potentialAction":[{"@type":"SearchAction","target":{"@type":"EntryPoint","urlTemplate":"https:\/\/www.encontrabelavista.com.br\/avenida-paulista\/?s={search_term_string}"},"query-input":{"@type":"PropertyValueSpecification","valueRequired":true,"valueName":"search_term_string"}}],"inLanguage":"pt-BR"},{"@type":"Person","@id":"https:\/\/www.encontrabelavista.com.br\/avenida-paulista\/#\/schema\/person\/63c71a69a5879155285aa7cf79ec3e40","name":"Encontra Avenida Paulista","image":{"@type":"ImageObject","inLanguage":"pt-BR","@id":"https:\/\/www.encontrabelavista.com.br\/avenida-paulista\/#\/schema\/person\/image\/","url":"https:\/\/secure.gravatar.com\/avatar\/c50c17820bcf322f0a8fd6b110b8c0918141409dc69076470f6fca5fee70a5d4?s=96&d=mm&r=g","contentUrl":"https:\/\/secure.gravatar.com\/avatar\/c50c17820bcf322f0a8fd6b110b8c0918141409dc69076470f6fca5fee70a5d4?s=96&d=mm&r=g","caption":"Encontra Avenida Paulista"},"url":"https:\/\/www.encontrabelavista.com.br\/avenida-paulista\/author\/encontraavenidapaulista\/"}]}},"_links":{"self":[{"href":"https:\/\/www.encontrabelavista.com.br\/avenida-paulista\/wp-json\/wp\/v2\/posts\/6202","targetHints":{"allow":["GET"]}}],"collection":[{"href":"https:\/\/www.encontrabelavista.com.br\/avenida-paulista\/wp-json\/wp\/v2\/posts"}],"about":[{"href":"https:\/\/www.encontrabelavista.com.br\/avenida-paulista\/wp-json\/wp\/v2\/types\/post"}],"author":[{"embeddable":true,"href":"https:\/\/www.encontrabelavista.com.br\/avenida-paulista\/wp-json\/wp\/v2\/users\/1"}],"replies":[{"embeddable":true,"href":"https:\/\/www.encontrabelavista.com.br\/avenida-paulista\/wp-json\/wp\/v2\/comments?post=6202"}],"version-history":[{"count":0,"href":"https:\/\/www.encontrabelavista.com.br\/avenida-paulista\/wp-json\/wp\/v2\/posts\/6202\/revisions"}],"wp:featuredmedia":[{"embeddable":true,"href":"https:\/\/www.encontrabelavista.com.br\/avenida-paulista\/wp-json\/wp\/v2\/media\/6201"}],"wp:attachment":[{"href":"https:\/\/www.encontrabelavista.com.br\/avenida-paulista\/wp-json\/wp\/v2\/media?parent=6202"}],"wp:term":[{"taxonomy":"category","embeddable":true,"href":"https:\/\/www.encontrabelavista.com.br\/avenida-paulista\/wp-json\/wp\/v2\/categories?post=6202"},{"taxonomy":"post_tag","embeddable":true,"href":"https:\/\/www.encontrabelavista.com.br\/avenida-paulista\/wp-json\/wp\/v2\/tags?post=6202"}],"curies":[{"name":"wp","href":"https:\/\/api.w.org\/{rel}","templated":true}]}}