{"id":6206,"date":"2026-04-29T12:33:27","date_gmt":"2026-04-29T15:33:27","guid":{"rendered":"https:\/\/www.encontrabelavista.com.br\/avenida-paulista\/erika-hilton-diz-que-tarcisio-barrou-ato-contra-escala-6x1-na-avenida-paulista-em-sp\/"},"modified":"2026-04-29T12:33:27","modified_gmt":"2026-04-29T15:33:27","slug":"erika-hilton-diz-que-tarcisio-barrou-ato-contra-escala-6x1-na-avenida-paulista-em-sp","status":"publish","type":"post","link":"https:\/\/www.encontrabelavista.com.br\/avenida-paulista\/erika-hilton-diz-que-tarcisio-barrou-ato-contra-escala-6x1-na-avenida-paulista-em-sp\/","title":{"rendered":"Erika Hilton diz que Tarc\u00edsio barrou ato contra escala 6\u00d71 na Avenida Paulista, em SP"},"content":{"rendered":"<h2>O Contexto do 1\u00ba de Maio em S\u00e3o Paulo<\/h2>\n<p>O Dia Internacional do Trabalho, celebrado em 1\u00ba de maio, tem grande import\u00e2ncia hist\u00f3rica e simb\u00f3lica. Nesse dia, trabalhadores de v\u00e1rias partes do mundo se re\u00fanem para lutar por direitos trabalhistas e para celebrar conquistas sociais. Em S\u00e3o Paulo, essa data especificamente ganha destaque, sendo tradicionalmente marcada por manifesta\u00e7\u00f5es e atos p\u00fablicos que ressaltam as reivindica\u00e7\u00f5es da classe trabalhadora. Em 2026, no entanto, houve uma pol\u00eamica significativa acerca das inten\u00e7\u00f5es do governo do estado em rela\u00e7\u00e3o a essa celebra\u00e7\u00e3o.<\/p>\n<h2>A Den\u00fancia de Erika Hilton contra Tarc\u00edsio<\/h2>\n<p>A deputada federal Erika Hilton, representante do PSOL-SP, levantou s\u00e9rias acusa\u00e7\u00f5es contra o governador Tarc\u00edsio de Freitas, do Republicanos. Segundo Hilton, o governador teria tentado barrar a ocupa\u00e7\u00e3o da Avenida Paulista, um ponto ic\u00f4nico para as manifesta\u00e7\u00f5es, com a finalidade de silenciar as vozes que clamavam pelo fim da escala 6\u00d71, uma jornada de trabalho considerada exaustiva e desgastante. A deputada contextualiza que essa medida visava prejudicar a luta coletiva dos trabalhadores e direcionar a aten\u00e7\u00e3o para grupos bolsonaristas em vez de focar nas reivindica\u00e7\u00f5es trabalhistas.<\/p>\n<h2>Impedimentos das Entidades Sindicais<\/h2>\n<p>Na mesma linha, a den\u00fancia de Hilton reflete uma situa\u00e7\u00e3o preocupante onde entidades sindicais, como a Central Sindical CSP-Conlutas, foram impedidas pela Pol\u00edcia Militar do Estado de S\u00e3o Paulo de realizar atos programados na Avenida Paulista. A justificativa da PM foi que alguns grupos bolsonaristas haviam solicitado autoriza\u00e7\u00e3o previamente para ocupar o espa\u00e7o, o que levantou cr\u00edticas sobre a transpar\u00eancia e equidade das a\u00e7\u00f5es policiais no contexto de manifesta\u00e7\u00f5es populares.<\/p>\n<p><img decoding=\"async\" src=\"https:\/\/www.encontrabelavista.com.br\/avenida-paulista\/wp-content\/uploads\/2026\/04\/erika-hilton-diz-que-tarcisio-barrou-ato-contra-escala-6-1-na-avenida-paulista-em-sp.webp\" alt=\"escala 6\u00d71\" loading=\"lazy\" \/><\/p>\n<h2>Grupos Bolsonaristas e a Mobiliza\u00e7\u00e3o<\/h2>\n<p>Um elemento central na controv\u00e9rsia foi a decis\u00e3o da pol\u00edcia de priorizar grupos identificados com a extrema direita, que teriam a Avenida Paulista como palco para suas atividades. De acordo com Hilton, essa escolha \u00e9 um esfor\u00e7o deliberado do governo para deslegitimar e ofuscar as pautas importantes trabalhistas que emergem durante essa significativa data. Cr\u00edticos argumentam que o governo tenta inverter o foco das reivindica\u00e7\u00f5es hist\u00f3ricas da data ao dar voz a dirigentes que sequer celebram o Dia do Trabalho.<\/p>\n<h2>A Resposta do Governo \u00e0 Mobiliza\u00e7\u00e3o<\/h2>\n<p>O governo de Tarc\u00edsio de Freitas defendeu sua posi\u00e7\u00e3o, afirmando que as medidas foram tomadas em fun\u00e7\u00e3o do risco de tens\u00e3o entre movimentos sociais. Embora a Pol\u00edcia Militar tenha justificado suas a\u00e7\u00f5es argumentando que estava apenas seguindo protocolos, muitos veem essa situa\u00e7\u00e3o como mais um ind\u00edcio de repress\u00e3o \u00e0s mobiliza\u00e7\u00f5es trabalhistas, especialmente em um ano eleitoral que naturalmente apresenta uma maior polariza\u00e7\u00e3o pol\u00edtica.<\/p>\n<h2>Nova Loca\u00e7\u00e3o do Ato em S\u00e3o Paulo<\/h2>\n<p>Diante da situa\u00e7\u00e3o, Erika Hilton anunciou que o ato em S\u00e3o Paulo teria um novo local: a Pra\u00e7a Roosevelt, onde os trabalhadores se reuniriam para continuar suas reivindica\u00e7\u00f5es, destacando a import\u00e2ncia de manter viva a luta por melhores condi\u00e7\u00f5es de trabalho. A mudan\u00e7a de local evidencia a resili\u00eancia do movimento trabalhista, que est\u00e1 determinado a exercer seu direito de protesto, independentemente de tentativas de deslegitima\u00e7\u00e3o.<\/p>\n<h2>O Impacto da Escala 6\u00d71 nos Trabalhadores<\/h2>\n<p>A escala 6\u00d71, utilizada em diversas categorias, tem gerado intensa discuss\u00e3o, principalmente por significar carga hor\u00e1ria excessiva e, consequentemente, impactos negativos na sa\u00fade e no bem-estar dos trabalhadores. Relatos indicam que trabalhadores da escala 6\u00d71 costumam receber sal\u00e1rios significativamente menores \u2014 em m\u00e9dia, 58% a menos \u2014 em compara\u00e7\u00e3o \u00e0queles que trabalham na escala 5\u00d72. Por isso, a reativa\u00e7\u00e3o da mobiliza\u00e7\u00e3o se torna ainda mais relevante, j\u00e1 que as pessoas buscam dignidade e condi\u00e7\u00f5es mais justas de trabalho.<\/p>\n<h2>Atos em Rea\u00e7\u00e3o Nacional contra a Escala<\/h2>\n<p>A repercuss\u00e3o do caso n\u00e3o se limitou a S\u00e3o Paulo. Algumas capitais e cidades em todo o Brasil tamb\u00e9m organizam atos e manifesta\u00e7\u00f5es para contestar a escala 6\u00d71 nas respectivas regi\u00f5es. Cidades como Crici\u00fama, Porto Alegre, Manaus e Salvador confirmaram eventos que visam discutir e reivindicar melhorias nas condi\u00e7\u00f5es de trabalho. Essa mobiliza\u00e7\u00e3o coletiva reflete um crescente descontentamento e a urg\u00eancia de uma reforma na legisla\u00e7\u00e3o trabalhista que garanta direitos mais justos.<\/p>\n<h2>An\u00e1lise da Estrat\u00e9gia Governamental<\/h2>\n<p>As t\u00e1ticas utilizadas pelo governo de Tarc\u00edsio, se confirmadas, podem ser vistas como uma tentativa de dirigir o foco da m\u00eddia e da opini\u00e3o p\u00fablica para pautas que lhes sejam favor\u00e1veis, ao inv\u00e9s de se confrontar com as reais demandas dos trabalhadores. Hiltons e outros cr\u00edticos est\u00e3o utilizando as redes sociais para expor essas tentativas e mobilizar apoio para as causas que, historicamente, t\u00eam ecoado no Dia Internacional do Trabalho. Dessa forma, as a\u00e7\u00f5es governamentais, mais que meramente administrativas, se tornam um campo de batalha pol\u00edtico.<\/p>\n<h2>O Papel das Redes Sociais nas Mobiliza\u00e7\u00f5es<\/h2>\n<p>As redes sociais emergiram como um espa\u00e7o crucial para a articula\u00e7\u00e3o de movimentos sociais. Atrav\u00e9s delas, mensagens podem ser espalhadas rapidamente, mobilizando apoiadores e transmitindo informa\u00e7\u00f5es sobre os atos previstos. A divulga\u00e7\u00e3o das den\u00fancias de Erika Hilton e a resposta do governo, por exemplo, s\u00e3o amplificadas nas plataformas digitais, gerando discuss\u00f5es e formando uma base ampla de apoio que transcende as barreiras f\u00edsicas dos atos. Al\u00e9m disso, a intera\u00e7\u00e3o online permite que pessoas que n\u00e3o podem comparecer aos protestos contribuam com sua voz e preocupa\u00e7\u00e3o atrav\u00e9s de compartilhamentos e coment\u00e1rios.<\/p>\n","protected":false},"excerpt":{"rendered":"<p>Tarc\u00edsio barrou ato contra escala 6\u00d71 na Avenida Paulista; saiba o que aconteceu.<\/p>\n","protected":false},"author":1,"featured_media":6205,"comment_status":"open","ping_status":"","sticky":false,"template":"","format":"standard","meta":{"footnotes":""},"categories":[5],"tags":[],"class_list":["post-6206","post","type-post","status-publish","format-standard","has-post-thumbnail","hentry","category-noticias","has_thumb"],"yoast_head":"<!-- This site is optimized with the Yoast SEO plugin v26.4 - https:\/\/yoast.com\/wordpress\/plugins\/seo\/ -->\n<title>Erika Hilton diz que Tarc\u00edsio barrou ato contra escala 6\u00d71 na Avenida Paulista, em SP - Encontra Avenida Paulista<\/title>\n<meta name=\"robots\" content=\"index, follow, max-snippet:-1, max-image-preview:large, max-video-preview:-1\" \/>\n<link rel=\"canonical\" href=\"https:\/\/www.encontrabelavista.com.br\/avenida-paulista\/erika-hilton-diz-que-tarcisio-barrou-ato-contra-escala-6x1-na-avenida-paulista-em-sp\/\" \/>\n<meta property=\"og:locale\" content=\"pt_BR\" \/>\n<meta property=\"og:type\" content=\"article\" \/>\n<meta property=\"og:title\" content=\"Erika Hilton diz que Tarc\u00edsio barrou ato contra escala 6\u00d71 na Avenida Paulista, em SP - Encontra Avenida Paulista\" \/>\n<meta property=\"og:description\" content=\"Tarc\u00edsio barrou ato contra escala 6\u00d71 na Avenida Paulista; saiba o que aconteceu.\" \/>\n<meta property=\"og:url\" content=\"https:\/\/www.encontrabelavista.com.br\/avenida-paulista\/erika-hilton-diz-que-tarcisio-barrou-ato-contra-escala-6x1-na-avenida-paulista-em-sp\/\" \/>\n<meta property=\"og:site_name\" content=\"Encontra Avenida Paulista\" \/>\n<meta property=\"article:published_time\" content=\"2026-04-29T15:33:27+00:00\" \/>\n<meta property=\"og:image\" content=\"https:\/\/www.encontrabelavista.com.br\/avenida-paulista\/wp-content\/uploads\/2026\/04\/erika-hilton-diz-que-tarcisio-barrou-ato-contra-escala-6-1-na-avenida-paulista-em-sp.webp\" \/>\n<meta name=\"author\" content=\"Encontra Avenida Paulista\" \/>\n<meta name=\"twitter:card\" content=\"summary_large_image\" \/>\n<meta name=\"twitter:label1\" content=\"Escrito por\" \/>\n\t<meta name=\"twitter:data1\" content=\"Encontra Avenida Paulista\" \/>\n\t<meta name=\"twitter:label2\" content=\"Est. tempo de leitura\" \/>\n\t<meta name=\"twitter:data2\" content=\"5 minutos\" \/>\n<script type=\"application\/ld+json\" class=\"yoast-schema-graph\">{\"@context\":\"https:\/\/schema.org\",\"@graph\":[{\"@type\":\"WebPage\",\"@id\":\"https:\/\/www.encontrabelavista.com.br\/avenida-paulista\/erika-hilton-diz-que-tarcisio-barrou-ato-contra-escala-6x1-na-avenida-paulista-em-sp\/\",\"url\":\"https:\/\/www.encontrabelavista.com.br\/avenida-paulista\/erika-hilton-diz-que-tarcisio-barrou-ato-contra-escala-6x1-na-avenida-paulista-em-sp\/\",\"name\":\"Erika Hilton diz que Tarc\u00edsio barrou ato contra escala 6\u00d71 na Avenida Paulista, em SP - Encontra Avenida Paulista\",\"isPartOf\":{\"@id\":\"https:\/\/www.encontrabelavista.com.br\/avenida-paulista\/#website\"},\"primaryImageOfPage\":{\"@id\":\"https:\/\/www.encontrabelavista.com.br\/avenida-paulista\/erika-hilton-diz-que-tarcisio-barrou-ato-contra-escala-6x1-na-avenida-paulista-em-sp\/#primaryimage\"},\"image\":{\"@id\":\"https:\/\/www.encontrabelavista.com.br\/avenida-paulista\/erika-hilton-diz-que-tarcisio-barrou-ato-contra-escala-6x1-na-avenida-paulista-em-sp\/#primaryimage\"},\"thumbnailUrl\":\"https:\/\/www.encontrabelavista.com.br\/avenida-paulista\/wp-content\/uploads\/2026\/04\/erika-hilton-diz-que-tarcisio-barrou-ato-contra-escala-6-1-na-avenida-paulista-em-sp.webp\",\"datePublished\":\"2026-04-29T15:33:27+00:00\",\"author\":{\"@id\":\"https:\/\/www.encontrabelavista.com.br\/avenida-paulista\/#\/schema\/person\/63c71a69a5879155285aa7cf79ec3e40\"},\"breadcrumb\":{\"@id\":\"https:\/\/www.encontrabelavista.com.br\/avenida-paulista\/erika-hilton-diz-que-tarcisio-barrou-ato-contra-escala-6x1-na-avenida-paulista-em-sp\/#breadcrumb\"},\"inLanguage\":\"pt-BR\",\"potentialAction\":[{\"@type\":\"ReadAction\",\"target\":[\"https:\/\/www.encontrabelavista.com.br\/avenida-paulista\/erika-hilton-diz-que-tarcisio-barrou-ato-contra-escala-6x1-na-avenida-paulista-em-sp\/\"]}]},{\"@type\":\"ImageObject\",\"inLanguage\":\"pt-BR\",\"@id\":\"https:\/\/www.encontrabelavista.com.br\/avenida-paulista\/erika-hilton-diz-que-tarcisio-barrou-ato-contra-escala-6x1-na-avenida-paulista-em-sp\/#primaryimage\",\"url\":\"https:\/\/www.encontrabelavista.com.br\/avenida-paulista\/wp-content\/uploads\/2026\/04\/erika-hilton-diz-que-tarcisio-barrou-ato-contra-escala-6-1-na-avenida-paulista-em-sp.webp\",\"contentUrl\":\"https:\/\/www.encontrabelavista.com.br\/avenida-paulista\/wp-content\/uploads\/2026\/04\/erika-hilton-diz-que-tarcisio-barrou-ato-contra-escala-6-1-na-avenida-paulista-em-sp.webp\",\"width\":280,\"height\":280,\"caption\":\"escala 6\u00d71\"},{\"@type\":\"BreadcrumbList\",\"@id\":\"https:\/\/www.encontrabelavista.com.br\/avenida-paulista\/erika-hilton-diz-que-tarcisio-barrou-ato-contra-escala-6x1-na-avenida-paulista-em-sp\/#breadcrumb\",\"itemListElement\":[{\"@type\":\"ListItem\",\"position\":1,\"name\":\"In\u00edcio\",\"item\":\"https:\/\/www.encontrabelavista.com.br\/avenida-paulista\/\"},{\"@type\":\"ListItem\",\"position\":2,\"name\":\"Erika Hilton diz que Tarc\u00edsio barrou ato contra escala 6\u00d71 na Avenida Paulista, em SP\"}]},{\"@type\":\"WebSite\",\"@id\":\"https:\/\/www.encontrabelavista.com.br\/avenida-paulista\/#website\",\"url\":\"https:\/\/www.encontrabelavista.com.br\/avenida-paulista\/\",\"name\":\"Encontra Avenida Paulista\",\"description\":\"ENCONTRA AVENIDA PAULISTA - O guia comercial de neg\u00f3cios e empresas, cultura e divers\u00e3o na Avenida Paulista. Feito 100% para voc\u00ea morador!\",\"potentialAction\":[{\"@type\":\"SearchAction\",\"target\":{\"@type\":\"EntryPoint\",\"urlTemplate\":\"https:\/\/www.encontrabelavista.com.br\/avenida-paulista\/?s={search_term_string}\"},\"query-input\":{\"@type\":\"PropertyValueSpecification\",\"valueRequired\":true,\"valueName\":\"search_term_string\"}}],\"inLanguage\":\"pt-BR\"},{\"@type\":\"Person\",\"@id\":\"https:\/\/www.encontrabelavista.com.br\/avenida-paulista\/#\/schema\/person\/63c71a69a5879155285aa7cf79ec3e40\",\"name\":\"Encontra Avenida Paulista\",\"image\":{\"@type\":\"ImageObject\",\"inLanguage\":\"pt-BR\",\"@id\":\"https:\/\/www.encontrabelavista.com.br\/avenida-paulista\/#\/schema\/person\/image\/\",\"url\":\"https:\/\/secure.gravatar.com\/avatar\/c50c17820bcf322f0a8fd6b110b8c0918141409dc69076470f6fca5fee70a5d4?s=96&d=mm&r=g\",\"contentUrl\":\"https:\/\/secure.gravatar.com\/avatar\/c50c17820bcf322f0a8fd6b110b8c0918141409dc69076470f6fca5fee70a5d4?s=96&d=mm&r=g\",\"caption\":\"Encontra Avenida Paulista\"},\"url\":\"https:\/\/www.encontrabelavista.com.br\/avenida-paulista\/author\/encontraavenidapaulista\/\"}]}<\/script>\n<!-- \/ Yoast SEO plugin. -->","yoast_head_json":{"title":"Erika Hilton diz que Tarc\u00edsio barrou ato contra escala 6\u00d71 na Avenida Paulista, em SP - Encontra Avenida Paulista","robots":{"index":"index","follow":"follow","max-snippet":"max-snippet:-1","max-image-preview":"max-image-preview:large","max-video-preview":"max-video-preview:-1"},"canonical":"https:\/\/www.encontrabelavista.com.br\/avenida-paulista\/erika-hilton-diz-que-tarcisio-barrou-ato-contra-escala-6x1-na-avenida-paulista-em-sp\/","og_locale":"pt_BR","og_type":"article","og_title":"Erika Hilton diz que Tarc\u00edsio barrou ato contra escala 6\u00d71 na Avenida Paulista, em SP - Encontra Avenida Paulista","og_description":"Tarc\u00edsio barrou ato contra escala 6\u00d71 na Avenida Paulista; saiba o que aconteceu.","og_url":"https:\/\/www.encontrabelavista.com.br\/avenida-paulista\/erika-hilton-diz-que-tarcisio-barrou-ato-contra-escala-6x1-na-avenida-paulista-em-sp\/","og_site_name":"Encontra Avenida Paulista","article_published_time":"2026-04-29T15:33:27+00:00","og_image":[{"url":"https:\/\/www.encontrabelavista.com.br\/avenida-paulista\/wp-content\/uploads\/2026\/04\/erika-hilton-diz-que-tarcisio-barrou-ato-contra-escala-6-1-na-avenida-paulista-em-sp.webp","type":"","width":"","height":""}],"author":"Encontra Avenida Paulista","twitter_card":"summary_large_image","twitter_misc":{"Escrito por":"Encontra Avenida Paulista","Est. tempo de leitura":"5 minutos"},"schema":{"@context":"https:\/\/schema.org","@graph":[{"@type":"WebPage","@id":"https:\/\/www.encontrabelavista.com.br\/avenida-paulista\/erika-hilton-diz-que-tarcisio-barrou-ato-contra-escala-6x1-na-avenida-paulista-em-sp\/","url":"https:\/\/www.encontrabelavista.com.br\/avenida-paulista\/erika-hilton-diz-que-tarcisio-barrou-ato-contra-escala-6x1-na-avenida-paulista-em-sp\/","name":"Erika Hilton diz que Tarc\u00edsio barrou ato contra escala 6\u00d71 na Avenida Paulista, em SP - Encontra Avenida Paulista","isPartOf":{"@id":"https:\/\/www.encontrabelavista.com.br\/avenida-paulista\/#website"},"primaryImageOfPage":{"@id":"https:\/\/www.encontrabelavista.com.br\/avenida-paulista\/erika-hilton-diz-que-tarcisio-barrou-ato-contra-escala-6x1-na-avenida-paulista-em-sp\/#primaryimage"},"image":{"@id":"https:\/\/www.encontrabelavista.com.br\/avenida-paulista\/erika-hilton-diz-que-tarcisio-barrou-ato-contra-escala-6x1-na-avenida-paulista-em-sp\/#primaryimage"},"thumbnailUrl":"https:\/\/www.encontrabelavista.com.br\/avenida-paulista\/wp-content\/uploads\/2026\/04\/erika-hilton-diz-que-tarcisio-barrou-ato-contra-escala-6-1-na-avenida-paulista-em-sp.webp","datePublished":"2026-04-29T15:33:27+00:00","author":{"@id":"https:\/\/www.encontrabelavista.com.br\/avenida-paulista\/#\/schema\/person\/63c71a69a5879155285aa7cf79ec3e40"},"breadcrumb":{"@id":"https:\/\/www.encontrabelavista.com.br\/avenida-paulista\/erika-hilton-diz-que-tarcisio-barrou-ato-contra-escala-6x1-na-avenida-paulista-em-sp\/#breadcrumb"},"inLanguage":"pt-BR","potentialAction":[{"@type":"ReadAction","target":["https:\/\/www.encontrabelavista.com.br\/avenida-paulista\/erika-hilton-diz-que-tarcisio-barrou-ato-contra-escala-6x1-na-avenida-paulista-em-sp\/"]}]},{"@type":"ImageObject","inLanguage":"pt-BR","@id":"https:\/\/www.encontrabelavista.com.br\/avenida-paulista\/erika-hilton-diz-que-tarcisio-barrou-ato-contra-escala-6x1-na-avenida-paulista-em-sp\/#primaryimage","url":"https:\/\/www.encontrabelavista.com.br\/avenida-paulista\/wp-content\/uploads\/2026\/04\/erika-hilton-diz-que-tarcisio-barrou-ato-contra-escala-6-1-na-avenida-paulista-em-sp.webp","contentUrl":"https:\/\/www.encontrabelavista.com.br\/avenida-paulista\/wp-content\/uploads\/2026\/04\/erika-hilton-diz-que-tarcisio-barrou-ato-contra-escala-6-1-na-avenida-paulista-em-sp.webp","width":280,"height":280,"caption":"escala 6\u00d71"},{"@type":"BreadcrumbList","@id":"https:\/\/www.encontrabelavista.com.br\/avenida-paulista\/erika-hilton-diz-que-tarcisio-barrou-ato-contra-escala-6x1-na-avenida-paulista-em-sp\/#breadcrumb","itemListElement":[{"@type":"ListItem","position":1,"name":"In\u00edcio","item":"https:\/\/www.encontrabelavista.com.br\/avenida-paulista\/"},{"@type":"ListItem","position":2,"name":"Erika Hilton diz que Tarc\u00edsio barrou ato contra escala 6\u00d71 na Avenida Paulista, em SP"}]},{"@type":"WebSite","@id":"https:\/\/www.encontrabelavista.com.br\/avenida-paulista\/#website","url":"https:\/\/www.encontrabelavista.com.br\/avenida-paulista\/","name":"Encontra Avenida Paulista","description":"ENCONTRA AVENIDA PAULISTA - O guia comercial de neg\u00f3cios e empresas, cultura e divers\u00e3o na Avenida Paulista. Feito 100% para voc\u00ea morador!","potentialAction":[{"@type":"SearchAction","target":{"@type":"EntryPoint","urlTemplate":"https:\/\/www.encontrabelavista.com.br\/avenida-paulista\/?s={search_term_string}"},"query-input":{"@type":"PropertyValueSpecification","valueRequired":true,"valueName":"search_term_string"}}],"inLanguage":"pt-BR"},{"@type":"Person","@id":"https:\/\/www.encontrabelavista.com.br\/avenida-paulista\/#\/schema\/person\/63c71a69a5879155285aa7cf79ec3e40","name":"Encontra Avenida Paulista","image":{"@type":"ImageObject","inLanguage":"pt-BR","@id":"https:\/\/www.encontrabelavista.com.br\/avenida-paulista\/#\/schema\/person\/image\/","url":"https:\/\/secure.gravatar.com\/avatar\/c50c17820bcf322f0a8fd6b110b8c0918141409dc69076470f6fca5fee70a5d4?s=96&d=mm&r=g","contentUrl":"https:\/\/secure.gravatar.com\/avatar\/c50c17820bcf322f0a8fd6b110b8c0918141409dc69076470f6fca5fee70a5d4?s=96&d=mm&r=g","caption":"Encontra Avenida Paulista"},"url":"https:\/\/www.encontrabelavista.com.br\/avenida-paulista\/author\/encontraavenidapaulista\/"}]}},"_links":{"self":[{"href":"https:\/\/www.encontrabelavista.com.br\/avenida-paulista\/wp-json\/wp\/v2\/posts\/6206","targetHints":{"allow":["GET"]}}],"collection":[{"href":"https:\/\/www.encontrabelavista.com.br\/avenida-paulista\/wp-json\/wp\/v2\/posts"}],"about":[{"href":"https:\/\/www.encontrabelavista.com.br\/avenida-paulista\/wp-json\/wp\/v2\/types\/post"}],"author":[{"embeddable":true,"href":"https:\/\/www.encontrabelavista.com.br\/avenida-paulista\/wp-json\/wp\/v2\/users\/1"}],"replies":[{"embeddable":true,"href":"https:\/\/www.encontrabelavista.com.br\/avenida-paulista\/wp-json\/wp\/v2\/comments?post=6206"}],"version-history":[{"count":0,"href":"https:\/\/www.encontrabelavista.com.br\/avenida-paulista\/wp-json\/wp\/v2\/posts\/6206\/revisions"}],"wp:featuredmedia":[{"embeddable":true,"href":"https:\/\/www.encontrabelavista.com.br\/avenida-paulista\/wp-json\/wp\/v2\/media\/6205"}],"wp:attachment":[{"href":"https:\/\/www.encontrabelavista.com.br\/avenida-paulista\/wp-json\/wp\/v2\/media?parent=6206"}],"wp:term":[{"taxonomy":"category","embeddable":true,"href":"https:\/\/www.encontrabelavista.com.br\/avenida-paulista\/wp-json\/wp\/v2\/categories?post=6206"},{"taxonomy":"post_tag","embeddable":true,"href":"https:\/\/www.encontrabelavista.com.br\/avenida-paulista\/wp-json\/wp\/v2\/tags?post=6206"}],"curies":[{"name":"wp","href":"https:\/\/api.w.org\/{rel}","templated":true}]}}