{"id":6212,"date":"2026-04-29T12:39:24","date_gmt":"2026-04-29T15:39:24","guid":{"rendered":"https:\/\/www.encontrabelavista.com.br\/avenida-paulista\/times-square-paulistana-sera-fechada-para-carros-entre-sabado-e-domingo-saiba-como-vai-funcionar\/"},"modified":"2026-04-29T12:39:24","modified_gmt":"2026-04-29T15:39:24","slug":"times-square-paulistana-sera-fechada-para-carros-entre-sabado-e-domingo-saiba-como-vai-funcionar","status":"publish","type":"post","link":"https:\/\/www.encontrabelavista.com.br\/avenida-paulista\/times-square-paulistana-sera-fechada-para-carros-entre-sabado-e-domingo-saiba-como-vai-funcionar\/","title":{"rendered":"\u2018Times Square Paulistana\u2019 ser\u00e1 fechada para carros entre s\u00e1bado e domingo; saiba como vai funcionar"},"content":{"rendered":"<h2>O que \u00e9 a \u2018Times Square Paulistana\u2019?<\/h2>\n<p>A \u2018Times Square Paulistana\u2019 \u00e9 uma iniciativa que transforma o cruzamento das avenidas Ipiranga e S\u00e3o Jo\u00e3o, no cora\u00e7\u00e3o de S\u00e3o Paulo, em um espa\u00e7o cultural e de lazer. Inspirado em locais ic\u00f4nicos como a famosa Times Square de Nova York, o projeto visa revitalizar a \u00e1rea e fomentar a intera\u00e7\u00e3o social. Este conceito inclui a instala\u00e7\u00e3o de grandes pain\u00e9is de LED, que v\u00e3o de 300 a 1.000 m\u00b2, e a realiza\u00e7\u00e3o de diversas atividades art\u00edsticas e culturais, tornando essa esquina uma refer\u00eancia no panorama urbano paulistano.<\/p>\n<h2>Como ser\u00e1 o fechamento das avenidas?<\/h2>\n<p>O fechamento das avenidas ocorrer\u00e1 todos os finais de semana, mais precisamente das 18h de s\u00e1bado \u00e0s 23h de domingo. Durante esse per\u00edodo, o cruzamento estar\u00e1 restrito ao tr\u00e2nsito de ve\u00edculos, priorizando o espa\u00e7o para pedestres e atividades culturais. O planejamento envolve tamb\u00e9m a instala\u00e7\u00e3o de palcos para apresenta\u00e7\u00f5es art\u00edsticas, que dever\u00e3o ocorrer regularmente no local, al\u00e9m de feiras e um grande evento mensal.<\/p>\n<h2>Inspira\u00e7\u00e3o nas grandes cidades do mundo<\/h2>\n<p>O projeto se inspira em modelos internacionais de revitaliza\u00e7\u00e3o urbana que t\u00eam mostrado resultados positivos, como a Times Square em Nova York e o Piccadilly Circus em Londres. Esses locais s\u00e3o exemplos de como a combina\u00e7\u00e3o de espa\u00e7os pedonais com infraestrutura para eventos p\u00fablicos pode criar um ambiente vibrante e atrativo para visitantes e moradores. A ideia \u00e9 que a \u2018Times Square Paulistana\u2019 funcione como um catalisador de vida urbana e intera\u00e7\u00e3o social, similar ao que acontece nessas metr\u00f3poles globais.<\/p>\n<p><img decoding=\"async\" src=\"https:\/\/www.encontrabelavista.com.br\/avenida-paulista\/wp-content\/uploads\/2026\/04\/times-square-paulistana-sera-fechada-para-carros-entre-sabado-e-domingo-saiba-como-vai-funcionar.webp\" alt=\"Times Square Paulistana\" loading=\"lazy\" \/><\/p>\n<h2>Benef\u00edcios esperados com a iniciativa<\/h2>\n<p>A implementa\u00e7\u00e3o da \u2018Times Square Paulistana\u2019 traz uma s\u00e9rie de benef\u00edcios:<\/p>\n<ul>\n<li><strong>Revitaliza\u00e7\u00e3o do Centro:<\/strong> Criar um espa\u00e7o que atrai mais pessoas para a regi\u00e3o central de S\u00e3o Paulo.<\/li>\n<li><strong>Aumento na Circula\u00e7\u00e3o:<\/strong> Estimular a presen\u00e7a de pedestres, contribuindo para a seguran\u00e7a e a sensa\u00e7\u00e3o de vitalidade do local.<\/li>\n<li><strong>Estimulo \u00e0 Economia Local:<\/strong> Novas oportunidades para comerciantes e empreendedores locais devido ao aumento do fluxo de visitantes.<\/li>\n<li><strong>Valoriza\u00e7\u00e3o Cultural:<\/strong> Oferecer um espa\u00e7o para artistas se apresentarem, promovendo cultura e entretenimento.<\/li>\n<li><strong>Melhoria na Seguran\u00e7a:<\/strong> Com um maior movimento de pessoas, h\u00e1 uma tend\u00eancia para maior seguran\u00e7a e policiamento na \u00e1rea.<\/li>\n<\/ul>\n<h2>Feiras e eventos na nova \u00e1rea<\/h2>\n<p>Entre as v\u00e1rias atividades programadas, est\u00e3o feiras, apresenta\u00e7\u00f5es art\u00edsticas e um evento p\u00fablico significativo que acontecer\u00e1 mensalmente. A abertura de espa\u00e7o para diferentes tipos de eventos, desde arte at\u00e9 gastronomia, visa engajar a comunidade e fortalecer la\u00e7os sociais. Pequenos palcos que ser\u00e3o montados na \u00e1rea permitir\u00e3o que artistas locais se apresentem e que a cultura se manifeste de forma vibrante.<\/p>\n<h2>Impacto na economia local<\/h2>\n<p>A expectativa \u00e9 que a \u2018Times Square Paulistana\u2019 impulsione a economia do centro de S\u00e3o Paulo, especialmente em um per\u00edodo noturno, quando o movimento tende a diminuir. Atraindo uma nova clientela, locais como bares, restaurantes e lojas devem se beneficiar, resultando em um com\u00e9rcio mais ativo e saud\u00e1vel. Al\u00e9m disso, o investimento da F\u00e1brica de Bares, estimado em pelo menos R$ 2 milh\u00f5es anuais, garantir\u00e1 que os aprimoramentos e interven\u00e7\u00f5es urbanas sejam mantidos ao longo dos pr\u00f3ximos tr\u00eas anos.<\/p>\n<h2>Preven\u00e7\u00e3o de problemas de seguran\u00e7a<\/h2>\n<p>Um dos objetivos centrais da \u2018Times Square Paulistana\u2019 \u00e9 aumentar a seguran\u00e7a na \u00e1rea, que ser\u00e1 intensificada atrav\u00e9s de um planejamento de policiamento. O governador Tarc\u00edsio de Freitas anunciou que haver\u00e1 um aumento no patrulhamento, com mais de 300 policiais a mais na regi\u00e3o, al\u00e9m de novas viaturas em pontos estrat\u00e9gicos. Essa abordagem visa garantir que o espa\u00e7o se torne n\u00e3o apenas um local de lazer, mas tamb\u00e9m um ambiente seguro para todos.<\/p>\n<h2>Poss\u00edveis mudan\u00e7as na mobilidade<\/h2>\n<p>O fechamento das avenidas nos finais de semana demandar\u00e1 uma reavalia\u00e7\u00e3o das rotas de tr\u00e2nsito nas proximidades. A prefeitura planeja implementar medidas que garantam a fluidez do tr\u00e1fego em \u00e1reas adjacentes durante os hor\u00e1rios de fechamento. O objetivo \u00e9 facilitar o acesso e manter as alternativas de deslocamento adequadas para motoristas, enquanto se prioriza o uso do espa\u00e7o urbano por pedestres e ciclistas.<\/p>\n<h2>Opini\u00f5es de especialistas sobre o projeto<\/h2>\n<p>Especialistas em urbanismo e planejamento urbano t\u00eam se mostrado interessados na proposta da \u2018Times Square Paulistana\u2019. A arquiteta e urbanista Mariana Cavalcanti, que representa o Instituto dos Arquitetos do Brasil, destaca a import\u00e2ncia de n\u00e3o apenas implantar os pain\u00e9is de LED, mas tamb\u00e9m focar em criar um ambiente onde as pessoas se sintam seguras e se re\u00fanam. Para ela, o movimento nas ruas, garantido por eventos e uma boa infraestrutura de seguran\u00e7a p\u00fablica, \u00e9 crucial para a sobreviv\u00eancia do projeto.<\/p>\n<h2>Pr\u00f3ximos passos para a implementa\u00e7\u00e3o<\/h2>\n<p>Atualmente, a proposta est\u00e1 passando por uma fase de estudo e discuss\u00e3o que antecede a sua implementa\u00e7\u00e3o. A instala\u00e7\u00e3o dos pain\u00e9is de LED deve ser conclu\u00edda at\u00e9 setembro, e as atividades culturais e art\u00edsticas est\u00e3o programadas para come\u00e7ar a qualquer momento ap\u00f3s essa data. O compromisso do governo e de parceiros privados em transformar o espa\u00e7o em quest\u00e3o promete n\u00e3o apenas revitalizar, mas tamb\u00e9m ressignificar a experi\u00eancia do centro de S\u00e3o Paulo.<\/p>\n","protected":false},"excerpt":{"rendered":"<p>A \u2018Times Square Paulistana\u2019 promete mudan\u00e7as significativas na mobilidade urbana.<\/p>\n","protected":false},"author":1,"featured_media":6211,"comment_status":"open","ping_status":"","sticky":false,"template":"","format":"standard","meta":{"footnotes":""},"categories":[5],"tags":[],"class_list":["post-6212","post","type-post","status-publish","format-standard","has-post-thumbnail","hentry","category-noticias","has_thumb"],"yoast_head":"<!-- This site is optimized with the Yoast SEO plugin v26.4 - https:\/\/yoast.com\/wordpress\/plugins\/seo\/ -->\n<title>\u2018Times Square Paulistana\u2019 ser\u00e1 fechada para carros entre s\u00e1bado e domingo; saiba como vai funcionar - Encontra Avenida Paulista<\/title>\n<meta name=\"robots\" content=\"index, follow, max-snippet:-1, max-image-preview:large, max-video-preview:-1\" \/>\n<link rel=\"canonical\" href=\"https:\/\/www.encontrabelavista.com.br\/avenida-paulista\/times-square-paulistana-sera-fechada-para-carros-entre-sabado-e-domingo-saiba-como-vai-funcionar\/\" \/>\n<meta property=\"og:locale\" content=\"pt_BR\" \/>\n<meta property=\"og:type\" content=\"article\" \/>\n<meta property=\"og:title\" content=\"\u2018Times Square Paulistana\u2019 ser\u00e1 fechada para carros entre s\u00e1bado e domingo; saiba como vai funcionar - Encontra Avenida Paulista\" \/>\n<meta property=\"og:description\" content=\"A \u2018Times Square Paulistana\u2019 promete mudan\u00e7as significativas na mobilidade urbana.\" \/>\n<meta property=\"og:url\" content=\"https:\/\/www.encontrabelavista.com.br\/avenida-paulista\/times-square-paulistana-sera-fechada-para-carros-entre-sabado-e-domingo-saiba-como-vai-funcionar\/\" \/>\n<meta property=\"og:site_name\" content=\"Encontra Avenida Paulista\" \/>\n<meta property=\"article:published_time\" content=\"2026-04-29T15:39:24+00:00\" \/>\n<meta property=\"og:image\" content=\"https:\/\/www.encontrabelavista.com.br\/avenida-paulista\/wp-content\/uploads\/2026\/04\/times-square-paulistana-sera-fechada-para-carros-entre-sabado-e-domingo-saiba-como-vai-funcionar.webp\" \/>\n<meta name=\"author\" content=\"Encontra Avenida Paulista\" \/>\n<meta name=\"twitter:card\" content=\"summary_large_image\" \/>\n<meta name=\"twitter:label1\" content=\"Escrito por\" \/>\n\t<meta name=\"twitter:data1\" content=\"Encontra Avenida Paulista\" \/>\n\t<meta name=\"twitter:label2\" content=\"Est. tempo de leitura\" \/>\n\t<meta name=\"twitter:data2\" content=\"5 minutos\" \/>\n<script type=\"application\/ld+json\" class=\"yoast-schema-graph\">{\"@context\":\"https:\/\/schema.org\",\"@graph\":[{\"@type\":\"WebPage\",\"@id\":\"https:\/\/www.encontrabelavista.com.br\/avenida-paulista\/times-square-paulistana-sera-fechada-para-carros-entre-sabado-e-domingo-saiba-como-vai-funcionar\/\",\"url\":\"https:\/\/www.encontrabelavista.com.br\/avenida-paulista\/times-square-paulistana-sera-fechada-para-carros-entre-sabado-e-domingo-saiba-como-vai-funcionar\/\",\"name\":\"\u2018Times Square Paulistana\u2019 ser\u00e1 fechada para carros entre s\u00e1bado e domingo; saiba como vai funcionar - Encontra Avenida Paulista\",\"isPartOf\":{\"@id\":\"https:\/\/www.encontrabelavista.com.br\/avenida-paulista\/#website\"},\"primaryImageOfPage\":{\"@id\":\"https:\/\/www.encontrabelavista.com.br\/avenida-paulista\/times-square-paulistana-sera-fechada-para-carros-entre-sabado-e-domingo-saiba-como-vai-funcionar\/#primaryimage\"},\"image\":{\"@id\":\"https:\/\/www.encontrabelavista.com.br\/avenida-paulista\/times-square-paulistana-sera-fechada-para-carros-entre-sabado-e-domingo-saiba-como-vai-funcionar\/#primaryimage\"},\"thumbnailUrl\":\"https:\/\/www.encontrabelavista.com.br\/avenida-paulista\/wp-content\/uploads\/2026\/04\/times-square-paulistana-sera-fechada-para-carros-entre-sabado-e-domingo-saiba-como-vai-funcionar.webp\",\"datePublished\":\"2026-04-29T15:39:24+00:00\",\"author\":{\"@id\":\"https:\/\/www.encontrabelavista.com.br\/avenida-paulista\/#\/schema\/person\/63c71a69a5879155285aa7cf79ec3e40\"},\"breadcrumb\":{\"@id\":\"https:\/\/www.encontrabelavista.com.br\/avenida-paulista\/times-square-paulistana-sera-fechada-para-carros-entre-sabado-e-domingo-saiba-como-vai-funcionar\/#breadcrumb\"},\"inLanguage\":\"pt-BR\",\"potentialAction\":[{\"@type\":\"ReadAction\",\"target\":[\"https:\/\/www.encontrabelavista.com.br\/avenida-paulista\/times-square-paulistana-sera-fechada-para-carros-entre-sabado-e-domingo-saiba-como-vai-funcionar\/\"]}]},{\"@type\":\"ImageObject\",\"inLanguage\":\"pt-BR\",\"@id\":\"https:\/\/www.encontrabelavista.com.br\/avenida-paulista\/times-square-paulistana-sera-fechada-para-carros-entre-sabado-e-domingo-saiba-como-vai-funcionar\/#primaryimage\",\"url\":\"https:\/\/www.encontrabelavista.com.br\/avenida-paulista\/wp-content\/uploads\/2026\/04\/times-square-paulistana-sera-fechada-para-carros-entre-sabado-e-domingo-saiba-como-vai-funcionar.webp\",\"contentUrl\":\"https:\/\/www.encontrabelavista.com.br\/avenida-paulista\/wp-content\/uploads\/2026\/04\/times-square-paulistana-sera-fechada-para-carros-entre-sabado-e-domingo-saiba-como-vai-funcionar.webp\",\"width\":280,\"height\":280,\"caption\":\"Times Square Paulistana\"},{\"@type\":\"BreadcrumbList\",\"@id\":\"https:\/\/www.encontrabelavista.com.br\/avenida-paulista\/times-square-paulistana-sera-fechada-para-carros-entre-sabado-e-domingo-saiba-como-vai-funcionar\/#breadcrumb\",\"itemListElement\":[{\"@type\":\"ListItem\",\"position\":1,\"name\":\"In\u00edcio\",\"item\":\"https:\/\/www.encontrabelavista.com.br\/avenida-paulista\/\"},{\"@type\":\"ListItem\",\"position\":2,\"name\":\"\u2018Times Square Paulistana\u2019 ser\u00e1 fechada para carros entre s\u00e1bado e domingo; saiba como vai funcionar\"}]},{\"@type\":\"WebSite\",\"@id\":\"https:\/\/www.encontrabelavista.com.br\/avenida-paulista\/#website\",\"url\":\"https:\/\/www.encontrabelavista.com.br\/avenida-paulista\/\",\"name\":\"Encontra Avenida Paulista\",\"description\":\"ENCONTRA AVENIDA PAULISTA - O guia comercial de neg\u00f3cios e empresas, cultura e divers\u00e3o na Avenida Paulista. Feito 100% para voc\u00ea morador!\",\"potentialAction\":[{\"@type\":\"SearchAction\",\"target\":{\"@type\":\"EntryPoint\",\"urlTemplate\":\"https:\/\/www.encontrabelavista.com.br\/avenida-paulista\/?s={search_term_string}\"},\"query-input\":{\"@type\":\"PropertyValueSpecification\",\"valueRequired\":true,\"valueName\":\"search_term_string\"}}],\"inLanguage\":\"pt-BR\"},{\"@type\":\"Person\",\"@id\":\"https:\/\/www.encontrabelavista.com.br\/avenida-paulista\/#\/schema\/person\/63c71a69a5879155285aa7cf79ec3e40\",\"name\":\"Encontra Avenida Paulista\",\"image\":{\"@type\":\"ImageObject\",\"inLanguage\":\"pt-BR\",\"@id\":\"https:\/\/www.encontrabelavista.com.br\/avenida-paulista\/#\/schema\/person\/image\/\",\"url\":\"https:\/\/secure.gravatar.com\/avatar\/c50c17820bcf322f0a8fd6b110b8c0918141409dc69076470f6fca5fee70a5d4?s=96&d=mm&r=g\",\"contentUrl\":\"https:\/\/secure.gravatar.com\/avatar\/c50c17820bcf322f0a8fd6b110b8c0918141409dc69076470f6fca5fee70a5d4?s=96&d=mm&r=g\",\"caption\":\"Encontra Avenida Paulista\"},\"url\":\"https:\/\/www.encontrabelavista.com.br\/avenida-paulista\/author\/encontraavenidapaulista\/\"}]}<\/script>\n<!-- \/ Yoast SEO plugin. -->","yoast_head_json":{"title":"\u2018Times Square Paulistana\u2019 ser\u00e1 fechada para carros entre s\u00e1bado e domingo; saiba como vai funcionar - Encontra Avenida Paulista","robots":{"index":"index","follow":"follow","max-snippet":"max-snippet:-1","max-image-preview":"max-image-preview:large","max-video-preview":"max-video-preview:-1"},"canonical":"https:\/\/www.encontrabelavista.com.br\/avenida-paulista\/times-square-paulistana-sera-fechada-para-carros-entre-sabado-e-domingo-saiba-como-vai-funcionar\/","og_locale":"pt_BR","og_type":"article","og_title":"\u2018Times Square Paulistana\u2019 ser\u00e1 fechada para carros entre s\u00e1bado e domingo; saiba como vai funcionar - Encontra Avenida Paulista","og_description":"A \u2018Times Square Paulistana\u2019 promete mudan\u00e7as significativas na mobilidade urbana.","og_url":"https:\/\/www.encontrabelavista.com.br\/avenida-paulista\/times-square-paulistana-sera-fechada-para-carros-entre-sabado-e-domingo-saiba-como-vai-funcionar\/","og_site_name":"Encontra Avenida Paulista","article_published_time":"2026-04-29T15:39:24+00:00","og_image":[{"url":"https:\/\/www.encontrabelavista.com.br\/avenida-paulista\/wp-content\/uploads\/2026\/04\/times-square-paulistana-sera-fechada-para-carros-entre-sabado-e-domingo-saiba-como-vai-funcionar.webp","type":"","width":"","height":""}],"author":"Encontra Avenida Paulista","twitter_card":"summary_large_image","twitter_misc":{"Escrito por":"Encontra Avenida Paulista","Est. tempo de leitura":"5 minutos"},"schema":{"@context":"https:\/\/schema.org","@graph":[{"@type":"WebPage","@id":"https:\/\/www.encontrabelavista.com.br\/avenida-paulista\/times-square-paulistana-sera-fechada-para-carros-entre-sabado-e-domingo-saiba-como-vai-funcionar\/","url":"https:\/\/www.encontrabelavista.com.br\/avenida-paulista\/times-square-paulistana-sera-fechada-para-carros-entre-sabado-e-domingo-saiba-como-vai-funcionar\/","name":"\u2018Times Square Paulistana\u2019 ser\u00e1 fechada para carros entre s\u00e1bado e domingo; saiba como vai funcionar - Encontra Avenida Paulista","isPartOf":{"@id":"https:\/\/www.encontrabelavista.com.br\/avenida-paulista\/#website"},"primaryImageOfPage":{"@id":"https:\/\/www.encontrabelavista.com.br\/avenida-paulista\/times-square-paulistana-sera-fechada-para-carros-entre-sabado-e-domingo-saiba-como-vai-funcionar\/#primaryimage"},"image":{"@id":"https:\/\/www.encontrabelavista.com.br\/avenida-paulista\/times-square-paulistana-sera-fechada-para-carros-entre-sabado-e-domingo-saiba-como-vai-funcionar\/#primaryimage"},"thumbnailUrl":"https:\/\/www.encontrabelavista.com.br\/avenida-paulista\/wp-content\/uploads\/2026\/04\/times-square-paulistana-sera-fechada-para-carros-entre-sabado-e-domingo-saiba-como-vai-funcionar.webp","datePublished":"2026-04-29T15:39:24+00:00","author":{"@id":"https:\/\/www.encontrabelavista.com.br\/avenida-paulista\/#\/schema\/person\/63c71a69a5879155285aa7cf79ec3e40"},"breadcrumb":{"@id":"https:\/\/www.encontrabelavista.com.br\/avenida-paulista\/times-square-paulistana-sera-fechada-para-carros-entre-sabado-e-domingo-saiba-como-vai-funcionar\/#breadcrumb"},"inLanguage":"pt-BR","potentialAction":[{"@type":"ReadAction","target":["https:\/\/www.encontrabelavista.com.br\/avenida-paulista\/times-square-paulistana-sera-fechada-para-carros-entre-sabado-e-domingo-saiba-como-vai-funcionar\/"]}]},{"@type":"ImageObject","inLanguage":"pt-BR","@id":"https:\/\/www.encontrabelavista.com.br\/avenida-paulista\/times-square-paulistana-sera-fechada-para-carros-entre-sabado-e-domingo-saiba-como-vai-funcionar\/#primaryimage","url":"https:\/\/www.encontrabelavista.com.br\/avenida-paulista\/wp-content\/uploads\/2026\/04\/times-square-paulistana-sera-fechada-para-carros-entre-sabado-e-domingo-saiba-como-vai-funcionar.webp","contentUrl":"https:\/\/www.encontrabelavista.com.br\/avenida-paulista\/wp-content\/uploads\/2026\/04\/times-square-paulistana-sera-fechada-para-carros-entre-sabado-e-domingo-saiba-como-vai-funcionar.webp","width":280,"height":280,"caption":"Times Square Paulistana"},{"@type":"BreadcrumbList","@id":"https:\/\/www.encontrabelavista.com.br\/avenida-paulista\/times-square-paulistana-sera-fechada-para-carros-entre-sabado-e-domingo-saiba-como-vai-funcionar\/#breadcrumb","itemListElement":[{"@type":"ListItem","position":1,"name":"In\u00edcio","item":"https:\/\/www.encontrabelavista.com.br\/avenida-paulista\/"},{"@type":"ListItem","position":2,"name":"\u2018Times Square Paulistana\u2019 ser\u00e1 fechada para carros entre s\u00e1bado e domingo; saiba como vai funcionar"}]},{"@type":"WebSite","@id":"https:\/\/www.encontrabelavista.com.br\/avenida-paulista\/#website","url":"https:\/\/www.encontrabelavista.com.br\/avenida-paulista\/","name":"Encontra Avenida Paulista","description":"ENCONTRA AVENIDA PAULISTA - O guia comercial de neg\u00f3cios e empresas, cultura e divers\u00e3o na Avenida Paulista. Feito 100% para voc\u00ea morador!","potentialAction":[{"@type":"SearchAction","target":{"@type":"EntryPoint","urlTemplate":"https:\/\/www.encontrabelavista.com.br\/avenida-paulista\/?s={search_term_string}"},"query-input":{"@type":"PropertyValueSpecification","valueRequired":true,"valueName":"search_term_string"}}],"inLanguage":"pt-BR"},{"@type":"Person","@id":"https:\/\/www.encontrabelavista.com.br\/avenida-paulista\/#\/schema\/person\/63c71a69a5879155285aa7cf79ec3e40","name":"Encontra Avenida Paulista","image":{"@type":"ImageObject","inLanguage":"pt-BR","@id":"https:\/\/www.encontrabelavista.com.br\/avenida-paulista\/#\/schema\/person\/image\/","url":"https:\/\/secure.gravatar.com\/avatar\/c50c17820bcf322f0a8fd6b110b8c0918141409dc69076470f6fca5fee70a5d4?s=96&d=mm&r=g","contentUrl":"https:\/\/secure.gravatar.com\/avatar\/c50c17820bcf322f0a8fd6b110b8c0918141409dc69076470f6fca5fee70a5d4?s=96&d=mm&r=g","caption":"Encontra Avenida Paulista"},"url":"https:\/\/www.encontrabelavista.com.br\/avenida-paulista\/author\/encontraavenidapaulista\/"}]}},"_links":{"self":[{"href":"https:\/\/www.encontrabelavista.com.br\/avenida-paulista\/wp-json\/wp\/v2\/posts\/6212","targetHints":{"allow":["GET"]}}],"collection":[{"href":"https:\/\/www.encontrabelavista.com.br\/avenida-paulista\/wp-json\/wp\/v2\/posts"}],"about":[{"href":"https:\/\/www.encontrabelavista.com.br\/avenida-paulista\/wp-json\/wp\/v2\/types\/post"}],"author":[{"embeddable":true,"href":"https:\/\/www.encontrabelavista.com.br\/avenida-paulista\/wp-json\/wp\/v2\/users\/1"}],"replies":[{"embeddable":true,"href":"https:\/\/www.encontrabelavista.com.br\/avenida-paulista\/wp-json\/wp\/v2\/comments?post=6212"}],"version-history":[{"count":0,"href":"https:\/\/www.encontrabelavista.com.br\/avenida-paulista\/wp-json\/wp\/v2\/posts\/6212\/revisions"}],"wp:featuredmedia":[{"embeddable":true,"href":"https:\/\/www.encontrabelavista.com.br\/avenida-paulista\/wp-json\/wp\/v2\/media\/6211"}],"wp:attachment":[{"href":"https:\/\/www.encontrabelavista.com.br\/avenida-paulista\/wp-json\/wp\/v2\/media?parent=6212"}],"wp:term":[{"taxonomy":"category","embeddable":true,"href":"https:\/\/www.encontrabelavista.com.br\/avenida-paulista\/wp-json\/wp\/v2\/categories?post=6212"},{"taxonomy":"post_tag","embeddable":true,"href":"https:\/\/www.encontrabelavista.com.br\/avenida-paulista\/wp-json\/wp\/v2\/tags?post=6212"}],"curies":[{"name":"wp","href":"https:\/\/api.w.org\/{rel}","templated":true}]}}