{"id":6214,"date":"2026-04-30T12:22:15","date_gmt":"2026-04-30T15:22:15","guid":{"rendered":"https:\/\/www.encontrabelavista.com.br\/avenida-paulista\/grupo-de-direita-reserva-avenida-paulista-para-1o-de-maio-e-frustra-ato-da-esquerda\/"},"modified":"2026-04-30T12:22:15","modified_gmt":"2026-04-30T15:22:15","slug":"grupo-de-direita-reserva-avenida-paulista-para-1o-de-maio-e-frustra-ato-da-esquerda","status":"publish","type":"post","link":"https:\/\/www.encontrabelavista.com.br\/avenida-paulista\/grupo-de-direita-reserva-avenida-paulista-para-1o-de-maio-e-frustra-ato-da-esquerda\/","title":{"rendered":"Grupo de direita reserva Avenida Paulista para 1\u00ba de Maio e frustra ato da esquerda"},"content":{"rendered":"<h2>Contexto da Reserva da Avenida Paulista<\/h2>\n<p>No cen\u00e1rio atual das manifesta\u00e7\u00f5es pol\u00edticas no Brasil, a reserva da Avenida Paulista para atos do 1\u00ba de Maio se tornou um ponto de disc\u00f3rdia entre grupos de direita e esquerda. O grupo conhecido como <strong>Patriotas do QG<\/strong> formalizou seu pedido \u00e0 Pol\u00edcia Militar em <strong>setembro de 2024<\/strong>, garantindo o uso do local para seus atos. A import\u00e2ncia da Avenida Paulista como um espa\u00e7o simb\u00f3lico de luta e reivindica\u00e7\u00e3o \u00e9 ineg\u00e1vel, e, por ser um dos principais centros financeiros e culturais do pa\u00eds, \u00e9 um local ideal para manifesta\u00e7\u00f5es. No entanto, a divis\u00e3o entre as ideologias pol\u00edticas traz \u00e0 tona quest\u00f5es sobre a liberdade de express\u00e3o e o direito \u00e0 manifesta\u00e7\u00e3o.<\/p>\n<h2>A Resposta da Esquerda<\/h2>\n<p>A Central Sindical e Popular Conlutas (CSP-Conlutas), um dos principais grupos da esquerda no Brasil, expressou sua indigna\u00e7\u00e3o ao n\u00e3o conseguir reservar a Avenida Paulista para seu ato no Dia do Trabalhador. A entidade argumentou que havia protocolado seu pedido anteriormente, em <strong>mar\u00e7o de 2026<\/strong>, e considerou a decis\u00e3o da Pol\u00edcia Militar um ataque ao direito de manifesta\u00e7\u00e3o. A CSP-Conlutas enfatizou que muitos dos temas centrais do 1\u00ba de Maio, como a defesa dos direitos trabalhistas e a busca por melhores condi\u00e7\u00f5es de trabalho, est\u00e3o em risco quando grupos ultraconservadores reservam o espa\u00e7o.<\/p>\n<h2>Os Direitos de Manifesta\u00e7\u00e3o no Brasil<\/h2>\n<p>Segundo a Constitui\u00e7\u00e3o Federal Brasileira, o direito de se reunir pacificamente, sem armas, em lugares p\u00fablicos, \u00e9 garantido. No entanto, existem limita\u00e7\u00f5es, como a proibi\u00e7\u00e3o de sobreposi\u00e7\u00e3o de eventos previamente agendados e a exig\u00eancia de notifica\u00e7\u00e3o das autoridades competentes. Este sistema, por um lado, garante a ordem p\u00fablica, mas por outro lado, pode ser manipulado para cercear a manifesta\u00e7\u00e3o de grupos menos favorecidos na disputa por espa\u00e7os. A luta pela garantia dos direitos de manifesta\u00e7\u00e3o \u00e9, portanto, um ponto central de debate.<\/p>\n<p><img decoding=\"async\" src=\"https:\/\/www.encontrabelavista.com.br\/avenida-paulista\/wp-content\/uploads\/2026\/04\/grupo-de-direita-reserva-avenida-paulista-para-1-de-maio-e-frustra-ato-da-esquerda.webp\" alt=\"Avenida Paulista\" loading=\"lazy\" \/><\/p>\n<h2>O Papel da Pol\u00edcia Militar<\/h2>\n<p>A Pol\u00edcia Militar (PM) \u00e9 a respons\u00e1vel por gerenciar o uso do espa\u00e7o p\u00fablico para eventos e manifesta\u00e7\u00f5es. Quando mais de um grupo solicita o mesmo local, a PM deve seguir a ordem cronol\u00f3gica de pedidos. Isso levantou preocupa\u00e7\u00f5es sobre como essa pol\u00edtica pode favorecer certos grupos ao inv\u00e9s de garantir um espa\u00e7o igualit\u00e1rio para todas as vozes. O fato de que o grupo Patriotas do QG tenha conseguido garantir a Avenida Paulista, enquanto a CSP-Conlutas n\u00e3o, ressalta as tens\u00f5es entre diferentes ideologias pol\u00edticas e o acesso ao espa\u00e7o p\u00fablico.<\/p>\n<h2>Rea\u00e7\u00f5es nas Redes Sociais<\/h2>\n<p>As redes sociais desempenham um papel crucial na mobiliza\u00e7\u00e3o e nas rea\u00e7\u00f5es \u00e0s decis\u00f5es como essa. Em resposta ao an\u00fancio da reserva da Avenida Paulista, ativistas e simpatizantes da CSP-Conlutas se manifestaram, condenando a decis\u00e3o e promovendo a ideia de que todos t\u00eam o direito de se expressar e ser ouvido, independentemente de sua perspectiva pol\u00edtica. Essa din\u00e2mica nas redes sociais ressalta o sofrimento e a luta aqueles que sentem que suas vozes est\u00e3o sendo silenciadas.<\/p>\n<h2>A Import\u00e2ncia do 1\u00ba de Maio<\/h2>\n<p>O Dia do Trabalhador, celebrado em <strong>1\u00ba de Maio<\/strong>, \u00e9 uma data significativa que busca homenagear e lutar pelos direitos dos trabalhadores. As demandas hist\u00f3ricas do 1\u00ba de Maio incluem melhores condi\u00e7\u00f5es de trabalho, aumento de sal\u00e1rios e direitos trabalhistas. No Brasil, essa data tem sido tradicionalmente um ponto de encontro para for\u00e7as progressistas, mas a cercea\u00e7\u00e3o do espa\u00e7o para manifesta\u00e7\u00f5es por parte de grupos conservadores altera a din\u00e2mica dessa luta. Movimentos sociais, sindicatos e organiza\u00e7\u00f5es t\u00eam a responsabilidade de manter a luta viva, mesmo diante de adversidades.<\/p>\n<h2>As Consequ\u00eancias Legais<\/h2>\n<p>A disputa pela reserva da Avenida Paulista poder\u00e1 resultar em desafios legais ou na necessidade de revis\u00e3o pelos \u00f3rg\u00e3os respons\u00e1veis. As decis\u00f5es tomadas para a autoriza\u00e7\u00e3o de eventos e sua execu\u00e7\u00e3o podem ter implica\u00e7\u00f5es significativas para a liberdade de express\u00e3o e a capacidade de manifesta\u00e7\u00e3o do povo. Espera-se que as entidades afetadas tenham os meios legais apropriados para contestar decis\u00f5es que consideram injustas ou discriminat\u00f3rias.<\/p>\n<h2>Compara\u00e7\u00e3o de Manifesta\u00e7\u00f5es<\/h2>\n<p>A tens\u00e3o entre os grupos de direita e esquerda pode ser observada n\u00e3o apenas na reserva de espa\u00e7o, mas tamb\u00e9m no tom e nas demandas de suas manifesta\u00e7\u00f5es. Enquanto os <strong>Patriotas do QG<\/strong> se concentram em temas como a liberdade de seus l\u00edderes pol\u00edticos e apoio a figuras conservadoras, a CSP-Conlutas busca discutir t\u00f3picos que incluem a luta contra o feminic\u00eddio, reformas administrativas e direitos trabalhistas. Essa diverg\u00eancia de foco reflete a complexidade do panorama pol\u00edtico brasileiro e as m\u00faltiplas camadas de preocupa\u00e7\u00e3o social.<\/p>\n<h2>O Futuro dos Protestos no Brasil<\/h2>\n<p>\u00c0 medida que o cen\u00e1rio pol\u00edtico continua a evoluir, o futuro das manifesta\u00e7\u00f5es no Brasil deve ser abordado com cautela. As pr\u00f3ximas elei\u00e7\u00f5es e as movimenta\u00e7\u00f5es dos grupos sociais definir\u00e3o como essas lutas podem se desenrolar. O espa\u00e7o para debate e protesto ainda ser\u00e1 uma arena central onde diferentes vis\u00f5es de mundo se confrontar\u00e3o, exigindo uma reflex\u00e3o cont\u00ednua sobre como manter as vozes dos cidad\u00e3os em um espa\u00e7o respeitoso e inclusivo. A luta por garantias de espa\u00e7o e voz ser\u00e1 um indicativo da sa\u00fade do sistema democr\u00e1tico no Brasil.<\/p>\n<h2>An\u00e1lise das Demandas Sociais<\/h2>\n<p>Por fim, a an\u00e1lise das demandas sociais apresentadas por ambos os lados \u00e9 de suma import\u00e2ncia para entender o que est\u00e1 em jogo. Os chamados \u00e0 a\u00e7\u00e3o e os projetos de lei em debate, como a cria\u00e7\u00e3o de uma estatal de terras raras, por exemplo, s\u00e3o indicativos das diferentes vis\u00f5es sobre o futuro do Brasil e sua economia. Grupos que lutam por melhor distribui\u00e7\u00e3o de recursos e direitos trabalhistas contrabalan\u00e7am aqueles que defendem uma linha mais neoliberal de privatiza\u00e7\u00f5es. O di\u00e1logo entre essas demandas distintas ser\u00e1 crucial para avan\u00e7ar na constru\u00e7\u00e3o de uma sociedade mais justa e igualit\u00e1ria.<\/p>\n","protected":false},"excerpt":{"rendered":"<p>Grupo de direita assegura Avenida Paulista e impede ato da esquerda no 1\u00ba de Maio.<\/p>\n","protected":false},"author":1,"featured_media":6213,"comment_status":"open","ping_status":"","sticky":false,"template":"","format":"standard","meta":{"footnotes":""},"categories":[5],"tags":[],"class_list":["post-6214","post","type-post","status-publish","format-standard","has-post-thumbnail","hentry","category-noticias","has_thumb"],"yoast_head":"<!-- This site is optimized with the Yoast SEO plugin v26.4 - https:\/\/yoast.com\/wordpress\/plugins\/seo\/ -->\n<title>Grupo de direita reserva Avenida Paulista para 1\u00ba de Maio e frustra ato da esquerda - Encontra Avenida Paulista<\/title>\n<meta name=\"robots\" content=\"index, follow, max-snippet:-1, max-image-preview:large, max-video-preview:-1\" \/>\n<link rel=\"canonical\" href=\"https:\/\/www.encontrabelavista.com.br\/avenida-paulista\/grupo-de-direita-reserva-avenida-paulista-para-1o-de-maio-e-frustra-ato-da-esquerda\/\" \/>\n<meta property=\"og:locale\" content=\"pt_BR\" \/>\n<meta property=\"og:type\" content=\"article\" \/>\n<meta property=\"og:title\" content=\"Grupo de direita reserva Avenida Paulista para 1\u00ba de Maio e frustra ato da esquerda - Encontra Avenida Paulista\" \/>\n<meta property=\"og:description\" content=\"Grupo de direita assegura Avenida Paulista e impede ato da esquerda no 1\u00ba de Maio.\" \/>\n<meta property=\"og:url\" content=\"https:\/\/www.encontrabelavista.com.br\/avenida-paulista\/grupo-de-direita-reserva-avenida-paulista-para-1o-de-maio-e-frustra-ato-da-esquerda\/\" \/>\n<meta property=\"og:site_name\" content=\"Encontra Avenida Paulista\" \/>\n<meta property=\"article:published_time\" content=\"2026-04-30T15:22:15+00:00\" \/>\n<meta property=\"og:image\" content=\"https:\/\/www.encontrabelavista.com.br\/avenida-paulista\/wp-content\/uploads\/2026\/04\/grupo-de-direita-reserva-avenida-paulista-para-1-de-maio-e-frustra-ato-da-esquerda.webp\" \/>\n<meta name=\"author\" content=\"Encontra Avenida Paulista\" \/>\n<meta name=\"twitter:card\" content=\"summary_large_image\" \/>\n<meta name=\"twitter:label1\" content=\"Escrito por\" \/>\n\t<meta name=\"twitter:data1\" content=\"Encontra Avenida Paulista\" \/>\n\t<meta name=\"twitter:label2\" content=\"Est. tempo de leitura\" \/>\n\t<meta name=\"twitter:data2\" content=\"5 minutos\" \/>\n<script type=\"application\/ld+json\" class=\"yoast-schema-graph\">{\"@context\":\"https:\/\/schema.org\",\"@graph\":[{\"@type\":\"WebPage\",\"@id\":\"https:\/\/www.encontrabelavista.com.br\/avenida-paulista\/grupo-de-direita-reserva-avenida-paulista-para-1o-de-maio-e-frustra-ato-da-esquerda\/\",\"url\":\"https:\/\/www.encontrabelavista.com.br\/avenida-paulista\/grupo-de-direita-reserva-avenida-paulista-para-1o-de-maio-e-frustra-ato-da-esquerda\/\",\"name\":\"Grupo de direita reserva Avenida Paulista para 1\u00ba de Maio e frustra ato da esquerda - Encontra Avenida Paulista\",\"isPartOf\":{\"@id\":\"https:\/\/www.encontrabelavista.com.br\/avenida-paulista\/#website\"},\"primaryImageOfPage\":{\"@id\":\"https:\/\/www.encontrabelavista.com.br\/avenida-paulista\/grupo-de-direita-reserva-avenida-paulista-para-1o-de-maio-e-frustra-ato-da-esquerda\/#primaryimage\"},\"image\":{\"@id\":\"https:\/\/www.encontrabelavista.com.br\/avenida-paulista\/grupo-de-direita-reserva-avenida-paulista-para-1o-de-maio-e-frustra-ato-da-esquerda\/#primaryimage\"},\"thumbnailUrl\":\"https:\/\/www.encontrabelavista.com.br\/avenida-paulista\/wp-content\/uploads\/2026\/04\/grupo-de-direita-reserva-avenida-paulista-para-1-de-maio-e-frustra-ato-da-esquerda.webp\",\"datePublished\":\"2026-04-30T15:22:15+00:00\",\"author\":{\"@id\":\"https:\/\/www.encontrabelavista.com.br\/avenida-paulista\/#\/schema\/person\/63c71a69a5879155285aa7cf79ec3e40\"},\"breadcrumb\":{\"@id\":\"https:\/\/www.encontrabelavista.com.br\/avenida-paulista\/grupo-de-direita-reserva-avenida-paulista-para-1o-de-maio-e-frustra-ato-da-esquerda\/#breadcrumb\"},\"inLanguage\":\"pt-BR\",\"potentialAction\":[{\"@type\":\"ReadAction\",\"target\":[\"https:\/\/www.encontrabelavista.com.br\/avenida-paulista\/grupo-de-direita-reserva-avenida-paulista-para-1o-de-maio-e-frustra-ato-da-esquerda\/\"]}]},{\"@type\":\"ImageObject\",\"inLanguage\":\"pt-BR\",\"@id\":\"https:\/\/www.encontrabelavista.com.br\/avenida-paulista\/grupo-de-direita-reserva-avenida-paulista-para-1o-de-maio-e-frustra-ato-da-esquerda\/#primaryimage\",\"url\":\"https:\/\/www.encontrabelavista.com.br\/avenida-paulista\/wp-content\/uploads\/2026\/04\/grupo-de-direita-reserva-avenida-paulista-para-1-de-maio-e-frustra-ato-da-esquerda.webp\",\"contentUrl\":\"https:\/\/www.encontrabelavista.com.br\/avenida-paulista\/wp-content\/uploads\/2026\/04\/grupo-de-direita-reserva-avenida-paulista-para-1-de-maio-e-frustra-ato-da-esquerda.webp\",\"width\":280,\"height\":280,\"caption\":\"Avenida Paulista\"},{\"@type\":\"BreadcrumbList\",\"@id\":\"https:\/\/www.encontrabelavista.com.br\/avenida-paulista\/grupo-de-direita-reserva-avenida-paulista-para-1o-de-maio-e-frustra-ato-da-esquerda\/#breadcrumb\",\"itemListElement\":[{\"@type\":\"ListItem\",\"position\":1,\"name\":\"In\u00edcio\",\"item\":\"https:\/\/www.encontrabelavista.com.br\/avenida-paulista\/\"},{\"@type\":\"ListItem\",\"position\":2,\"name\":\"Grupo de direita reserva Avenida Paulista para 1\u00ba de Maio e frustra ato da esquerda\"}]},{\"@type\":\"WebSite\",\"@id\":\"https:\/\/www.encontrabelavista.com.br\/avenida-paulista\/#website\",\"url\":\"https:\/\/www.encontrabelavista.com.br\/avenida-paulista\/\",\"name\":\"Encontra Avenida Paulista\",\"description\":\"ENCONTRA AVENIDA PAULISTA - O guia comercial de neg\u00f3cios e empresas, cultura e divers\u00e3o na Avenida Paulista. Feito 100% para voc\u00ea morador!\",\"potentialAction\":[{\"@type\":\"SearchAction\",\"target\":{\"@type\":\"EntryPoint\",\"urlTemplate\":\"https:\/\/www.encontrabelavista.com.br\/avenida-paulista\/?s={search_term_string}\"},\"query-input\":{\"@type\":\"PropertyValueSpecification\",\"valueRequired\":true,\"valueName\":\"search_term_string\"}}],\"inLanguage\":\"pt-BR\"},{\"@type\":\"Person\",\"@id\":\"https:\/\/www.encontrabelavista.com.br\/avenida-paulista\/#\/schema\/person\/63c71a69a5879155285aa7cf79ec3e40\",\"name\":\"Encontra Avenida Paulista\",\"image\":{\"@type\":\"ImageObject\",\"inLanguage\":\"pt-BR\",\"@id\":\"https:\/\/www.encontrabelavista.com.br\/avenida-paulista\/#\/schema\/person\/image\/\",\"url\":\"https:\/\/secure.gravatar.com\/avatar\/c50c17820bcf322f0a8fd6b110b8c0918141409dc69076470f6fca5fee70a5d4?s=96&d=mm&r=g\",\"contentUrl\":\"https:\/\/secure.gravatar.com\/avatar\/c50c17820bcf322f0a8fd6b110b8c0918141409dc69076470f6fca5fee70a5d4?s=96&d=mm&r=g\",\"caption\":\"Encontra Avenida Paulista\"},\"url\":\"https:\/\/www.encontrabelavista.com.br\/avenida-paulista\/author\/encontraavenidapaulista\/\"}]}<\/script>\n<!-- \/ Yoast SEO plugin. -->","yoast_head_json":{"title":"Grupo de direita reserva Avenida Paulista para 1\u00ba de Maio e frustra ato da esquerda - Encontra Avenida Paulista","robots":{"index":"index","follow":"follow","max-snippet":"max-snippet:-1","max-image-preview":"max-image-preview:large","max-video-preview":"max-video-preview:-1"},"canonical":"https:\/\/www.encontrabelavista.com.br\/avenida-paulista\/grupo-de-direita-reserva-avenida-paulista-para-1o-de-maio-e-frustra-ato-da-esquerda\/","og_locale":"pt_BR","og_type":"article","og_title":"Grupo de direita reserva Avenida Paulista para 1\u00ba de Maio e frustra ato da esquerda - Encontra Avenida Paulista","og_description":"Grupo de direita assegura Avenida Paulista e impede ato da esquerda no 1\u00ba de Maio.","og_url":"https:\/\/www.encontrabelavista.com.br\/avenida-paulista\/grupo-de-direita-reserva-avenida-paulista-para-1o-de-maio-e-frustra-ato-da-esquerda\/","og_site_name":"Encontra Avenida Paulista","article_published_time":"2026-04-30T15:22:15+00:00","og_image":[{"url":"https:\/\/www.encontrabelavista.com.br\/avenida-paulista\/wp-content\/uploads\/2026\/04\/grupo-de-direita-reserva-avenida-paulista-para-1-de-maio-e-frustra-ato-da-esquerda.webp","type":"","width":"","height":""}],"author":"Encontra Avenida Paulista","twitter_card":"summary_large_image","twitter_misc":{"Escrito por":"Encontra Avenida Paulista","Est. tempo de leitura":"5 minutos"},"schema":{"@context":"https:\/\/schema.org","@graph":[{"@type":"WebPage","@id":"https:\/\/www.encontrabelavista.com.br\/avenida-paulista\/grupo-de-direita-reserva-avenida-paulista-para-1o-de-maio-e-frustra-ato-da-esquerda\/","url":"https:\/\/www.encontrabelavista.com.br\/avenida-paulista\/grupo-de-direita-reserva-avenida-paulista-para-1o-de-maio-e-frustra-ato-da-esquerda\/","name":"Grupo de direita reserva Avenida Paulista para 1\u00ba de Maio e frustra ato da esquerda - Encontra Avenida Paulista","isPartOf":{"@id":"https:\/\/www.encontrabelavista.com.br\/avenida-paulista\/#website"},"primaryImageOfPage":{"@id":"https:\/\/www.encontrabelavista.com.br\/avenida-paulista\/grupo-de-direita-reserva-avenida-paulista-para-1o-de-maio-e-frustra-ato-da-esquerda\/#primaryimage"},"image":{"@id":"https:\/\/www.encontrabelavista.com.br\/avenida-paulista\/grupo-de-direita-reserva-avenida-paulista-para-1o-de-maio-e-frustra-ato-da-esquerda\/#primaryimage"},"thumbnailUrl":"https:\/\/www.encontrabelavista.com.br\/avenida-paulista\/wp-content\/uploads\/2026\/04\/grupo-de-direita-reserva-avenida-paulista-para-1-de-maio-e-frustra-ato-da-esquerda.webp","datePublished":"2026-04-30T15:22:15+00:00","author":{"@id":"https:\/\/www.encontrabelavista.com.br\/avenida-paulista\/#\/schema\/person\/63c71a69a5879155285aa7cf79ec3e40"},"breadcrumb":{"@id":"https:\/\/www.encontrabelavista.com.br\/avenida-paulista\/grupo-de-direita-reserva-avenida-paulista-para-1o-de-maio-e-frustra-ato-da-esquerda\/#breadcrumb"},"inLanguage":"pt-BR","potentialAction":[{"@type":"ReadAction","target":["https:\/\/www.encontrabelavista.com.br\/avenida-paulista\/grupo-de-direita-reserva-avenida-paulista-para-1o-de-maio-e-frustra-ato-da-esquerda\/"]}]},{"@type":"ImageObject","inLanguage":"pt-BR","@id":"https:\/\/www.encontrabelavista.com.br\/avenida-paulista\/grupo-de-direita-reserva-avenida-paulista-para-1o-de-maio-e-frustra-ato-da-esquerda\/#primaryimage","url":"https:\/\/www.encontrabelavista.com.br\/avenida-paulista\/wp-content\/uploads\/2026\/04\/grupo-de-direita-reserva-avenida-paulista-para-1-de-maio-e-frustra-ato-da-esquerda.webp","contentUrl":"https:\/\/www.encontrabelavista.com.br\/avenida-paulista\/wp-content\/uploads\/2026\/04\/grupo-de-direita-reserva-avenida-paulista-para-1-de-maio-e-frustra-ato-da-esquerda.webp","width":280,"height":280,"caption":"Avenida Paulista"},{"@type":"BreadcrumbList","@id":"https:\/\/www.encontrabelavista.com.br\/avenida-paulista\/grupo-de-direita-reserva-avenida-paulista-para-1o-de-maio-e-frustra-ato-da-esquerda\/#breadcrumb","itemListElement":[{"@type":"ListItem","position":1,"name":"In\u00edcio","item":"https:\/\/www.encontrabelavista.com.br\/avenida-paulista\/"},{"@type":"ListItem","position":2,"name":"Grupo de direita reserva Avenida Paulista para 1\u00ba de Maio e frustra ato da esquerda"}]},{"@type":"WebSite","@id":"https:\/\/www.encontrabelavista.com.br\/avenida-paulista\/#website","url":"https:\/\/www.encontrabelavista.com.br\/avenida-paulista\/","name":"Encontra Avenida Paulista","description":"ENCONTRA AVENIDA PAULISTA - O guia comercial de neg\u00f3cios e empresas, cultura e divers\u00e3o na Avenida Paulista. Feito 100% para voc\u00ea morador!","potentialAction":[{"@type":"SearchAction","target":{"@type":"EntryPoint","urlTemplate":"https:\/\/www.encontrabelavista.com.br\/avenida-paulista\/?s={search_term_string}"},"query-input":{"@type":"PropertyValueSpecification","valueRequired":true,"valueName":"search_term_string"}}],"inLanguage":"pt-BR"},{"@type":"Person","@id":"https:\/\/www.encontrabelavista.com.br\/avenida-paulista\/#\/schema\/person\/63c71a69a5879155285aa7cf79ec3e40","name":"Encontra Avenida Paulista","image":{"@type":"ImageObject","inLanguage":"pt-BR","@id":"https:\/\/www.encontrabelavista.com.br\/avenida-paulista\/#\/schema\/person\/image\/","url":"https:\/\/secure.gravatar.com\/avatar\/c50c17820bcf322f0a8fd6b110b8c0918141409dc69076470f6fca5fee70a5d4?s=96&d=mm&r=g","contentUrl":"https:\/\/secure.gravatar.com\/avatar\/c50c17820bcf322f0a8fd6b110b8c0918141409dc69076470f6fca5fee70a5d4?s=96&d=mm&r=g","caption":"Encontra Avenida Paulista"},"url":"https:\/\/www.encontrabelavista.com.br\/avenida-paulista\/author\/encontraavenidapaulista\/"}]}},"_links":{"self":[{"href":"https:\/\/www.encontrabelavista.com.br\/avenida-paulista\/wp-json\/wp\/v2\/posts\/6214","targetHints":{"allow":["GET"]}}],"collection":[{"href":"https:\/\/www.encontrabelavista.com.br\/avenida-paulista\/wp-json\/wp\/v2\/posts"}],"about":[{"href":"https:\/\/www.encontrabelavista.com.br\/avenida-paulista\/wp-json\/wp\/v2\/types\/post"}],"author":[{"embeddable":true,"href":"https:\/\/www.encontrabelavista.com.br\/avenida-paulista\/wp-json\/wp\/v2\/users\/1"}],"replies":[{"embeddable":true,"href":"https:\/\/www.encontrabelavista.com.br\/avenida-paulista\/wp-json\/wp\/v2\/comments?post=6214"}],"version-history":[{"count":0,"href":"https:\/\/www.encontrabelavista.com.br\/avenida-paulista\/wp-json\/wp\/v2\/posts\/6214\/revisions"}],"wp:featuredmedia":[{"embeddable":true,"href":"https:\/\/www.encontrabelavista.com.br\/avenida-paulista\/wp-json\/wp\/v2\/media\/6213"}],"wp:attachment":[{"href":"https:\/\/www.encontrabelavista.com.br\/avenida-paulista\/wp-json\/wp\/v2\/media?parent=6214"}],"wp:term":[{"taxonomy":"category","embeddable":true,"href":"https:\/\/www.encontrabelavista.com.br\/avenida-paulista\/wp-json\/wp\/v2\/categories?post=6214"},{"taxonomy":"post_tag","embeddable":true,"href":"https:\/\/www.encontrabelavista.com.br\/avenida-paulista\/wp-json\/wp\/v2\/tags?post=6214"}],"curies":[{"name":"wp","href":"https:\/\/api.w.org\/{rel}","templated":true}]}}