{"id":6216,"date":"2026-04-30T12:24:14","date_gmt":"2026-04-30T15:24:14","guid":{"rendered":"https:\/\/www.encontrabelavista.com.br\/avenida-paulista\/grupo-de-direita-reserva-avenida-paulista-para-1o-de-maio-e-frustra-ato-da-esquerda-2\/"},"modified":"2026-04-30T12:24:14","modified_gmt":"2026-04-30T15:24:14","slug":"grupo-de-direita-reserva-avenida-paulista-para-1o-de-maio-e-frustra-ato-da-esquerda-2","status":"publish","type":"post","link":"https:\/\/www.encontrabelavista.com.br\/avenida-paulista\/grupo-de-direita-reserva-avenida-paulista-para-1o-de-maio-e-frustra-ato-da-esquerda-2\/","title":{"rendered":"Grupo de direita reserva Avenida Paulista para 1\u00ba de Maio e frustra ato da esquerda"},"content":{"rendered":"<h2>A Reserva Estrat\u00e9gica da Avenida Paulista<\/h2>\n<p>No pr\u00f3ximo dia 1\u00ba de maio, a tradicional Avenida Paulista \u00e9 cen\u00e1rio de uma grande disputa por espa\u00e7os. O grupo de direita, conhecido como Patriotas do QG, garantiu a reserva da famosa via para realizar seu ato em celebra\u00e7\u00e3o ao Dia do Trabalhador. Este privil\u00e9gio, adquirido com um aviso formal \u00e0 Pol\u00edcia Militar em setembro de 2024, est\u00e1 planejado para ocorrer em frente ao pr\u00e9dio da Federa\u00e7\u00e3o das Ind\u00fastrias do Estado de S\u00e3o Paulo (Fiesp) a partir das 11h.\u00a0<\/p>\n<h2>Expectativas do Grupo Patriota do QG<\/h2>\n<p>O grupo Patriotas do QG tem inten\u00e7\u00f5es claras para o evento, buscando destacar temas relevantes para sua base. A principal pauta gira em torno do apoio \u00e0 candidatura do senador Fl\u00e1vio Bolsonaro \u00e0 presid\u00eancia da rep\u00fablica e a defesa da liberdade do ex-presidente Jair Bolsonaro, al\u00e9m de cr\u00edticas voltadas para o Supremo Tribunal Federal (STF). O lema utilizado por eles, &#8220;Supremo \u00e9 o Povo&#8221;, reflete um desejo por representatividade direta da popula\u00e7\u00e3o.<\/p>\n<h2>A Contesta\u00e7\u00e3o da Conlutas<\/h2>\n<p>Frente ao cen\u00e1rio adverso, a Central Sindical e Popular Conlutas (CSP-Conlutas) expressou descontentamento ao n\u00e3o conseguir reservar a Avenida Paulista, apontando que fez o pedido formal em mar\u00e7o de 2026, sem sucesso. A Conlutas considera a reserva um ataque ao direito de manifesta\u00e7\u00e3o, afirmando que grupos ultraconservadores n\u00e3o representam as demandas e as tradi\u00e7\u00f5es de luta associadas ao dia primeiramente voltado aos trabalhadores.<\/p>\n<p><img decoding=\"async\" src=\"https:\/\/www.encontrabelavista.com.br\/avenida-paulista\/wp-content\/uploads\/2026\/04\/grupo-de-direita-reserva-avenida-paulista-para-1-de-maio-e-frustra-ato-da-esquerda-1.webp\" alt=\"ato da esquerda\" loading=\"lazy\" \/><\/p>\n<h2>A Import\u00e2ncia do Dia 1\u00ba de Maio<\/h2>\n<p>O Dia do Trabalhador \u00e9 uma data que remete \u00e0 luta das classes trabalhadoras por seus direitos ao longo da hist\u00f3ria. No Brasil, \u00e9 uma oportunidade para movimentos sociais, sindicatos e partidos de esquerda expressarem suas demandas, protestando contra certas pol\u00edticas governamentais e reivindicando melhorias. Tradicionalmente, o ato predominante neste dia aborda quest\u00f5es como a jornada de trabalho, os direitos dos trabalhadores e a justi\u00e7a social.<\/p>\n<h2>Implica\u00e7\u00f5es Legais dos Aatos P\u00fablicos<\/h2>\n<p>Legisla\u00e7\u00f5es brasileiras asseguram o direito \u00e0 liberdade de reuni\u00e3o. A Constitui\u00e7\u00e3o Federal estabelece que \u00e9 garantido \u00e0s pessoas o direito de se reunir pacificamente em espa\u00e7os p\u00fablicos, contanto que n\u00e3o interfira com outros eventos previamente agendados. Para organizar um ato, \u00e9 necess\u00e1rio um aviso pr\u00e9vio \u00e0 autoridade competente. No caso da Avenida Paulista, a regra foi seguida, mas o fato de o grupo Patriotas do QG ter se manifestado antes garantiu o espa\u00e7o a eles.<\/p>\n<h2>Hist\u00f3rico de Reservas de Espa\u00e7os para Protestos<\/h2>\n<p>Historicamente, a Avenida Paulista tem sido um palco importante para manifesta\u00e7\u00f5es sociais e pol\u00edticas no Brasil. A regi\u00e3o \u00e9 uma zona central e simboliza os anseios e protestos da popula\u00e7\u00e3o. O processo de reserva de espa\u00e7o p\u00fablico \u00e9 comum, mas compete aos organizadores respeitar a ordem de pedidos, tal como o fez o grupo colocou o pedido com bastante anteced\u00eancia.<\/p>\n<h2>O Papel da Pol\u00edcia Militar nas Manifesta\u00e7\u00f5es<\/h2>\n<p>A Pol\u00edcia Militar atua como mediadora em eventos p\u00fablicos, garantindo a seguran\u00e7a de todos os participantes. O protocolo de recep\u00e7\u00e3o dos of\u00edcios solicitando a reserva de espa\u00e7os \u00e9 um dos muitos procedimentos que a PM aplica. A responsabilidade de seguir a ordem cronol\u00f3gica de pedidos \u00e9 vital para que os eventos ocorram sem conflitos e respeitem a legisla\u00e7\u00e3o vigente.<\/p>\n<h2>An\u00e1lise das Demandas da Esquerda<\/h2>\n<p>Enquanto isso, a Conlutas precisou direcionar suas atividades para a Pra\u00e7a da Rep\u00fablica. Durante seu ato, planejam discutir temas relevantes como a reforma administrativa, a cr\u00edtica ao arcabou\u00e7o fiscal e o combate ao feminic\u00eddio, al\u00e9m de solicitar o fim da jornada exaustiva de trabalho 6&#215;1. Suas posi\u00e7\u00f5es est\u00e3o alinhadas com a tradi\u00e7\u00e3o de luta pela defesa dos direitos dos trabalhadores e por uma maior justi\u00e7a social.<\/p>\n<h2>A Resposta da Sociedade Civil<\/h2>\n<p>O cen\u00e1rio pol\u00edtico e social pode ser din\u00e2mico, com as rea\u00e7\u00f5es da sociedade civil variando conforme os eventos se desenrolam. A polariza\u00e7\u00e3o entre os grupos tamb\u00e9m aponta para a necessidade de di\u00e1logo e articula\u00e7\u00e3o mais efetivas para resolver os conflitos. Participantes de uma faixa da sociedade podem se alinhar com os grupos organizadores do ato da direita, enquanto outros podem apoiar a luta da Conlutas.<\/p>\n<h2>O Futuro das Manifesta\u00e7\u00f5es no Brasil<\/h2>\n<p>O Brasil vive um per\u00edodo de constantes mudan\u00e7as, e a maneira como suas manifesta\u00e7\u00f5es s\u00e3o organizadas, percebidas e geridas pode ter um impacto duradouro na esfera pol\u00edtica e social. \u00c0 medida que se aproxima o dia 1\u00ba de maio, a divis\u00e3o entre os grupos de direita e esquerda se torna mais evidente, mostrando a possibilidade de mobiliza\u00e7\u00f5es crescentes e um debate mais intenso sobre direitos e representa\u00e7\u00e3o na sociedade brasileira.<\/p>\n","protected":false},"excerpt":{"rendered":"<p>Grupo de direita prepara ato na Avenida Paulista, frustrando fechamentos da esquerda.<\/p>\n","protected":false},"author":1,"featured_media":6215,"comment_status":"open","ping_status":"","sticky":false,"template":"","format":"standard","meta":{"footnotes":""},"categories":[5],"tags":[],"class_list":["post-6216","post","type-post","status-publish","format-standard","has-post-thumbnail","hentry","category-noticias","has_thumb"],"yoast_head":"<!-- This site is optimized with the Yoast SEO plugin v26.4 - https:\/\/yoast.com\/wordpress\/plugins\/seo\/ -->\n<title>Grupo de direita reserva Avenida Paulista para 1\u00ba de Maio e frustra ato da esquerda - Encontra Avenida Paulista<\/title>\n<meta name=\"robots\" content=\"index, follow, max-snippet:-1, max-image-preview:large, max-video-preview:-1\" \/>\n<link rel=\"canonical\" href=\"https:\/\/www.encontrabelavista.com.br\/avenida-paulista\/grupo-de-direita-reserva-avenida-paulista-para-1o-de-maio-e-frustra-ato-da-esquerda-2\/\" \/>\n<meta property=\"og:locale\" content=\"pt_BR\" \/>\n<meta property=\"og:type\" content=\"article\" \/>\n<meta property=\"og:title\" content=\"Grupo de direita reserva Avenida Paulista para 1\u00ba de Maio e frustra ato da esquerda - Encontra Avenida Paulista\" \/>\n<meta property=\"og:description\" content=\"Grupo de direita prepara ato na Avenida Paulista, frustrando fechamentos da esquerda.\" \/>\n<meta property=\"og:url\" content=\"https:\/\/www.encontrabelavista.com.br\/avenida-paulista\/grupo-de-direita-reserva-avenida-paulista-para-1o-de-maio-e-frustra-ato-da-esquerda-2\/\" \/>\n<meta property=\"og:site_name\" content=\"Encontra Avenida Paulista\" \/>\n<meta property=\"article:published_time\" content=\"2026-04-30T15:24:14+00:00\" \/>\n<meta property=\"og:image\" content=\"https:\/\/www.encontrabelavista.com.br\/avenida-paulista\/wp-content\/uploads\/2026\/04\/grupo-de-direita-reserva-avenida-paulista-para-1-de-maio-e-frustra-ato-da-esquerda-1.webp\" \/>\n<meta name=\"author\" content=\"Encontra Avenida Paulista\" \/>\n<meta name=\"twitter:card\" content=\"summary_large_image\" \/>\n<meta name=\"twitter:label1\" content=\"Escrito por\" \/>\n\t<meta name=\"twitter:data1\" content=\"Encontra Avenida Paulista\" \/>\n\t<meta name=\"twitter:label2\" content=\"Est. tempo de leitura\" \/>\n\t<meta name=\"twitter:data2\" content=\"4 minutos\" \/>\n<script type=\"application\/ld+json\" class=\"yoast-schema-graph\">{\"@context\":\"https:\/\/schema.org\",\"@graph\":[{\"@type\":\"WebPage\",\"@id\":\"https:\/\/www.encontrabelavista.com.br\/avenida-paulista\/grupo-de-direita-reserva-avenida-paulista-para-1o-de-maio-e-frustra-ato-da-esquerda-2\/\",\"url\":\"https:\/\/www.encontrabelavista.com.br\/avenida-paulista\/grupo-de-direita-reserva-avenida-paulista-para-1o-de-maio-e-frustra-ato-da-esquerda-2\/\",\"name\":\"Grupo de direita reserva Avenida Paulista para 1\u00ba de Maio e frustra ato da esquerda - Encontra Avenida Paulista\",\"isPartOf\":{\"@id\":\"https:\/\/www.encontrabelavista.com.br\/avenida-paulista\/#website\"},\"primaryImageOfPage\":{\"@id\":\"https:\/\/www.encontrabelavista.com.br\/avenida-paulista\/grupo-de-direita-reserva-avenida-paulista-para-1o-de-maio-e-frustra-ato-da-esquerda-2\/#primaryimage\"},\"image\":{\"@id\":\"https:\/\/www.encontrabelavista.com.br\/avenida-paulista\/grupo-de-direita-reserva-avenida-paulista-para-1o-de-maio-e-frustra-ato-da-esquerda-2\/#primaryimage\"},\"thumbnailUrl\":\"https:\/\/www.encontrabelavista.com.br\/avenida-paulista\/wp-content\/uploads\/2026\/04\/grupo-de-direita-reserva-avenida-paulista-para-1-de-maio-e-frustra-ato-da-esquerda-1.webp\",\"datePublished\":\"2026-04-30T15:24:14+00:00\",\"author\":{\"@id\":\"https:\/\/www.encontrabelavista.com.br\/avenida-paulista\/#\/schema\/person\/63c71a69a5879155285aa7cf79ec3e40\"},\"breadcrumb\":{\"@id\":\"https:\/\/www.encontrabelavista.com.br\/avenida-paulista\/grupo-de-direita-reserva-avenida-paulista-para-1o-de-maio-e-frustra-ato-da-esquerda-2\/#breadcrumb\"},\"inLanguage\":\"pt-BR\",\"potentialAction\":[{\"@type\":\"ReadAction\",\"target\":[\"https:\/\/www.encontrabelavista.com.br\/avenida-paulista\/grupo-de-direita-reserva-avenida-paulista-para-1o-de-maio-e-frustra-ato-da-esquerda-2\/\"]}]},{\"@type\":\"ImageObject\",\"inLanguage\":\"pt-BR\",\"@id\":\"https:\/\/www.encontrabelavista.com.br\/avenida-paulista\/grupo-de-direita-reserva-avenida-paulista-para-1o-de-maio-e-frustra-ato-da-esquerda-2\/#primaryimage\",\"url\":\"https:\/\/www.encontrabelavista.com.br\/avenida-paulista\/wp-content\/uploads\/2026\/04\/grupo-de-direita-reserva-avenida-paulista-para-1-de-maio-e-frustra-ato-da-esquerda-1.webp\",\"contentUrl\":\"https:\/\/www.encontrabelavista.com.br\/avenida-paulista\/wp-content\/uploads\/2026\/04\/grupo-de-direita-reserva-avenida-paulista-para-1-de-maio-e-frustra-ato-da-esquerda-1.webp\",\"width\":280,\"height\":280,\"caption\":\"ato da esquerda\"},{\"@type\":\"BreadcrumbList\",\"@id\":\"https:\/\/www.encontrabelavista.com.br\/avenida-paulista\/grupo-de-direita-reserva-avenida-paulista-para-1o-de-maio-e-frustra-ato-da-esquerda-2\/#breadcrumb\",\"itemListElement\":[{\"@type\":\"ListItem\",\"position\":1,\"name\":\"In\u00edcio\",\"item\":\"https:\/\/www.encontrabelavista.com.br\/avenida-paulista\/\"},{\"@type\":\"ListItem\",\"position\":2,\"name\":\"Grupo de direita reserva Avenida Paulista para 1\u00ba de Maio e frustra ato da esquerda\"}]},{\"@type\":\"WebSite\",\"@id\":\"https:\/\/www.encontrabelavista.com.br\/avenida-paulista\/#website\",\"url\":\"https:\/\/www.encontrabelavista.com.br\/avenida-paulista\/\",\"name\":\"Encontra Avenida Paulista\",\"description\":\"ENCONTRA AVENIDA PAULISTA - O guia comercial de neg\u00f3cios e empresas, cultura e divers\u00e3o na Avenida Paulista. Feito 100% para voc\u00ea morador!\",\"potentialAction\":[{\"@type\":\"SearchAction\",\"target\":{\"@type\":\"EntryPoint\",\"urlTemplate\":\"https:\/\/www.encontrabelavista.com.br\/avenida-paulista\/?s={search_term_string}\"},\"query-input\":{\"@type\":\"PropertyValueSpecification\",\"valueRequired\":true,\"valueName\":\"search_term_string\"}}],\"inLanguage\":\"pt-BR\"},{\"@type\":\"Person\",\"@id\":\"https:\/\/www.encontrabelavista.com.br\/avenida-paulista\/#\/schema\/person\/63c71a69a5879155285aa7cf79ec3e40\",\"name\":\"Encontra Avenida Paulista\",\"image\":{\"@type\":\"ImageObject\",\"inLanguage\":\"pt-BR\",\"@id\":\"https:\/\/www.encontrabelavista.com.br\/avenida-paulista\/#\/schema\/person\/image\/\",\"url\":\"https:\/\/secure.gravatar.com\/avatar\/c50c17820bcf322f0a8fd6b110b8c0918141409dc69076470f6fca5fee70a5d4?s=96&d=mm&r=g\",\"contentUrl\":\"https:\/\/secure.gravatar.com\/avatar\/c50c17820bcf322f0a8fd6b110b8c0918141409dc69076470f6fca5fee70a5d4?s=96&d=mm&r=g\",\"caption\":\"Encontra Avenida Paulista\"},\"url\":\"https:\/\/www.encontrabelavista.com.br\/avenida-paulista\/author\/encontraavenidapaulista\/\"}]}<\/script>\n<!-- \/ Yoast SEO plugin. -->","yoast_head_json":{"title":"Grupo de direita reserva Avenida Paulista para 1\u00ba de Maio e frustra ato da esquerda - Encontra Avenida Paulista","robots":{"index":"index","follow":"follow","max-snippet":"max-snippet:-1","max-image-preview":"max-image-preview:large","max-video-preview":"max-video-preview:-1"},"canonical":"https:\/\/www.encontrabelavista.com.br\/avenida-paulista\/grupo-de-direita-reserva-avenida-paulista-para-1o-de-maio-e-frustra-ato-da-esquerda-2\/","og_locale":"pt_BR","og_type":"article","og_title":"Grupo de direita reserva Avenida Paulista para 1\u00ba de Maio e frustra ato da esquerda - Encontra Avenida Paulista","og_description":"Grupo de direita prepara ato na Avenida Paulista, frustrando fechamentos da esquerda.","og_url":"https:\/\/www.encontrabelavista.com.br\/avenida-paulista\/grupo-de-direita-reserva-avenida-paulista-para-1o-de-maio-e-frustra-ato-da-esquerda-2\/","og_site_name":"Encontra Avenida Paulista","article_published_time":"2026-04-30T15:24:14+00:00","og_image":[{"url":"https:\/\/www.encontrabelavista.com.br\/avenida-paulista\/wp-content\/uploads\/2026\/04\/grupo-de-direita-reserva-avenida-paulista-para-1-de-maio-e-frustra-ato-da-esquerda-1.webp","type":"","width":"","height":""}],"author":"Encontra Avenida Paulista","twitter_card":"summary_large_image","twitter_misc":{"Escrito por":"Encontra Avenida Paulista","Est. tempo de leitura":"4 minutos"},"schema":{"@context":"https:\/\/schema.org","@graph":[{"@type":"WebPage","@id":"https:\/\/www.encontrabelavista.com.br\/avenida-paulista\/grupo-de-direita-reserva-avenida-paulista-para-1o-de-maio-e-frustra-ato-da-esquerda-2\/","url":"https:\/\/www.encontrabelavista.com.br\/avenida-paulista\/grupo-de-direita-reserva-avenida-paulista-para-1o-de-maio-e-frustra-ato-da-esquerda-2\/","name":"Grupo de direita reserva Avenida Paulista para 1\u00ba de Maio e frustra ato da esquerda - Encontra Avenida Paulista","isPartOf":{"@id":"https:\/\/www.encontrabelavista.com.br\/avenida-paulista\/#website"},"primaryImageOfPage":{"@id":"https:\/\/www.encontrabelavista.com.br\/avenida-paulista\/grupo-de-direita-reserva-avenida-paulista-para-1o-de-maio-e-frustra-ato-da-esquerda-2\/#primaryimage"},"image":{"@id":"https:\/\/www.encontrabelavista.com.br\/avenida-paulista\/grupo-de-direita-reserva-avenida-paulista-para-1o-de-maio-e-frustra-ato-da-esquerda-2\/#primaryimage"},"thumbnailUrl":"https:\/\/www.encontrabelavista.com.br\/avenida-paulista\/wp-content\/uploads\/2026\/04\/grupo-de-direita-reserva-avenida-paulista-para-1-de-maio-e-frustra-ato-da-esquerda-1.webp","datePublished":"2026-04-30T15:24:14+00:00","author":{"@id":"https:\/\/www.encontrabelavista.com.br\/avenida-paulista\/#\/schema\/person\/63c71a69a5879155285aa7cf79ec3e40"},"breadcrumb":{"@id":"https:\/\/www.encontrabelavista.com.br\/avenida-paulista\/grupo-de-direita-reserva-avenida-paulista-para-1o-de-maio-e-frustra-ato-da-esquerda-2\/#breadcrumb"},"inLanguage":"pt-BR","potentialAction":[{"@type":"ReadAction","target":["https:\/\/www.encontrabelavista.com.br\/avenida-paulista\/grupo-de-direita-reserva-avenida-paulista-para-1o-de-maio-e-frustra-ato-da-esquerda-2\/"]}]},{"@type":"ImageObject","inLanguage":"pt-BR","@id":"https:\/\/www.encontrabelavista.com.br\/avenida-paulista\/grupo-de-direita-reserva-avenida-paulista-para-1o-de-maio-e-frustra-ato-da-esquerda-2\/#primaryimage","url":"https:\/\/www.encontrabelavista.com.br\/avenida-paulista\/wp-content\/uploads\/2026\/04\/grupo-de-direita-reserva-avenida-paulista-para-1-de-maio-e-frustra-ato-da-esquerda-1.webp","contentUrl":"https:\/\/www.encontrabelavista.com.br\/avenida-paulista\/wp-content\/uploads\/2026\/04\/grupo-de-direita-reserva-avenida-paulista-para-1-de-maio-e-frustra-ato-da-esquerda-1.webp","width":280,"height":280,"caption":"ato da esquerda"},{"@type":"BreadcrumbList","@id":"https:\/\/www.encontrabelavista.com.br\/avenida-paulista\/grupo-de-direita-reserva-avenida-paulista-para-1o-de-maio-e-frustra-ato-da-esquerda-2\/#breadcrumb","itemListElement":[{"@type":"ListItem","position":1,"name":"In\u00edcio","item":"https:\/\/www.encontrabelavista.com.br\/avenida-paulista\/"},{"@type":"ListItem","position":2,"name":"Grupo de direita reserva Avenida Paulista para 1\u00ba de Maio e frustra ato da esquerda"}]},{"@type":"WebSite","@id":"https:\/\/www.encontrabelavista.com.br\/avenida-paulista\/#website","url":"https:\/\/www.encontrabelavista.com.br\/avenida-paulista\/","name":"Encontra Avenida Paulista","description":"ENCONTRA AVENIDA PAULISTA - O guia comercial de neg\u00f3cios e empresas, cultura e divers\u00e3o na Avenida Paulista. Feito 100% para voc\u00ea morador!","potentialAction":[{"@type":"SearchAction","target":{"@type":"EntryPoint","urlTemplate":"https:\/\/www.encontrabelavista.com.br\/avenida-paulista\/?s={search_term_string}"},"query-input":{"@type":"PropertyValueSpecification","valueRequired":true,"valueName":"search_term_string"}}],"inLanguage":"pt-BR"},{"@type":"Person","@id":"https:\/\/www.encontrabelavista.com.br\/avenida-paulista\/#\/schema\/person\/63c71a69a5879155285aa7cf79ec3e40","name":"Encontra Avenida Paulista","image":{"@type":"ImageObject","inLanguage":"pt-BR","@id":"https:\/\/www.encontrabelavista.com.br\/avenida-paulista\/#\/schema\/person\/image\/","url":"https:\/\/secure.gravatar.com\/avatar\/c50c17820bcf322f0a8fd6b110b8c0918141409dc69076470f6fca5fee70a5d4?s=96&d=mm&r=g","contentUrl":"https:\/\/secure.gravatar.com\/avatar\/c50c17820bcf322f0a8fd6b110b8c0918141409dc69076470f6fca5fee70a5d4?s=96&d=mm&r=g","caption":"Encontra Avenida Paulista"},"url":"https:\/\/www.encontrabelavista.com.br\/avenida-paulista\/author\/encontraavenidapaulista\/"}]}},"_links":{"self":[{"href":"https:\/\/www.encontrabelavista.com.br\/avenida-paulista\/wp-json\/wp\/v2\/posts\/6216","targetHints":{"allow":["GET"]}}],"collection":[{"href":"https:\/\/www.encontrabelavista.com.br\/avenida-paulista\/wp-json\/wp\/v2\/posts"}],"about":[{"href":"https:\/\/www.encontrabelavista.com.br\/avenida-paulista\/wp-json\/wp\/v2\/types\/post"}],"author":[{"embeddable":true,"href":"https:\/\/www.encontrabelavista.com.br\/avenida-paulista\/wp-json\/wp\/v2\/users\/1"}],"replies":[{"embeddable":true,"href":"https:\/\/www.encontrabelavista.com.br\/avenida-paulista\/wp-json\/wp\/v2\/comments?post=6216"}],"version-history":[{"count":0,"href":"https:\/\/www.encontrabelavista.com.br\/avenida-paulista\/wp-json\/wp\/v2\/posts\/6216\/revisions"}],"wp:featuredmedia":[{"embeddable":true,"href":"https:\/\/www.encontrabelavista.com.br\/avenida-paulista\/wp-json\/wp\/v2\/media\/6215"}],"wp:attachment":[{"href":"https:\/\/www.encontrabelavista.com.br\/avenida-paulista\/wp-json\/wp\/v2\/media?parent=6216"}],"wp:term":[{"taxonomy":"category","embeddable":true,"href":"https:\/\/www.encontrabelavista.com.br\/avenida-paulista\/wp-json\/wp\/v2\/categories?post=6216"},{"taxonomy":"post_tag","embeddable":true,"href":"https:\/\/www.encontrabelavista.com.br\/avenida-paulista\/wp-json\/wp\/v2\/tags?post=6216"}],"curies":[{"name":"wp","href":"https:\/\/api.w.org\/{rel}","templated":true}]}}