{"id":6218,"date":"2026-04-30T12:25:08","date_gmt":"2026-04-30T15:25:08","guid":{"rendered":"https:\/\/www.encontrabelavista.com.br\/avenida-paulista\/no-dia-do-trabalhador-avenida-paulista-sera-palco-da-extrema\/"},"modified":"2026-04-30T12:25:08","modified_gmt":"2026-04-30T15:25:08","slug":"no-dia-do-trabalhador-avenida-paulista-sera-palco-da-extrema","status":"publish","type":"post","link":"https:\/\/www.encontrabelavista.com.br\/avenida-paulista\/no-dia-do-trabalhador-avenida-paulista-sera-palco-da-extrema\/","title":{"rendered":"No Dia do Trabalhador, Avenida Paulista ser\u00e1 palco da extrema"},"content":{"rendered":"<h2>Contexto do Dia do Trabalhador na Avenida Paulista<\/h2>\n<p>A Avenida Paulista, um s\u00edmbolo do centro econ\u00f4mico de S\u00e3o Paulo, se tornou um espa\u00e7o emblem\u00e1tico para as manifesta\u00e7\u00f5es do Dia do Trabalhador, comemorado em 1\u00ba de maio. Historicamente, a avenida tem sido local de mobiliza\u00e7\u00f5es que buscam n\u00e3o apenas celebrar os direitos dos trabalhadores, mas tamb\u00e9m reivindicar melhorias nas condi\u00e7\u00f5es de trabalho e justi\u00e7a social. No entanto, em 2026, a situa\u00e7\u00e3o nessa data ser\u00e1 marcada por uma polariza\u00e7\u00e3o sem precedentes, com a presen\u00e7a significativa de grupos de extrema-direita.<\/p>\n<h2>A Decis\u00e3o da Pol\u00edcia Militar e suas Consequ\u00eancias<\/h2>\n<p>No final de abril de 2026, a Pol\u00edcia Militar de S\u00e3o Paulo decidiu n\u00e3o atender ao pedido da CSP-Conlutas, um importante sindicato que representa trabalhadores e seus interesses, que solicitou a permiss\u00e3o para realizar uma manifesta\u00e7\u00e3o na Avenida Paulista. Essa negativa for\u00e7ou a CSP-Conlutas a redirecionar sua manifesta\u00e7\u00e3o para a Pra\u00e7a da Rep\u00fablica, um espa\u00e7o com menor visibilidade e impacto. Essa decis\u00e3o da pol\u00edcia levantou s\u00e9rias preocupa\u00e7\u00f5es sobre a liberdade de express\u00e3o e o direito de manifesta\u00e7\u00e3o dos trabalhadores.<\/p>\n<h2>CSP-Conlutas e a Transfer\u00eancia da Manifesta\u00e7\u00e3o<\/h2>\n<p>A transfer\u00eancia da manifesta\u00e7\u00e3o da CSP-Conlutas para a Pra\u00e7a da Rep\u00fablica foi recebida com indigna\u00e7\u00e3o pelos l\u00edderes do sindicato, que a consideraram uma &#8220;decis\u00e3o arbitr\u00e1ria&#8221; da Secretaria de Seguran\u00e7a P\u00fablica. A central argumentou que, ao negar o uso da Avenida Paulista, o governo paulista estava obstruindo o direito fundamental de protesto no Dia Internacional de Luta dos Trabalhadores. A CSP-Conlutas promoveu uma s\u00e9rie de reivindica\u00e7\u00f5es, incluindo o fim da escala 6\u00d71, que compromete a qualidade de vida dos trabalhadores.<\/p>\n<p><img decoding=\"async\" src=\"https:\/\/www.encontrabelavista.com.br\/avenida-paulista\/wp-content\/uploads\/2026\/04\/no-dia-do-trabalhador-avenida-paulista-sera-palco-da-extrema.webp\" alt=\"Avenida Paulista\" loading=\"lazy\" \/><\/p>\n<h2>Quem s\u00e3o os \u201cPatriotas do QG\u201d? <\/h2>\n<p>Enquanto a CSP-Conlutas realocou sua manifesta\u00e7\u00e3o, outro grupo, autodenominado &#8220;Patriotas do QG&#8221;, se preparava para ocupar a Avenida Paulista no mesmo dia. Liderado por Carlos Silva, um corretor de im\u00f3veis com uma presen\u00e7a crescente nas redes sociais, esse movimento \u00e9 associado a ideias conservadoras e \u00e0 defesa de pautas alinhadas \u00e0 extrema-direita no Brasil. O grupo, ainda que pequeno em termos de participa\u00e7\u00e3o p\u00fablica total, tem atra\u00eddo aten\u00e7\u00e3o devido ao seu perfil ativo nas redes sociais e seu apoio a figuras pol\u00edticas como Fl\u00e1vio Bolsonaro.<\/p>\n<h2>Apoio e Mobiliza\u00e7\u00e3o da Extrema-Direita<\/h2>\n<p>O &#8220;Patriotas do QG&#8221; contar\u00e1 com o apoio de outros movimentos menores, que, embora n\u00e3o sejam amplamente reconhecidos no debate nacional, est\u00e3o juntos sob a bandeira do Projeto Uni\u00e3o Brasil, uma organiza\u00e7\u00e3o civil com mais de cem grupos associados. Observadores pol\u00edticos apontam que essa uni\u00e3o entre v\u00e1rios grupos conservadores pode amplificar a voz da extrema-direita, especialmente em momentos de manifesta\u00e7\u00e3o p\u00fablica.<\/p>\n<h2>Reivindica\u00e7\u00f5es da CSP-Conlutas<\/h2>\n<p>Embora a CSP-Conlutas tenha sido expulsa da Avenida Paulista, suas reivindica\u00e7\u00f5es permanecem relevantes. O sindicato tem enfatizado a necessidade de uma s\u00e9rie de reformas trabalhistas, incluindo o combate \u00e0 viol\u00eancia contra as mulheres, a demarca\u00e7\u00e3o de terras ind\u00edgenas e quest\u00f5es essenciais como a reforma agr\u00e1ria. Esses pontos continuam a ser debatidos entre os trabalhadores e seus representantes, mesmo fora do local mais simb\u00f3lico, a Avenida.<\/p>\n<h2>A Import\u00e2ncia da Avenida Paulista nas Manifesta\u00e7\u00f5es<\/h2>\n<p>A Avenida Paulista \u00e9 mais do que um simples local; ela representa um microcosmo da luta pol\u00edtica no Brasil. Para muitas correntes progressistas, a ocupa\u00e7\u00e3o dela no Dia do Trabalhador simboliza a for\u00e7a e a coes\u00e3o do movimento oper\u00e1rio. As manifesta\u00e7\u00f5es ali realizadas atraem a aten\u00e7\u00e3o da m\u00eddia, do p\u00fablico em geral e dos formuladores de pol\u00edticas, o que os torna essenciais para a visibilidade das demandas trabalhistas.<\/p>\n<h2>Rea\u00e7\u00e3o da Esquerda \u00e0 Transfer\u00eancia de Local<\/h2>\n<p>A do movimento de transfer\u00eancia manteve uma rea\u00e7\u00e3o intensa entre os progressistas. Cr\u00edticos apontam que essa a\u00e7\u00e3o n\u00e3o \u00e9 apenas uma limita\u00e7\u00e3o ao espa\u00e7o de protesto mas tamb\u00e9m uma estrat\u00e9gia do governo para silenciar vozes divergentes em um momento cr\u00edtico. A CSP-Conlutas, por sua vez, se comprometeu a continuar mobilizando os trabalhadores e a m\u00eddia para amplificar suas vozes, apesar da mudan\u00e7a de local. O uso da Pra\u00e7a da Rep\u00fablica, por enquanto, \u00e9 uma alternativa, mas n\u00e3o o ideal.<\/p>\n<h2>O Papel da M\u00eddia na Cobertura do Evento<\/h2>\n<p>A cobertura da m\u00eddia sobre as manifesta\u00e7\u00f5es sempre desempenhou um papel crucial na forma\u00e7\u00e3o da opini\u00e3o p\u00fablica e na percep\u00e7\u00e3o do espa\u00e7o de manifesta\u00e7\u00e3o. Em 2026, os relatos da m\u00eddia estar\u00e3o certamente voltados para o embate entre as for\u00e7as da direita e da esquerda, na medida em que ambos os lados buscam legitimar suas mensagens. A aten\u00e7\u00e3o da m\u00eddia pode influenciar consideravelmente o sucesso das manifesta\u00e7\u00f5es e a percep\u00e7\u00e3o p\u00fablica das reivindica\u00e7\u00f5es de ambos os lados.<\/p>\n<h2>Reflex\u00e3o sobre Liberdade de Express\u00e3o<\/h2>\n<p>O caso da Avenida Paulista em 2026 levanta quest\u00f5es importantes sobre a liberdade de express\u00e3o no Brasil. Quando as autoridades negam espa\u00e7o a manifesta\u00e7\u00f5es leg\u00edtimas de grupos trabalhistas, isso pode ser interpretado como um ataque \u00e0 democracia e aos direitos civis. A din\u00e2mica do 1\u00ba de maio de 2026 reflete as tens\u00f5es atuais na sociedade brasileira, onde a luta por direitos e representa\u00e7\u00e3o se torna cada vez mais desafiadora e complexa.<\/p>\n","protected":false},"excerpt":{"rendered":"<p>Avenida Paulista ser\u00e1 palco de manifesta\u00e7\u00e3o da extrema-direita no Dia do Trabalhador, entenda os detalhes.<\/p>\n","protected":false},"author":1,"featured_media":6217,"comment_status":"open","ping_status":"","sticky":false,"template":"","format":"standard","meta":{"footnotes":""},"categories":[5],"tags":[],"class_list":["post-6218","post","type-post","status-publish","format-standard","has-post-thumbnail","hentry","category-noticias","has_thumb"],"yoast_head":"<!-- This site is optimized with the Yoast SEO plugin v26.4 - https:\/\/yoast.com\/wordpress\/plugins\/seo\/ -->\n<title>No Dia do Trabalhador, Avenida Paulista ser\u00e1 palco da extrema - Encontra Avenida Paulista<\/title>\n<meta name=\"robots\" content=\"index, follow, max-snippet:-1, max-image-preview:large, max-video-preview:-1\" \/>\n<link rel=\"canonical\" href=\"https:\/\/www.encontrabelavista.com.br\/avenida-paulista\/no-dia-do-trabalhador-avenida-paulista-sera-palco-da-extrema\/\" \/>\n<meta property=\"og:locale\" content=\"pt_BR\" \/>\n<meta property=\"og:type\" content=\"article\" \/>\n<meta property=\"og:title\" content=\"No Dia do Trabalhador, Avenida Paulista ser\u00e1 palco da extrema - Encontra Avenida Paulista\" \/>\n<meta property=\"og:description\" content=\"Avenida Paulista ser\u00e1 palco de manifesta\u00e7\u00e3o da extrema-direita no Dia do Trabalhador, entenda os detalhes.\" \/>\n<meta property=\"og:url\" content=\"https:\/\/www.encontrabelavista.com.br\/avenida-paulista\/no-dia-do-trabalhador-avenida-paulista-sera-palco-da-extrema\/\" \/>\n<meta property=\"og:site_name\" content=\"Encontra Avenida Paulista\" \/>\n<meta property=\"article:published_time\" content=\"2026-04-30T15:25:08+00:00\" \/>\n<meta property=\"og:image\" content=\"https:\/\/www.encontrabelavista.com.br\/avenida-paulista\/wp-content\/uploads\/2026\/04\/no-dia-do-trabalhador-avenida-paulista-sera-palco-da-extrema.webp\" \/>\n<meta name=\"author\" content=\"Encontra Avenida Paulista\" \/>\n<meta name=\"twitter:card\" content=\"summary_large_image\" \/>\n<meta name=\"twitter:label1\" content=\"Escrito por\" \/>\n\t<meta name=\"twitter:data1\" content=\"Encontra Avenida Paulista\" \/>\n\t<meta name=\"twitter:label2\" content=\"Est. tempo de leitura\" \/>\n\t<meta name=\"twitter:data2\" content=\"5 minutos\" \/>\n<script type=\"application\/ld+json\" class=\"yoast-schema-graph\">{\"@context\":\"https:\/\/schema.org\",\"@graph\":[{\"@type\":\"WebPage\",\"@id\":\"https:\/\/www.encontrabelavista.com.br\/avenida-paulista\/no-dia-do-trabalhador-avenida-paulista-sera-palco-da-extrema\/\",\"url\":\"https:\/\/www.encontrabelavista.com.br\/avenida-paulista\/no-dia-do-trabalhador-avenida-paulista-sera-palco-da-extrema\/\",\"name\":\"No Dia do Trabalhador, Avenida Paulista ser\u00e1 palco da extrema - Encontra Avenida Paulista\",\"isPartOf\":{\"@id\":\"https:\/\/www.encontrabelavista.com.br\/avenida-paulista\/#website\"},\"primaryImageOfPage\":{\"@id\":\"https:\/\/www.encontrabelavista.com.br\/avenida-paulista\/no-dia-do-trabalhador-avenida-paulista-sera-palco-da-extrema\/#primaryimage\"},\"image\":{\"@id\":\"https:\/\/www.encontrabelavista.com.br\/avenida-paulista\/no-dia-do-trabalhador-avenida-paulista-sera-palco-da-extrema\/#primaryimage\"},\"thumbnailUrl\":\"https:\/\/www.encontrabelavista.com.br\/avenida-paulista\/wp-content\/uploads\/2026\/04\/no-dia-do-trabalhador-avenida-paulista-sera-palco-da-extrema.webp\",\"datePublished\":\"2026-04-30T15:25:08+00:00\",\"author\":{\"@id\":\"https:\/\/www.encontrabelavista.com.br\/avenida-paulista\/#\/schema\/person\/63c71a69a5879155285aa7cf79ec3e40\"},\"breadcrumb\":{\"@id\":\"https:\/\/www.encontrabelavista.com.br\/avenida-paulista\/no-dia-do-trabalhador-avenida-paulista-sera-palco-da-extrema\/#breadcrumb\"},\"inLanguage\":\"pt-BR\",\"potentialAction\":[{\"@type\":\"ReadAction\",\"target\":[\"https:\/\/www.encontrabelavista.com.br\/avenida-paulista\/no-dia-do-trabalhador-avenida-paulista-sera-palco-da-extrema\/\"]}]},{\"@type\":\"ImageObject\",\"inLanguage\":\"pt-BR\",\"@id\":\"https:\/\/www.encontrabelavista.com.br\/avenida-paulista\/no-dia-do-trabalhador-avenida-paulista-sera-palco-da-extrema\/#primaryimage\",\"url\":\"https:\/\/www.encontrabelavista.com.br\/avenida-paulista\/wp-content\/uploads\/2026\/04\/no-dia-do-trabalhador-avenida-paulista-sera-palco-da-extrema.webp\",\"contentUrl\":\"https:\/\/www.encontrabelavista.com.br\/avenida-paulista\/wp-content\/uploads\/2026\/04\/no-dia-do-trabalhador-avenida-paulista-sera-palco-da-extrema.webp\",\"width\":280,\"height\":280,\"caption\":\"Avenida Paulista\"},{\"@type\":\"BreadcrumbList\",\"@id\":\"https:\/\/www.encontrabelavista.com.br\/avenida-paulista\/no-dia-do-trabalhador-avenida-paulista-sera-palco-da-extrema\/#breadcrumb\",\"itemListElement\":[{\"@type\":\"ListItem\",\"position\":1,\"name\":\"In\u00edcio\",\"item\":\"https:\/\/www.encontrabelavista.com.br\/avenida-paulista\/\"},{\"@type\":\"ListItem\",\"position\":2,\"name\":\"No Dia do Trabalhador, Avenida Paulista ser\u00e1 palco da extrema\"}]},{\"@type\":\"WebSite\",\"@id\":\"https:\/\/www.encontrabelavista.com.br\/avenida-paulista\/#website\",\"url\":\"https:\/\/www.encontrabelavista.com.br\/avenida-paulista\/\",\"name\":\"Encontra Avenida Paulista\",\"description\":\"ENCONTRA AVENIDA PAULISTA - O guia comercial de neg\u00f3cios e empresas, cultura e divers\u00e3o na Avenida Paulista. Feito 100% para voc\u00ea morador!\",\"potentialAction\":[{\"@type\":\"SearchAction\",\"target\":{\"@type\":\"EntryPoint\",\"urlTemplate\":\"https:\/\/www.encontrabelavista.com.br\/avenida-paulista\/?s={search_term_string}\"},\"query-input\":{\"@type\":\"PropertyValueSpecification\",\"valueRequired\":true,\"valueName\":\"search_term_string\"}}],\"inLanguage\":\"pt-BR\"},{\"@type\":\"Person\",\"@id\":\"https:\/\/www.encontrabelavista.com.br\/avenida-paulista\/#\/schema\/person\/63c71a69a5879155285aa7cf79ec3e40\",\"name\":\"Encontra Avenida Paulista\",\"image\":{\"@type\":\"ImageObject\",\"inLanguage\":\"pt-BR\",\"@id\":\"https:\/\/www.encontrabelavista.com.br\/avenida-paulista\/#\/schema\/person\/image\/\",\"url\":\"https:\/\/secure.gravatar.com\/avatar\/c50c17820bcf322f0a8fd6b110b8c0918141409dc69076470f6fca5fee70a5d4?s=96&d=mm&r=g\",\"contentUrl\":\"https:\/\/secure.gravatar.com\/avatar\/c50c17820bcf322f0a8fd6b110b8c0918141409dc69076470f6fca5fee70a5d4?s=96&d=mm&r=g\",\"caption\":\"Encontra Avenida Paulista\"},\"url\":\"https:\/\/www.encontrabelavista.com.br\/avenida-paulista\/author\/encontraavenidapaulista\/\"}]}<\/script>\n<!-- \/ Yoast SEO plugin. -->","yoast_head_json":{"title":"No Dia do Trabalhador, Avenida Paulista ser\u00e1 palco da extrema - Encontra Avenida Paulista","robots":{"index":"index","follow":"follow","max-snippet":"max-snippet:-1","max-image-preview":"max-image-preview:large","max-video-preview":"max-video-preview:-1"},"canonical":"https:\/\/www.encontrabelavista.com.br\/avenida-paulista\/no-dia-do-trabalhador-avenida-paulista-sera-palco-da-extrema\/","og_locale":"pt_BR","og_type":"article","og_title":"No Dia do Trabalhador, Avenida Paulista ser\u00e1 palco da extrema - Encontra Avenida Paulista","og_description":"Avenida Paulista ser\u00e1 palco de manifesta\u00e7\u00e3o da extrema-direita no Dia do Trabalhador, entenda os detalhes.","og_url":"https:\/\/www.encontrabelavista.com.br\/avenida-paulista\/no-dia-do-trabalhador-avenida-paulista-sera-palco-da-extrema\/","og_site_name":"Encontra Avenida Paulista","article_published_time":"2026-04-30T15:25:08+00:00","og_image":[{"url":"https:\/\/www.encontrabelavista.com.br\/avenida-paulista\/wp-content\/uploads\/2026\/04\/no-dia-do-trabalhador-avenida-paulista-sera-palco-da-extrema.webp","type":"","width":"","height":""}],"author":"Encontra Avenida Paulista","twitter_card":"summary_large_image","twitter_misc":{"Escrito por":"Encontra Avenida Paulista","Est. tempo de leitura":"5 minutos"},"schema":{"@context":"https:\/\/schema.org","@graph":[{"@type":"WebPage","@id":"https:\/\/www.encontrabelavista.com.br\/avenida-paulista\/no-dia-do-trabalhador-avenida-paulista-sera-palco-da-extrema\/","url":"https:\/\/www.encontrabelavista.com.br\/avenida-paulista\/no-dia-do-trabalhador-avenida-paulista-sera-palco-da-extrema\/","name":"No Dia do Trabalhador, Avenida Paulista ser\u00e1 palco da extrema - Encontra Avenida Paulista","isPartOf":{"@id":"https:\/\/www.encontrabelavista.com.br\/avenida-paulista\/#website"},"primaryImageOfPage":{"@id":"https:\/\/www.encontrabelavista.com.br\/avenida-paulista\/no-dia-do-trabalhador-avenida-paulista-sera-palco-da-extrema\/#primaryimage"},"image":{"@id":"https:\/\/www.encontrabelavista.com.br\/avenida-paulista\/no-dia-do-trabalhador-avenida-paulista-sera-palco-da-extrema\/#primaryimage"},"thumbnailUrl":"https:\/\/www.encontrabelavista.com.br\/avenida-paulista\/wp-content\/uploads\/2026\/04\/no-dia-do-trabalhador-avenida-paulista-sera-palco-da-extrema.webp","datePublished":"2026-04-30T15:25:08+00:00","author":{"@id":"https:\/\/www.encontrabelavista.com.br\/avenida-paulista\/#\/schema\/person\/63c71a69a5879155285aa7cf79ec3e40"},"breadcrumb":{"@id":"https:\/\/www.encontrabelavista.com.br\/avenida-paulista\/no-dia-do-trabalhador-avenida-paulista-sera-palco-da-extrema\/#breadcrumb"},"inLanguage":"pt-BR","potentialAction":[{"@type":"ReadAction","target":["https:\/\/www.encontrabelavista.com.br\/avenida-paulista\/no-dia-do-trabalhador-avenida-paulista-sera-palco-da-extrema\/"]}]},{"@type":"ImageObject","inLanguage":"pt-BR","@id":"https:\/\/www.encontrabelavista.com.br\/avenida-paulista\/no-dia-do-trabalhador-avenida-paulista-sera-palco-da-extrema\/#primaryimage","url":"https:\/\/www.encontrabelavista.com.br\/avenida-paulista\/wp-content\/uploads\/2026\/04\/no-dia-do-trabalhador-avenida-paulista-sera-palco-da-extrema.webp","contentUrl":"https:\/\/www.encontrabelavista.com.br\/avenida-paulista\/wp-content\/uploads\/2026\/04\/no-dia-do-trabalhador-avenida-paulista-sera-palco-da-extrema.webp","width":280,"height":280,"caption":"Avenida Paulista"},{"@type":"BreadcrumbList","@id":"https:\/\/www.encontrabelavista.com.br\/avenida-paulista\/no-dia-do-trabalhador-avenida-paulista-sera-palco-da-extrema\/#breadcrumb","itemListElement":[{"@type":"ListItem","position":1,"name":"In\u00edcio","item":"https:\/\/www.encontrabelavista.com.br\/avenida-paulista\/"},{"@type":"ListItem","position":2,"name":"No Dia do Trabalhador, Avenida Paulista ser\u00e1 palco da extrema"}]},{"@type":"WebSite","@id":"https:\/\/www.encontrabelavista.com.br\/avenida-paulista\/#website","url":"https:\/\/www.encontrabelavista.com.br\/avenida-paulista\/","name":"Encontra Avenida Paulista","description":"ENCONTRA AVENIDA PAULISTA - O guia comercial de neg\u00f3cios e empresas, cultura e divers\u00e3o na Avenida Paulista. Feito 100% para voc\u00ea morador!","potentialAction":[{"@type":"SearchAction","target":{"@type":"EntryPoint","urlTemplate":"https:\/\/www.encontrabelavista.com.br\/avenida-paulista\/?s={search_term_string}"},"query-input":{"@type":"PropertyValueSpecification","valueRequired":true,"valueName":"search_term_string"}}],"inLanguage":"pt-BR"},{"@type":"Person","@id":"https:\/\/www.encontrabelavista.com.br\/avenida-paulista\/#\/schema\/person\/63c71a69a5879155285aa7cf79ec3e40","name":"Encontra Avenida Paulista","image":{"@type":"ImageObject","inLanguage":"pt-BR","@id":"https:\/\/www.encontrabelavista.com.br\/avenida-paulista\/#\/schema\/person\/image\/","url":"https:\/\/secure.gravatar.com\/avatar\/c50c17820bcf322f0a8fd6b110b8c0918141409dc69076470f6fca5fee70a5d4?s=96&d=mm&r=g","contentUrl":"https:\/\/secure.gravatar.com\/avatar\/c50c17820bcf322f0a8fd6b110b8c0918141409dc69076470f6fca5fee70a5d4?s=96&d=mm&r=g","caption":"Encontra Avenida Paulista"},"url":"https:\/\/www.encontrabelavista.com.br\/avenida-paulista\/author\/encontraavenidapaulista\/"}]}},"_links":{"self":[{"href":"https:\/\/www.encontrabelavista.com.br\/avenida-paulista\/wp-json\/wp\/v2\/posts\/6218","targetHints":{"allow":["GET"]}}],"collection":[{"href":"https:\/\/www.encontrabelavista.com.br\/avenida-paulista\/wp-json\/wp\/v2\/posts"}],"about":[{"href":"https:\/\/www.encontrabelavista.com.br\/avenida-paulista\/wp-json\/wp\/v2\/types\/post"}],"author":[{"embeddable":true,"href":"https:\/\/www.encontrabelavista.com.br\/avenida-paulista\/wp-json\/wp\/v2\/users\/1"}],"replies":[{"embeddable":true,"href":"https:\/\/www.encontrabelavista.com.br\/avenida-paulista\/wp-json\/wp\/v2\/comments?post=6218"}],"version-history":[{"count":0,"href":"https:\/\/www.encontrabelavista.com.br\/avenida-paulista\/wp-json\/wp\/v2\/posts\/6218\/revisions"}],"wp:featuredmedia":[{"embeddable":true,"href":"https:\/\/www.encontrabelavista.com.br\/avenida-paulista\/wp-json\/wp\/v2\/media\/6217"}],"wp:attachment":[{"href":"https:\/\/www.encontrabelavista.com.br\/avenida-paulista\/wp-json\/wp\/v2\/media?parent=6218"}],"wp:term":[{"taxonomy":"category","embeddable":true,"href":"https:\/\/www.encontrabelavista.com.br\/avenida-paulista\/wp-json\/wp\/v2\/categories?post=6218"},{"taxonomy":"post_tag","embeddable":true,"href":"https:\/\/www.encontrabelavista.com.br\/avenida-paulista\/wp-json\/wp\/v2\/tags?post=6218"}],"curies":[{"name":"wp","href":"https:\/\/api.w.org\/{rel}","templated":true}]}}