{"id":6220,"date":"2026-05-01T12:38:05","date_gmt":"2026-05-01T15:38:05","guid":{"rendered":"https:\/\/www.encontrabelavista.com.br\/avenida-paulista\/o-que-se-sabe-sobre-o-grupo-conservador-que-vai-ocupar-a-avenida-paulista-no-1o-de-maio\/"},"modified":"2026-05-01T12:38:05","modified_gmt":"2026-05-01T15:38:05","slug":"o-que-se-sabe-sobre-o-grupo-conservador-que-vai-ocupar-a-avenida-paulista-no-1o-de-maio","status":"publish","type":"post","link":"https:\/\/www.encontrabelavista.com.br\/avenida-paulista\/o-que-se-sabe-sobre-o-grupo-conservador-que-vai-ocupar-a-avenida-paulista-no-1o-de-maio\/","title":{"rendered":"O que se sabe sobre o grupo conservador que vai ocupar a Avenida Paulista no 1\u00ba de Maio"},"content":{"rendered":"<h2>Quem s\u00e3o os movimentos conservadores na Paulista?<\/h2>\n<p>O pr\u00f3ximo Dia do Trabalho, em 1\u00ba de Maio, ver\u00e1 a <strong>Avenida Paulista<\/strong> como palco exclusivo para tr\u00eas agrupamentos conservadores: <strong>Patriotas do QG<\/strong>, <strong>Voz da Na\u00e7\u00e3o<\/strong> e <strong>Marcha da Liberdade<\/strong>. Esses movimentos, embora tenham visibilidade limitada at\u00e9 o momento, conseguiram garantir autoriza\u00e7\u00e3o da Pol\u00edcia Militar para a utiliza\u00e7\u00e3o da via, baseando-se na ordem de anteced\u00eancia das solicita\u00e7\u00f5es.<\/p>\n<p>O <strong>Patriotas do QG<\/strong> se destaca como o principal organizador do evento, sob a lideran\u00e7a de Carlos Dias, um corretor de im\u00f3veis que tem frequentemente suas atividades associadas ao movimento bolsonarista nas redes sociais. Em compara\u00e7\u00e3o, os outros dois grupos apresentam uma presen\u00e7a digital mais restrita e suas atividades s\u00e3o menos conhecidas.<\/p>\n<h2>A import\u00e2ncia do 1\u00ba de Maio na Avenida Paulista<\/h2>\n<p>A Avenida Paulista, tradicionalmente um espa\u00e7o reservado para manifesta\u00e7\u00f5es diversas, assume um car\u00e1ter distinto neste 1\u00ba de Maio. Este evento \u00e9 estrat\u00e9gico para os grupos conservadores, oferecendo uma oportunidade de afirmar suas pautas e fortalecer a visibilidade de sua agenda pol\u00edtica. O evento deste ano tem uma inten\u00e7\u00e3o clara de evitar conflitos e apresentar uma imagem mais institucional, na tentativa de unir as bases conservadoras sob um mesmo clamor.<\/p>\n<p><img decoding=\"async\" src=\"https:\/\/www.encontrabelavista.com.br\/avenida-paulista\/wp-content\/uploads\/2026\/05\/o-que-se-sabe-sobre-o-grupo-conservador-que-vai-ocupar-a-avenida-paulista-no-1-de-maio.webp\" alt=\"grupo conservador Avenida Paulista 1\u00ba de Maio\" loading=\"lazy\" \/><\/p>\n<p>Os organizadores planearam uma programa\u00e7\u00e3o que inclui louvores e discursos em prol dos valores crist\u00e3os e patri\u00f3ticos, visando atrair um p\u00fablico diversificado que compartilhe dessas cren\u00e7as. A descri\u00e7\u00e3o do evento revela uma tentativa deliberada de afastar a hostilidade, promovendo um culto pac\u00edfico em um ambiente que poderia ser polarizador.<\/p>\n<h2>A decis\u00e3o da Pol\u00edcia Militar e suas implica\u00e7\u00f5es<\/h2>\n<p>A autoriza\u00e7\u00e3o da <strong>Pol\u00edcia Militar<\/strong> para a realiza\u00e7\u00e3o do evento na Avenida Paulista foi decisiva e fundamentou-se na an\u00e1lise da ordem de chegada dos pedidos de uso do espa\u00e7o. O <strong>Patriotas do QG<\/strong> teve a vantagem por ter feito a sua solicita\u00e7\u00e3o h\u00e1 mais tempo, ainda em 2025. Essa decis\u00e3o gerou um efeito cascata, resultando na rejei\u00e7\u00e3o de outros cinco pedidos, que inclu\u00edam manifesta\u00e7\u00f5es de centrais sindicais vinculadas \u00e0 esquerda.<\/p>\n<p>Al\u00e9m disso, a PM considerou a seguran\u00e7a p\u00fablica ao tomar sua decis\u00e3o, reconhecendo que a proximidade do per\u00edodo eleitoral traz um potencial de tens\u00e3o e conflitos. Esse contexto refor\u00e7a a import\u00e2ncia do controle das manifesta\u00e7\u00f5es, que s\u00e3o sens\u00edveis e podem gerar rea\u00e7\u00f5es adversas, especialmente em um ambiente polarizado.<\/p>\n<h2>Entenda o Projeto Uni\u00e3o Brasil e seus objetivos<\/h2>\n<p>Os tr\u00eas grupos que v\u00e3o se manifestar est\u00e3o associados ao <strong>Projeto Uni\u00e3o Brasil<\/strong>, uma organiza\u00e7\u00e3o civil que surgiu em 2019 e que re\u00fane diversos movimentos com orienta\u00e7\u00f5es conservadoras, crist\u00e3s e patri\u00f3ticas. O projeto conta com a presen\u00e7a de mais de uma centena de entusiastas e militantes que defendem pol\u00edticas alinhadas ao conservadorismo.<\/p>\n<p>Embora os organizadores afirmem que o projeto n\u00e3o est\u00e1 atrelado a partidos pol\u00edticos espec\u00edficos ou campanhas eleitorais, sua estrutura evidencia uma capacidade de mobiliza\u00e7\u00e3o que pode influenciar o cen\u00e1rio pol\u00edtico atual. O Projeto Uni\u00e3o Brasil busca unir diferentes frentes em prol de um mesmo objetivo, caracterizando-se como um fen\u00f4meno relevante no panorama pol\u00edtico.<\/p>\n<h2>Ato conservador vs. protestos da esquerda: o que esperar?<\/h2>\n<p>A expectativa em rela\u00e7\u00e3o ao ato deste ano \u00e9 que, enquanto grupos conservadores tomam a Avenida Paulista, movimentos da esquerda busquem alternativas em outras localidades da cidade. Ap\u00f3s a decis\u00e3o da PM, centrais sindicais e figuras pol\u00edticas de oposi\u00e7\u00e3o reprogramaram suas atividades, emocionadas para se manifestar em \u00e1reas como a <strong>Pra\u00e7a da Rep\u00fablica<\/strong> e a <strong>Pra\u00e7a Roosevelt<\/strong>, que tamb\u00e9m ter\u00e3o atos de protesto no mesmo hor\u00e1rio que a manifesta\u00e7\u00e3o conservadora.<\/p>\n<p>A divis\u00e3o geogr\u00e1fica dos atos provavelmente intensificar\u00e1 a polariza\u00e7\u00e3o no debate p\u00fablico, evidenciando a crescente separa\u00e7\u00e3o das narrativas em torno de temas sociais, econ\u00f4micos e pol\u00edticos no Brasil. Cada grupo tentar\u00e1 maximizar a visibilidade de suas pautas, recorrendo a estrat\u00e9gias de mobiliza\u00e7\u00e3o que se alinham ao perfil de seu p\u00fablico-alvo.<\/p>\n<h2>A estrutura dos grupos Patriotas do QG e Voz da Na\u00e7\u00e3o<\/h2>\n<p>O <strong>Patriotas do QG<\/strong> e a <strong>Voz da Na\u00e7\u00e3o<\/strong> apresentam caracter\u00edsticas distintas enquanto organiza\u00e7\u00f5es. O primeiro, com uma forte presen\u00e7a digital e lideran\u00e7as bem definidas, utiliza as redes sociais para disseminar suas ideias e angariar apoio. O segundo, embora menos organizado em termos de comunica\u00e7\u00e3o, possui um apelo significativo entre as bases que buscam ser ouvidas.<\/p>\n<p>Ambos os grupos, ao se unirem, criam uma frente coesa, determinada a solidificar sua influ\u00eancia no debate p\u00fablico. Sua capacidade de mobiliza\u00e7\u00e3o ser\u00e1 testada neste evento do 1\u00ba de Maio, pois consideram isso uma oportunidade crucial para consolidar sua presen\u00e7a e refor\u00e7ar suas demandas.<\/p>\n<h2>Hist\u00f3rico de atos conservadores na Avenida Paulista<\/h2>\n<p>O hist\u00f3rico de eventos organizados por esses grupos revela um padr\u00e3o de atua\u00e7\u00e3o que pode ser observado em outras mobiliza\u00e7\u00f5es passadas. Um exemplo not\u00e1vel foi o ato realizado em 1\u00ba de Maio de 2021, que contou com a participa\u00e7\u00e3o de importantes figuras do conservadorismo nacional, como <strong>Carla Zambelli<\/strong> e <strong>Roberto Jefferson<\/strong>.<\/p>\n<p>Naquela ocasi\u00e3o, foram abordados temas como cr\u00edticas ao sistema eleitoral e as a\u00e7\u00f5es do governo em resposta \u00e0 pandemia de COVID-19. Historicamente, esses atos t\u00eam sido oportunidades para expressar insatisfa\u00e7\u00f5es com a atualidade, unindo apoiadores sob um mesmo ideal, frequentemente centrado em agendas conservadoras.<\/p>\n<h2>Seguran\u00e7a e organiza\u00e7\u00e3o do evento deste ano<\/h2>\n<p>A seguran\u00e7a do evento ser\u00e1 uma prioridade para a Pol\u00edcia Militar, que j\u00e1 indicou que haver\u00e1 um forte esquema de seguran\u00e7a na Avenida Paulista. As diretrizes foram estabelecidas para garantir que a manifesta\u00e7\u00e3o transcorra de maneira organizada, evitando qualquer tipo de conflito. Os organizadores confirmaram que foi acordado um protocolo para o uso de carros de som, que ser\u00e3o distribu\u00eddos em pontos estrat\u00e9gicos da via, como o <strong>Masp<\/strong> e a sede da <strong>Fiesp<\/strong>.<\/p>\n<p>Prev\u00ea-se tamb\u00e9m que as interven\u00e7\u00f5es n\u00e3o somente respeitar\u00e3o o tempo estipulado para os discursos, como tamb\u00e9m promover\u00e3o um ambiente em que a express\u00e3o dos valores conservadores esteja livre de qualquer tipo de intimida\u00e7\u00e3o ou hostilidade.<\/p>\n<h2>As consequ\u00eancias para as manifesta\u00e7\u00f5es da esquerda<\/h2>\n<p>Com a defini\u00e7\u00e3o dos espa\u00e7os para as manifestantes da direita, as organiza\u00e7\u00f5es de esquerda devem se adaptar a um cen\u00e1rio desafiador. A reprograma\u00e7\u00e3o de seus atos para outras pra\u00e7as \u00e9 uma estrat\u00e9gia n\u00e3o apenas para manter a presen\u00e7a vis\u00edvel, mas tamb\u00e9m para preservar a seguran\u00e7a de seus participantes. A quest\u00e3o agora \u00e9 como estas manifesta\u00e7\u00f5es poder\u00e3o ressoar e impactar o debate p\u00fablico se estiverem desalinhadas geograficamente dos atos conservadores.<\/p>\n<p>Essa separa\u00e7\u00e3o promove discuss\u00f5es sobre as estrat\u00e9gias de mobiliza\u00e7\u00e3o, e quais narrativas conseguir\u00e3o ganhar mais visibilidade em um per\u00edodo marcado por tens\u00e3o e polariza\u00e7\u00e3o. O impacto da ocupa\u00e7\u00e3o da Avenida Paulista pelos conservadores pode refor\u00e7ar a necessidade de os movimentos progressistas se adaptarem rapidamente, caso queiram manter uma voz forte no di\u00e1logo pol\u00edtico atual.<\/p>\n<h2>Reflex\u00f5es sobre o cen\u00e1rio pol\u00edtico e social brasileiro<\/h2>\n<p>A manifesta\u00e7\u00e3o do 1\u00ba de Maio na Avenida Paulista n\u00e3o \u00e9 apenas um ato de celebra\u00e7\u00e3o do Dia do Trabalho, mas antes uma express\u00e3o poderosa da polariza\u00e7\u00e3o vivida atualmente no Brasil. A separa\u00e7\u00e3o de espa\u00e7os e a organiza\u00e7\u00e3o de atos concorrentes indicam uma sociedade fragmentada, onde as vozes conservadoras e progressistas se afastam ainda mais. O evento ser\u00e1 observador para entender n\u00e3o apenas a for\u00e7a desses grupos, mas tamb\u00e9m o futuro do di\u00e1logo pol\u00edtico no pa\u00eds.<\/p>\n<p>A defini\u00e7\u00e3o de plataformas e prioridades na data demonstra o que est\u00e1 em jogo no contexto atual, enquanto ambos os lados buscam se afirmar como leg\u00edtimos representantes de suas causas. O resultado deste 1\u00ba de Maio pode servir como um term\u00f4metro para as pr\u00f3ximas elei\u00e7\u00f5es e para a din\u00e2mica de debates sociais que se promete movimentos diferentes ao longo do ano.<\/p>\n","protected":false},"excerpt":{"rendered":"<p>Grupos conservadores garantir\u00e3o a exclusividade da Avenida Paulista no 1\u00ba de Maio.<\/p>\n","protected":false},"author":1,"featured_media":6219,"comment_status":"open","ping_status":"","sticky":false,"template":"","format":"standard","meta":{"footnotes":""},"categories":[5],"tags":[],"class_list":["post-6220","post","type-post","status-publish","format-standard","has-post-thumbnail","hentry","category-noticias","has_thumb"],"yoast_head":"<!-- This site is optimized with the Yoast SEO plugin v26.4 - https:\/\/yoast.com\/wordpress\/plugins\/seo\/ -->\n<title>O que se sabe sobre o grupo conservador que vai ocupar a Avenida Paulista no 1\u00ba de Maio - Encontra Avenida Paulista<\/title>\n<meta name=\"robots\" content=\"index, follow, max-snippet:-1, max-image-preview:large, max-video-preview:-1\" \/>\n<link rel=\"canonical\" href=\"https:\/\/www.encontrabelavista.com.br\/avenida-paulista\/o-que-se-sabe-sobre-o-grupo-conservador-que-vai-ocupar-a-avenida-paulista-no-1o-de-maio\/\" \/>\n<meta property=\"og:locale\" content=\"pt_BR\" \/>\n<meta property=\"og:type\" content=\"article\" \/>\n<meta property=\"og:title\" content=\"O que se sabe sobre o grupo conservador que vai ocupar a Avenida Paulista no 1\u00ba de Maio - Encontra Avenida Paulista\" \/>\n<meta property=\"og:description\" content=\"Grupos conservadores garantir\u00e3o a exclusividade da Avenida Paulista no 1\u00ba de Maio.\" \/>\n<meta property=\"og:url\" content=\"https:\/\/www.encontrabelavista.com.br\/avenida-paulista\/o-que-se-sabe-sobre-o-grupo-conservador-que-vai-ocupar-a-avenida-paulista-no-1o-de-maio\/\" \/>\n<meta property=\"og:site_name\" content=\"Encontra Avenida Paulista\" \/>\n<meta property=\"article:published_time\" content=\"2026-05-01T15:38:05+00:00\" \/>\n<meta property=\"og:image\" content=\"https:\/\/www.encontrabelavista.com.br\/avenida-paulista\/wp-content\/uploads\/2026\/05\/o-que-se-sabe-sobre-o-grupo-conservador-que-vai-ocupar-a-avenida-paulista-no-1-de-maio.webp\" \/>\n<meta name=\"author\" content=\"Encontra Avenida Paulista\" \/>\n<meta name=\"twitter:card\" content=\"summary_large_image\" \/>\n<meta name=\"twitter:label1\" content=\"Escrito por\" \/>\n\t<meta name=\"twitter:data1\" content=\"Encontra Avenida Paulista\" \/>\n\t<meta name=\"twitter:label2\" content=\"Est. tempo de leitura\" \/>\n\t<meta name=\"twitter:data2\" content=\"7 minutos\" \/>\n<script type=\"application\/ld+json\" class=\"yoast-schema-graph\">{\"@context\":\"https:\/\/schema.org\",\"@graph\":[{\"@type\":\"WebPage\",\"@id\":\"https:\/\/www.encontrabelavista.com.br\/avenida-paulista\/o-que-se-sabe-sobre-o-grupo-conservador-que-vai-ocupar-a-avenida-paulista-no-1o-de-maio\/\",\"url\":\"https:\/\/www.encontrabelavista.com.br\/avenida-paulista\/o-que-se-sabe-sobre-o-grupo-conservador-que-vai-ocupar-a-avenida-paulista-no-1o-de-maio\/\",\"name\":\"O que se sabe sobre o grupo conservador que vai ocupar a Avenida Paulista no 1\u00ba de Maio - Encontra Avenida Paulista\",\"isPartOf\":{\"@id\":\"https:\/\/www.encontrabelavista.com.br\/avenida-paulista\/#website\"},\"primaryImageOfPage\":{\"@id\":\"https:\/\/www.encontrabelavista.com.br\/avenida-paulista\/o-que-se-sabe-sobre-o-grupo-conservador-que-vai-ocupar-a-avenida-paulista-no-1o-de-maio\/#primaryimage\"},\"image\":{\"@id\":\"https:\/\/www.encontrabelavista.com.br\/avenida-paulista\/o-que-se-sabe-sobre-o-grupo-conservador-que-vai-ocupar-a-avenida-paulista-no-1o-de-maio\/#primaryimage\"},\"thumbnailUrl\":\"https:\/\/www.encontrabelavista.com.br\/avenida-paulista\/wp-content\/uploads\/2026\/05\/o-que-se-sabe-sobre-o-grupo-conservador-que-vai-ocupar-a-avenida-paulista-no-1-de-maio.webp\",\"datePublished\":\"2026-05-01T15:38:05+00:00\",\"author\":{\"@id\":\"https:\/\/www.encontrabelavista.com.br\/avenida-paulista\/#\/schema\/person\/63c71a69a5879155285aa7cf79ec3e40\"},\"breadcrumb\":{\"@id\":\"https:\/\/www.encontrabelavista.com.br\/avenida-paulista\/o-que-se-sabe-sobre-o-grupo-conservador-que-vai-ocupar-a-avenida-paulista-no-1o-de-maio\/#breadcrumb\"},\"inLanguage\":\"pt-BR\",\"potentialAction\":[{\"@type\":\"ReadAction\",\"target\":[\"https:\/\/www.encontrabelavista.com.br\/avenida-paulista\/o-que-se-sabe-sobre-o-grupo-conservador-que-vai-ocupar-a-avenida-paulista-no-1o-de-maio\/\"]}]},{\"@type\":\"ImageObject\",\"inLanguage\":\"pt-BR\",\"@id\":\"https:\/\/www.encontrabelavista.com.br\/avenida-paulista\/o-que-se-sabe-sobre-o-grupo-conservador-que-vai-ocupar-a-avenida-paulista-no-1o-de-maio\/#primaryimage\",\"url\":\"https:\/\/www.encontrabelavista.com.br\/avenida-paulista\/wp-content\/uploads\/2026\/05\/o-que-se-sabe-sobre-o-grupo-conservador-que-vai-ocupar-a-avenida-paulista-no-1-de-maio.webp\",\"contentUrl\":\"https:\/\/www.encontrabelavista.com.br\/avenida-paulista\/wp-content\/uploads\/2026\/05\/o-que-se-sabe-sobre-o-grupo-conservador-que-vai-ocupar-a-avenida-paulista-no-1-de-maio.webp\",\"width\":280,\"height\":280,\"caption\":\"grupo conservador Avenida Paulista 1\u00ba de Maio\"},{\"@type\":\"BreadcrumbList\",\"@id\":\"https:\/\/www.encontrabelavista.com.br\/avenida-paulista\/o-que-se-sabe-sobre-o-grupo-conservador-que-vai-ocupar-a-avenida-paulista-no-1o-de-maio\/#breadcrumb\",\"itemListElement\":[{\"@type\":\"ListItem\",\"position\":1,\"name\":\"In\u00edcio\",\"item\":\"https:\/\/www.encontrabelavista.com.br\/avenida-paulista\/\"},{\"@type\":\"ListItem\",\"position\":2,\"name\":\"O que se sabe sobre o grupo conservador que vai ocupar a Avenida Paulista no 1\u00ba de Maio\"}]},{\"@type\":\"WebSite\",\"@id\":\"https:\/\/www.encontrabelavista.com.br\/avenida-paulista\/#website\",\"url\":\"https:\/\/www.encontrabelavista.com.br\/avenida-paulista\/\",\"name\":\"Encontra Avenida Paulista\",\"description\":\"ENCONTRA AVENIDA PAULISTA - O guia comercial de neg\u00f3cios e empresas, cultura e divers\u00e3o na Avenida Paulista. Feito 100% para voc\u00ea morador!\",\"potentialAction\":[{\"@type\":\"SearchAction\",\"target\":{\"@type\":\"EntryPoint\",\"urlTemplate\":\"https:\/\/www.encontrabelavista.com.br\/avenida-paulista\/?s={search_term_string}\"},\"query-input\":{\"@type\":\"PropertyValueSpecification\",\"valueRequired\":true,\"valueName\":\"search_term_string\"}}],\"inLanguage\":\"pt-BR\"},{\"@type\":\"Person\",\"@id\":\"https:\/\/www.encontrabelavista.com.br\/avenida-paulista\/#\/schema\/person\/63c71a69a5879155285aa7cf79ec3e40\",\"name\":\"Encontra Avenida Paulista\",\"image\":{\"@type\":\"ImageObject\",\"inLanguage\":\"pt-BR\",\"@id\":\"https:\/\/www.encontrabelavista.com.br\/avenida-paulista\/#\/schema\/person\/image\/\",\"url\":\"https:\/\/secure.gravatar.com\/avatar\/c50c17820bcf322f0a8fd6b110b8c0918141409dc69076470f6fca5fee70a5d4?s=96&d=mm&r=g\",\"contentUrl\":\"https:\/\/secure.gravatar.com\/avatar\/c50c17820bcf322f0a8fd6b110b8c0918141409dc69076470f6fca5fee70a5d4?s=96&d=mm&r=g\",\"caption\":\"Encontra Avenida Paulista\"},\"url\":\"https:\/\/www.encontrabelavista.com.br\/avenida-paulista\/author\/encontraavenidapaulista\/\"}]}<\/script>\n<!-- \/ Yoast SEO plugin. -->","yoast_head_json":{"title":"O que se sabe sobre o grupo conservador que vai ocupar a Avenida Paulista no 1\u00ba de Maio - Encontra Avenida Paulista","robots":{"index":"index","follow":"follow","max-snippet":"max-snippet:-1","max-image-preview":"max-image-preview:large","max-video-preview":"max-video-preview:-1"},"canonical":"https:\/\/www.encontrabelavista.com.br\/avenida-paulista\/o-que-se-sabe-sobre-o-grupo-conservador-que-vai-ocupar-a-avenida-paulista-no-1o-de-maio\/","og_locale":"pt_BR","og_type":"article","og_title":"O que se sabe sobre o grupo conservador que vai ocupar a Avenida Paulista no 1\u00ba de Maio - Encontra Avenida Paulista","og_description":"Grupos conservadores garantir\u00e3o a exclusividade da Avenida Paulista no 1\u00ba de Maio.","og_url":"https:\/\/www.encontrabelavista.com.br\/avenida-paulista\/o-que-se-sabe-sobre-o-grupo-conservador-que-vai-ocupar-a-avenida-paulista-no-1o-de-maio\/","og_site_name":"Encontra Avenida Paulista","article_published_time":"2026-05-01T15:38:05+00:00","og_image":[{"url":"https:\/\/www.encontrabelavista.com.br\/avenida-paulista\/wp-content\/uploads\/2026\/05\/o-que-se-sabe-sobre-o-grupo-conservador-que-vai-ocupar-a-avenida-paulista-no-1-de-maio.webp","type":"","width":"","height":""}],"author":"Encontra Avenida Paulista","twitter_card":"summary_large_image","twitter_misc":{"Escrito por":"Encontra Avenida Paulista","Est. tempo de leitura":"7 minutos"},"schema":{"@context":"https:\/\/schema.org","@graph":[{"@type":"WebPage","@id":"https:\/\/www.encontrabelavista.com.br\/avenida-paulista\/o-que-se-sabe-sobre-o-grupo-conservador-que-vai-ocupar-a-avenida-paulista-no-1o-de-maio\/","url":"https:\/\/www.encontrabelavista.com.br\/avenida-paulista\/o-que-se-sabe-sobre-o-grupo-conservador-que-vai-ocupar-a-avenida-paulista-no-1o-de-maio\/","name":"O que se sabe sobre o grupo conservador que vai ocupar a Avenida Paulista no 1\u00ba de Maio - Encontra Avenida Paulista","isPartOf":{"@id":"https:\/\/www.encontrabelavista.com.br\/avenida-paulista\/#website"},"primaryImageOfPage":{"@id":"https:\/\/www.encontrabelavista.com.br\/avenida-paulista\/o-que-se-sabe-sobre-o-grupo-conservador-que-vai-ocupar-a-avenida-paulista-no-1o-de-maio\/#primaryimage"},"image":{"@id":"https:\/\/www.encontrabelavista.com.br\/avenida-paulista\/o-que-se-sabe-sobre-o-grupo-conservador-que-vai-ocupar-a-avenida-paulista-no-1o-de-maio\/#primaryimage"},"thumbnailUrl":"https:\/\/www.encontrabelavista.com.br\/avenida-paulista\/wp-content\/uploads\/2026\/05\/o-que-se-sabe-sobre-o-grupo-conservador-que-vai-ocupar-a-avenida-paulista-no-1-de-maio.webp","datePublished":"2026-05-01T15:38:05+00:00","author":{"@id":"https:\/\/www.encontrabelavista.com.br\/avenida-paulista\/#\/schema\/person\/63c71a69a5879155285aa7cf79ec3e40"},"breadcrumb":{"@id":"https:\/\/www.encontrabelavista.com.br\/avenida-paulista\/o-que-se-sabe-sobre-o-grupo-conservador-que-vai-ocupar-a-avenida-paulista-no-1o-de-maio\/#breadcrumb"},"inLanguage":"pt-BR","potentialAction":[{"@type":"ReadAction","target":["https:\/\/www.encontrabelavista.com.br\/avenida-paulista\/o-que-se-sabe-sobre-o-grupo-conservador-que-vai-ocupar-a-avenida-paulista-no-1o-de-maio\/"]}]},{"@type":"ImageObject","inLanguage":"pt-BR","@id":"https:\/\/www.encontrabelavista.com.br\/avenida-paulista\/o-que-se-sabe-sobre-o-grupo-conservador-que-vai-ocupar-a-avenida-paulista-no-1o-de-maio\/#primaryimage","url":"https:\/\/www.encontrabelavista.com.br\/avenida-paulista\/wp-content\/uploads\/2026\/05\/o-que-se-sabe-sobre-o-grupo-conservador-que-vai-ocupar-a-avenida-paulista-no-1-de-maio.webp","contentUrl":"https:\/\/www.encontrabelavista.com.br\/avenida-paulista\/wp-content\/uploads\/2026\/05\/o-que-se-sabe-sobre-o-grupo-conservador-que-vai-ocupar-a-avenida-paulista-no-1-de-maio.webp","width":280,"height":280,"caption":"grupo conservador Avenida Paulista 1\u00ba de Maio"},{"@type":"BreadcrumbList","@id":"https:\/\/www.encontrabelavista.com.br\/avenida-paulista\/o-que-se-sabe-sobre-o-grupo-conservador-que-vai-ocupar-a-avenida-paulista-no-1o-de-maio\/#breadcrumb","itemListElement":[{"@type":"ListItem","position":1,"name":"In\u00edcio","item":"https:\/\/www.encontrabelavista.com.br\/avenida-paulista\/"},{"@type":"ListItem","position":2,"name":"O que se sabe sobre o grupo conservador que vai ocupar a Avenida Paulista no 1\u00ba de Maio"}]},{"@type":"WebSite","@id":"https:\/\/www.encontrabelavista.com.br\/avenida-paulista\/#website","url":"https:\/\/www.encontrabelavista.com.br\/avenida-paulista\/","name":"Encontra Avenida Paulista","description":"ENCONTRA AVENIDA PAULISTA - O guia comercial de neg\u00f3cios e empresas, cultura e divers\u00e3o na Avenida Paulista. Feito 100% para voc\u00ea morador!","potentialAction":[{"@type":"SearchAction","target":{"@type":"EntryPoint","urlTemplate":"https:\/\/www.encontrabelavista.com.br\/avenida-paulista\/?s={search_term_string}"},"query-input":{"@type":"PropertyValueSpecification","valueRequired":true,"valueName":"search_term_string"}}],"inLanguage":"pt-BR"},{"@type":"Person","@id":"https:\/\/www.encontrabelavista.com.br\/avenida-paulista\/#\/schema\/person\/63c71a69a5879155285aa7cf79ec3e40","name":"Encontra Avenida Paulista","image":{"@type":"ImageObject","inLanguage":"pt-BR","@id":"https:\/\/www.encontrabelavista.com.br\/avenida-paulista\/#\/schema\/person\/image\/","url":"https:\/\/secure.gravatar.com\/avatar\/c50c17820bcf322f0a8fd6b110b8c0918141409dc69076470f6fca5fee70a5d4?s=96&d=mm&r=g","contentUrl":"https:\/\/secure.gravatar.com\/avatar\/c50c17820bcf322f0a8fd6b110b8c0918141409dc69076470f6fca5fee70a5d4?s=96&d=mm&r=g","caption":"Encontra Avenida Paulista"},"url":"https:\/\/www.encontrabelavista.com.br\/avenida-paulista\/author\/encontraavenidapaulista\/"}]}},"_links":{"self":[{"href":"https:\/\/www.encontrabelavista.com.br\/avenida-paulista\/wp-json\/wp\/v2\/posts\/6220","targetHints":{"allow":["GET"]}}],"collection":[{"href":"https:\/\/www.encontrabelavista.com.br\/avenida-paulista\/wp-json\/wp\/v2\/posts"}],"about":[{"href":"https:\/\/www.encontrabelavista.com.br\/avenida-paulista\/wp-json\/wp\/v2\/types\/post"}],"author":[{"embeddable":true,"href":"https:\/\/www.encontrabelavista.com.br\/avenida-paulista\/wp-json\/wp\/v2\/users\/1"}],"replies":[{"embeddable":true,"href":"https:\/\/www.encontrabelavista.com.br\/avenida-paulista\/wp-json\/wp\/v2\/comments?post=6220"}],"version-history":[{"count":0,"href":"https:\/\/www.encontrabelavista.com.br\/avenida-paulista\/wp-json\/wp\/v2\/posts\/6220\/revisions"}],"wp:featuredmedia":[{"embeddable":true,"href":"https:\/\/www.encontrabelavista.com.br\/avenida-paulista\/wp-json\/wp\/v2\/media\/6219"}],"wp:attachment":[{"href":"https:\/\/www.encontrabelavista.com.br\/avenida-paulista\/wp-json\/wp\/v2\/media?parent=6220"}],"wp:term":[{"taxonomy":"category","embeddable":true,"href":"https:\/\/www.encontrabelavista.com.br\/avenida-paulista\/wp-json\/wp\/v2\/categories?post=6220"},{"taxonomy":"post_tag","embeddable":true,"href":"https:\/\/www.encontrabelavista.com.br\/avenida-paulista\/wp-json\/wp\/v2\/tags?post=6220"}],"curies":[{"name":"wp","href":"https:\/\/api.w.org\/{rel}","templated":true}]}}