{"id":6222,"date":"2026-05-01T12:39:15","date_gmt":"2026-05-01T15:39:15","guid":{"rendered":"https:\/\/www.encontrabelavista.com.br\/avenida-paulista\/1o-de-maio-tera-extrema-direita-na-av-paulista-e-atos-sindicais-espalhados\/"},"modified":"2026-05-01T12:39:15","modified_gmt":"2026-05-01T15:39:15","slug":"1o-de-maio-tera-extrema-direita-na-av-paulista-e-atos-sindicais-espalhados","status":"publish","type":"post","link":"https:\/\/www.encontrabelavista.com.br\/avenida-paulista\/1o-de-maio-tera-extrema-direita-na-av-paulista-e-atos-sindicais-espalhados\/","title":{"rendered":"1\u00ba de Maio ter\u00e1 extrema direita na av. Paulista e atos sindicais espalhados"},"content":{"rendered":"<h2>Hist\u00f3rico do 1\u00ba de Maio na Avenida Paulista<\/h2>\n<p>O 1\u00ba de Maio, celebrado como o Dia do Trabalhador, \u00e9 uma data emblem\u00e1tica que, ao longo dos anos, se estabeleceu como um ponto de encontro para reivindica\u00e7\u00f5es sindicais e celebra\u00e7\u00f5es em v\u00e1rias partes do mundo. No Brasil, a Avenida Paulista, um dos principais marcos de S\u00e3o Paulo, tornou-se um local simb\u00f3lico para manifesta\u00e7\u00f5es. Desde o per\u00edodo da ditadura militar, a avenida foi palco de importantes protestos sociais, desempenhando um papel central na luta pelos direitos trabalhistas e pela democracia. Nos \u00faltimos anos, as manifesta\u00e7\u00f5es na Paulista t\u00eam refletido um incremento na polariza\u00e7\u00e3o pol\u00edtica, especialmente considerando a inclus\u00e3o de diversas correntes ideol\u00f3gicas, tanto de esquerda quanto de direita.<\/p>\n<h2>Expectativas para a Manifesta\u00e7\u00e3o da Extrema Direita<\/h2>\n<p>Para este 1\u00ba de Maio, a expectativa \u00e9 que grupos ligados \u00e0 extrema direita realizem um ato significativo na Avenida Paulista. A organiza\u00e7\u00f5es como o Patriotas do QG j\u00e1 haviam solicitado autoriza\u00e7\u00e3o para a manifesta\u00e7\u00e3o antes das centrais sindicais. Essa antecipa\u00e7\u00e3o garantiu a eles a primazia sobre o uso do espa\u00e7o, convocando seguidores para apoiar pautas que, em geral, n\u00e3o est\u00e3o diretamente ligadas a quest\u00f5es trabalhistas. O lema do evento, &#8220;Fl\u00e1vio presidente, Bolsonaro livre e supremo \u00e9 o povo&#8221;, evidencia essa estratifica\u00e7\u00e3o ideol\u00f3gica, tornando a manifesta\u00e7\u00e3o menos focada nas demandas tradicionais dos trabalhadores.<\/p>\n<h2>Atos Sindicais: O Que Est\u00e1 em Jogo?<\/h2>\n<p>Apesar da proibi\u00e7\u00e3o pela Pol\u00edcia Militar de atos sindicais na Avenida Paulista, importantes centrais, como a CSP-Conlutas e a Intersindical, far\u00e3o suas manifesta\u00e7\u00f5es em pra\u00e7as centrais da cidade. O objetivo principal \u00e9 clamar pelo fim da escala 6&#215;1 \u2013 uma jornada de trabalho criticada por muitos trabalhadores por ser considerada desgastante. Al\u00e9m disso, as manifesta\u00e7\u00f5es t\u00eam a inten\u00e7\u00e3o de reunir lideran\u00e7as pol\u00edticas e sociais, refor\u00e7ando a necessidade de di\u00e1logo sobre as condi\u00e7\u00f5es laborais. A presen\u00e7a de figuras p\u00fablicas como a deputada \u00c9rika Hilton e o deputado Orlando Silva ressalta a relev\u00e2ncia pol\u00edtica do evento e a necessidade de um apoio coletivo em tempos de crises eleitorais e sociais.<\/p>\n<p><img decoding=\"async\" src=\"https:\/\/www.encontrabelavista.com.br\/avenida-paulista\/wp-content\/uploads\/2026\/05\/1-de-maio-tera-extrema-direita-na-av-paulista-e-atos-sindicais-espalhados.webp\" alt=\"1\u00ba de maio\" loading=\"lazy\" \/><\/p>\n<h2>Protagonismo das Centrais Sindicais<\/h2>\n<p>As centrais sindicais desempenham um papel crucial na organiza\u00e7\u00e3o e mobiliza\u00e7\u00e3o dos trabalhadores. Para o 1\u00ba de Maio, a CUT, importante entidade sindical, concentrar\u00e1 esfor\u00e7os em atos descentralizados na Grande S\u00e3o Paulo, com loca\u00e7\u00f5es em cidades como S\u00e3o Bernardo do Campo, onde haver\u00e1 at\u00e9 mesmo um show da artista Gloria Groove, visando atrair um p\u00fablico mais amplo e engajado. Os dirigentes laborais est\u00e3o apostando numa estrat\u00e9gia que privilegia a proximidade com os trabalhadores e uma comunica\u00e7\u00e3o mais horizontal, ao inv\u00e9s de eventos centralizados que podem n\u00e3o atrair a mesma aten\u00e7\u00e3o.<\/p>\n<h2>Restri\u00e7\u00f5es da Pol\u00edcia Militar para os Atos<\/h2>\n<p>A decis\u00e3o da Pol\u00edcia Militar de vetar os atos sindicais na Avenida Paulista tem gerado controv\u00e9rsias. A corpora\u00e7\u00e3o argumenta que agiu com imparcialidade e com base em crit\u00e9rios t\u00e9cnicos, como a anteced\u00eancia na solicita\u00e7\u00e3o dos eventos e a preven\u00e7\u00e3o de conflitos. As organiza\u00e7\u00f5es sindicais, por sua vez, expressaram descontentamento e apontam que essa restri\u00e7\u00e3o pode afetar a visibilidade das suas reivindica\u00e7\u00f5es. A situa\u00e7\u00e3o atual serve como um exemplo claro dos desafios enfrentados na luta por espa\u00e7os de express\u00e3o p\u00fablica em um contexto politicamente carregado.<\/p>\n<h2>A Import\u00e2ncia da Manuten\u00e7\u00e3o da Ordem P\u00fablica<\/h2>\n<p>A manuten\u00e7\u00e3o da ordem p\u00fablica \u00e9 um dos argumentos apresentados pela pol\u00edcia brasileira para justificar as restri\u00e7\u00f5es impostas \u00e0s manifesta\u00e7\u00f5es. O equil\u00edbrio entre o direito de protestar e a seguran\u00e7a p\u00fablica tem sido um tema debatido, especialmente em um pa\u00eds com um hist\u00f3rico de viol\u00eancia em manifesta\u00e7\u00f5es. A expectativa \u00e9 que, mesmo com a divis\u00e3o entre os grupos, o governo local consiga garantir a seguran\u00e7a dos cidad\u00e3os e permitir que as vozes nas ruas sejam ouvidas sem acidentes ou confrontos violentos.<\/p>\n<h2>Impacto das Manifesta\u00e7\u00f5es no Mercado de Trabalho<\/h2>\n<p>As mobiliza\u00e7\u00f5es no 1\u00ba de Maio t\u00eam implica\u00e7\u00f5es diretas no debate sobre direitos trabalhistas e pol\u00edticas p\u00fablicas. Este ano, a principal pauta \u2014 o fim da escala 6&#215;1 \u2014 representa uma quest\u00e3o urgente para muitas categorias profissionais. A discuss\u00e3o em torno das condi\u00e7\u00f5es laborais, do trabalho e seus efeitos na sa\u00fade mental dos trabalhadores torna-se ainda mais importante, especialmente considerando as estat\u00edsticas alarmantes de mortes relacionadas \u00e0 sa\u00fade mental no trabalho. As centrais buscam conscientizar a sociedade sobre esses problemas e suas consequ\u00eancias diretas na economia.<\/p>\n<h2>Rea\u00e7\u00e3o da Popula\u00e7\u00e3o e Depend\u00eancia das Redes Sociais<\/h2>\n<p>A repercuss\u00e3o das manifesta\u00e7\u00f5es se d\u00e1, em grande parte, atrav\u00e9s das redes sociais. Plataformas como Twitter e Instagram t\u00eam sido fundamentais para organizar e mobilizar pessoas. A rea\u00e7\u00e3o da popula\u00e7\u00e3o diante dos eventos do 1\u00ba de Maio pode ser observada nas intera\u00e7\u00f5es online, onde tanto apoio quanto cr\u00edticas s\u00e3o disseminados. As redes sociais tamb\u00e9m t\u00eam se tornado um espa\u00e7o de polariza\u00e7\u00e3o pol\u00edtica, onde discursos antag\u00f4nicos se intensificam, o que pode influenciar a percep\u00e7\u00e3o do p\u00fablico sobre as manifesta\u00e7\u00f5es e suas causas.<\/p>\n<h2>Comparativo com Anos Anteriores do 1\u00ba de Maio<\/h2>\n<p>Historicamente, o 1\u00ba de Maio no Brasil tem variado em termos de participa\u00e7\u00e3o e clima pol\u00edtico. Em anos passados, como 2024, manifestantes se reuniram em locais diferentes, refletindo um movimento sindical em transforma\u00e7\u00e3o. J\u00e1 em 2025, o ato realizado na Paulista teve a presen\u00e7a unificada de centrais, embora tenha enfrentado cr\u00edticas pela baixa ades\u00e3o. Esses relatos mostram uma evolu\u00e7\u00e3o do cen\u00e1rio sindical, onde a fragmenta\u00e7\u00e3o se tornou uma caracter\u00edstica significativa, resultando em um 1\u00ba de Maio marcado por divis\u00f5es.<\/p>\n<h2>O Futuro do Movimento Sindical no Brasil<\/h2>\n<p>A evolu\u00e7\u00e3o do movimento sindical no Brasil \u00e9 um tema que gera debates fervorosos. Especialistas como o professor Ruy Braga destacam que a fragmenta\u00e7\u00e3o das comemora\u00e7\u00f5es do 1\u00ba de Maio reflete uma crise mais ampla dentro do sindicalismo. O engajamento dos jovens, a luta por novos direitos e a adapta\u00e7\u00e3o a novas realidades sociais e econ\u00f4micas s\u00e3o fundamentais para a continuidade dessa luta. As centrais sindicais precisam buscar se reinventar e adaptar suas estrat\u00e9gias para garantir relev\u00e2ncia e engajamento no futuro, buscando uma converg\u00eancia de proposta que traga unidade entre as diferentes fac\u00e7\u00f5es do movimento trabalhista.<\/p>\n","protected":false},"excerpt":{"rendered":"<p>1\u00ba de Maio traz conflitos entre extrema direita e centrais sindicais na Paulista.<\/p>\n","protected":false},"author":1,"featured_media":6221,"comment_status":"open","ping_status":"","sticky":false,"template":"","format":"standard","meta":{"footnotes":""},"categories":[5],"tags":[],"class_list":["post-6222","post","type-post","status-publish","format-standard","has-post-thumbnail","hentry","category-noticias","has_thumb"],"yoast_head":"<!-- This site is optimized with the Yoast SEO plugin v26.4 - https:\/\/yoast.com\/wordpress\/plugins\/seo\/ -->\n<title>1\u00ba de Maio ter\u00e1 extrema direita na av. Paulista e atos sindicais espalhados - Encontra Avenida Paulista<\/title>\n<meta name=\"robots\" content=\"index, follow, max-snippet:-1, max-image-preview:large, max-video-preview:-1\" \/>\n<link rel=\"canonical\" href=\"https:\/\/www.encontrabelavista.com.br\/avenida-paulista\/1o-de-maio-tera-extrema-direita-na-av-paulista-e-atos-sindicais-espalhados\/\" \/>\n<meta property=\"og:locale\" content=\"pt_BR\" \/>\n<meta property=\"og:type\" content=\"article\" \/>\n<meta property=\"og:title\" content=\"1\u00ba de Maio ter\u00e1 extrema direita na av. Paulista e atos sindicais espalhados - Encontra Avenida Paulista\" \/>\n<meta property=\"og:description\" content=\"1\u00ba de Maio traz conflitos entre extrema direita e centrais sindicais na Paulista.\" \/>\n<meta property=\"og:url\" content=\"https:\/\/www.encontrabelavista.com.br\/avenida-paulista\/1o-de-maio-tera-extrema-direita-na-av-paulista-e-atos-sindicais-espalhados\/\" \/>\n<meta property=\"og:site_name\" content=\"Encontra Avenida Paulista\" \/>\n<meta property=\"article:published_time\" content=\"2026-05-01T15:39:15+00:00\" \/>\n<meta property=\"og:image\" content=\"https:\/\/www.encontrabelavista.com.br\/avenida-paulista\/wp-content\/uploads\/2026\/05\/1-de-maio-tera-extrema-direita-na-av-paulista-e-atos-sindicais-espalhados.webp\" \/>\n<meta name=\"author\" content=\"Encontra Avenida Paulista\" \/>\n<meta name=\"twitter:card\" content=\"summary_large_image\" \/>\n<meta name=\"twitter:label1\" content=\"Escrito por\" \/>\n\t<meta name=\"twitter:data1\" content=\"Encontra Avenida Paulista\" \/>\n\t<meta name=\"twitter:label2\" content=\"Est. tempo de leitura\" \/>\n\t<meta name=\"twitter:data2\" content=\"5 minutos\" \/>\n<script type=\"application\/ld+json\" class=\"yoast-schema-graph\">{\"@context\":\"https:\/\/schema.org\",\"@graph\":[{\"@type\":\"WebPage\",\"@id\":\"https:\/\/www.encontrabelavista.com.br\/avenida-paulista\/1o-de-maio-tera-extrema-direita-na-av-paulista-e-atos-sindicais-espalhados\/\",\"url\":\"https:\/\/www.encontrabelavista.com.br\/avenida-paulista\/1o-de-maio-tera-extrema-direita-na-av-paulista-e-atos-sindicais-espalhados\/\",\"name\":\"1\u00ba de Maio ter\u00e1 extrema direita na av. Paulista e atos sindicais espalhados - Encontra Avenida Paulista\",\"isPartOf\":{\"@id\":\"https:\/\/www.encontrabelavista.com.br\/avenida-paulista\/#website\"},\"primaryImageOfPage\":{\"@id\":\"https:\/\/www.encontrabelavista.com.br\/avenida-paulista\/1o-de-maio-tera-extrema-direita-na-av-paulista-e-atos-sindicais-espalhados\/#primaryimage\"},\"image\":{\"@id\":\"https:\/\/www.encontrabelavista.com.br\/avenida-paulista\/1o-de-maio-tera-extrema-direita-na-av-paulista-e-atos-sindicais-espalhados\/#primaryimage\"},\"thumbnailUrl\":\"https:\/\/www.encontrabelavista.com.br\/avenida-paulista\/wp-content\/uploads\/2026\/05\/1-de-maio-tera-extrema-direita-na-av-paulista-e-atos-sindicais-espalhados.webp\",\"datePublished\":\"2026-05-01T15:39:15+00:00\",\"author\":{\"@id\":\"https:\/\/www.encontrabelavista.com.br\/avenida-paulista\/#\/schema\/person\/63c71a69a5879155285aa7cf79ec3e40\"},\"breadcrumb\":{\"@id\":\"https:\/\/www.encontrabelavista.com.br\/avenida-paulista\/1o-de-maio-tera-extrema-direita-na-av-paulista-e-atos-sindicais-espalhados\/#breadcrumb\"},\"inLanguage\":\"pt-BR\",\"potentialAction\":[{\"@type\":\"ReadAction\",\"target\":[\"https:\/\/www.encontrabelavista.com.br\/avenida-paulista\/1o-de-maio-tera-extrema-direita-na-av-paulista-e-atos-sindicais-espalhados\/\"]}]},{\"@type\":\"ImageObject\",\"inLanguage\":\"pt-BR\",\"@id\":\"https:\/\/www.encontrabelavista.com.br\/avenida-paulista\/1o-de-maio-tera-extrema-direita-na-av-paulista-e-atos-sindicais-espalhados\/#primaryimage\",\"url\":\"https:\/\/www.encontrabelavista.com.br\/avenida-paulista\/wp-content\/uploads\/2026\/05\/1-de-maio-tera-extrema-direita-na-av-paulista-e-atos-sindicais-espalhados.webp\",\"contentUrl\":\"https:\/\/www.encontrabelavista.com.br\/avenida-paulista\/wp-content\/uploads\/2026\/05\/1-de-maio-tera-extrema-direita-na-av-paulista-e-atos-sindicais-espalhados.webp\",\"width\":280,\"height\":280,\"caption\":\"1\u00ba de maio\"},{\"@type\":\"BreadcrumbList\",\"@id\":\"https:\/\/www.encontrabelavista.com.br\/avenida-paulista\/1o-de-maio-tera-extrema-direita-na-av-paulista-e-atos-sindicais-espalhados\/#breadcrumb\",\"itemListElement\":[{\"@type\":\"ListItem\",\"position\":1,\"name\":\"In\u00edcio\",\"item\":\"https:\/\/www.encontrabelavista.com.br\/avenida-paulista\/\"},{\"@type\":\"ListItem\",\"position\":2,\"name\":\"1\u00ba de Maio ter\u00e1 extrema direita na av. Paulista e atos sindicais espalhados\"}]},{\"@type\":\"WebSite\",\"@id\":\"https:\/\/www.encontrabelavista.com.br\/avenida-paulista\/#website\",\"url\":\"https:\/\/www.encontrabelavista.com.br\/avenida-paulista\/\",\"name\":\"Encontra Avenida Paulista\",\"description\":\"ENCONTRA AVENIDA PAULISTA - O guia comercial de neg\u00f3cios e empresas, cultura e divers\u00e3o na Avenida Paulista. Feito 100% para voc\u00ea morador!\",\"potentialAction\":[{\"@type\":\"SearchAction\",\"target\":{\"@type\":\"EntryPoint\",\"urlTemplate\":\"https:\/\/www.encontrabelavista.com.br\/avenida-paulista\/?s={search_term_string}\"},\"query-input\":{\"@type\":\"PropertyValueSpecification\",\"valueRequired\":true,\"valueName\":\"search_term_string\"}}],\"inLanguage\":\"pt-BR\"},{\"@type\":\"Person\",\"@id\":\"https:\/\/www.encontrabelavista.com.br\/avenida-paulista\/#\/schema\/person\/63c71a69a5879155285aa7cf79ec3e40\",\"name\":\"Encontra Avenida Paulista\",\"image\":{\"@type\":\"ImageObject\",\"inLanguage\":\"pt-BR\",\"@id\":\"https:\/\/www.encontrabelavista.com.br\/avenida-paulista\/#\/schema\/person\/image\/\",\"url\":\"https:\/\/secure.gravatar.com\/avatar\/c50c17820bcf322f0a8fd6b110b8c0918141409dc69076470f6fca5fee70a5d4?s=96&d=mm&r=g\",\"contentUrl\":\"https:\/\/secure.gravatar.com\/avatar\/c50c17820bcf322f0a8fd6b110b8c0918141409dc69076470f6fca5fee70a5d4?s=96&d=mm&r=g\",\"caption\":\"Encontra Avenida Paulista\"},\"url\":\"https:\/\/www.encontrabelavista.com.br\/avenida-paulista\/author\/encontraavenidapaulista\/\"}]}<\/script>\n<!-- \/ Yoast SEO plugin. -->","yoast_head_json":{"title":"1\u00ba de Maio ter\u00e1 extrema direita na av. Paulista e atos sindicais espalhados - Encontra Avenida Paulista","robots":{"index":"index","follow":"follow","max-snippet":"max-snippet:-1","max-image-preview":"max-image-preview:large","max-video-preview":"max-video-preview:-1"},"canonical":"https:\/\/www.encontrabelavista.com.br\/avenida-paulista\/1o-de-maio-tera-extrema-direita-na-av-paulista-e-atos-sindicais-espalhados\/","og_locale":"pt_BR","og_type":"article","og_title":"1\u00ba de Maio ter\u00e1 extrema direita na av. Paulista e atos sindicais espalhados - Encontra Avenida Paulista","og_description":"1\u00ba de Maio traz conflitos entre extrema direita e centrais sindicais na Paulista.","og_url":"https:\/\/www.encontrabelavista.com.br\/avenida-paulista\/1o-de-maio-tera-extrema-direita-na-av-paulista-e-atos-sindicais-espalhados\/","og_site_name":"Encontra Avenida Paulista","article_published_time":"2026-05-01T15:39:15+00:00","og_image":[{"url":"https:\/\/www.encontrabelavista.com.br\/avenida-paulista\/wp-content\/uploads\/2026\/05\/1-de-maio-tera-extrema-direita-na-av-paulista-e-atos-sindicais-espalhados.webp","type":"","width":"","height":""}],"author":"Encontra Avenida Paulista","twitter_card":"summary_large_image","twitter_misc":{"Escrito por":"Encontra Avenida Paulista","Est. tempo de leitura":"5 minutos"},"schema":{"@context":"https:\/\/schema.org","@graph":[{"@type":"WebPage","@id":"https:\/\/www.encontrabelavista.com.br\/avenida-paulista\/1o-de-maio-tera-extrema-direita-na-av-paulista-e-atos-sindicais-espalhados\/","url":"https:\/\/www.encontrabelavista.com.br\/avenida-paulista\/1o-de-maio-tera-extrema-direita-na-av-paulista-e-atos-sindicais-espalhados\/","name":"1\u00ba de Maio ter\u00e1 extrema direita na av. Paulista e atos sindicais espalhados - Encontra Avenida Paulista","isPartOf":{"@id":"https:\/\/www.encontrabelavista.com.br\/avenida-paulista\/#website"},"primaryImageOfPage":{"@id":"https:\/\/www.encontrabelavista.com.br\/avenida-paulista\/1o-de-maio-tera-extrema-direita-na-av-paulista-e-atos-sindicais-espalhados\/#primaryimage"},"image":{"@id":"https:\/\/www.encontrabelavista.com.br\/avenida-paulista\/1o-de-maio-tera-extrema-direita-na-av-paulista-e-atos-sindicais-espalhados\/#primaryimage"},"thumbnailUrl":"https:\/\/www.encontrabelavista.com.br\/avenida-paulista\/wp-content\/uploads\/2026\/05\/1-de-maio-tera-extrema-direita-na-av-paulista-e-atos-sindicais-espalhados.webp","datePublished":"2026-05-01T15:39:15+00:00","author":{"@id":"https:\/\/www.encontrabelavista.com.br\/avenida-paulista\/#\/schema\/person\/63c71a69a5879155285aa7cf79ec3e40"},"breadcrumb":{"@id":"https:\/\/www.encontrabelavista.com.br\/avenida-paulista\/1o-de-maio-tera-extrema-direita-na-av-paulista-e-atos-sindicais-espalhados\/#breadcrumb"},"inLanguage":"pt-BR","potentialAction":[{"@type":"ReadAction","target":["https:\/\/www.encontrabelavista.com.br\/avenida-paulista\/1o-de-maio-tera-extrema-direita-na-av-paulista-e-atos-sindicais-espalhados\/"]}]},{"@type":"ImageObject","inLanguage":"pt-BR","@id":"https:\/\/www.encontrabelavista.com.br\/avenida-paulista\/1o-de-maio-tera-extrema-direita-na-av-paulista-e-atos-sindicais-espalhados\/#primaryimage","url":"https:\/\/www.encontrabelavista.com.br\/avenida-paulista\/wp-content\/uploads\/2026\/05\/1-de-maio-tera-extrema-direita-na-av-paulista-e-atos-sindicais-espalhados.webp","contentUrl":"https:\/\/www.encontrabelavista.com.br\/avenida-paulista\/wp-content\/uploads\/2026\/05\/1-de-maio-tera-extrema-direita-na-av-paulista-e-atos-sindicais-espalhados.webp","width":280,"height":280,"caption":"1\u00ba de maio"},{"@type":"BreadcrumbList","@id":"https:\/\/www.encontrabelavista.com.br\/avenida-paulista\/1o-de-maio-tera-extrema-direita-na-av-paulista-e-atos-sindicais-espalhados\/#breadcrumb","itemListElement":[{"@type":"ListItem","position":1,"name":"In\u00edcio","item":"https:\/\/www.encontrabelavista.com.br\/avenida-paulista\/"},{"@type":"ListItem","position":2,"name":"1\u00ba de Maio ter\u00e1 extrema direita na av. Paulista e atos sindicais espalhados"}]},{"@type":"WebSite","@id":"https:\/\/www.encontrabelavista.com.br\/avenida-paulista\/#website","url":"https:\/\/www.encontrabelavista.com.br\/avenida-paulista\/","name":"Encontra Avenida Paulista","description":"ENCONTRA AVENIDA PAULISTA - O guia comercial de neg\u00f3cios e empresas, cultura e divers\u00e3o na Avenida Paulista. Feito 100% para voc\u00ea morador!","potentialAction":[{"@type":"SearchAction","target":{"@type":"EntryPoint","urlTemplate":"https:\/\/www.encontrabelavista.com.br\/avenida-paulista\/?s={search_term_string}"},"query-input":{"@type":"PropertyValueSpecification","valueRequired":true,"valueName":"search_term_string"}}],"inLanguage":"pt-BR"},{"@type":"Person","@id":"https:\/\/www.encontrabelavista.com.br\/avenida-paulista\/#\/schema\/person\/63c71a69a5879155285aa7cf79ec3e40","name":"Encontra Avenida Paulista","image":{"@type":"ImageObject","inLanguage":"pt-BR","@id":"https:\/\/www.encontrabelavista.com.br\/avenida-paulista\/#\/schema\/person\/image\/","url":"https:\/\/secure.gravatar.com\/avatar\/c50c17820bcf322f0a8fd6b110b8c0918141409dc69076470f6fca5fee70a5d4?s=96&d=mm&r=g","contentUrl":"https:\/\/secure.gravatar.com\/avatar\/c50c17820bcf322f0a8fd6b110b8c0918141409dc69076470f6fca5fee70a5d4?s=96&d=mm&r=g","caption":"Encontra Avenida Paulista"},"url":"https:\/\/www.encontrabelavista.com.br\/avenida-paulista\/author\/encontraavenidapaulista\/"}]}},"_links":{"self":[{"href":"https:\/\/www.encontrabelavista.com.br\/avenida-paulista\/wp-json\/wp\/v2\/posts\/6222","targetHints":{"allow":["GET"]}}],"collection":[{"href":"https:\/\/www.encontrabelavista.com.br\/avenida-paulista\/wp-json\/wp\/v2\/posts"}],"about":[{"href":"https:\/\/www.encontrabelavista.com.br\/avenida-paulista\/wp-json\/wp\/v2\/types\/post"}],"author":[{"embeddable":true,"href":"https:\/\/www.encontrabelavista.com.br\/avenida-paulista\/wp-json\/wp\/v2\/users\/1"}],"replies":[{"embeddable":true,"href":"https:\/\/www.encontrabelavista.com.br\/avenida-paulista\/wp-json\/wp\/v2\/comments?post=6222"}],"version-history":[{"count":0,"href":"https:\/\/www.encontrabelavista.com.br\/avenida-paulista\/wp-json\/wp\/v2\/posts\/6222\/revisions"}],"wp:featuredmedia":[{"embeddable":true,"href":"https:\/\/www.encontrabelavista.com.br\/avenida-paulista\/wp-json\/wp\/v2\/media\/6221"}],"wp:attachment":[{"href":"https:\/\/www.encontrabelavista.com.br\/avenida-paulista\/wp-json\/wp\/v2\/media?parent=6222"}],"wp:term":[{"taxonomy":"category","embeddable":true,"href":"https:\/\/www.encontrabelavista.com.br\/avenida-paulista\/wp-json\/wp\/v2\/categories?post=6222"},{"taxonomy":"post_tag","embeddable":true,"href":"https:\/\/www.encontrabelavista.com.br\/avenida-paulista\/wp-json\/wp\/v2\/tags?post=6222"}],"curies":[{"name":"wp","href":"https:\/\/api.w.org\/{rel}","templated":true}]}}