{"id":154,"date":"2011-03-09T13:55:07","date_gmt":"2011-03-09T13:55:07","guid":{"rendered":"http:\/\/www.encontrabelavista.com.br\/noticias\/?p=154"},"modified":"2019-04-29T17:12:24","modified_gmt":"2019-04-29T20:12:24","slug":"suspeito-de-balear-estudantes-da-fgv-nega-crime","status":"publish","type":"post","link":"https:\/\/www.encontrabelavista.com.br\/sobre\/suspeito-de-balear-estudantes-da-fgv-nega-crime\/","title":{"rendered":"Suspeito de balear estudantes da FGV nega crime"},"content":{"rendered":"<div class=\"66f7afe30d5ab11a5499ffbde64f8398\" data-index=\"1\" style=\"float: none; margin:0px;\">\n<!-- Anuncio display - global -->\r\n<ins class=\"adsbygoogle\"\r\n     style=\"display:block\"\r\n     data-ad-client=\"ca-pub-8585364105181520\"\r\n     data-ad-slot=\"8789329856\"\r\n     data-ad-format=\"auto\"\r\n     data-full-width-responsive=\"true\"><\/ins>\r\n<script>\r\n     (adsbygoogle = window.adsbygoogle || []).push({});\r\n<\/script>\r\n\n<\/div>\n<p>O segundo suspeito de matar um estudante e balear outro em um bar no bairro da Bela Vista, Valmir Ventino da Silva, 19, preso na noite de  s\u00e1bado (5) em Cascavel (PR), foi apresentado na tarde deste domingo \u00e0  imprensa, em Curitiba (PR), e negou ter envolvimento com os crimes.<\/p>\n<p>No entanto, o respons\u00e1vel pelo inqu\u00e9rito do caso, delegado Paulo Tucci,  do 4\u00ba DP (Consola\u00e7\u00e3o), disse que Silva admitiu &#8220;em conversa informal&#8221;  ter atirado junto com seu irm\u00e3o, Francisco Macedo da Silva, 24, que est\u00e1  preso.<\/p>\n<p>De acordo com o delegado, Silva disse que os dois estudantes da FGV  (Funda\u00e7\u00e3o Get\u00falio Vargas) olharam para namorada dele e, em seguida, o  chamaram de &#8220;ot\u00e1rio&#8221;, o que causou a rea\u00e7\u00e3o. A vers\u00e3o \u00e9 a mesma  apresentada pelo irm\u00e3o j\u00e1 preso.<\/p>\n<p>Silva seria transferido ainda hoje para S\u00e3o Paulo, onde a pol\u00edcia ir\u00e1  ouvi-lo sobre o crime, que terminou na morte de C\u00e9sar Grimm Bakri, 22, e  ferimentos em Christopher Tominaga, 23.<\/p>\n<p>O delegado Renato Coelho de Jesus, do COPE (Centro de Opera\u00e7\u00f5es  Policiais Especiais, unidade da pol\u00edcia paranaense), disse que den\u00fancia  an\u00f4nima indicou que o suspeito fez viagem em \u00f4nibus de sacoleiros para a  regi\u00e3o de Foz do Igua\u00e7u (PR) dois dias ap\u00f3s o crime.<\/p>\n<p><em>Fonte: R7<\/em><\/p>\n\n<div style=\"font-size: 0px; height: 0px; line-height: 0px; margin: 0; padding: 0; clear: both;\"><\/div>","protected":false},"excerpt":{"rendered":"<p>O segundo suspeito de matar um estudante e balear outro em um bar no bairro da Bela Vista, Valmir Ventino da Silva, 19, preso na noite de s\u00e1bado (5) em Cascavel (PR), foi apresentado na tarde deste domingo \u00e0 imprensa, em Curitiba (PR), e negou ter envolvimento com os crimes. No entanto, o respons\u00e1vel pelo inqu\u00e9rito do caso, delegado Paulo Tucci, do 4\u00ba DP (Consola\u00e7\u00e3o), disse que Silva admitiu &#8220;em conversa informal&#8221; ter atirado junto com seu irm\u00e3o, Francisco Macedo da Silva, 24, que est\u00e1 preso. De acordo com o delegado, Silva disse que os dois estudantes da FGV (Funda\u00e7\u00e3o <\/p>\n","protected":false},"author":1,"featured_media":0,"comment_status":"open","ping_status":"closed","sticky":false,"template":"","format":"standard","meta":{"footnotes":""},"categories":[6],"tags":[],"class_list":["post-154","post","type-post","status-publish","format-standard","hentry","category-noticias-na-bela-vista"],"aioseo_notices":[],"_links":{"self":[{"href":"https:\/\/www.encontrabelavista.com.br\/sobre\/wp-json\/wp\/v2\/posts\/154","targetHints":{"allow":["GET"]}}],"collection":[{"href":"https:\/\/www.encontrabelavista.com.br\/sobre\/wp-json\/wp\/v2\/posts"}],"about":[{"href":"https:\/\/www.encontrabelavista.com.br\/sobre\/wp-json\/wp\/v2\/types\/post"}],"author":[{"embeddable":true,"href":"https:\/\/www.encontrabelavista.com.br\/sobre\/wp-json\/wp\/v2\/users\/1"}],"replies":[{"embeddable":true,"href":"https:\/\/www.encontrabelavista.com.br\/sobre\/wp-json\/wp\/v2\/comments?post=154"}],"version-history":[{"count":0,"href":"https:\/\/www.encontrabelavista.com.br\/sobre\/wp-json\/wp\/v2\/posts\/154\/revisions"}],"wp:attachment":[{"href":"https:\/\/www.encontrabelavista.com.br\/sobre\/wp-json\/wp\/v2\/media?parent=154"}],"wp:term":[{"taxonomy":"category","embeddable":true,"href":"https:\/\/www.encontrabelavista.com.br\/sobre\/wp-json\/wp\/v2\/categories?post=154"},{"taxonomy":"post_tag","embeddable":true,"href":"https:\/\/www.encontrabelavista.com.br\/sobre\/wp-json\/wp\/v2\/tags?post=154"}],"curies":[{"name":"wp","href":"https:\/\/api.w.org\/{rel}","templated":true}]}}