{"id":164,"date":"2011-03-15T14:16:36","date_gmt":"2011-03-15T14:16:36","guid":{"rendered":"http:\/\/www.encontrabelavista.com.br\/noticias\/?p=164"},"modified":"2019-04-29T17:12:23","modified_gmt":"2019-04-29T20:12:23","slug":"bela-vista-camara-abriga-semana-de-hip-hop","status":"publish","type":"post","link":"https:\/\/www.encontrabelavista.com.br\/sobre\/bela-vista-camara-abriga-semana-de-hip-hop\/","title":{"rendered":"Bela Vista: C\u00e2mara abriga Semana de Hip Hop"},"content":{"rendered":"<div class=\"66f7afe30d5ab11a5499ffbde64f8398\" data-index=\"1\" style=\"float: none; margin:0px;\">\n<!-- Anuncio display - global -->\r\n<ins class=\"adsbygoogle\"\r\n     style=\"display:block\"\r\n     data-ad-client=\"ca-pub-8585364105181520\"\r\n     data-ad-slot=\"8789329856\"\r\n     data-ad-format=\"auto\"\r\n     data-full-width-responsive=\"true\"><\/ins>\r\n<script>\r\n     (adsbygoogle = window.adsbygoogle || []).push({});\r\n<\/script>\r\n\n<\/div>\n<p>Deste domingo ao dia 19 de mar\u00e7o, ocorre a Semana da Cultura Hip Hop. A programa\u00e7\u00e3o do evento conta com oficinas, debates, atividades culturais e muita m\u00fasica com apresenta\u00e7\u00f5es de DJs e MCs. Haver\u00e1 atra\u00e7\u00f5es na C\u00e2mara Municipal, Galeria Olido e no Boulevard S\u00e3o Jo\u00e3o, na Bela Vista, no Centro.<\/p>\n<p>Os CEUs In\u00e1cio Monteiro, na Zona Leste, Casablanca, Zona Sul, Perus e Ja\u00e7an\u00e3, Zona Norte, tamb\u00e9m receber\u00e3o apresenta\u00e7\u00f5es. Hoje, das 12h \u00e0s 18h, os temas abordados s\u00e3o: Hip-Hop em S\u00e3o Paulo; Hist\u00f3ria viva do Hip-Hop em S\u00e3o Paulo; Hip-Hop em a\u00e7\u00e3o e Produ\u00e7\u00e3o de Hip-Hop. A abertura ser\u00e1 na Galeria Olido (Av. S\u00e3o Jo\u00e3o, 473).<\/p>\n<p><em>Fonte: Di\u00e1rio de S. Paulo<\/em><\/p>\n\n<div style=\"font-size: 0px; height: 0px; line-height: 0px; margin: 0; padding: 0; clear: both;\"><\/div>","protected":false},"excerpt":{"rendered":"<p>Deste domingo ao dia 19 de mar\u00e7o, ocorre a Semana da Cultura Hip Hop. A programa\u00e7\u00e3o do evento conta com oficinas, debates, atividades culturais e muita m\u00fasica com apresenta\u00e7\u00f5es de DJs e MCs. Haver\u00e1 atra\u00e7\u00f5es na C\u00e2mara Municipal, Galeria Olido e no Boulevard S\u00e3o Jo\u00e3o, na Bela Vista, no Centro. Os CEUs In\u00e1cio Monteiro, na Zona Leste, Casablanca, Zona Sul, Perus e Ja\u00e7an\u00e3, Zona Norte, tamb\u00e9m receber\u00e3o apresenta\u00e7\u00f5es. Hoje, das 12h \u00e0s 18h, os temas abordados s\u00e3o: Hip-Hop em S\u00e3o Paulo; Hist\u00f3ria viva do Hip-Hop em S\u00e3o Paulo; Hip-Hop em a\u00e7\u00e3o e Produ\u00e7\u00e3o de Hip-Hop. A abertura ser\u00e1 na Galeria <\/p>\n","protected":false},"author":1,"featured_media":0,"comment_status":"open","ping_status":"closed","sticky":false,"template":"","format":"standard","meta":{"footnotes":""},"categories":[6],"tags":[],"class_list":["post-164","post","type-post","status-publish","format-standard","hentry","category-noticias-na-bela-vista"],"aioseo_notices":[],"_links":{"self":[{"href":"https:\/\/www.encontrabelavista.com.br\/sobre\/wp-json\/wp\/v2\/posts\/164","targetHints":{"allow":["GET"]}}],"collection":[{"href":"https:\/\/www.encontrabelavista.com.br\/sobre\/wp-json\/wp\/v2\/posts"}],"about":[{"href":"https:\/\/www.encontrabelavista.com.br\/sobre\/wp-json\/wp\/v2\/types\/post"}],"author":[{"embeddable":true,"href":"https:\/\/www.encontrabelavista.com.br\/sobre\/wp-json\/wp\/v2\/users\/1"}],"replies":[{"embeddable":true,"href":"https:\/\/www.encontrabelavista.com.br\/sobre\/wp-json\/wp\/v2\/comments?post=164"}],"version-history":[{"count":0,"href":"https:\/\/www.encontrabelavista.com.br\/sobre\/wp-json\/wp\/v2\/posts\/164\/revisions"}],"wp:attachment":[{"href":"https:\/\/www.encontrabelavista.com.br\/sobre\/wp-json\/wp\/v2\/media?parent=164"}],"wp:term":[{"taxonomy":"category","embeddable":true,"href":"https:\/\/www.encontrabelavista.com.br\/sobre\/wp-json\/wp\/v2\/categories?post=164"},{"taxonomy":"post_tag","embeddable":true,"href":"https:\/\/www.encontrabelavista.com.br\/sobre\/wp-json\/wp\/v2\/tags?post=164"}],"curies":[{"name":"wp","href":"https:\/\/api.w.org\/{rel}","templated":true}]}}