{"id":207,"date":"2011-04-11T13:26:25","date_gmt":"2011-04-11T13:26:25","guid":{"rendered":"http:\/\/www.encontrabelavista.com.br\/noticias\/?p=207"},"modified":"2019-04-29T17:12:23","modified_gmt":"2019-04-29T20:12:23","slug":"protesto-reune-cerca-de-500-medicos-na-bela-vista-diz-associacao","status":"publish","type":"post","link":"https:\/\/www.encontrabelavista.com.br\/sobre\/protesto-reune-cerca-de-500-medicos-na-bela-vista-diz-associacao\/","title":{"rendered":"Protesto re\u00fane cerca de 500 m\u00e9dicos na Bela Vista, diz associa\u00e7\u00e3o"},"content":{"rendered":"<div class=\"66f7afe30d5ab11a5499ffbde64f8398\" data-index=\"1\" style=\"float: none; margin:0px;\">\n<!-- Anuncio display - global -->\r\n<ins class=\"adsbygoogle\"\r\n     style=\"display:block\"\r\n     data-ad-client=\"ca-pub-8585364105181520\"\r\n     data-ad-slot=\"8789329856\"\r\n     data-ad-format=\"auto\"\r\n     data-full-width-responsive=\"true\"><\/ins>\r\n<script>\r\n     (adsbygoogle = window.adsbygoogle || []).push({});\r\n<\/script>\r\n\n<\/div>\n<p>Cerca de 500 m\u00e9dicos se re\u00fanem na manh\u00e3 desta quinta-feira (7) na Pra\u00e7a da  S\u00e9, regi\u00e3o central de S\u00e3o Paulo, em protesto por reajuste dos valores  repassados por planos de sa\u00fade, segundo a APM (Associa\u00e7\u00e3o Paulista de  Medicina).<\/p>\n<p>Os profissionais sa\u00edram em passeata da sede da associa\u00e7\u00e3o, na rua  Francisca Miquelina, na Bela Vista, e chegaram \u00e0 S\u00e9 por volta das 11h. A  previs\u00e3o \u00e9 de que o ato dure at\u00e9 as 12h.<\/p>\n<p>Policiais militares e agentes da CET (Companhia de Engenharia de  Tr\u00e1fego) acompanharam a passeata. De acordo com a assessoria da APM, h\u00e1  entre os manifestantes, al\u00e9m de m\u00e9dicos, estudantes de medicina,  dentistas e outros profissionais da \u00e1rea da sa\u00fade. Membros da Associa\u00e7\u00e3o  Paulista de Usu\u00e1rios de Planos de Sa\u00fade tamb\u00e9m est\u00e3o na S\u00e9, apoiando o  ato.<\/p>\n<p>Uma paralisa\u00e7\u00e3o nacional tamb\u00e9m est\u00e1 programada para hoje, mas ainda n\u00e3o  h\u00e1 um balan\u00e7o de ades\u00e3o. Durante todo o dia de hoje ser\u00e3o feitos apenas  atendimentos de emerg\u00eancia. Pacientes que tinham consulta marcada n\u00e3o  ser\u00e3o atendidos.<\/p>\n<p>A paralisa\u00e7\u00e3o, de acordo com a APM, \u00e9 referendada pela AMB (Associa\u00e7\u00e3o  M\u00e9dica Brasileira), CFM (Conselho Federal de Medicina), Fenam (Federa\u00e7\u00e3o  Nacional dos M\u00e9dicos) e pelo conjunto das sociedades de especialidades  m\u00e9dicas.<\/p>\n<p>&#8220;Nos \u00faltimos dez anos, os reajustes dos honor\u00e1rios m\u00e9dicos foram  irris\u00f3rios, enquanto os planos [de sa\u00fade] aumentaram suas mensalidades  bem acima da infla\u00e7\u00e3o. Alertamos a sociedade que tal situa\u00e7\u00e3o \u00e9 hoje  insustent\u00e1vel, com riscos de s\u00e9rios preju\u00edzos \u00e0 sa\u00fade e \u00e0 vida daqueles  que decidiram adquirir um plano de sa\u00fade, na busca de uma assist\u00eancia  m\u00e9dica de qualidade&#8221;, diz manifesto divulgado pelo setor.<\/p>\n<p><em>Fonte: Folha de S. Paulo<\/em><\/p>\n\n<div style=\"font-size: 0px; height: 0px; line-height: 0px; margin: 0; padding: 0; clear: both;\"><\/div>","protected":false},"excerpt":{"rendered":"<p>Cerca de 500 m\u00e9dicos se re\u00fanem na manh\u00e3 desta quinta-feira (7) na Pra\u00e7a da S\u00e9, regi\u00e3o central de S\u00e3o Paulo, em protesto por reajuste dos valores repassados por planos de sa\u00fade, segundo a APM (Associa\u00e7\u00e3o Paulista de Medicina). Os profissionais sa\u00edram em passeata da sede da associa\u00e7\u00e3o, na rua Francisca Miquelina, na Bela Vista, e chegaram \u00e0 S\u00e9 por volta das 11h. A previs\u00e3o \u00e9 de que o ato dure at\u00e9 as 12h. Policiais militares e agentes da CET (Companhia de Engenharia de Tr\u00e1fego) acompanharam a passeata. De acordo com a assessoria da APM, h\u00e1 entre os manifestantes, al\u00e9m de <\/p>\n","protected":false},"author":1,"featured_media":0,"comment_status":"open","ping_status":"closed","sticky":false,"template":"","format":"standard","meta":{"footnotes":""},"categories":[6],"tags":[],"class_list":["post-207","post","type-post","status-publish","format-standard","hentry","category-noticias-na-bela-vista"],"aioseo_notices":[],"_links":{"self":[{"href":"https:\/\/www.encontrabelavista.com.br\/sobre\/wp-json\/wp\/v2\/posts\/207","targetHints":{"allow":["GET"]}}],"collection":[{"href":"https:\/\/www.encontrabelavista.com.br\/sobre\/wp-json\/wp\/v2\/posts"}],"about":[{"href":"https:\/\/www.encontrabelavista.com.br\/sobre\/wp-json\/wp\/v2\/types\/post"}],"author":[{"embeddable":true,"href":"https:\/\/www.encontrabelavista.com.br\/sobre\/wp-json\/wp\/v2\/users\/1"}],"replies":[{"embeddable":true,"href":"https:\/\/www.encontrabelavista.com.br\/sobre\/wp-json\/wp\/v2\/comments?post=207"}],"version-history":[{"count":0,"href":"https:\/\/www.encontrabelavista.com.br\/sobre\/wp-json\/wp\/v2\/posts\/207\/revisions"}],"wp:attachment":[{"href":"https:\/\/www.encontrabelavista.com.br\/sobre\/wp-json\/wp\/v2\/media?parent=207"}],"wp:term":[{"taxonomy":"category","embeddable":true,"href":"https:\/\/www.encontrabelavista.com.br\/sobre\/wp-json\/wp\/v2\/categories?post=207"},{"taxonomy":"post_tag","embeddable":true,"href":"https:\/\/www.encontrabelavista.com.br\/sobre\/wp-json\/wp\/v2\/tags?post=207"}],"curies":[{"name":"wp","href":"https:\/\/api.w.org\/{rel}","templated":true}]}}