{"id":224,"date":"2011-04-25T05:27:03","date_gmt":"2011-04-25T05:27:03","guid":{"rendered":"http:\/\/www.encontrabelavista.com.br\/noticias\/?p=224"},"modified":"2019-04-29T17:12:22","modified_gmt":"2019-04-29T20:12:22","slug":"homem-e-morto-a-tiros-na-bela-vista","status":"publish","type":"post","link":"https:\/\/www.encontrabelavista.com.br\/sobre\/homem-e-morto-a-tiros-na-bela-vista\/","title":{"rendered":"Homem \u00e9 morto a tiros na Bela Vista"},"content":{"rendered":"<div class=\"66f7afe30d5ab11a5499ffbde64f8398\" data-index=\"1\" style=\"float: none; margin:0px;\">\n<!-- Anuncio display - global -->\r\n<ins class=\"adsbygoogle\"\r\n     style=\"display:block\"\r\n     data-ad-client=\"ca-pub-8585364105181520\"\r\n     data-ad-slot=\"8789329856\"\r\n     data-ad-format=\"auto\"\r\n     data-full-width-responsive=\"true\"><\/ins>\r\n<script>\r\n     (adsbygoogle = window.adsbygoogle || []).push({});\r\n<\/script>\r\n\n<\/div>\n<p>Um porteiro foi morto a tiros por volta das 22h de quarta-feira (20) na  rua Herculano de Freitas, na Bela Vista, regi\u00e3o central de S\u00e3o Paulo.<\/p>\n<p>Segundo a Pol\u00edcia Militar, o homem caminhava pela rua quando um homem em um carro disparou v\u00e1rios tiros.<\/p>\n<p>A pol\u00edcia n\u00e3o soube informar se o porteiro trabalhava na mesma rua onde foi assassinado.<\/p>\n<p>O caso ser\u00e1 registrado no 4\u00ba Distrito Policial da Consola\u00e7\u00e3o. Ningu\u00e9m foi preso.<\/p>\n<p><em>Fonte: Folha de S. Paulo<\/em><\/p>\n\n<div style=\"font-size: 0px; height: 0px; line-height: 0px; margin: 0; padding: 0; clear: both;\"><\/div>","protected":false},"excerpt":{"rendered":"<p>Um porteiro foi morto a tiros por volta das 22h de quarta-feira (20) na rua Herculano de Freitas, na Bela Vista, regi\u00e3o central de S\u00e3o Paulo. Segundo a Pol\u00edcia Militar, o homem caminhava pela rua quando um homem em um carro disparou v\u00e1rios tiros. A pol\u00edcia n\u00e3o soube informar se o porteiro trabalhava na mesma rua onde foi assassinado. O caso ser\u00e1 registrado no 4\u00ba Distrito Policial da Consola\u00e7\u00e3o. Ningu\u00e9m foi preso. Fonte: Folha de S. Paulo<\/p>\n","protected":false},"author":1,"featured_media":0,"comment_status":"open","ping_status":"closed","sticky":false,"template":"","format":"standard","meta":{"footnotes":""},"categories":[6],"tags":[],"class_list":["post-224","post","type-post","status-publish","format-standard","hentry","category-noticias-na-bela-vista"],"aioseo_notices":[],"_links":{"self":[{"href":"https:\/\/www.encontrabelavista.com.br\/sobre\/wp-json\/wp\/v2\/posts\/224","targetHints":{"allow":["GET"]}}],"collection":[{"href":"https:\/\/www.encontrabelavista.com.br\/sobre\/wp-json\/wp\/v2\/posts"}],"about":[{"href":"https:\/\/www.encontrabelavista.com.br\/sobre\/wp-json\/wp\/v2\/types\/post"}],"author":[{"embeddable":true,"href":"https:\/\/www.encontrabelavista.com.br\/sobre\/wp-json\/wp\/v2\/users\/1"}],"replies":[{"embeddable":true,"href":"https:\/\/www.encontrabelavista.com.br\/sobre\/wp-json\/wp\/v2\/comments?post=224"}],"version-history":[{"count":0,"href":"https:\/\/www.encontrabelavista.com.br\/sobre\/wp-json\/wp\/v2\/posts\/224\/revisions"}],"wp:attachment":[{"href":"https:\/\/www.encontrabelavista.com.br\/sobre\/wp-json\/wp\/v2\/media?parent=224"}],"wp:term":[{"taxonomy":"category","embeddable":true,"href":"https:\/\/www.encontrabelavista.com.br\/sobre\/wp-json\/wp\/v2\/categories?post=224"},{"taxonomy":"post_tag","embeddable":true,"href":"https:\/\/www.encontrabelavista.com.br\/sobre\/wp-json\/wp\/v2\/tags?post=224"}],"curies":[{"name":"wp","href":"https:\/\/api.w.org\/{rel}","templated":true}]}}