{"id":238,"date":"2011-05-17T21:56:27","date_gmt":"2011-05-17T21:56:27","guid":{"rendered":"http:\/\/www.encontrabelavista.com.br\/noticias\/?p=238"},"modified":"2019-04-29T17:12:22","modified_gmt":"2019-04-29T20:12:22","slug":"bela-vista-prefeitura-instala-faixa-em-respeito-ao-pedestre-na-avenida-paulista","status":"publish","type":"post","link":"https:\/\/www.encontrabelavista.com.br\/sobre\/bela-vista-prefeitura-instala-faixa-em-respeito-ao-pedestre-na-avenida-paulista\/","title":{"rendered":"Bela Vista: prefeitura instala faixa em respeito  ao pedestre na avenida Paulista"},"content":{"rendered":"<div class=\"66f7afe30d5ab11a5499ffbde64f8398\" data-index=\"1\" style=\"float: none; margin:0px;\">\n<!-- Anuncio display - global -->\r\n<ins class=\"adsbygoogle\"\r\n     style=\"display:block\"\r\n     data-ad-client=\"ca-pub-8585364105181520\"\r\n     data-ad-slot=\"8789329856\"\r\n     data-ad-format=\"auto\"\r\n     data-full-width-responsive=\"true\"><\/ins>\r\n<script>\r\n     (adsbygoogle = window.adsbygoogle || []).push({});\r\n<\/script>\r\n\n<\/div>\n<p>A prefeitura da capital paulista instalou, nesta segunda-feira (16),\u00a0uma faixa de respeito aos pedestres de S\u00e3o Paulo. A faixa foi colocada na avenida Paulista, no bairro Bela Vista, centro de S\u00e3o Paulo.<\/p>\n<p>A campanha faz parte do Programa de Prote\u00e7\u00e3o ao Pedestre da Prefeitura de S\u00e3o Paulo, que vai implementar oito ZMPPs (Zonas de M\u00e1xima Prote\u00e7\u00e3o ao Pedestre) na capital paulista at\u00e9 o final do primeiro semestre deste ano. Al\u00e9m de sinaliza\u00e7\u00e3o espec\u00edfica, as zonas ter\u00e3o refor\u00e7o de agentes de tr\u00e2nsito para garantir que motos e carros n\u00e3o invadam as faixas de pedestre durante a travessia das pessoas.<\/p>\n<p>A primeira das ZMPPs foi inaugurada nesta manh\u00e3 e corresponde a uma \u00e1rea de 14 km\u00b2, que vai da regi\u00e3o central at\u00e9 a avenida Paulista. Nela, 77 orientadores auxiliar\u00e3o os pedestres na travessia das ruas mais movimentadas, durante o per\u00edodo das 9h as 17h. Nesta \u00e1rea, mais de cem agentes da CET (Companhia de Engenharia de Transportes) atuar\u00e3o em cruzamentos com e sem sem\u00e1foros.<\/p>\n<p>Os cruzamentos da avenida Paulista com a Brigadeiro Lu\u00eds Ant\u00f4nio (l\u00edder em atropelamentos na capital) e da avenida S\u00e3o Lu\u00eds com as ruas Xavier de Toledo, da Consola\u00e7\u00e3o e Martins Fontes est\u00e3o entre os pontos monitorados.<\/p>\n<p>Com esse novo plano para pedestres, a prefeitura diz que pretende reduzir de 40% a 50% os atropelamentos e as mortes de pedestres at\u00e9 2012. No ano passado, a cidade teve 7.007 atropelamentos que resultaram na morte de 630 pessoas. O n\u00famero corresponde a 46,4% das 1.357 mortes em acidentes de tr\u00e2nsito na cidade.<\/p>\n<p>As oito zonas juntas correspondem \u00e0 \u00e1rea que concentra 11%.<\/p>\n<p><em>Fonte: R7<\/em><\/p>\n\n<div style=\"font-size: 0px; height: 0px; line-height: 0px; margin: 0; padding: 0; clear: both;\"><\/div>","protected":false},"excerpt":{"rendered":"<p>A prefeitura da capital paulista instalou, nesta segunda-feira (16),\u00a0uma faixa de respeito aos pedestres de S\u00e3o Paulo. A faixa foi colocada na avenida Paulista, no bairro Bela Vista, centro de S\u00e3o Paulo. A campanha faz parte do Programa de Prote\u00e7\u00e3o ao Pedestre da Prefeitura de S\u00e3o Paulo, que vai implementar oito ZMPPs (Zonas de M\u00e1xima Prote\u00e7\u00e3o ao Pedestre) na capital paulista at\u00e9 o final do primeiro semestre deste ano. Al\u00e9m de sinaliza\u00e7\u00e3o espec\u00edfica, as zonas ter\u00e3o refor\u00e7o de agentes de tr\u00e2nsito para garantir que motos e carros n\u00e3o invadam as faixas de pedestre durante a travessia das pessoas. A primeira <\/p>\n","protected":false},"author":1,"featured_media":0,"comment_status":"open","ping_status":"closed","sticky":false,"template":"","format":"standard","meta":{"footnotes":""},"categories":[6],"tags":[14],"class_list":["post-238","post","type-post","status-publish","format-standard","hentry","category-noticias-na-bela-vista","tag-bela-vista"],"aioseo_notices":[],"_links":{"self":[{"href":"https:\/\/www.encontrabelavista.com.br\/sobre\/wp-json\/wp\/v2\/posts\/238","targetHints":{"allow":["GET"]}}],"collection":[{"href":"https:\/\/www.encontrabelavista.com.br\/sobre\/wp-json\/wp\/v2\/posts"}],"about":[{"href":"https:\/\/www.encontrabelavista.com.br\/sobre\/wp-json\/wp\/v2\/types\/post"}],"author":[{"embeddable":true,"href":"https:\/\/www.encontrabelavista.com.br\/sobre\/wp-json\/wp\/v2\/users\/1"}],"replies":[{"embeddable":true,"href":"https:\/\/www.encontrabelavista.com.br\/sobre\/wp-json\/wp\/v2\/comments?post=238"}],"version-history":[{"count":0,"href":"https:\/\/www.encontrabelavista.com.br\/sobre\/wp-json\/wp\/v2\/posts\/238\/revisions"}],"wp:attachment":[{"href":"https:\/\/www.encontrabelavista.com.br\/sobre\/wp-json\/wp\/v2\/media?parent=238"}],"wp:term":[{"taxonomy":"category","embeddable":true,"href":"https:\/\/www.encontrabelavista.com.br\/sobre\/wp-json\/wp\/v2\/categories?post=238"},{"taxonomy":"post_tag","embeddable":true,"href":"https:\/\/www.encontrabelavista.com.br\/sobre\/wp-json\/wp\/v2\/tags?post=238"}],"curies":[{"name":"wp","href":"https:\/\/api.w.org\/{rel}","templated":true}]}}