{"id":2434,"date":"2025-10-31T07:29:00","date_gmt":"2025-10-31T10:29:00","guid":{"rendered":"https:\/\/www.encontrabelavista.com.br\/sobre\/festival-saudosa-maloca-celebra-147-anos-do-bela-vista-e-bixiga-com-samba\/"},"modified":"2025-10-31T07:29:00","modified_gmt":"2025-10-31T10:29:00","slug":"festival-saudosa-maloca-celebra-147-anos-do-bela-vista-e-bixiga-com-samba","status":"publish","type":"post","link":"https:\/\/www.encontrabelavista.com.br\/sobre\/festival-saudosa-maloca-celebra-147-anos-do-bela-vista-e-bixiga-com-samba\/","title":{"rendered":"Festival Saudosa Maloca celebra 147 anos do Bela Vista e Bixiga com samba"},"content":{"rendered":"<div class=\"66f7afe30d5ab11a5499ffbde64f8398\" data-index=\"1\" style=\"float: none; margin:0px;\">\n<!-- Anuncio display - global -->\r\n<ins class=\"adsbygoogle\"\r\n     style=\"display:block\"\r\n     data-ad-client=\"ca-pub-8585364105181520\"\r\n     data-ad-slot=\"8789329856\"\r\n     data-ad-format=\"auto\"\r\n     data-full-width-responsive=\"true\"><\/ins>\r\n<script>\r\n     (adsbygoogle = window.adsbygoogle || []).push({});\r\n<\/script>\r\n\n<\/div>\n<h2>A Hist\u00f3ria do Bixiga e sua Import\u00e2ncia Cultural<\/h2>\n<p>O <strong>Bixiga<\/strong> \u00e9 um dos bairros mais tradicionais e vibrantes de S\u00e3o Paulo, conhecido por sua rica hist\u00f3ria e forte influ\u00eancia cultural. Com uma mistura de <em>imigra\u00e7\u00e3o italiana<\/em> e manifesta\u00e7\u00f5es culturais brasileiras, Bixiga se tornou um ponto de encontro de diversas express\u00f5es art\u00edsticas. Ao longo do tempo, o bairro preservou suas tradi\u00e7\u00f5es, como a <strong>festa do Divino Esp\u00edrito Santo<\/strong> e o famoso <strong>carnaval de rua<\/strong>, que atraem tanto os moradores quanto os visitantes.<\/p>\n<p>Al\u00e9m das tradi\u00e7\u00f5es religiosas, o Bixiga vive intensamente o <strong>samba<\/strong>, com escolas de samba e rodas de samba que fazem parte do cotidiano da comunidade. O prazer pela m\u00fasica e a dan\u00e7a \u00e9 reflexo da cultura popular e do calor humano que define os bixiguenses.<\/p>\n<h2>O Que \u00e9 o Festival Saudosa Maloca?<\/h2>\n<p>O <strong>Festival Saudosa Maloca<\/strong> \u00e9 um evento de celebra\u00e7\u00e3o das ra\u00edzes culturais do samba e da tradi\u00e7\u00e3o do Bixiga. Realizado anualmente, o festival re\u00fane m\u00fasicos, artistas e apreciadores do samba em um ambiente festivo e acolhedor. O evento \u00e9 uma homenagem aos antigos estabelecimentos de samba da regi\u00e3o, que serviam como pontos de encontro para a comunidade.<\/p>\n<p>Com uma programa\u00e7\u00e3o cheia de atra\u00e7\u00f5es, o festival se prop\u00f5e a revitalizar a mem\u00f3ria coletiva do samba e refor\u00e7ar a identidade cultural do Bixiga. Pessoas de todas as idades costumam se reunir para celebrar a m\u00fasica, a dan\u00e7a e a conviv\u00eancia.<\/p>\n<h2>Atra\u00e7\u00f5es Imperd\u00edveis do Festival<\/h2>\n<p>A cada edi\u00e7\u00e3o do <strong>Festival Saudosa Maloca<\/strong>, diversas atra\u00e7\u00f5es s\u00e3o preparadas para encantar o p\u00fablico. Entre as experi\u00eancias que n\u00e3o podem ficar de fora est\u00e3o:<\/p>\n<ul>\n<li><strong>Rodas de Samba:<\/strong> Grupos de samba se apresentam em v\u00e1rias partes do evento, garantindo que todos possam aproveitar.<\/li>\n<li><strong>Oficinas Culturais:<\/strong> Espa\u00e7os para aprender mais sobre a hist\u00f3ria do samba e a cultura afro-brasileira.<\/li>\n<li><strong>Comidas T\u00edpicas:<\/strong> Barracas que vendem pratos tradicionais da culin\u00e1ria paulista, especialmente da heran\u00e7a italiana.<\/li>\n<li><strong>Espa\u00e7os Infantis:<\/strong> Atividades para crian\u00e7as, garantindo que fam\u00edlias inteiras possam aproveitar o festival.<\/li>\n<\/ul>\n<h2>A Roda Saudosa e sua Relev\u00e2ncia<\/h2>\n<p>A <strong>Roda Saudosa<\/strong> \u00e9 um dos destaques do festival. Trata-se de uma roda de samba que re\u00fane m\u00fasicos renomados e novos talentos, celebrando o samba de raiz. Durante essa roda, os participantes podem cantar e dan\u00e7ar, criando um ambiente de confraterniza\u00e7\u00e3o e celebra\u00e7\u00e3o.<\/p>\n<p>A participa\u00e7\u00e3o na Roda Saudosa \u00e9 aberta a todos, permitindo que as pessoas se juntem, cantem suas m\u00fasicas favoritas e aproveitem o esp\u00edrito festivo. Essa intera\u00e7\u00e3o \u00e9 fundamental para manter viva a tradi\u00e7\u00e3o do samba e resgatar a cultura popular.<\/p>\n<h2>Participa\u00e7\u00f5es Especiais: Velha Guarda e Dem\u00f4nios da Garoa<\/h2>\n<p>Outra parte muito esperada do <strong>Festival Saudosa Maloca<\/strong> \u00e9 a apresenta\u00e7\u00e3o da <strong>Velha Guarda<\/strong>, um grupo de m\u00fasicos que representam a hist\u00f3ria do samba e mant\u00eam viva a mem\u00f3ria de seus fundadores. A presen\u00e7a desses artistas consagrados \u00e9 um reconhecimento ao seu talento e contribui\u00e7\u00e3o para a cultura brasileira.<\/p>\n<p>Al\u00e9m disso, a participa\u00e7\u00e3o dos <strong>Dem\u00f4nios da Garoa<\/strong> traz um toque especial ao festival. Essa famosa roda de samba \u00e9 conhecida por suas can\u00e7\u00f5es que falam sobre a vida e as tradi\u00e7\u00f5es da cidade de S\u00e3o Paulo, conquistando o cora\u00e7\u00e3o dos bixiguenses e de todos que passam pelo evento.<\/p>\n<h2>DJ Lia Macedo e seu Papel no Festival<\/h2>\n<p>A DJ <strong>Lia Macedo<\/strong> \u00e9 uma figura marcante no <strong>Festival Saudosa Maloca<\/strong>. Com um repert\u00f3rio que mistura <strong>samba<\/strong> e <strong>m\u00fasica popular brasileira<\/strong>, ela traz um toque contempor\u00e2neo ao evento. Sua proposta \u00e9 resgatar e reinventar o que h\u00e1 de melhor na m\u00fasica brasileira, fazendo com que as novas gera\u00e7\u00f5es se conectem com a cultura do samba.<\/p>\n<p>Os sets dela s\u00e3o altamente energ\u00e9ticos e proporcionam momentos \u00fanicos para o p\u00fablico, alternando entre ritmos que animam a pista de dan\u00e7a e m\u00fasicas que levam \u00e0 reflex\u00e3o. O trabalho de Lia \u00e9 essencial para garantir a diversidade musical do festival.<\/p>\n<h2>Abertura do Evento: O Que Esperar?<\/h2>\n<p>A abertura do <strong>Festival Saudosa Maloca<\/strong> \u00e9 um evento \u00e0 parte. Com uma cerim\u00f4nia que envolve apresenta\u00e7\u00e3o de grupos de samba e um desfile de artistas locais, a abertura marca o in\u00edcio das festividades. O p\u00fablico pode esperar uma clara demonstra\u00e7\u00e3o do que \u00e9 a cultura do samba, misturando emo\u00e7\u00e3o e alegria em um s\u00f3 lugar.<\/p>\n<p>Al\u00e9m disso, este momento \u00e9 uma oportunidade para que novas vozes possam se apresentar no palco principal, fortalecendo a ideia de continuidade e renova\u00e7\u00e3o cultural.<\/p>\n<h2>O Impacto do Samba na Comunidade do Bixiga<\/h2>\n<p>O samba, que \u00e9 uma express\u00e3o art\u00edstica significativa no <strong>Bixiga<\/strong>, desempenha um papel essencial na coes\u00e3o social da comunidade. O apoio \u00e0 m\u00fasica e \u00e0s tradi\u00e7\u00f5es samba \u00e9 um s\u00edmbolo de resist\u00eancia e identidade cultural.<\/p>\n<p>Eventos como o <strong>Festival Saudosa Maloca<\/strong> promovem n\u00e3o apenas entretenimento, mas tamb\u00e9m a valoriza\u00e7\u00e3o da hist\u00f3ria e das experi\u00eancias das pessoas que vivem ali. O festival se transforma em um espa\u00e7o de aprendizado e troca, onde todos se re\u00fanem em celebra\u00e7\u00e3o da cultura local.<\/p>\n<h2>Como Chegar ao Galp\u00e3o da Vila Itoror\u00f3<\/h2>\n<p>Chegar ao <strong>Galp\u00e3o da Vila Itoror\u00f3<\/strong>, local onde acontece o festival, \u00e9 bem simples. O endere\u00e7o exato \u00e9 Rua Vitorino Carmilo, 159. Dependendo de onde voc\u00ea vem, as op\u00e7\u00f5es de transporte incluem:<\/p>\n<ul>\n<li><strong>De Metr\u00f4:<\/strong> A esta\u00e7\u00e3o mais pr\u00f3xima \u00e9 a <strong>Vila Madalena<\/strong>. A partir da\u00ed, pode-se pegar um \u00f4nibus ou caminhar at\u00e9 o galp\u00e3o.<\/li>\n<li><strong>De \u00d4nibus:<\/strong> Diversas linhas de \u00f4nibus servem a regi\u00e3o do Bixiga e s\u00e3o uma op\u00e7\u00e3o econ\u00f4mica para chegar ao evento.<\/li>\n<li><strong>De Carro:<\/strong> H\u00e1 algumas op\u00e7\u00f5es de estacionamento na redondeza, mas \u00e9 sempre bom chegar cedo para garantir uma vaga.<\/li>\n<\/ul>\n<h2>Entrevistas com os Artistas do Festival<\/h2>\n<p>Durante o <strong>Festival Saudosa Maloca<\/strong>, \u00e9 comum que jornalistas e blogueiros conduzam entrevistas com artistas que se apresentam. Essas conversas revelam assim as motiva\u00e7\u00f5es, experi\u00eancias e anedotas de quem vive e respira samba. Os artistas compartilham suas hist\u00f3rias, influ\u00eancias musicais e a import\u00e2ncia do Bixiga em suas carreiras.<\/p>\n<p>Essas entrevistas ajudam a construir uma narrativa em torno do festival e do pr\u00f3prio bairro, aprofundando a rela\u00e7\u00e3o entre os m\u00fasicos e o p\u00fablico, gerando um v\u00ednculo emocional e cultural profundo. As hist\u00f3rias que emergem dessas conversas s\u00e3o parte da magia que faz do <strong>Festival Saudosa Maloca<\/strong> uma celebra\u00e7\u00e3o \u00fanica da cultura e do samba.<\/p>\n\n<div style=\"font-size: 0px; height: 0px; line-height: 0px; margin: 0; padding: 0; clear: both;\"><\/div>","protected":false},"excerpt":{"rendered":"<p>Festival Saudosa Maloca traz samba e celebra 147 anos de Bixiga.<\/p>\n","protected":false},"author":1,"featured_media":2433,"comment_status":"open","ping_status":"closed","sticky":false,"template":"","format":"standard","meta":{"footnotes":""},"categories":[6],"tags":[],"class_list":["post-2434","post","type-post","status-publish","format-standard","has-post-thumbnail","hentry","category-noticias-na-bela-vista","has_thumb"],"aioseo_notices":[],"_links":{"self":[{"href":"https:\/\/www.encontrabelavista.com.br\/sobre\/wp-json\/wp\/v2\/posts\/2434","targetHints":{"allow":["GET"]}}],"collection":[{"href":"https:\/\/www.encontrabelavista.com.br\/sobre\/wp-json\/wp\/v2\/posts"}],"about":[{"href":"https:\/\/www.encontrabelavista.com.br\/sobre\/wp-json\/wp\/v2\/types\/post"}],"author":[{"embeddable":true,"href":"https:\/\/www.encontrabelavista.com.br\/sobre\/wp-json\/wp\/v2\/users\/1"}],"replies":[{"embeddable":true,"href":"https:\/\/www.encontrabelavista.com.br\/sobre\/wp-json\/wp\/v2\/comments?post=2434"}],"version-history":[{"count":0,"href":"https:\/\/www.encontrabelavista.com.br\/sobre\/wp-json\/wp\/v2\/posts\/2434\/revisions"}],"wp:featuredmedia":[{"embeddable":true,"href":"https:\/\/www.encontrabelavista.com.br\/sobre\/wp-json\/wp\/v2\/media\/2433"}],"wp:attachment":[{"href":"https:\/\/www.encontrabelavista.com.br\/sobre\/wp-json\/wp\/v2\/media?parent=2434"}],"wp:term":[{"taxonomy":"category","embeddable":true,"href":"https:\/\/www.encontrabelavista.com.br\/sobre\/wp-json\/wp\/v2\/categories?post=2434"},{"taxonomy":"post_tag","embeddable":true,"href":"https:\/\/www.encontrabelavista.com.br\/sobre\/wp-json\/wp\/v2\/tags?post=2434"}],"curies":[{"name":"wp","href":"https:\/\/api.w.org\/{rel}","templated":true}]}}