{"id":2438,"date":"2025-11-01T12:44:00","date_gmt":"2025-11-01T15:44:00","guid":{"rendered":"https:\/\/www.encontrabelavista.com.br\/sobre\/henrique-fogaca-divulga-nota-oficial-lamentando-acidente-em-restaurante-na-bela-vista-em-sao-paulo\/"},"modified":"2025-11-01T12:44:00","modified_gmt":"2025-11-01T15:44:00","slug":"henrique-fogaca-divulga-nota-oficial-lamentando-acidente-em-restaurante-na-bela-vista-em-sao-paulo","status":"publish","type":"post","link":"https:\/\/www.encontrabelavista.com.br\/sobre\/henrique-fogaca-divulga-nota-oficial-lamentando-acidente-em-restaurante-na-bela-vista-em-sao-paulo\/","title":{"rendered":"Henrique Foga\u00e7a divulga nota oficial lamentando acidente em restaurante na Bela Vista, em S\u00e3o Paulo"},"content":{"rendered":"<div class=\"66f7afe30d5ab11a5499ffbde64f8398\" data-index=\"1\" style=\"float: none; margin:0px;\">\n<!-- Anuncio display - global -->\r\n<ins class=\"adsbygoogle\"\r\n     style=\"display:block\"\r\n     data-ad-client=\"ca-pub-8585364105181520\"\r\n     data-ad-slot=\"8789329856\"\r\n     data-ad-format=\"auto\"\r\n     data-full-width-responsive=\"true\"><\/ins>\r\n<script>\r\n     (adsbygoogle = window.adsbygoogle || []).push({});\r\n<\/script>\r\n\n<\/div>\n<h2>O Acidente no Restaurante Jamile<\/h2>\n<p>Na noite de ontem, o <strong>Restaurante Jamile<\/strong>, localizado em S\u00e3o Paulo, foi palco de um tr\u00e1gico acidente que deixou v\u00e1rios feridos. Segundo relatos, um inc\u00eandio de grandes propor\u00e7\u00f5es iniciou-se na cozinha do estabelecimento, rapidamente se alastrando pelas \u00e1reas internas. O momento foi de p\u00e2nico, com clientes e funcion\u00e1rios lutando para escapar em meio \u00e0 fuma\u00e7a e \u00e0s chamas.<\/p>\n<p>Os bombeiros foram acionados e chegaram ao local em poucos minutos. Muitos clientes estavam no restaurante para desfrutar de um jantar especial, e a rapidez da resposta dos servi\u00e7os de emerg\u00eancia foi fundamental para evitar uma trag\u00e9dia ainda maior. Apesar de n\u00e3o haver registro de mortes at\u00e9 o momento, v\u00e1rias pessoas foram socorridas com queimaduras e intoxica\u00e7\u00f5es por fuma\u00e7a.<\/p>\n<p>A import\u00e2ncia de um bom plano de emerg\u00eancia em ambientes comerciais foi evidenciada, uma vez que alguns funcion\u00e1rios foram capazes de guiar os clientes para a sa\u00edda com seguran\u00e7a, o que diminuiu o n\u00famero de v\u00edtimas. Entretanto, as causas exatas do inc\u00eandio ainda est\u00e3o sendo investigadas.<\/p>\n<h2>A Nota Oficial de Henrique Foga\u00e7a<\/h2>\n<p>Henrique Foga\u00e7a, renomado chef e propriet\u00e1rio do restaurante, emitiu uma nota oficial na manh\u00e3 seguinte ao acidente. Na declara\u00e7\u00e3o, ele expressou sua profunda tristeza e preocupa\u00e7\u00e3o com o incidente. Foga\u00e7a afirmou: <em>&#8220;Estamos devastados com o que aconteceu. A seguran\u00e7a dos nossos clientes e funcion\u00e1rios sempre foi nossa prioridade. Estamos comprometidos em apoiar todos os afetados por essa trag\u00e9dia.&#8221;<\/em><\/p>\n<p>No comunicado, o chef tamb\u00e9m destacou que est\u00e1 colaborando plenamente com as autoridades para investigar a causa do inc\u00eandio e para garantir que um evento como esse n\u00e3o se repita. Ele prometeu que a equipe m\u00e9dica est\u00e1 sendo mobilizada para cuidar dos feridos e que recursos est\u00e3o sendo direcionados para ajudar as fam\u00edlias impactadas.<\/p>\n<h2>Detalhes da Trag\u00e9dia em S\u00e3o Paulo<\/h2>\n<p>As informa\u00e7\u00f5es sobre o incidente est\u00e3o sendo reveladas lentamente \u00e0 medida que as autoridades conduzem suas investiga\u00e7\u00f5es. A \u00e1rea em que o <strong>Restaurante Jamile<\/strong> est\u00e1 localizado \u00e9 conhecida por sua movimenta\u00e7\u00e3o e variedade de op\u00e7\u00f5es gastron\u00f4micas. O acidente, portanto, chocou n\u00e3o apenas os frequentadores do estabelecimento, mas toda a comunidade local.<\/p>\n<p>Os primeiros relatos indicam que o fogo pode ter come\u00e7ado devido a um vazamento de g\u00e1s. Testemunhas disseram ter escutado uma explos\u00e3o antes do inc\u00eandio iniciar. Isso acentuou ainda mais o caos dentro do restaurante e a corrida dos clientes por seguran\u00e7a.<\/p>\n<p>Funcion\u00e1rios que trabalhavam na noite do acidente afirmaram que a situa\u00e7\u00e3o era desesperadora. Alguns colaboradores se feriram ao tentar ajudar os outros a evacuar o local, demonstrando coragem e solidariedade em meio ao desespero.<\/p>\n<h2>O Impacto nas V\u00edtimas e Fam\u00edlias<\/h2>\n<p>O impacto do acidente ressoou profundamente nas vidas das v\u00edtimas e de suas fam\u00edlias. Muitos dos que estavam no restaurante durante o inc\u00eandio enfrentam agora um longo caminho de recupera\u00e7\u00e3o. A troca de informa\u00e7\u00f5es entre os hospitais e os servi\u00e7os de emerg\u00eancia facilitou o atendimento individualizado para cada caso.<\/p>\n<p>Algumas das v\u00edtimas est\u00e3o na UTI, recebendo tratamento intensivo por queimaduras de segundo e terceiro graus. As fam\u00edlias dessas pessoas est\u00e3o sendo apoiadas por equipes de assist\u00eancia social, que est\u00e3o prestando aten\u00e7\u00e3o psicol\u00f3gica e orienta\u00e7\u00e3o sobre os procedimentos m\u00e9dicos.<\/p>\n<p>Al\u00e9m disso, as ag\u00eancias de not\u00edcias locais t\u00eam destacado a necessidade de doa\u00e7\u00f5es para ajudar no tratamento das v\u00edtimas, tendo em vista que muitos podem enfrentar custos altos a longo prazo. A mobiliza\u00e7\u00e3o em prol dessas fam\u00edlias no momento \u00e9 fundamental, e diversas campanhas de arrecada\u00e7\u00e3o j\u00e1 come\u00e7aram a surgir nas redes sociais.<\/p>\n<h2>Foga\u00e7a e seu Envolvimento com o Restaurante<\/h2>\n<p>Henrique Foga\u00e7a \u00e9 uma figura proeminente na cena gastron\u00f4mica brasileira. Com fama adquirida atrav\u00e9s de programas de TV, ele construiu uma carreira s\u00f3lida como chef. Seu restaurante, o Jamile, era amplamente conhecido por sua culin\u00e1ria sofisticada e pelo ambiente acolhedor.<\/p>\n<p>Foga\u00e7a sempre defendeu a import\u00e2ncia da seguran\u00e7a alimentar e da experi\u00eancia do cliente, o que torna esse incidente especialmente doloroso para ele. O chef tem sido ativo em promover pr\u00e1ticas de seguran\u00e7a na culin\u00e1ria e, ap\u00f3s o acidente, muitos se perguntam como isso ir\u00e1 afetar sua imagem e a reputa\u00e7\u00e3o de seus restaurantes.<\/p>\n<h2>Rea\u00e7\u00f5es do P\u00fablico e da M\u00eddia<\/h2>\n<p>A trag\u00e9dia rapidamente se tornou o foco das m\u00eddias sociais e da cobertura da imprensa. As rea\u00e7\u00f5es do p\u00fablico s\u00e3o diversas, com muitos expressando tristeza e solidariedade \u00e0s v\u00edtimas, enquanto outros questionam a seguran\u00e7a dos estabelecimentos e as regulamenta\u00e7\u00f5es em vigor.<\/p>\n<p>Em diferentes plataformas, hashtags como <strong>#For\u00e7aJamile<\/strong> e <strong>#PrayersForJamile<\/strong> come\u00e7aram a circular, promovendo a unidade em meio \u00e0 dor. Especialistas em seguran\u00e7a alimentar tamb\u00e9m come\u00e7aram a comentar sobre a necessidade de revis\u00f5es nas normas de seguran\u00e7a em restaurantes, especialmente aqueles que tem alta rotatividade de clientes, como os de gastron\u00f4micos.<\/p>\n<h2>Medidas a Serem Tomadas Para a Seguran\u00e7a<\/h2>\n<p>Ap\u00f3s o acidente, a discuss\u00e3o sobre a seguran\u00e7a em restaurantes ganhou destaque. Especialistas sugerem que seja realizada uma <strong>avalia\u00e7\u00e3o abrangente<\/strong> de todos os estabelecimentos gastron\u00f4micos, com foco em sistemas de alerta precoce, extintores de inc\u00eandio adequados, e treinamento regular para a equipe em procedimentos de evacua\u00e7\u00e3o e seguran\u00e7a.<\/p>\n<ul>\n<li><strong>Treinamento Cont\u00ednuo:<\/strong> Os funcion\u00e1rios devem receber forma\u00e7\u00e3o regular sobre como agir em situa\u00e7\u00f5es de emerg\u00eancia.<\/li>\n<li><strong>Equipamentos de Seguran\u00e7a:<\/strong> Instalar detectores de fuma\u00e7a, sprinklers e extintores em locais estrat\u00e9gicos.<\/li>\n<li><strong>Avalia\u00e7\u00f5es Regulares:<\/strong> Realizar inspe\u00e7\u00f5es peri\u00f3dicas para garantir que os sistemas de seguran\u00e7a estejam sempre em funcionamento.<\/li>\n<\/ul>\n<h2>A Necessidade de Avalia\u00e7\u00f5es Estruturais<\/h2>\n<p>\u00c9 fundamental que todos os restaurantes passem por uma avalia\u00e7\u00e3o estrutural completa. Essas avalia\u00e7\u00f5es n\u00e3o apenas identificam \u00e1reas vulner\u00e1veis, mas tamb\u00e9m ajudam a cumprir as regulamenta\u00e7\u00f5es locais. No caso do Restaurante Jamile, muitos questionam se havia um plano de evacua\u00e7\u00e3o vis\u00edvel e se as sa\u00eddas de emerg\u00eancia estavam devidamente sinalizadas.<\/p>\n<p>A legisla\u00e7\u00e3o atual exige que todos os estabelecimentos de grande porte mantenham um padr\u00e3o de seguran\u00e7a adequado. Se for descoberto que o restaurante n\u00e3o cumpriu as normas, isso pode ter consequ\u00eancias legais s\u00e9rias. As autoridades competentes est\u00e3o analisando a quest\u00e3o com rigor.<\/p>\n<h2>Os Pr\u00f3ximos Passos para Foga\u00e7a<\/h2>\n<p>Ap\u00f3s o acidente, Henrique Foga\u00e7a enfrenta uma s\u00e9rie de desafios. Em primeiro lugar, ele deve assegurar que os feridos recebam todo o apoio necess\u00e1rio, tanto f\u00edsico quanto emocional. Isso implica n\u00e3o apenas em aux\u00edlio financeiro, mas tamb\u00e9m em acompanhamento psicol\u00f3gico e atendimento m\u00e9dico cont\u00ednuo.<\/p>\n<p>Al\u00e9m disso, Foga\u00e7a pode precisar revisar os protocolos de seguran\u00e7a de todos os seus restaurantes, garantindo que uma trag\u00e9dia como essa nunca mais se repita. Ele tamb\u00e9m precisar\u00e1 se preparar para as poss\u00edveis repercuss\u00f5es legais que podem vir \u00e0 tona devido ao acidente e \u00e0 investiga\u00e7\u00e3o em andamento.<\/p>\n<h2>Reflex\u00f5es Sobre Seguran\u00e7a em Restaurantes<\/h2>\n<p>A trag\u00e9dia do Restaurante Jamile traz \u00e0 tona quest\u00f5es cr\u00edticas sobre a seguran\u00e7a nos complexos comerciais. O segmento de alimenta\u00e7\u00e3o deve reavaliar suas pr\u00e1ticas e pol\u00edticas de seguran\u00e7a, n\u00e3o apenas para conformidade legal, mas para garantir que os clientes se sintam protegidos enquanto desfrutam de suas refei\u00e7\u00f5es.<\/p>\n<p>Faz-se necess\u00e1rio um movimento conjunto entre propriet\u00e1rios, autoridades e mesas redondas com profissionais da sa\u00fade e seguran\u00e7a para trabalhar em novas diretrizes que busquem prevenir novos incidentes semelhantes. O compromisso com a seguran\u00e7a deve ser uma prioridade absoluta.<\/p>\n\n<div style=\"font-size: 0px; height: 0px; line-height: 0px; margin: 0; padding: 0; clear: both;\"><\/div>","protected":false},"excerpt":{"rendered":"<p>Henrique Foga\u00e7a lamenta o acidente em seu restaurante que deixou v\u00edtimas.<\/p>\n","protected":false},"author":1,"featured_media":2437,"comment_status":"open","ping_status":"closed","sticky":false,"template":"","format":"standard","meta":{"footnotes":""},"categories":[6],"tags":[],"class_list":["post-2438","post","type-post","status-publish","format-standard","has-post-thumbnail","hentry","category-noticias-na-bela-vista","has_thumb"],"aioseo_notices":[],"_links":{"self":[{"href":"https:\/\/www.encontrabelavista.com.br\/sobre\/wp-json\/wp\/v2\/posts\/2438","targetHints":{"allow":["GET"]}}],"collection":[{"href":"https:\/\/www.encontrabelavista.com.br\/sobre\/wp-json\/wp\/v2\/posts"}],"about":[{"href":"https:\/\/www.encontrabelavista.com.br\/sobre\/wp-json\/wp\/v2\/types\/post"}],"author":[{"embeddable":true,"href":"https:\/\/www.encontrabelavista.com.br\/sobre\/wp-json\/wp\/v2\/users\/1"}],"replies":[{"embeddable":true,"href":"https:\/\/www.encontrabelavista.com.br\/sobre\/wp-json\/wp\/v2\/comments?post=2438"}],"version-history":[{"count":0,"href":"https:\/\/www.encontrabelavista.com.br\/sobre\/wp-json\/wp\/v2\/posts\/2438\/revisions"}],"wp:featuredmedia":[{"embeddable":true,"href":"https:\/\/www.encontrabelavista.com.br\/sobre\/wp-json\/wp\/v2\/media\/2437"}],"wp:attachment":[{"href":"https:\/\/www.encontrabelavista.com.br\/sobre\/wp-json\/wp\/v2\/media?parent=2438"}],"wp:term":[{"taxonomy":"category","embeddable":true,"href":"https:\/\/www.encontrabelavista.com.br\/sobre\/wp-json\/wp\/v2\/categories?post=2438"},{"taxonomy":"post_tag","embeddable":true,"href":"https:\/\/www.encontrabelavista.com.br\/sobre\/wp-json\/wp\/v2\/tags?post=2438"}],"curies":[{"name":"wp","href":"https:\/\/api.w.org\/{rel}","templated":true}]}}