{"id":253,"date":"2011-06-02T21:21:42","date_gmt":"2011-06-02T21:21:42","guid":{"rendered":"http:\/\/www.encontrabelavista.com.br\/noticias\/?p=253"},"modified":"2019-04-29T17:12:00","modified_gmt":"2019-04-29T20:12:00","slug":"palestras-de-ti-e-gestao-de-negocios-na-bela-vista","status":"publish","type":"post","link":"https:\/\/www.encontrabelavista.com.br\/sobre\/palestras-de-ti-e-gestao-de-negocios-na-bela-vista\/","title":{"rendered":"Palestras de TI e Gest\u00e3o de Neg\u00f3cios na Bela Vista"},"content":{"rendered":"<div class=\"66f7afe30d5ab11a5499ffbde64f8398\" data-index=\"1\" style=\"float: none; margin:0px;\">\n<!-- Anuncio display - global -->\r\n<ins class=\"adsbygoogle\"\r\n     style=\"display:block\"\r\n     data-ad-client=\"ca-pub-8585364105181520\"\r\n     data-ad-slot=\"8789329856\"\r\n     data-ad-format=\"auto\"\r\n     data-full-width-responsive=\"true\"><\/ins>\r\n<script>\r\n     (adsbygoogle = window.adsbygoogle || []).push({});\r\n<\/script>\r\n\n<\/div>\n<p>Neste m\u00eas de junho, a Veris IBTA promove, gratuitamente, workshops nas \u00e1reas de TI (Tecnologia da Informa\u00e7\u00e3o) e Gest\u00e3o de\u00a0Neg\u00f3cios. Os minicursos acontecem aos s\u00e1bados no campus Paulista da faculdade, localizado na Avenida Paulista, 302, Encontra Bela Vista. As vagas s\u00e3o limitadas e os interessados devem se inscrever pelo 0800-7231818.<\/p>\n<p><em>Fonte: Di\u00e1rio de S. Paulo<\/em><\/p>\n\n<div style=\"font-size: 0px; height: 0px; line-height: 0px; margin: 0; padding: 0; clear: both;\"><\/div>","protected":false},"excerpt":{"rendered":"<p>Neste m\u00eas de junho, a Veris IBTA promove, gratuitamente, workshops nas \u00e1reas de TI (Tecnologia da Informa\u00e7\u00e3o) e Gest\u00e3o de\u00a0Neg\u00f3cios. Os minicursos acontecem aos s\u00e1bados no campus Paulista da faculdade, localizado na Avenida Paulista, 302, Encontra Bela Vista. As vagas s\u00e3o limitadas e os interessados devem se inscrever pelo 0800-7231818. Fonte: Di\u00e1rio de S. Paulo<\/p>\n","protected":false},"author":1,"featured_media":0,"comment_status":"open","ping_status":"closed","sticky":false,"template":"","format":"standard","meta":{"footnotes":""},"categories":[6],"tags":[14],"class_list":["post-253","post","type-post","status-publish","format-standard","hentry","category-noticias-na-bela-vista","tag-bela-vista"],"aioseo_notices":[],"_links":{"self":[{"href":"https:\/\/www.encontrabelavista.com.br\/sobre\/wp-json\/wp\/v2\/posts\/253","targetHints":{"allow":["GET"]}}],"collection":[{"href":"https:\/\/www.encontrabelavista.com.br\/sobre\/wp-json\/wp\/v2\/posts"}],"about":[{"href":"https:\/\/www.encontrabelavista.com.br\/sobre\/wp-json\/wp\/v2\/types\/post"}],"author":[{"embeddable":true,"href":"https:\/\/www.encontrabelavista.com.br\/sobre\/wp-json\/wp\/v2\/users\/1"}],"replies":[{"embeddable":true,"href":"https:\/\/www.encontrabelavista.com.br\/sobre\/wp-json\/wp\/v2\/comments?post=253"}],"version-history":[{"count":0,"href":"https:\/\/www.encontrabelavista.com.br\/sobre\/wp-json\/wp\/v2\/posts\/253\/revisions"}],"wp:attachment":[{"href":"https:\/\/www.encontrabelavista.com.br\/sobre\/wp-json\/wp\/v2\/media?parent=253"}],"wp:term":[{"taxonomy":"category","embeddable":true,"href":"https:\/\/www.encontrabelavista.com.br\/sobre\/wp-json\/wp\/v2\/categories?post=253"},{"taxonomy":"post_tag","embeddable":true,"href":"https:\/\/www.encontrabelavista.com.br\/sobre\/wp-json\/wp\/v2\/tags?post=253"}],"curies":[{"name":"wp","href":"https:\/\/api.w.org\/{rel}","templated":true}]}}