{"id":269,"date":"2011-06-28T23:03:13","date_gmt":"2011-06-28T23:03:13","guid":{"rendered":"http:\/\/www.encontrabelavista.com.br\/noticias\/?p=269"},"modified":"2019-04-29T17:11:59","modified_gmt":"2019-04-29T20:11:59","slug":"cvv-bela-vista-promove-curso-gratuito-voltado-ao-apoio-emocional","status":"publish","type":"post","link":"https:\/\/www.encontrabelavista.com.br\/sobre\/cvv-bela-vista-promove-curso-gratuito-voltado-ao-apoio-emocional\/","title":{"rendered":"CVV Bela Vista promove curso gratuito voltado ao apoio emocional"},"content":{"rendered":"<div class=\"66f7afe30d5ab11a5499ffbde64f8398\" data-index=\"1\" style=\"float: none; margin:0px;\">\n<!-- Anuncio display - global -->\r\n<ins class=\"adsbygoogle\"\r\n     style=\"display:block\"\r\n     data-ad-client=\"ca-pub-8585364105181520\"\r\n     data-ad-slot=\"8789329856\"\r\n     data-ad-format=\"auto\"\r\n     data-full-width-responsive=\"true\"><\/ins>\r\n<script>\r\n     (adsbygoogle = window.adsbygoogle || []).push({});\r\n<\/script>\r\n\n<\/div>\n<p>O Posto C.V.V. Aboli\u00e7\u00e3o, Vinculado ao Programa CVV de Apoio Emocional e\u00a0Preven\u00e7\u00e3o ao Suic\u00eddio, realiza no dia 17 de julho, das 8h30 \u00e0s 18h30, o curso para capacita\u00e7\u00e3o de novos volunt\u00e1rios da entidade. O encontro tem como objetivo apresentar a filosofia da entidade e a forma de conduta a ser seguida pelo volunt\u00e1rio.<\/p>\n<p><strong>Inscri\u00e7\u00f5es:<\/strong><\/p>\n<p>As inscri\u00e7\u00f5es ou informa\u00e7\u00f5es podem ser feitas pelo telefone (11) 3242-4111, todos os dias, das 15h \u00e0s 23h. Tamb\u00e9m \u00e9 poss\u00edvel solicitar a inscri\u00e7\u00e3o pelo e-mail\u00a0abolicao@cvv.org.br ou mesmo 15 minutos antes do in\u00edcio do curso.<\/p>\n<p><strong>Atividade:<\/strong><\/p>\n<p>Durante a atividade, que \u00e9 gratuita, haver\u00e1 sele\u00e7\u00e3o dos interessados em\u00a0colaborar com a entidade. Para ser volunt\u00e1rio vinculado ao Programa CVV\u00a0Preven\u00e7\u00e3o ao suic\u00eddio, Apoio Emocional e valoriza\u00e7\u00e3o da vida, basta ter mais\u00a0de 18 anos, ter disponibilidade de tempo (m\u00e9dia de 4 horas e meia por\u00a0semana), disposi\u00e7\u00e3o para ajudar o pr\u00f3ximo e abertura para o autoconhecimento e ser treinado.<\/p>\n<p><strong>CVV<\/strong><\/p>\n<p>Institui\u00e7\u00e3o sem fins lucrativos, os postos C.V.V., desenvolvem trabalhos de\u00a0apoio emocional por meio de contatos telef\u00f4nicos, atendimento pessoal, via\u00a0correio, e-mail e mais recentemente, via chat, no pr\u00f3prio site da entidade (cvv.org.br).<\/p>\n<p><strong>SERVI\u00c7O:<\/strong><\/p>\n<p><strong> <\/strong><\/p>\n<p><strong>Posto Aboli\u00e7\u00e3o<\/strong><\/p>\n<p>Rua Aboli\u00e7\u00e3o, 411, Encontra Bela Vista \u2013 S\u00e3o Paulo\/SP<\/p>\n<p>Pr\u00f3ximo ao Metr\u00f4 Anhangaba\u00fa ou Liberdade<\/p>\n<p>Dia 17 de julho de 2011, das 8h30 \u00e0s 18h30<\/p>\n<p>Inscri\u00e7\u00f5es: (11) 3242-4111 \u2013 das 15h \u00e0s 23h<\/p>\n<p>E-mail: aboli\u00e7\u00e3o@postosamaritano.org.br<\/p>\n\n<div style=\"font-size: 0px; height: 0px; line-height: 0px; margin: 0; padding: 0; clear: both;\"><\/div>","protected":false},"excerpt":{"rendered":"<p>O Posto C.V.V. Aboli\u00e7\u00e3o, Vinculado ao Programa CVV de Apoio Emocional e\u00a0Preven\u00e7\u00e3o ao Suic\u00eddio, realiza no dia 17 de julho, das 8h30 \u00e0s 18h30, o curso para capacita\u00e7\u00e3o de novos volunt\u00e1rios da entidade. O encontro tem como objetivo apresentar a filosofia da entidade e a forma de conduta a ser seguida pelo volunt\u00e1rio. Inscri\u00e7\u00f5es: As inscri\u00e7\u00f5es ou informa\u00e7\u00f5es podem ser feitas pelo telefone (11) 3242-4111, todos os dias, das 15h \u00e0s 23h. Tamb\u00e9m \u00e9 poss\u00edvel solicitar a inscri\u00e7\u00e3o pelo e-mail\u00a0abolicao@cvv.org.br ou mesmo 15 minutos antes do in\u00edcio do curso. Atividade: Durante a atividade, que \u00e9 gratuita, haver\u00e1 sele\u00e7\u00e3o dos interessados <\/p>\n","protected":false},"author":1,"featured_media":0,"comment_status":"open","ping_status":"closed","sticky":false,"template":"","format":"standard","meta":{"footnotes":""},"categories":[3],"tags":[14],"class_list":["post-269","post","type-post","status-publish","format-standard","hentry","category-cursos-na-bela-vista","tag-bela-vista"],"aioseo_notices":[],"_links":{"self":[{"href":"https:\/\/www.encontrabelavista.com.br\/sobre\/wp-json\/wp\/v2\/posts\/269","targetHints":{"allow":["GET"]}}],"collection":[{"href":"https:\/\/www.encontrabelavista.com.br\/sobre\/wp-json\/wp\/v2\/posts"}],"about":[{"href":"https:\/\/www.encontrabelavista.com.br\/sobre\/wp-json\/wp\/v2\/types\/post"}],"author":[{"embeddable":true,"href":"https:\/\/www.encontrabelavista.com.br\/sobre\/wp-json\/wp\/v2\/users\/1"}],"replies":[{"embeddable":true,"href":"https:\/\/www.encontrabelavista.com.br\/sobre\/wp-json\/wp\/v2\/comments?post=269"}],"version-history":[{"count":0,"href":"https:\/\/www.encontrabelavista.com.br\/sobre\/wp-json\/wp\/v2\/posts\/269\/revisions"}],"wp:attachment":[{"href":"https:\/\/www.encontrabelavista.com.br\/sobre\/wp-json\/wp\/v2\/media?parent=269"}],"wp:term":[{"taxonomy":"category","embeddable":true,"href":"https:\/\/www.encontrabelavista.com.br\/sobre\/wp-json\/wp\/v2\/categories?post=269"},{"taxonomy":"post_tag","embeddable":true,"href":"https:\/\/www.encontrabelavista.com.br\/sobre\/wp-json\/wp\/v2\/tags?post=269"}],"curies":[{"name":"wp","href":"https:\/\/api.w.org\/{rel}","templated":true}]}}