{"id":272,"date":"2011-07-06T22:17:08","date_gmt":"2011-07-06T22:17:08","guid":{"rendered":"http:\/\/www.encontrabelavista.com.br\/noticias\/?p=272"},"modified":"2019-04-29T17:11:59","modified_gmt":"2019-04-29T20:11:59","slug":"bela-vista-hospital-perola-byington-tem-risco-de-incendio","status":"publish","type":"post","link":"https:\/\/www.encontrabelavista.com.br\/sobre\/bela-vista-hospital-perola-byington-tem-risco-de-incendio\/","title":{"rendered":"Bela Vista: Hospital P\u00e9rola Byington tem risco de inc\u00eandio"},"content":{"rendered":"<div class=\"66f7afe30d5ab11a5499ffbde64f8398\" data-index=\"1\" style=\"float: none; margin:0px;\">\n<!-- Anuncio display - global -->\r\n<ins class=\"adsbygoogle\"\r\n     style=\"display:block\"\r\n     data-ad-client=\"ca-pub-8585364105181520\"\r\n     data-ad-slot=\"8789329856\"\r\n     data-ad-format=\"auto\"\r\n     data-full-width-responsive=\"true\"><\/ins>\r\n<script>\r\n     (adsbygoogle = window.adsbygoogle || []).push({});\r\n<\/script>\r\n\n<\/div>\n<p>O pr\u00e9dio onde funciona o Hospital Estadual P\u00e9rola Byington, na regi\u00e3o da Bela Vista (centro de SP), ainda n\u00e3o apresenta todos os itens de seguran\u00e7a necess\u00e1rios para evitar o risco de inc\u00eandio. Vistoria realizada pelo Corpo de Bombeiros no local desaprovou, pela segunda vez, o edif\u00edcio, que ainda n\u00e3o conta com aval para funcionar.<\/p>\n<p>Durante a visita, realizada no dia 13 de maio, a pedido do Minist\u00e9rio P\u00fablico Estadual, os bombeiros observaram diversas irregularidades, como aus\u00eancia de sistema de controle de fuma\u00e7a no subsolo, alarme de inc\u00eandio e elevador de emerg\u00eancia.<\/p>\n<p>Inqu\u00e9rito instaurado na Promotoria de Sa\u00fade P\u00fablica acompanha as condi\u00e7\u00f5es do local desde 2009. H\u00e1 cerca de um ano, o\u00a0Agora mostrou que durante a investiga\u00e7\u00e3o foram flagrados extintores de inc\u00eandio com validade vencida, hidrantes sem mangueira e instala\u00e7\u00e3o el\u00e9trica com fia\u00e7\u00e3o exposta.<\/p>\n<p><em>Fonte: Agora S\u00e3o Paulo<\/em><\/p>\n\n<div style=\"font-size: 0px; height: 0px; line-height: 0px; margin: 0; padding: 0; clear: both;\"><\/div>","protected":false},"excerpt":{"rendered":"<p>O pr\u00e9dio onde funciona o Hospital Estadual P\u00e9rola Byington, na regi\u00e3o da Bela Vista (centro de SP), ainda n\u00e3o apresenta todos os itens de seguran\u00e7a necess\u00e1rios para evitar o risco de inc\u00eandio. Vistoria realizada pelo Corpo de Bombeiros no local desaprovou, pela segunda vez, o edif\u00edcio, que ainda n\u00e3o conta com aval para funcionar. Durante a visita, realizada no dia 13 de maio, a pedido do Minist\u00e9rio P\u00fablico Estadual, os bombeiros observaram diversas irregularidades, como aus\u00eancia de sistema de controle de fuma\u00e7a no subsolo, alarme de inc\u00eandio e elevador de emerg\u00eancia. Inqu\u00e9rito instaurado na Promotoria de Sa\u00fade P\u00fablica acompanha as <\/p>\n","protected":false},"author":1,"featured_media":0,"comment_status":"open","ping_status":"closed","sticky":false,"template":"","format":"standard","meta":{"footnotes":""},"categories":[6],"tags":[14],"class_list":["post-272","post","type-post","status-publish","format-standard","hentry","category-noticias-na-bela-vista","tag-bela-vista"],"aioseo_notices":[],"_links":{"self":[{"href":"https:\/\/www.encontrabelavista.com.br\/sobre\/wp-json\/wp\/v2\/posts\/272","targetHints":{"allow":["GET"]}}],"collection":[{"href":"https:\/\/www.encontrabelavista.com.br\/sobre\/wp-json\/wp\/v2\/posts"}],"about":[{"href":"https:\/\/www.encontrabelavista.com.br\/sobre\/wp-json\/wp\/v2\/types\/post"}],"author":[{"embeddable":true,"href":"https:\/\/www.encontrabelavista.com.br\/sobre\/wp-json\/wp\/v2\/users\/1"}],"replies":[{"embeddable":true,"href":"https:\/\/www.encontrabelavista.com.br\/sobre\/wp-json\/wp\/v2\/comments?post=272"}],"version-history":[{"count":0,"href":"https:\/\/www.encontrabelavista.com.br\/sobre\/wp-json\/wp\/v2\/posts\/272\/revisions"}],"wp:attachment":[{"href":"https:\/\/www.encontrabelavista.com.br\/sobre\/wp-json\/wp\/v2\/media?parent=272"}],"wp:term":[{"taxonomy":"category","embeddable":true,"href":"https:\/\/www.encontrabelavista.com.br\/sobre\/wp-json\/wp\/v2\/categories?post=272"},{"taxonomy":"post_tag","embeddable":true,"href":"https:\/\/www.encontrabelavista.com.br\/sobre\/wp-json\/wp\/v2\/tags?post=272"}],"curies":[{"name":"wp","href":"https:\/\/api.w.org\/{rel}","templated":true}]}}