{"id":2768,"date":"2026-01-25T09:27:55","date_gmt":"2026-01-25T12:27:55","guid":{"rendered":"https:\/\/www.encontrabelavista.com.br\/sobre\/lancamento-do-livro-em-comemoracao-ao-aniversario-da-cidade-de-sao-paulo\/"},"modified":"2026-01-25T09:27:55","modified_gmt":"2026-01-25T12:27:55","slug":"lancamento-do-livro-em-comemoracao-ao-aniversario-da-cidade-de-sao-paulo","status":"publish","type":"post","link":"https:\/\/www.encontrabelavista.com.br\/sobre\/lancamento-do-livro-em-comemoracao-ao-aniversario-da-cidade-de-sao-paulo\/","title":{"rendered":"Lan\u00e7amento do livro em comemora\u00e7\u00e3o ao anivers\u00e1rio da Cidade de S\u00e3o Paulo"},"content":{"rendered":"<div class=\"66f7afe30d5ab11a5499ffbde64f8398\" data-index=\"1\" style=\"float: none; margin:0px;\">\n<!-- Anuncio display - global -->\r\n<ins class=\"adsbygoogle\"\r\n     style=\"display:block\"\r\n     data-ad-client=\"ca-pub-8585364105181520\"\r\n     data-ad-slot=\"8789329856\"\r\n     data-ad-format=\"auto\"\r\n     data-full-width-responsive=\"true\"><\/ins>\r\n<script>\r\n     (adsbygoogle = window.adsbygoogle || []).push({});\r\n<\/script>\r\n\n<\/div>\n<h2>Data e Local do Lan\u00e7amento<\/h2>\n<p>O evento de lan\u00e7amento do livro em homenagem ao anivers\u00e1rio da Cidade de S\u00e3o Paulo ocorrer\u00e1 no dia 24 de janeiro de 2026, \u00e0s 14h. O local escolhido para a cerim\u00f4nia \u00e9 a Rua Rio Claro, 190, localizada no bairro Bela Vista, em S\u00e3o Paulo.<\/p>\n<h2>Participantes Confirmados<\/h2>\n<p>A cerim\u00f4nia contar\u00e1 com a presen\u00e7a de importantes autoridades, destacando-se a Secret\u00e1ria Municipal de Rela\u00e7\u00f5es Internacionais, Angela Gandra. Sua participa\u00e7\u00e3o ressaltar\u00e1 a import\u00e2ncia do evento e as contribui\u00e7\u00f5es culturais e hist\u00f3ricas que a cidade oferece.<\/p>\n<h2>Sobre o Livro Comemorativo<\/h2>\n<p>Este livro foi elaborado como parte das celebra\u00e7\u00f5es do anivers\u00e1rio da cidade, compilando relatos, imagens e reflex\u00f5es sobre a rica trajet\u00f3ria de S\u00e3o Paulo. O conte\u00fado abrange v\u00e1rios aspectos da cidade, desde sua funda\u00e7\u00e3o at\u00e9 o presente, enfatizando sua diversidade e evolu\u00e7\u00e3o social, econ\u00f4mica e cultural ao longo dos anos.<\/p>\n<p><img decoding=\"async\" src=\"https:\/\/www.encontrabelavista.com.br\/sobre\/wp-content\/uploads\/lancamento-do-livro-em-comemoracao-ao-aniversario-da-cidade-de-sao-paulo.webp\" alt=\"lan\u00e7amento do livro em comemora\u00e7\u00e3o ao anivers\u00e1rio da Cidade de S\u00e3o Paulo\" loading=\"lazy\" \/><\/p>\n<h2>A Hist\u00f3ria da Cidade de S\u00e3o Paulo<\/h2>\n<p>S\u00e3o Paulo, fundada em 1554, come\u00e7ou como um pequeno n\u00facleo de mission\u00e1rios jesu\u00edtas e ind\u00edgenas. Com o passar dos s\u00e9culos, transformou-se em uma metr\u00f3pole vibrante, sendo hoje um dos principais centros financeiros da Am\u00e9rica Latina. A cidade \u00e9 conhecida por sua mistura de culturas, culin\u00e1ria diversificada e express\u00e3o art\u00edstica, refletindo o fluxo de imigrantes de diversas partes do mundo.<\/p>\n<h2>Import\u00e2ncia das Comemora\u00e7\u00f5es Culturais<\/h2>\n<p>Comemora\u00e7\u00f5es como essa s\u00e3o fundamentais para fortalecer a identidade e a hist\u00f3ria da cidade. Elas proporcionam um espa\u00e7o para refletirmos sobre o passado, al\u00e9m de inspirar as gera\u00e7\u00f5es futuras a valorizarem a rica heran\u00e7a cultural. A festa de anivers\u00e1rio da cidade n\u00e3o \u00e9 apenas uma celebra\u00e7\u00e3o, mas tamb\u00e9m uma oportunidade de engajamento comunit\u00e1rio e de promo\u00e7\u00e3o de iniciativas culturais.<\/p>\n<h2>Como Participar do Evento<\/h2>\n<p>Todos os interessados em participar do lan\u00e7amento est\u00e3o convidados a comparecer. N\u00e3o \u00e9 necess\u00e1ria inscri\u00e7\u00e3o pr\u00e9via, mas recomenda-se chegar com anteced\u00eancia para garantir um bom lugar. O evento promete ser uma celebra\u00e7\u00e3o memor\u00e1vel, repleta de emo\u00e7\u00f5es e hist\u00f3rias que ressoam com o esp\u00edrito paulistano.<\/p>\n<h2>Expectativas para o Lan\u00e7amento<\/h2>\n<p>A expectativa \u00e9 alta para o lan\u00e7amento do livro. Com a presen\u00e7a de autoridades e da comunidade, o evento deve atrair uma significativa quantidade de pessoas, ansiosas para celebrar a cidade e reviver mem\u00f3rias. O livro, al\u00e9m de ser um tributo \u00e0 hist\u00f3ria, tamb\u00e9m se torna um legado para as pr\u00f3ximas gera\u00e7\u00f5es.<\/p>\n<h2>Reflex\u00f5es sobre o Passado de S\u00e3o Paulo<\/h2>\n<p>A trajet\u00f3ria da cidade \u00e9 marcada por desafios e conquistas. Estudar seu passado nos ajuda a compreender os caminhos que a levaram a ser uma das mais influentes cidades do mundo. A hist\u00f3ria de S\u00e3o Paulo \u00e9 uma rica tapestria que inclui lutas sociais, avan\u00e7os econ\u00f4micos e um caldeir\u00e3o de culturas que constantemente se mesclam.<\/p>\n<h2>O Papel da Cultura na Cidade<\/h2>\n<p>A cultura \u00e9 um dos pilares fundamentais para o desenvolvimento e a identidade de S\u00e3o Paulo. As manifesta\u00e7\u00f5es art\u00edsticas, a m\u00fasica, o teatro e as dan\u00e7as populares s\u00e3o express\u00f5es que celebram a vida e a diversidade da cidade. Atrav\u00e9s da cultura, a cidade n\u00e3o apenas se reinventa, mas tamb\u00e9m constr\u00f3i um sentido de pertencimento e comunidade.<\/p>\n<h2>A Proje\u00e7\u00e3o do Futuro da Cidade<\/h2>\n<p>Enquanto comemoramos os 472 anos de S\u00e3o Paulo, \u00e9 importante olhar para o futuro. A cidade enfrenta desafios como habita\u00e7\u00e3o, transporte e sustentabilidade. No entanto, continua a se adaptar e a inovar. As pol\u00edticas p\u00fablicas e a participa\u00e7\u00e3o cidad\u00e3 s\u00e3o essenciais para garantir que o legado cultural e hist\u00f3rico de S\u00e3o Paulo permane\u00e7a vivo e que a cidade continue a prosperar.<\/p>\n\n<div style=\"font-size: 0px; height: 0px; line-height: 0px; margin: 0; padding: 0; clear: both;\"><\/div>","protected":false},"excerpt":{"rendered":"<p>Lan\u00e7amento do livro em homenagem ao anivers\u00e1rio da Cidade de S\u00e3o Paulo.<\/p>\n","protected":false},"author":1,"featured_media":2767,"comment_status":"open","ping_status":"closed","sticky":false,"template":"","format":"standard","meta":{"footnotes":""},"categories":[6],"tags":[],"class_list":["post-2768","post","type-post","status-publish","format-standard","has-post-thumbnail","hentry","category-noticias-na-bela-vista","has_thumb"],"aioseo_notices":[],"_links":{"self":[{"href":"https:\/\/www.encontrabelavista.com.br\/sobre\/wp-json\/wp\/v2\/posts\/2768","targetHints":{"allow":["GET"]}}],"collection":[{"href":"https:\/\/www.encontrabelavista.com.br\/sobre\/wp-json\/wp\/v2\/posts"}],"about":[{"href":"https:\/\/www.encontrabelavista.com.br\/sobre\/wp-json\/wp\/v2\/types\/post"}],"author":[{"embeddable":true,"href":"https:\/\/www.encontrabelavista.com.br\/sobre\/wp-json\/wp\/v2\/users\/1"}],"replies":[{"embeddable":true,"href":"https:\/\/www.encontrabelavista.com.br\/sobre\/wp-json\/wp\/v2\/comments?post=2768"}],"version-history":[{"count":0,"href":"https:\/\/www.encontrabelavista.com.br\/sobre\/wp-json\/wp\/v2\/posts\/2768\/revisions"}],"wp:featuredmedia":[{"embeddable":true,"href":"https:\/\/www.encontrabelavista.com.br\/sobre\/wp-json\/wp\/v2\/media\/2767"}],"wp:attachment":[{"href":"https:\/\/www.encontrabelavista.com.br\/sobre\/wp-json\/wp\/v2\/media?parent=2768"}],"wp:term":[{"taxonomy":"category","embeddable":true,"href":"https:\/\/www.encontrabelavista.com.br\/sobre\/wp-json\/wp\/v2\/categories?post=2768"},{"taxonomy":"post_tag","embeddable":true,"href":"https:\/\/www.encontrabelavista.com.br\/sobre\/wp-json\/wp\/v2\/tags?post=2768"}],"curies":[{"name":"wp","href":"https:\/\/api.w.org\/{rel}","templated":true}]}}