{"id":2874,"date":"2026-02-14T09:30:46","date_gmt":"2026-02-14T12:30:46","guid":{"rendered":"https:\/\/www.encontrabelavista.com.br\/sobre\/prefeitura-de-sao-jose-da-bela-vista\/"},"modified":"2026-02-14T09:30:46","modified_gmt":"2026-02-14T12:30:46","slug":"prefeitura-de-sao-jose-da-bela-vista","status":"publish","type":"post","link":"https:\/\/www.encontrabelavista.com.br\/sobre\/prefeitura-de-sao-jose-da-bela-vista\/","title":{"rendered":"Prefeitura de S\u00e3o Jos\u00e9 da Bela Vista"},"content":{"rendered":"<div class=\"66f7afe30d5ab11a5499ffbde64f8398\" data-index=\"1\" style=\"float: none; margin:0px;\">\n<!-- Anuncio display - global -->\r\n<ins class=\"adsbygoogle\"\r\n     style=\"display:block\"\r\n     data-ad-client=\"ca-pub-8585364105181520\"\r\n     data-ad-slot=\"8789329856\"\r\n     data-ad-format=\"auto\"\r\n     data-full-width-responsive=\"true\"><\/ins>\r\n<script>\r\n     (adsbygoogle = window.adsbygoogle || []).push({});\r\n<\/script>\r\n\n<\/div>\n<h2>Concurso P\u00fablico da Prefeitura de S\u00e3o Jos\u00e9 da Bela Vista-SP<\/h2>\n<p>A Prefeitura de S\u00e3o Jos\u00e9 da Bela Vista, localizada no estado de S\u00e3o Paulo, anunciou a abertura de um novo concurso p\u00fablico destinado a formar um cadastro de reserva para diversas posi\u00e7\u00f5es voltadas para candidatos com forma\u00e7\u00e3o de n\u00edvel m\u00e9dio e superior. Este certame promete sal\u00e1rios que podem alcan\u00e7ar at\u00e9 R$ 7.078,72, e as inscri\u00e7\u00f5es podem ser realizadas at\u00e9 o dia 12 de mar\u00e7o de 2026.<\/p>\n<h2>Detalhes do Concurso<\/h2>\n<p>As inscri\u00e7\u00f5es para o concurso come\u00e7aram em 13 de fevereiro de 2026. Os candidatos interessados t\u00eam o prazo at\u00e9 12 de mar\u00e7o do mesmo ano para se inscrever. A prova objetiva est\u00e1 agendada para o dia 12 de abril de 2026, e o gabarito deve ser divulgado no dia 14 de abril de 2026.<\/p>\n<h3>Informa\u00e7\u00f5es Adicionais<\/h3>\n<ul>\n<li><strong>Abertura das inscri\u00e7\u00f5es:<\/strong> 13\/02\/2026<\/li>\n<li><strong>Encerramento das inscri\u00e7\u00f5es:<\/strong> 12\/03\/2026<\/li>\n<li><strong>Data da prova:<\/strong> 12\/04\/2026<\/li>\n<li><strong>Gabarito:<\/strong> 14\/04\/2026<\/li>\n<li><strong>Sal\u00e1rios:<\/strong> at\u00e9 R$ 7.078,72<\/li>\n<\/ul>\n<h2>Vagas Oferecidas<\/h2>\n<p>O concurso oferece oportunidades para diversas fun\u00e7\u00f5es, conforme listado abaixo:<\/p>\n<p><img decoding=\"async\" src=\"https:\/\/www.encontrabelavista.com.br\/sobre\/wp-content\/uploads\/prefeitura-de-sao-jose-da-bela-vista.webp\" alt=\"Concurso Prefeitura S\u00e3o Jos\u00e9 da Bela Vista-SP\" loading=\"lazy\" \/><\/p>\n<table>\n<thead>\n<tr>\n<th>Cargo<\/th>\n<th>Vagas<\/th>\n<th>Sal\u00e1rio<\/th>\n<th>Requisitos B\u00e1sicos<\/th>\n<\/tr>\n<\/thead>\n<tbody>\n<tr>\n<td>Encarregado do Setor de Cadastro e Tributa\u00e7\u00e3o<\/td>\n<td>CR<\/td>\n<td>R$ 2.569,31<\/td>\n<td>Ensino M\u00e9dio Completo<\/td>\n<\/tr>\n<tr>\n<td>Coordenador Pedag\u00f3gico de Educa\u00e7\u00e3o Infantil C\/P<\/td>\n<td>CR<\/td>\n<td>R$ 4.932,60<\/td>\n<td>Curso Superior em Pedagogia<\/td>\n<\/tr>\n<tr>\n<td>Fonoaudi\u00f3logo<\/td>\n<td>CR<\/td>\n<td>R$ 2.307,14<\/td>\n<td>Curso Superior em Fonoaudiologia e registro no CRC<\/td>\n<\/tr>\n<tr>\n<td>M\u00e9dico Cl\u00ednico Geral<\/td>\n<td>CR<\/td>\n<td>R$ 125,84 (horista)<\/td>\n<td>Gradua\u00e7\u00e3o em Medicina e registro no CRM<\/td>\n<\/tr>\n<tr>\n<td>M\u00e9dico Cl\u00ednico Geral ESF<\/td>\n<td>CR<\/td>\n<td>R$ 7.078,72<\/td>\n<td>Gradua\u00e7\u00e3o em Medicina e registro no CRM<\/td>\n<\/tr>\n<tr>\n<td>M\u00e9dico do Trabalho<\/td>\n<td>CR<\/td>\n<td>R$ 7.078,72<\/td>\n<td>Especializa\u00e7\u00e3o em Medicina do Trabalho e registro no CRM<\/td>\n<\/tr>\n<tr>\n<td>M\u00e9dico Ginecologista<\/td>\n<td>CR<\/td>\n<td>R$ 125,84 (horista)<\/td>\n<td>Gradua\u00e7\u00e3o em Medicina com especializa\u00e7\u00e3o e registro no CRM<\/td>\n<\/tr>\n<tr>\n<td>M\u00e9dico Pediatra<\/td>\n<td>CR<\/td>\n<td>R$ 125,84 (horista)<\/td>\n<td>Gradua\u00e7\u00e3o em Medicina com especializa\u00e7\u00e3o e registro no CRM<\/td>\n<\/tr>\n<tr>\n<td>M\u00e9dico Psiquiatra<\/td>\n<td>CR<\/td>\n<td>R$ 125,84 (horista)<\/td>\n<td>Gradua\u00e7\u00e3o em Medicina com especializa\u00e7\u00e3o e registro no CRM<\/td>\n<\/tr>\n<tr>\n<td>Nutricionista da Sa\u00fade<\/td>\n<td>CR<\/td>\n<td>R$ 2.307,14<\/td>\n<td>Curso Superior em Nutri\u00e7\u00e3o e registro no CRN<\/td>\n<\/tr>\n<tr>\n<td>Procurador Jur\u00eddico<\/td>\n<td>CR<\/td>\n<td>R$ 6.554,37<\/td>\n<td>Curso Superior em Direito e registro na OAB<\/td>\n<\/tr>\n<\/tbody>\n<\/table>\n<p>Al\u00e9m do sal\u00e1rio, todos os cargos contar\u00e3o com o benef\u00edcio de um Aux\u00edlio Alimenta\u00e7\u00e3o.<\/p>\n<h2>Sal\u00e1rios e Benef\u00edcios<\/h2>\n<p>Os sal\u00e1rios variam de acordo com a posi\u00e7\u00e3o e as horas trabalhadas, podendo oscilar entre R$ 125,84 por hora e um valor mensal de at\u00e9 R$ 7.078,72. Os cargos incluem benef\u00edcios extras, como o Aux\u00edlio Alimenta\u00e7\u00e3o.<\/p>\n<h2>Inscri\u00e7\u00f5es Abertas<\/h2>\n<p>As inscri\u00e7\u00f5es devem ser realizadas pela internet, no site <a href=\"https:\/\/institutoindec.org.br\">https:\/\/institutoindec.org.br<\/a>, come\u00e7ando \u00e0s 0h do dia 13 de fevereiro at\u00e9 \u00e0s 23h59min do dia 12 de mar\u00e7o de 2026. A taxa de inscri\u00e7\u00e3o varia entre R$ 65,00 e R$ 85,00.<\/p>\n<h2>Requisitos para Candidatura<\/h2>\n<p>Candidatos precisam atender aos requisitos espec\u00edficos de cada cargo, que v\u00e3o desde diplomas de ensino m\u00e9dio at\u00e9 especializa\u00e7\u00f5es em \u00e1reas espec\u00edficas, como Medicina e Direito. \u00c9 essencial que todos os candidatos apresentem a documenta\u00e7\u00e3o exigida no edital.<\/p>\n<h2>Estrutura da Prova<\/h2>\n<p>A sele\u00e7\u00e3o dos candidatos ser\u00e1 feita atrav\u00e9s de uma prova objetiva, que ser\u00e1 aplicada no dia 12 de abril de 2026, al\u00e9m de uma prova de t\u00edtulos para o cargo de Coordenador Pedag\u00f3gico de Educa\u00e7\u00e3o Infantil. O conte\u00fado das provas ser\u00e1 focado em conhecimentos espec\u00edficos e gerais.<\/p>\n<h3>Composi\u00e7\u00e3o das Provas Objetivas<\/h3>\n<h4>N\u00edvel M\u00e9dio\/T\u00e9cnico<\/h4>\n<table>\n<thead>\n<tr>\n<th>Cargo<\/th>\n<th>L\u00edngua Portuguesa<\/th>\n<th>Matem\u00e1tica<\/th>\n<th>Conhecimentos Espec\u00edficos<\/th>\n<th>Total de Quest\u00f5es<\/th>\n<\/tr>\n<\/thead>\n<tbody>\n<tr>\n<td>Encarregado do Setor de Cadastro e Tributa\u00e7\u00e3o<\/td>\n<td>10<\/td>\n<td>10<\/td>\n<td>20<\/td>\n<td>40<\/td>\n<\/tr>\n<\/tbody>\n<\/table>\n<h4>N\u00edvel Superior Completo<\/h4>\n<table>\n<thead>\n<tr>\n<th>Cargo<\/th>\n<th>L\u00edngua Portuguesa<\/th>\n<th>Matem\u00e1tica \/ Conhecimentos Pedag\u00f3gicos<\/th>\n<th>Conhecimentos Espec\u00edficos<\/th>\n<th>Total de Quest\u00f5es<\/th>\n<\/tr>\n<\/thead>\n<tbody>\n<tr>\n<td>Coordenador Pedag\u00f3gico de Educa\u00e7\u00e3o Infantil (C\/P)<\/td>\n<td>10<\/td>\n<td>10<\/td>\n<td>20<\/td>\n<td>40<\/td>\n<\/tr>\n<tr>\n<td>Fonoaudi\u00f3logo<\/td>\n<td>10<\/td>\n<td>10<\/td>\n<td>20<\/td>\n<td>40<\/td>\n<\/tr>\n<tr>\n<td>M\u00e9dico Cl\u00ednico Geral<\/td>\n<td>10<\/td>\n<td>10<\/td>\n<td>20<\/td>\n<td>40<\/td>\n<\/tr>\n<tr>\n<td>M\u00e9dico Cl\u00ednico Geral ESF<\/td>\n<td>10<\/td>\n<td>10<\/td>\n<td>20<\/td>\n<td>40<\/td>\n<\/tr>\n<tr>\n<td>M\u00e9dico do Trabalho<\/td>\n<td>10<\/td>\n<td>10<\/td>\n<td>20<\/td>\n<td>40<\/td>\n<\/tr>\n<tr>\n<td>M\u00e9dico Ginecologista<\/td>\n<td>10<\/td>\n<td>10<\/td>\n<td>20<\/td>\n<td>40<\/td>\n<\/tr>\n<tr>\n<td>M\u00e9dico Pediatra<\/td>\n<td>10<\/td>\n<td>10<\/td>\n<td>20<\/td>\n<td>40<\/td>\n<\/tr>\n<tr>\n<td>M\u00e9dico Psiquiatra<\/td>\n<td>10<\/td>\n<td>10<\/td>\n<td>20<\/td>\n<td>40<\/td>\n<\/tr>\n<tr>\n<td>Nutricionista<\/td>\n<td>10<\/td>\n<td>10<\/td>\n<td>20<\/td>\n<td>40<\/td>\n<\/tr>\n<tr>\n<td>Procurador Jur\u00eddico<\/td>\n<td>10<\/td>\n<td>10<\/td>\n<td>20<\/td>\n<td>40<\/td>\n<\/tr>\n<\/tbody>\n<\/table>\n<p>O gabarito oficial da prova ser\u00e1 disponibilizado no site mencionado anteriormente, no segundo dia \u00fatil ap\u00f3s a aplica\u00e7\u00e3o da prova.<\/p>\n<h2>Dicas para se Preparar<\/h2>\n<p>Para se preparar adequadamente para o concurso, \u00e9 recomend\u00e1vel estudar o conte\u00fado program\u00e1tico dispon\u00edvel no edital, revisar quest\u00f5es de provas anteriores e participar de grupos de estudos para troca de informa\u00e7\u00f5es e experi\u00eancias. \u00c9 fundamental estar atento ao cronograma e aos prazos estipulados.<\/p>\n<h2>Sobre a Prefeitura de S\u00e3o Jos\u00e9 da Bela Vista<\/h2>\n<p>A Prefeitura de S\u00e3o Jos\u00e9 da Bela Vista \u00e9 a entidade respons\u00e1vel pela administra\u00e7\u00e3o municipal, oferecendo servi\u00e7os e infraestrutura aos seus habitantes. O munic\u00edpio \u00e9 conhecido por seu compromisso com o desenvolvimento social e a qualidade de vida de sua popula\u00e7\u00e3o, buscando sempre a melhoria nos servi\u00e7os p\u00fablicos.<\/p>\n<h2>\u00daltimas Not\u00edcias sobre Concursos<\/h2>\n<p>Acompanhe as atualiza\u00e7\u00f5es sobre concursos e sele\u00e7\u00f5es na regi\u00e3o atrav\u00e9s de sites especializados e m\u00eddias sociais. Mantenha-se informado sobre novos editais e oportunidades que possam surgir.<\/p>\n\n<div style=\"font-size: 0px; height: 0px; line-height: 0px; margin: 0; padding: 0; clear: both;\"><\/div>","protected":false},"excerpt":{"rendered":"<p>Concurso Prefeitura de S\u00e3o Jos\u00e9 da Bela Vista-SP abre novas vagas com sal\u00e1rios atrativos!<\/p>\n","protected":false},"author":1,"featured_media":2873,"comment_status":"open","ping_status":"closed","sticky":false,"template":"","format":"standard","meta":{"footnotes":""},"categories":[6],"tags":[],"class_list":["post-2874","post","type-post","status-publish","format-standard","has-post-thumbnail","hentry","category-noticias-na-bela-vista","has_thumb"],"aioseo_notices":[],"_links":{"self":[{"href":"https:\/\/www.encontrabelavista.com.br\/sobre\/wp-json\/wp\/v2\/posts\/2874","targetHints":{"allow":["GET"]}}],"collection":[{"href":"https:\/\/www.encontrabelavista.com.br\/sobre\/wp-json\/wp\/v2\/posts"}],"about":[{"href":"https:\/\/www.encontrabelavista.com.br\/sobre\/wp-json\/wp\/v2\/types\/post"}],"author":[{"embeddable":true,"href":"https:\/\/www.encontrabelavista.com.br\/sobre\/wp-json\/wp\/v2\/users\/1"}],"replies":[{"embeddable":true,"href":"https:\/\/www.encontrabelavista.com.br\/sobre\/wp-json\/wp\/v2\/comments?post=2874"}],"version-history":[{"count":0,"href":"https:\/\/www.encontrabelavista.com.br\/sobre\/wp-json\/wp\/v2\/posts\/2874\/revisions"}],"wp:featuredmedia":[{"embeddable":true,"href":"https:\/\/www.encontrabelavista.com.br\/sobre\/wp-json\/wp\/v2\/media\/2873"}],"wp:attachment":[{"href":"https:\/\/www.encontrabelavista.com.br\/sobre\/wp-json\/wp\/v2\/media?parent=2874"}],"wp:term":[{"taxonomy":"category","embeddable":true,"href":"https:\/\/www.encontrabelavista.com.br\/sobre\/wp-json\/wp\/v2\/categories?post=2874"},{"taxonomy":"post_tag","embeddable":true,"href":"https:\/\/www.encontrabelavista.com.br\/sobre\/wp-json\/wp\/v2\/tags?post=2874"}],"curies":[{"name":"wp","href":"https:\/\/api.w.org\/{rel}","templated":true}]}}