{"id":2979,"date":"2026-03-12T09:17:28","date_gmt":"2026-03-12T12:17:28","guid":{"rendered":"https:\/\/www.encontrabelavista.com.br\/sobre\/o-que-se-sabe-sobre-adolescente-que-deu-cigarro-para-a-irma-uma-bebe-de-1-ano-no-interior-de-sp\/"},"modified":"2026-03-12T09:17:28","modified_gmt":"2026-03-12T12:17:28","slug":"o-que-se-sabe-sobre-adolescente-que-deu-cigarro-para-a-irma-uma-bebe-de-1-ano-no-interior-de-sp","status":"publish","type":"post","link":"https:\/\/www.encontrabelavista.com.br\/sobre\/o-que-se-sabe-sobre-adolescente-que-deu-cigarro-para-a-irma-uma-bebe-de-1-ano-no-interior-de-sp\/","title":{"rendered":"O que se sabe sobre adolescente que deu cigarro para a irm\u00e3, uma beb\u00ea de 1 ano, no interior de SP"},"content":{"rendered":"<div class=\"66f7afe30d5ab11a5499ffbde64f8398\" data-index=\"1\" style=\"float: none; margin:0px;\">\n<!-- Anuncio display - global -->\r\n<ins class=\"adsbygoogle\"\r\n     style=\"display:block\"\r\n     data-ad-client=\"ca-pub-8585364105181520\"\r\n     data-ad-slot=\"8789329856\"\r\n     data-ad-format=\"auto\"\r\n     data-full-width-responsive=\"true\"><\/ins>\r\n<script>\r\n     (adsbygoogle = window.adsbygoogle || []).push({});\r\n<\/script>\r\n\n<\/div>\n<h2>Detec\u00e7\u00e3o de Maus-Tratos em S\u00e3o Jos\u00e9 da Bela Vista<\/h2>\n<p>Recentemente, houve um incidente alarmante em S\u00e3o Jos\u00e9 da Bela Vista, SP, onde uma adolescente de 14 anos gravou um v\u00eddeo pol\u00eamico colocando um cigarro na boca de sua irm\u00e3 de apenas 1 ano. Este v\u00eddeo rapidamente se espalhou pelas redes sociais e chamou a aten\u00e7\u00e3o das autoridades locais, levando a uma investiga\u00e7\u00e3o de maus-tratos.<\/p>\n<p>A detec\u00e7\u00e3o de maus-tratos \u00e9 um processo complexo que envolve a observa\u00e7\u00e3o de comportamentos que podem comprometer a sa\u00fade f\u00edsica e emocional das crian\u00e7as. No caso em quest\u00e3o, a divulga\u00e7\u00e3o do v\u00eddeo e sua repercuss\u00e3o nas redes sociais criaram uma onda de indigna\u00e7\u00e3o e preocupa\u00e7\u00e3o na comunidade, for\u00e7ando uma resposta r\u00e1pida das autoridades competentes.<\/p>\n<h2>O V\u00eddeo Chocante e Seus Impactos Sociais<\/h2>\n<p>O v\u00eddeo que se tornou viral mostra a adolescente colocando o cigarro na boca da crian\u00e7a, uma a\u00e7\u00e3o que n\u00e3o s\u00f3 \u00e9 potencialmente prejudicial \u00e0 sa\u00fade da beb\u00ea, mas que tamb\u00e9m denota uma claro desprezo pela seguran\u00e7a infantil. A difus\u00e3o de tal conte\u00fado nas redes sociais tem um impacto profundo na sociedade, suscitando debates sobre os limites \u00e9ticos do que deve ser compartilhado e o papel de plataformas digitais na monitoriza\u00e7\u00e3o de conte\u00fados prejudiciais.<\/p>\n<p>Al\u00e9m da condena\u00e7\u00e3o p\u00fablica, o v\u00eddeo provocou uma s\u00e9rie de rea\u00e7\u00f5es em cadeia, como discuss\u00f5es sobre a regulamenta\u00e7\u00e3o de conte\u00fados em redes sociais e a responsabilidade dos influenciadores e usu\u00e1rios em promover um ambiente seguro para crian\u00e7as.<\/p>\n<h2>A Rea\u00e7\u00e3o das Autoridades e Comunidade Local<\/h2>\n<p>A repercuss\u00e3o do v\u00eddeo levou a uma resposta imediata da Pol\u00edcia Civil, que iniciou uma investiga\u00e7\u00e3o sobre o caso. O Conselho Tutelar e o Minist\u00e9rio P\u00fablico tamb\u00e9m se envolvem para garantir que a situa\u00e7\u00e3o da crian\u00e7a seja devidamente avaliada. As autoridades est\u00e3o desde ent\u00e3o coletando informa\u00e7\u00f5es sobre as circunst\u00e2ncias do v\u00eddeo, buscando esclarecer a forma como a adolescente conseguiu o cigarro e a responsabilidade dos adultos na situa\u00e7\u00e3o.<\/p>\n<p>A comunidade em S\u00e3o Jos\u00e9 da Bela Vista se mobilizou em apoio \u00e0 beb\u00ea, com muitas pessoas expressando sua indigna\u00e7\u00e3o nas redes sociais e promovendo uma maior consci\u00eancia sobre a prote\u00e7\u00e3o de crian\u00e7as contra abusos e maus-tratos. O caso destacou a import\u00e2ncia da vigil\u00e2ncia comunit\u00e1ria e a necessidade de agir rapidamente quando se suspeita de que uma crian\u00e7a esteja em perigo.<\/p>\n<h2>Investiga\u00e7\u00e3o do Conselho Tutelar e Minist\u00e9rio P\u00fablico<\/h2>\n<p>O Conselho Tutelar desempenha um papel crucial na prote\u00e7\u00e3o dos direitos das crian\u00e7as. Em resposta ao incidente, eles refor\u00e7aram a import\u00e2ncia da colabora\u00e7\u00e3o da comunidade para reportar qualquer atividade suspeita relacionada ao bem-estar infantil. As investiga\u00e7\u00f5es se concentram em determinar todas as circunst\u00e2ncias que levaram \u00e0 grava\u00e7\u00e3o do v\u00eddeo e se houve neglig\u00eancia por parte dos respons\u00e1veis pela crian\u00e7a.<\/p>\n<p>Al\u00e9m disso, o Minist\u00e9rio P\u00fablico acompanhar\u00e1 o caso para garantir que a justi\u00e7a seja feita e que medidas adequadas sejam tomadas para proteger a seguran\u00e7a da crian\u00e7a e sancionar atos impr\u00f3prios. Dependendo das conclus\u00f5es da investiga\u00e7\u00e3o, podem ser impostas a\u00e7\u00f5es socioeducativas ou medidas protetivas em rela\u00e7\u00e3o \u00e0 adolescente e sua fam\u00edlia.<\/p>\n<h2>A Import\u00e2ncia da Vigil\u00e2ncia em Crian\u00e7as<\/h2>\n<p>A prote\u00e7\u00e3o das crian\u00e7as deve ser uma prioridade para qualquer comunidade. Casos como o de S\u00e3o Jos\u00e9 da Bela Vista ressaltam a necessidade de vigil\u00e2ncia ativa por parte de pais, cuidadores e membros da comunidade. \u00c9 fundamental que todos estejam atentos ao que acontece ao redor e que promovam um ambiente seguro para as crian\u00e7as crescerem.<\/p>\n<p>Al\u00e9m disso, programas educativos e campanhas de sensibiliza\u00e7\u00e3o podem ajudar a ensinar os pais sobre a import\u00e2ncia de proteger as crian\u00e7as de situa\u00e7\u00f5es perigosas, incluindo o acesso a subst\u00e2ncias nocivas como cigarros ou outras drogas.<\/p>\n<h2>Responsabilidade dos Pais e Cuidadores<\/h2>\n<p>Os pais e cuidadores t\u00eam uma responsabilidade intransfer\u00edvel de garantir a seguran\u00e7a e o bem-estar de seus filhos. Situa\u00e7\u00f5es como a mostrada no v\u00eddeo devem servir como um alerta sobre o que pode ocorrer na aus\u00eancia de supervis\u00e3o adequada. \u00c9 essencial que os respons\u00e1veis estejam conscientes do que seus filhos fazem e com quem eles interagem.<\/p>\n<p>Educa\u00e7\u00e3o parental e suporte psicol\u00f3gico para adolescentes pode tamb\u00e9m ser um passo fundamental para prevenir casos semelhantes no futuro. A promo\u00e7\u00e3o de um di\u00e1logo aberto entre pais e filhos pode ajudar os adolescentes a se sentirem mais seguros para compartilhar suas experi\u00eancias e preocupa\u00e7\u00f5es.<\/p>\n<h2>Consequ\u00eancias Legais para A\u00e7\u00f5es Infracionais<\/h2>\n<p>Em casos de maus-tratos, como o registro do v\u00eddeo em quest\u00e3o, o estado pode intervir de v\u00e1rias maneiras. A adolescente envolvida poder\u00e1 enfrentar consequ\u00eancias legais, uma vez que a a\u00e7\u00e3o definida por ela se encaixa como ato infracional. Dependendo da gravidade da situa\u00e7\u00e3o e dos resultados da investiga\u00e7\u00e3o, penaliza\u00e7\u00f5es adequadas para a idade da jovem podem ser definidas pelo sistema judici\u00e1rio.<\/p>\n<p>O Artigo 243 do Estatuto da Crian\u00e7a e do Adolescente (ECA) estabelece que \u00e9 crime expor crian\u00e7as e adolescentes a situa\u00e7\u00f5es de risco, podendo resultar em san\u00e7\u00f5es para aqueles que permitirem ou incentivarem esse tipo de conduta.<\/p>\n<h2>A Influ\u00eancia das Redes Sociais em Casos de Maus-Tratos<\/h2>\n<p>O papel das redes sociais na dissemina\u00e7\u00e3o de conte\u00fados prejudiciais \u00e9 cada vez mais relevante na sociedade contempor\u00e2nea. Enquanto criam um espa\u00e7o para express\u00f5es de criatividade e autenticidade, tamb\u00e9m oferecem uma plataforma para a propaga\u00e7\u00e3o de comportamentos irrespons\u00e1veis e, em alguns casos, ilegais.<\/p>\n<p>As redes sociais podem amplificar casos de maus-tratos, tornando-as um ponto focal para observar comportamentos que talvez passariam desapercebidos em ambientes familiares. Portanto, \u00e9 vital que as plataformas tomem medidas proativas para monitorar e, quando necess\u00e1rio, remover conte\u00fados nocivos que possam representar perigo para os usu\u00e1rios, especialmente para as crian\u00e7as.<\/p>\n<h2>Artigo 243 do ECA: Prote\u00e7\u00e3o \u00e0s Crian\u00e7as<\/h2>\n<p>O art. 243 do ECA pro\u00edbe expressamente a exposi\u00e7\u00e3o de crian\u00e7as e adolescentes a situa\u00e7\u00f5es que possam comprometer seu desenvolvimento saud\u00e1vel. A lei estabelece que qualquer um que expuser uma crian\u00e7a a subst\u00e2ncias nocivas ou situa\u00e7\u00f5es de viol\u00eancia est\u00e1 sujeito a penalidades.<\/p>\n<p>Esse artigo ressalta a responsabilidade coletiva de proteger os menores e serve como uma base legal na luta contra o abuso e a explora\u00e7\u00e3o infantil. Ele tamb\u00e9m enfatiza a necessidade de acompanhamento e prote\u00e7\u00e3o por parte das autoridades competentes.<\/p>\n<h2>Reflex\u00f5es sobre Sa\u00fade e Seguran\u00e7a Infantil<\/h2>\n<p>O caso em S\u00e3o Jos\u00e9 da Bela Vista levanta quest\u00f5es cr\u00edticas sobre a sa\u00fade e a seguran\u00e7a de crian\u00e7as em nossa sociedade. A educa\u00e7\u00e3o sobre os riscos associados ao consumo de tabaco e outras subst\u00e2ncias deve ser uma prioridade nos programas educacionais para pais e jovens.<\/p>\n<p>As implica\u00e7\u00f5es \u00e0 sa\u00fade de colocar um cigarro na boca de uma crian\u00e7a n\u00e3o podem ser subestimadas. Al\u00e9m do mais, o impacto psicol\u00f3gico de tais experi\u00eancias pode deixar marcas profundas na inf\u00e2ncia e no desenvolvimento emocional da crian\u00e7a.<\/p>\n<p>Portanto, \u00e9 essencial que a sociedade, como um todo, trabalhe em conjunto para promover um ambiente seguro e saud\u00e1vel para as gera\u00e7\u00f5es mais jovens, fazendo cumprir a lei e educando sobre os direitos das crian\u00e7as.<\/p>\n\n<div style=\"font-size: 0px; height: 0px; line-height: 0px; margin: 0; padding: 0; clear: both;\"><\/div>","protected":false},"excerpt":{"rendered":"<p>Adolescente \u00e9 investigada por dar cigarro a beb\u00ea em v\u00eddeo pol\u00eamico.<\/p>\n","protected":false},"author":1,"featured_media":0,"comment_status":"open","ping_status":"closed","sticky":false,"template":"","format":"standard","meta":{"footnotes":""},"categories":[6],"tags":[],"class_list":["post-2979","post","type-post","status-publish","format-standard","hentry","category-noticias-na-bela-vista"],"aioseo_notices":[],"_links":{"self":[{"href":"https:\/\/www.encontrabelavista.com.br\/sobre\/wp-json\/wp\/v2\/posts\/2979","targetHints":{"allow":["GET"]}}],"collection":[{"href":"https:\/\/www.encontrabelavista.com.br\/sobre\/wp-json\/wp\/v2\/posts"}],"about":[{"href":"https:\/\/www.encontrabelavista.com.br\/sobre\/wp-json\/wp\/v2\/types\/post"}],"author":[{"embeddable":true,"href":"https:\/\/www.encontrabelavista.com.br\/sobre\/wp-json\/wp\/v2\/users\/1"}],"replies":[{"embeddable":true,"href":"https:\/\/www.encontrabelavista.com.br\/sobre\/wp-json\/wp\/v2\/comments?post=2979"}],"version-history":[{"count":0,"href":"https:\/\/www.encontrabelavista.com.br\/sobre\/wp-json\/wp\/v2\/posts\/2979\/revisions"}],"wp:attachment":[{"href":"https:\/\/www.encontrabelavista.com.br\/sobre\/wp-json\/wp\/v2\/media?parent=2979"}],"wp:term":[{"taxonomy":"category","embeddable":true,"href":"https:\/\/www.encontrabelavista.com.br\/sobre\/wp-json\/wp\/v2\/categories?post=2979"},{"taxonomy":"post_tag","embeddable":true,"href":"https:\/\/www.encontrabelavista.com.br\/sobre\/wp-json\/wp\/v2\/tags?post=2979"}],"curies":[{"name":"wp","href":"https:\/\/api.w.org\/{rel}","templated":true}]}}